{"id":468,"date":"2020-02-18T18:52:04","date_gmt":"2020-02-18T21:52:04","guid":{"rendered":"https:\/\/elcanillita.info\/press\/?p=468"},"modified":"2020-02-18T18:52:07","modified_gmt":"2020-02-18T21:52:07","slug":"colombia-ultimatum-facebook-medidas-proteccion-usuarios","status":"publish","type":"post","link":"https:\/\/elcanillita.info\/press\/2020\/02\/18\/colombia-ultimatum-facebook-medidas-proteccion-usuarios\/","title":{"rendered":"Colombia fija ultim\u00e1tum a Facebook para implementar medidas de protecci\u00f3n a sus usuarios"},"content":{"rendered":"\n<p>Bogota, 18.02.2020 &#8211; Colombia estableci\u00f3 el lunes un ultim\u00e1tum a Facebook para que a m\u00e1s tardar el 14 de junio adopte medidas de seguridad que protejan los datos personales de m\u00e1s de 31 millones de usuarios en el pa\u00eds sudamericano y eviten el acceso no autorizado, la adulteraci\u00f3n y el uso fraudulento de la red social.<\/p>\n\n\n\n<p>La orden de la Superintendencia de Industria y Comercio, que se encarga de defender los derechos de los consumidores, se adopt\u00f3 despu\u00e9s de resolver los recursos de reposici\u00f3n y apelaci\u00f3n de Facebook contra la resoluci\u00f3n de enero de 2019 que le ordenaba adoptar nuevas medidas y mejorar las existentes para garantizar la seguridad de los datos personales de los usuarios.<\/p>\n\n\n\n<p>&#8220;Facebook Colombia S.A.S. realiza una actividad que involucra el tratamiento de datos personales. Pues, para prestar sus servicios de publicidad utiliza los datos de los usuarios de Facebook Inc. Sin esta informaci\u00f3n, esa sociedad colombiana no podr\u00eda prestar sus servicios&#8221;, dijo la Superintendencia de Industria y Comercio en un comunicado.<\/p>\n\n\n\n<p>&#8220;Una empresa tan determinante en la ciberseguridad del mundo como lo es Facebook, en raz\u00f3n de la cantidad y calidad de informaci\u00f3n que maneja, tiene el deber de ser m\u00e1s que diligente en el tratamiento de datos, a fin de garantizar la protecci\u00f3n de las personas y su privacidad&#8221;, agreg\u00f3 al establecer el 14 de junio de 2020 como fecha l\u00edmite para implementar las medidas.<\/p>\n\n\n\n<p>Colombia tiene 50 millones de habitantes, y un 60% tiene acceso y usa Facebook.<\/p>\n\n\n\n<p>Australia, Canad\u00e1, Estados Unidos, Francia, Gran Breta\u00f1a, Holanda, Irlanda y Nueva Zelanda adoptaron en el pasado medidas similares contra la empresa de tecnolog\u00eda.<\/p>\n\n\n\n<p>Facebook ahora permite mensajes pol\u00edticos pagados<br>\nLa reputaci\u00f3n de la red social fue golpeada por una violaci\u00f3n de datos que afect\u00f3 a millones de usuarios y un esc\u00e1ndalo de privacidad que involucr\u00f3 a una consultora pol\u00edtica brit\u00e1nica.<\/p>\n\n\n\n<p>Un portavoz de Facebook dijo a Reuters que la empresa no har\u00eda comentarios sobre la decisi\u00f3n de la autoridad de regulaci\u00f3n colombiana.<\/p>\n\n\n\n<p>La empresa tendr\u00e1 que certificar sus acciones ante la Superintendencia de Industria y Comercio a trav\u00e9s de una firma de auditor\u00eda externa.<br><br><small>2020 voanoticias \u2013 salastampa.eu, afiliada a la red Broadcasting Board of Governors \u00a9 2020 BBG<\/small><\/p>\n","protected":false},"excerpt":{"rendered":"<p>Bogota, 18.02.2020 &#8211; Colombia estableci\u00f3 el lunes un ultim\u00e1tum a Facebook para que a m\u00e1s tardar el 14 de junio adopte medidas de seguridad que protejan los datos personales de m\u00e1s de 31 millones de usuarios en el pa\u00eds sudamericano y eviten el acceso no autorizado, la adulteraci\u00f3n y el uso fraudulento de la red social.<\/p>\n","protected":false},"author":1,"featured_media":0,"comment_status":"closed","ping_status":"closed","sticky":false,"template":"","format":"standard","meta":{"footnotes":"","_links_to":"","_links_to_target":""},"categories":[70,11,24,20,25],"tags":[44],"class_list":["post-468","post","type-post","status-publish","format-standard","hentry","category-actualidad","category-america-del-sur","category-ciencia-tecnologia","category-economia","category-sociedad","tag-colombia","entry","double"],"yoast_head":"<!-- This site is optimized with the Yoast SEO plugin v27.5 - https:\/\/yoast.com\/product\/yoast-seo-wordpress\/ -->\n<title>Colombia fija ultim\u00e1tum a Facebook para implementar medidas de protecci\u00f3n a sus usuarios - ElCanillita.Info<\/title>\n<meta name=\"robots\" content=\"index, follow, max-snippet:-1, max-image-preview:large, max-video-preview:-1\" \/>\n<link rel=\"canonical\" href=\"https:\/\/elcanillita.info\/press\/2020\/02\/18\/colombia-ultimatum-facebook-medidas-proteccion-usuarios\/\" \/>\n<meta property=\"og:locale\" content=\"es_ES\" \/>\n<meta property=\"og:type\" content=\"article\" \/>\n<meta property=\"og:title\" content=\"Colombia fija ultim\u00e1tum a Facebook para implementar medidas de protecci\u00f3n a sus usuarios - ElCanillita.Info\" \/>\n<meta property=\"og:description\" content=\"Bogota, 18.02.2020 - Colombia estableci\u00f3 el lunes un ultim\u00e1tum a Facebook para que a m\u00e1s tardar el 14 de junio adopte medidas de seguridad que protejan los datos personales de m\u00e1s de 31 millones de usuarios en el pa\u00eds sudamericano y eviten el acceso no autorizado, la adulteraci\u00f3n y el uso fraudulento de la red social.\" \/>\n<meta property=\"og:url\" content=\"https:\/\/elcanillita.info\/press\/2020\/02\/18\/colombia-ultimatum-facebook-medidas-proteccion-usuarios\/\" \/>\n<meta property=\"og:site_name\" content=\"ElCanillita.Info\" \/>\n<meta property=\"article:publisher\" content=\"https:\/\/ar-ar.facebook.com\/ElCanillitainfo-114249515285712\/\" \/>\n<meta property=\"article:published_time\" content=\"2020-02-18T21:52:04+00:00\" \/>\n<meta property=\"article:modified_time\" content=\"2020-02-18T21:52:07+00:00\" \/>\n<meta name=\"author\" content=\"SalaStampa.eu, world press service\" \/>\n<meta name=\"twitter:card\" content=\"summary_large_image\" \/>\n<meta name=\"twitter:label1\" content=\"Escrito por\" \/>\n\t<meta name=\"twitter:data1\" content=\"SalaStampa.eu, world press service\" \/>\n\t<meta name=\"twitter:label2\" content=\"Tiempo de lectura\" \/>\n\t<meta name=\"twitter:data2\" content=\"2 minutos\" \/>\n<script type=\"application\/ld+json\" class=\"yoast-schema-graph\">{\"@context\":\"https:\\\/\\\/schema.org\",\"@graph\":[{\"@type\":\"Article\",\"@id\":\"https:\\\/\\\/elcanillita.info\\\/press\\\/2020\\\/02\\\/18\\\/colombia-ultimatum-facebook-medidas-proteccion-usuarios\\\/#article\",\"isPartOf\":{\"@id\":\"https:\\\/\\\/elcanillita.info\\\/press\\\/2020\\\/02\\\/18\\\/colombia-ultimatum-facebook-medidas-proteccion-usuarios\\\/\"},\"author\":{\"name\":\"SalaStampa.eu, world press service\",\"@id\":\"https:\\\/\\\/elcanillita.info\\\/press\\\/#\\\/schema\\\/person\\\/7fcb79f38045700919f7da6d97e71ba0\"},\"headline\":\"Colombia fija ultim\u00e1tum a Facebook para implementar medidas de protecci\u00f3n a sus usuarios\",\"datePublished\":\"2020-02-18T21:52:04+00:00\",\"dateModified\":\"2020-02-18T21:52:07+00:00\",\"mainEntityOfPage\":{\"@id\":\"https:\\\/\\\/elcanillita.info\\\/press\\\/2020\\\/02\\\/18\\\/colombia-ultimatum-facebook-medidas-proteccion-usuarios\\\/\"},\"wordCount\":399,\"publisher\":{\"@id\":\"https:\\\/\\\/elcanillita.info\\\/press\\\/#organization\"},\"keywords\":[\"Colombia\"],\"articleSection\":[\"Actualidad\",\"Am\u00e9rica del Sur\",\"Ciencia y Tecnologia\",\"Economia\",\"Sociedad\"],\"inLanguage\":\"es-AR\"},{\"@type\":\"WebPage\",\"@id\":\"https:\\\/\\\/elcanillita.info\\\/press\\\/2020\\\/02\\\/18\\\/colombia-ultimatum-facebook-medidas-proteccion-usuarios\\\/\",\"url\":\"https:\\\/\\\/elcanillita.info\\\/press\\\/2020\\\/02\\\/18\\\/colombia-ultimatum-facebook-medidas-proteccion-usuarios\\\/\",\"name\":\"Colombia fija ultim\u00e1tum a Facebook para implementar medidas de protecci\u00f3n a sus usuarios - ElCanillita.Info\",\"isPartOf\":{\"@id\":\"https:\\\/\\\/elcanillita.info\\\/press\\\/#website\"},\"datePublished\":\"2020-02-18T21:52:04+00:00\",\"dateModified\":\"2020-02-18T21:52:07+00:00\",\"inLanguage\":\"es-AR\",\"potentialAction\":[{\"@type\":\"ReadAction\",\"target\":[\"https:\\\/\\\/elcanillita.info\\\/press\\\/2020\\\/02\\\/18\\\/colombia-ultimatum-facebook-medidas-proteccion-usuarios\\\/\"]}]},{\"@type\":\"WebSite\",\"@id\":\"https:\\\/\\\/elcanillita.info\\\/press\\\/#website\",\"url\":\"https:\\\/\\\/elcanillita.info\\\/press\\\/\",\"name\":\"ElCanillita.Info\",\"description\":\"desde los Apeninos a los Andes\",\"publisher\":{\"@id\":\"https:\\\/\\\/elcanillita.info\\\/press\\\/#organization\"},\"potentialAction\":[{\"@type\":\"SearchAction\",\"target\":{\"@type\":\"EntryPoint\",\"urlTemplate\":\"https:\\\/\\\/elcanillita.info\\\/press\\\/?s={search_term_string}\"},\"query-input\":{\"@type\":\"PropertyValueSpecification\",\"valueRequired\":true,\"valueName\":\"search_term_string\"}}],\"inLanguage\":\"es-AR\"},{\"@type\":\"Organization\",\"@id\":\"https:\\\/\\\/elcanillita.info\\\/press\\\/#organization\",\"name\":\"Guzzo Photos & Graphic Publications\",\"url\":\"https:\\\/\\\/elcanillita.info\\\/press\\\/\",\"logo\":{\"@type\":\"ImageObject\",\"inLanguage\":\"es-AR\",\"@id\":\"https:\\\/\\\/elcanillita.info\\\/press\\\/#\\\/schema\\\/logo\\\/image\\\/\",\"url\":\"https:\\\/\\\/elcanillita.info\\\/press\\\/images\\\/2020\\\/01\\\/cropped-cropped-cropped-elcanillitainfo.png\",\"contentUrl\":\"https:\\\/\\\/elcanillita.info\\\/press\\\/images\\\/2020\\\/01\\\/cropped-cropped-cropped-elcanillitainfo.png\",\"width\":460,\"height\":50,\"caption\":\"Guzzo Photos & Graphic Publications\"},\"image\":{\"@id\":\"https:\\\/\\\/elcanillita.info\\\/press\\\/#\\\/schema\\\/logo\\\/image\\\/\"},\"sameAs\":[\"https:\\\/\\\/ar-ar.facebook.com\\\/ElCanillitainfo-114249515285712\\\/\"]},{\"@type\":\"Person\",\"@id\":\"https:\\\/\\\/elcanillita.info\\\/press\\\/#\\\/schema\\\/person\\\/7fcb79f38045700919f7da6d97e71ba0\",\"name\":\"SalaStampa.eu, world press service\",\"image\":{\"@type\":\"ImageObject\",\"inLanguage\":\"es-AR\",\"@id\":\"https:\\\/\\\/secure.gravatar.com\\\/avatar\\\/c2f0e0d515a107624234994507816ca4724c7199cef73fc8bedebf6931d73888?s=96&d=mm&r=g\",\"url\":\"https:\\\/\\\/secure.gravatar.com\\\/avatar\\\/c2f0e0d515a107624234994507816ca4724c7199cef73fc8bedebf6931d73888?s=96&d=mm&r=g\",\"contentUrl\":\"https:\\\/\\\/secure.gravatar.com\\\/avatar\\\/c2f0e0d515a107624234994507816ca4724c7199cef73fc8bedebf6931d73888?s=96&d=mm&r=g\",\"caption\":\"SalaStampa.eu, world press service\"}}]}<\/script>\n<!-- \/ Yoast SEO plugin. -->","yoast_head_json":{"title":"Colombia fija ultim\u00e1tum a Facebook para implementar medidas de protecci\u00f3n a sus usuarios - ElCanillita.Info","robots":{"index":"index","follow":"follow","max-snippet":"max-snippet:-1","max-image-preview":"max-image-preview:large","max-video-preview":"max-video-preview:-1"},"canonical":"https:\/\/elcanillita.info\/press\/2020\/02\/18\/colombia-ultimatum-facebook-medidas-proteccion-usuarios\/","og_locale":"es_ES","og_type":"article","og_title":"Colombia fija ultim\u00e1tum a Facebook para implementar medidas de protecci\u00f3n a sus usuarios - ElCanillita.Info","og_description":"Bogota, 18.02.2020 - Colombia estableci\u00f3 el lunes un ultim\u00e1tum a Facebook para que a m\u00e1s tardar el 14 de junio adopte medidas de seguridad que protejan los datos personales de m\u00e1s de 31 millones de usuarios en el pa\u00eds sudamericano y eviten el acceso no autorizado, la adulteraci\u00f3n y el uso fraudulento de la red social.","og_url":"https:\/\/elcanillita.info\/press\/2020\/02\/18\/colombia-ultimatum-facebook-medidas-proteccion-usuarios\/","og_site_name":"ElCanillita.Info","article_publisher":"https:\/\/ar-ar.facebook.com\/ElCanillitainfo-114249515285712\/","article_published_time":"2020-02-18T21:52:04+00:00","article_modified_time":"2020-02-18T21:52:07+00:00","author":"SalaStampa.eu, world press service","twitter_card":"summary_large_image","twitter_misc":{"Escrito por":"SalaStampa.eu, world press service","Tiempo de lectura":"2 minutos"},"schema":{"@context":"https:\/\/schema.org","@graph":[{"@type":"Article","@id":"https:\/\/elcanillita.info\/press\/2020\/02\/18\/colombia-ultimatum-facebook-medidas-proteccion-usuarios\/#article","isPartOf":{"@id":"https:\/\/elcanillita.info\/press\/2020\/02\/18\/colombia-ultimatum-facebook-medidas-proteccion-usuarios\/"},"author":{"name":"SalaStampa.eu, world press service","@id":"https:\/\/elcanillita.info\/press\/#\/schema\/person\/7fcb79f38045700919f7da6d97e71ba0"},"headline":"Colombia fija ultim\u00e1tum a Facebook para implementar medidas de protecci\u00f3n a sus usuarios","datePublished":"2020-02-18T21:52:04+00:00","dateModified":"2020-02-18T21:52:07+00:00","mainEntityOfPage":{"@id":"https:\/\/elcanillita.info\/press\/2020\/02\/18\/colombia-ultimatum-facebook-medidas-proteccion-usuarios\/"},"wordCount":399,"publisher":{"@id":"https:\/\/elcanillita.info\/press\/#organization"},"keywords":["Colombia"],"articleSection":["Actualidad","Am\u00e9rica del Sur","Ciencia y Tecnologia","Economia","Sociedad"],"inLanguage":"es-AR"},{"@type":"WebPage","@id":"https:\/\/elcanillita.info\/press\/2020\/02\/18\/colombia-ultimatum-facebook-medidas-proteccion-usuarios\/","url":"https:\/\/elcanillita.info\/press\/2020\/02\/18\/colombia-ultimatum-facebook-medidas-proteccion-usuarios\/","name":"Colombia fija ultim\u00e1tum a Facebook para implementar medidas de protecci\u00f3n a sus usuarios - ElCanillita.Info","isPartOf":{"@id":"https:\/\/elcanillita.info\/press\/#website"},"datePublished":"2020-02-18T21:52:04+00:00","dateModified":"2020-02-18T21:52:07+00:00","inLanguage":"es-AR","potentialAction":[{"@type":"ReadAction","target":["https:\/\/elcanillita.info\/press\/2020\/02\/18\/colombia-ultimatum-facebook-medidas-proteccion-usuarios\/"]}]},{"@type":"WebSite","@id":"https:\/\/elcanillita.info\/press\/#website","url":"https:\/\/elcanillita.info\/press\/","name":"ElCanillita.Info","description":"desde los Apeninos a los Andes","publisher":{"@id":"https:\/\/elcanillita.info\/press\/#organization"},"potentialAction":[{"@type":"SearchAction","target":{"@type":"EntryPoint","urlTemplate":"https:\/\/elcanillita.info\/press\/?s={search_term_string}"},"query-input":{"@type":"PropertyValueSpecification","valueRequired":true,"valueName":"search_term_string"}}],"inLanguage":"es-AR"},{"@type":"Organization","@id":"https:\/\/elcanillita.info\/press\/#organization","name":"Guzzo Photos & Graphic Publications","url":"https:\/\/elcanillita.info\/press\/","logo":{"@type":"ImageObject","inLanguage":"es-AR","@id":"https:\/\/elcanillita.info\/press\/#\/schema\/logo\/image\/","url":"https:\/\/elcanillita.info\/press\/images\/2020\/01\/cropped-cropped-cropped-elcanillitainfo.png","contentUrl":"https:\/\/elcanillita.info\/press\/images\/2020\/01\/cropped-cropped-cropped-elcanillitainfo.png","width":460,"height":50,"caption":"Guzzo Photos & Graphic Publications"},"image":{"@id":"https:\/\/elcanillita.info\/press\/#\/schema\/logo\/image\/"},"sameAs":["https:\/\/ar-ar.facebook.com\/ElCanillitainfo-114249515285712\/"]},{"@type":"Person","@id":"https:\/\/elcanillita.info\/press\/#\/schema\/person\/7fcb79f38045700919f7da6d97e71ba0","name":"SalaStampa.eu, world press service","image":{"@type":"ImageObject","inLanguage":"es-AR","@id":"https:\/\/secure.gravatar.com\/avatar\/c2f0e0d515a107624234994507816ca4724c7199cef73fc8bedebf6931d73888?s=96&d=mm&r=g","url":"https:\/\/secure.gravatar.com\/avatar\/c2f0e0d515a107624234994507816ca4724c7199cef73fc8bedebf6931d73888?s=96&d=mm&r=g","contentUrl":"https:\/\/secure.gravatar.com\/avatar\/c2f0e0d515a107624234994507816ca4724c7199cef73fc8bedebf6931d73888?s=96&d=mm&r=g","caption":"SalaStampa.eu, world press service"}}]}},"views":774,"_links":{"self":[{"href":"https:\/\/elcanillita.info\/press\/wp-json\/wp\/v2\/posts\/468","targetHints":{"allow":["GET"]}}],"collection":[{"href":"https:\/\/elcanillita.info\/press\/wp-json\/wp\/v2\/posts"}],"about":[{"href":"https:\/\/elcanillita.info\/press\/wp-json\/wp\/v2\/types\/post"}],"author":[{"embeddable":true,"href":"https:\/\/elcanillita.info\/press\/wp-json\/wp\/v2\/users\/1"}],"replies":[{"embeddable":true,"href":"https:\/\/elcanillita.info\/press\/wp-json\/wp\/v2\/comments?post=468"}],"version-history":[{"count":0,"href":"https:\/\/elcanillita.info\/press\/wp-json\/wp\/v2\/posts\/468\/revisions"}],"wp:attachment":[{"href":"https:\/\/elcanillita.info\/press\/wp-json\/wp\/v2\/media?parent=468"}],"wp:term":[{"taxonomy":"category","embeddable":true,"href":"https:\/\/elcanillita.info\/press\/wp-json\/wp\/v2\/categories?post=468"},{"taxonomy":"post_tag","embeddable":true,"href":"https:\/\/elcanillita.info\/press\/wp-json\/wp\/v2\/tags?post=468"}],"curies":[{"name":"wp","href":"https:\/\/api.w.org\/{rel}","templated":true}]}}