{"id":4670,"date":"2025-05-26T01:04:46","date_gmt":"2025-05-26T04:04:46","guid":{"rendered":"https:\/\/elcanillita.info\/press\/?p=4670"},"modified":"2025-05-28T12:29:43","modified_gmt":"2025-05-28T15:29:43","slug":"la-madre-de-los-maleducados-esta-siempre-encinta","status":"publish","type":"post","link":"https:\/\/elcanillita.info\/press\/2025\/05\/26\/la-madre-de-los-maleducados-esta-siempre-encinta\/","title":{"rendered":"La madre de los maleducados est\u00e1 siempre encinta"},"content":{"rendered":"<div class=\"wp-block-image\">\n<figure class=\"alignleft size-full is-resized\"><img loading=\"lazy\" decoding=\"async\" width=\"500\" height=\"500\" src=\"https:\/\/elcanillita.info\/press\/images\/2025\/05\/maleducadosB.png\" alt=\"\" class=\"wp-image-4676\" style=\"width:358px;height:auto\" srcset=\"https:\/\/elcanillita.info\/press\/images\/2025\/05\/maleducadosB.png 500w, https:\/\/elcanillita.info\/press\/images\/2025\/05\/maleducadosB-300x300.png 300w, https:\/\/elcanillita.info\/press\/images\/2025\/05\/maleducadosB-150x150.png 150w\" sizes=\"auto, (max-width: 500px) 100vw, 500px\" \/><\/figure>\n<\/div>\n\n\n<p><strong>ElCanillita.info<\/strong><br>Argentina, 26\/05\/2025<br>Este 25 de mayo, mientras algunos se esforzaban por fingir institucionalidad en un pa\u00eds al borde del colapso c\u00edvico, el arzobispo de Buenos Aires eligi\u00f3 predicar desde el p\u00falpito\u2026 y disparar sin balas, pero con palabras.<\/p>\n\n\n\n<p>En una Catedral colmada de funcionarios, legisladores y otros expertos en camuflaje moral, el monse\u00f1or fustig\u00f3 con claridad \u201cel terrorismo en las redes\u201d y \u201cel barro de las descalificaciones, del odio y la violencia\u201d. No dio nombres, claro. Pero el aire se cortaba con cuchillo, y no precisamente por el incienso.<\/p>\n\n\n\n<p>El mensaje pareci\u00f3 dirigido \u2014con una sutileza tan clerical como efectiva\u2014 a los nuevos ap\u00f3stoles del grito, esos que convierten cada cr\u00edtica en una guerra santa y cada Twitter en una trinchera. El silencio oficialista tras la homil\u00eda fue tan notable como los bostezos protocolares durante la ceremonia.<\/p>\n\n\n\n<p>La oposici\u00f3n, por su parte, hizo lo que mejor sabe hacer: interpret\u00f3 el serm\u00f3n seg\u00fan conveniencia, como si Dios hubiera dicho exactamente lo que ellos quer\u00edan escuchar. Mientras tanto, el pueblo \u2014s\u00ed, ese que paga la luz, la misa y el streaming\u2014 sigue viendo c\u00f3mo se degradan los gestos p\u00fablicos y se multiplica el ruido.<\/p>\n\n\n\n<p>Por eso, como dec\u00eda una abuela sabia: \u201cLa madre de los maleducados est\u00e1 siempre encinta.\u201d Una frase que, en la Argentina 2025, ya suena m\u00e1s a diagn\u00f3stico nacional que a queja de barrio.<\/p>\n\n\n\n<p>Esta nota forma parte de nuestra serie editorial sobre ret\u00f3rica pol\u00edtica y decadencia c\u00edvica.<br><em>Mi Genio y Yo.<\/em><br><br><small>\u00a92025 \u201cEl \u00faltimo que dobla la esquina\u201d<br>\u2026poque siempre hay alguien que reparte noticias mientras todos duermen.<br>Todos los derechos reservados<br>Copyright \u00a9 2025 ElCanillita.info \/ SalaStampa.eu, servicio mundial de prensa<br>Guzzo Photos &amp; Graphic Publications \u2013 Registro Editori e Stampatori n. 1441 Torino, Italia<\/small><\/p>\n\n\n\n<p><br><\/p>\n","protected":false},"excerpt":{"rendered":"<p>Cr\u00f3nica pastoral de una misa con eco pol\u00edtico<\/p>\n","protected":false},"author":1,"featured_media":4676,"comment_status":"closed","ping_status":"closed","sticky":false,"template":"","format":"standard","meta":{"footnotes":"","_links_to":"","_links_to_target":""},"categories":[70,123,19,126,23,25],"tags":[29],"class_list":["post-4670","post","type-post","status-publish","format-standard","has-post-thumbnail","hentry","category-actualidad","category-argentina","category-cultura","category-dolores-de-la-press","category-politica","category-sociedad","tag-argentina","entry","double"],"yoast_head":"<!-- This site is optimized with the Yoast SEO plugin v27.5 - https:\/\/yoast.com\/product\/yoast-seo-wordpress\/ -->\n<title>La madre de los maleducados est\u00e1 siempre encinta - ElCanillita.Info<\/title>\n<meta name=\"robots\" content=\"index, follow, max-snippet:-1, max-image-preview:large, max-video-preview:-1\" \/>\n<link rel=\"canonical\" href=\"https:\/\/elcanillita.info\/press\/2025\/05\/26\/la-madre-de-los-maleducados-esta-siempre-encinta\/\" \/>\n<meta property=\"og:locale\" content=\"es_ES\" \/>\n<meta property=\"og:type\" content=\"article\" \/>\n<meta property=\"og:title\" content=\"La madre de los maleducados est\u00e1 siempre encinta - ElCanillita.Info\" \/>\n<meta property=\"og:description\" content=\"Cr\u00f3nica pastoral de una misa con eco pol\u00edtico\" \/>\n<meta property=\"og:url\" content=\"https:\/\/elcanillita.info\/press\/2025\/05\/26\/la-madre-de-los-maleducados-esta-siempre-encinta\/\" \/>\n<meta property=\"og:site_name\" content=\"ElCanillita.Info\" \/>\n<meta property=\"article:publisher\" content=\"https:\/\/ar-ar.facebook.com\/ElCanillitainfo-114249515285712\/\" \/>\n<meta property=\"article:published_time\" content=\"2025-05-26T04:04:46+00:00\" \/>\n<meta property=\"article:modified_time\" content=\"2025-05-28T15:29:43+00:00\" \/>\n<meta property=\"og:image\" content=\"https:\/\/elcanillita.info\/press\/images\/2025\/05\/maleducadosB.png\" \/>\n\t<meta property=\"og:image:width\" content=\"500\" \/>\n\t<meta property=\"og:image:height\" content=\"500\" \/>\n\t<meta property=\"og:image:type\" content=\"image\/png\" \/>\n<meta name=\"author\" content=\"SalaStampa.eu, world press service\" \/>\n<meta name=\"twitter:card\" content=\"summary_large_image\" \/>\n<meta name=\"twitter:label1\" content=\"Escrito por\" \/>\n\t<meta name=\"twitter:data1\" content=\"SalaStampa.eu, world press service\" \/>\n\t<meta name=\"twitter:label2\" content=\"Tiempo de lectura\" \/>\n\t<meta name=\"twitter:data2\" content=\"2 minutos\" \/>\n<script type=\"application\/ld+json\" class=\"yoast-schema-graph\">{\"@context\":\"https:\\\/\\\/schema.org\",\"@graph\":[{\"@type\":\"Article\",\"@id\":\"https:\\\/\\\/elcanillita.info\\\/press\\\/2025\\\/05\\\/26\\\/la-madre-de-los-maleducados-esta-siempre-encinta\\\/#article\",\"isPartOf\":{\"@id\":\"https:\\\/\\\/elcanillita.info\\\/press\\\/2025\\\/05\\\/26\\\/la-madre-de-los-maleducados-esta-siempre-encinta\\\/\"},\"author\":{\"name\":\"SalaStampa.eu, world press service\",\"@id\":\"https:\\\/\\\/elcanillita.info\\\/press\\\/#\\\/schema\\\/person\\\/7fcb79f38045700919f7da6d97e71ba0\"},\"headline\":\"La madre de los maleducados est\u00e1 siempre encinta\",\"datePublished\":\"2025-05-26T04:04:46+00:00\",\"dateModified\":\"2025-05-28T15:29:43+00:00\",\"mainEntityOfPage\":{\"@id\":\"https:\\\/\\\/elcanillita.info\\\/press\\\/2025\\\/05\\\/26\\\/la-madre-de-los-maleducados-esta-siempre-encinta\\\/\"},\"wordCount\":308,\"publisher\":{\"@id\":\"https:\\\/\\\/elcanillita.info\\\/press\\\/#organization\"},\"image\":{\"@id\":\"https:\\\/\\\/elcanillita.info\\\/press\\\/2025\\\/05\\\/26\\\/la-madre-de-los-maleducados-esta-siempre-encinta\\\/#primaryimage\"},\"thumbnailUrl\":\"https:\\\/\\\/elcanillita.info\\\/press\\\/images\\\/2025\\\/05\\\/maleducadosB.png\",\"keywords\":[\"Argentina\"],\"articleSection\":[\"Actualidad\",\"Argentina\",\"Cultura\",\"Dolores de La Press\",\"Politica\",\"Sociedad\"],\"inLanguage\":\"es-AR\"},{\"@type\":\"WebPage\",\"@id\":\"https:\\\/\\\/elcanillita.info\\\/press\\\/2025\\\/05\\\/26\\\/la-madre-de-los-maleducados-esta-siempre-encinta\\\/\",\"url\":\"https:\\\/\\\/elcanillita.info\\\/press\\\/2025\\\/05\\\/26\\\/la-madre-de-los-maleducados-esta-siempre-encinta\\\/\",\"name\":\"La madre de los maleducados est\u00e1 siempre encinta - ElCanillita.Info\",\"isPartOf\":{\"@id\":\"https:\\\/\\\/elcanillita.info\\\/press\\\/#website\"},\"primaryImageOfPage\":{\"@id\":\"https:\\\/\\\/elcanillita.info\\\/press\\\/2025\\\/05\\\/26\\\/la-madre-de-los-maleducados-esta-siempre-encinta\\\/#primaryimage\"},\"image\":{\"@id\":\"https:\\\/\\\/elcanillita.info\\\/press\\\/2025\\\/05\\\/26\\\/la-madre-de-los-maleducados-esta-siempre-encinta\\\/#primaryimage\"},\"thumbnailUrl\":\"https:\\\/\\\/elcanillita.info\\\/press\\\/images\\\/2025\\\/05\\\/maleducadosB.png\",\"datePublished\":\"2025-05-26T04:04:46+00:00\",\"dateModified\":\"2025-05-28T15:29:43+00:00\",\"inLanguage\":\"es-AR\",\"potentialAction\":[{\"@type\":\"ReadAction\",\"target\":[\"https:\\\/\\\/elcanillita.info\\\/press\\\/2025\\\/05\\\/26\\\/la-madre-de-los-maleducados-esta-siempre-encinta\\\/\"]}]},{\"@type\":\"ImageObject\",\"inLanguage\":\"es-AR\",\"@id\":\"https:\\\/\\\/elcanillita.info\\\/press\\\/2025\\\/05\\\/26\\\/la-madre-de-los-maleducados-esta-siempre-encinta\\\/#primaryimage\",\"url\":\"https:\\\/\\\/elcanillita.info\\\/press\\\/images\\\/2025\\\/05\\\/maleducadosB.png\",\"contentUrl\":\"https:\\\/\\\/elcanillita.info\\\/press\\\/images\\\/2025\\\/05\\\/maleducadosB.png\",\"width\":500,\"height\":500},{\"@type\":\"WebSite\",\"@id\":\"https:\\\/\\\/elcanillita.info\\\/press\\\/#website\",\"url\":\"https:\\\/\\\/elcanillita.info\\\/press\\\/\",\"name\":\"ElCanillita.Info\",\"description\":\"desde los Apeninos a los Andes\",\"publisher\":{\"@id\":\"https:\\\/\\\/elcanillita.info\\\/press\\\/#organization\"},\"potentialAction\":[{\"@type\":\"SearchAction\",\"target\":{\"@type\":\"EntryPoint\",\"urlTemplate\":\"https:\\\/\\\/elcanillita.info\\\/press\\\/?s={search_term_string}\"},\"query-input\":{\"@type\":\"PropertyValueSpecification\",\"valueRequired\":true,\"valueName\":\"search_term_string\"}}],\"inLanguage\":\"es-AR\"},{\"@type\":\"Organization\",\"@id\":\"https:\\\/\\\/elcanillita.info\\\/press\\\/#organization\",\"name\":\"Guzzo Photos & Graphic Publications\",\"url\":\"https:\\\/\\\/elcanillita.info\\\/press\\\/\",\"logo\":{\"@type\":\"ImageObject\",\"inLanguage\":\"es-AR\",\"@id\":\"https:\\\/\\\/elcanillita.info\\\/press\\\/#\\\/schema\\\/logo\\\/image\\\/\",\"url\":\"https:\\\/\\\/elcanillita.info\\\/press\\\/images\\\/2020\\\/01\\\/cropped-cropped-cropped-elcanillitainfo.png\",\"contentUrl\":\"https:\\\/\\\/elcanillita.info\\\/press\\\/images\\\/2020\\\/01\\\/cropped-cropped-cropped-elcanillitainfo.png\",\"width\":460,\"height\":50,\"caption\":\"Guzzo Photos & Graphic Publications\"},\"image\":{\"@id\":\"https:\\\/\\\/elcanillita.info\\\/press\\\/#\\\/schema\\\/logo\\\/image\\\/\"},\"sameAs\":[\"https:\\\/\\\/ar-ar.facebook.com\\\/ElCanillitainfo-114249515285712\\\/\"]},{\"@type\":\"Person\",\"@id\":\"https:\\\/\\\/elcanillita.info\\\/press\\\/#\\\/schema\\\/person\\\/7fcb79f38045700919f7da6d97e71ba0\",\"name\":\"SalaStampa.eu, world press service\",\"image\":{\"@type\":\"ImageObject\",\"inLanguage\":\"es-AR\",\"@id\":\"https:\\\/\\\/secure.gravatar.com\\\/avatar\\\/c2f0e0d515a107624234994507816ca4724c7199cef73fc8bedebf6931d73888?s=96&d=mm&r=g\",\"url\":\"https:\\\/\\\/secure.gravatar.com\\\/avatar\\\/c2f0e0d515a107624234994507816ca4724c7199cef73fc8bedebf6931d73888?s=96&d=mm&r=g\",\"contentUrl\":\"https:\\\/\\\/secure.gravatar.com\\\/avatar\\\/c2f0e0d515a107624234994507816ca4724c7199cef73fc8bedebf6931d73888?s=96&d=mm&r=g\",\"caption\":\"SalaStampa.eu, world press service\"}}]}<\/script>\n<!-- \/ Yoast SEO plugin. -->","yoast_head_json":{"title":"La madre de los maleducados est\u00e1 siempre encinta - ElCanillita.Info","robots":{"index":"index","follow":"follow","max-snippet":"max-snippet:-1","max-image-preview":"max-image-preview:large","max-video-preview":"max-video-preview:-1"},"canonical":"https:\/\/elcanillita.info\/press\/2025\/05\/26\/la-madre-de-los-maleducados-esta-siempre-encinta\/","og_locale":"es_ES","og_type":"article","og_title":"La madre de los maleducados est\u00e1 siempre encinta - ElCanillita.Info","og_description":"Cr\u00f3nica pastoral de una misa con eco pol\u00edtico","og_url":"https:\/\/elcanillita.info\/press\/2025\/05\/26\/la-madre-de-los-maleducados-esta-siempre-encinta\/","og_site_name":"ElCanillita.Info","article_publisher":"https:\/\/ar-ar.facebook.com\/ElCanillitainfo-114249515285712\/","article_published_time":"2025-05-26T04:04:46+00:00","article_modified_time":"2025-05-28T15:29:43+00:00","og_image":[{"width":500,"height":500,"url":"https:\/\/elcanillita.info\/press\/images\/2025\/05\/maleducadosB.png","type":"image\/png"}],"author":"SalaStampa.eu, world press service","twitter_card":"summary_large_image","twitter_misc":{"Escrito por":"SalaStampa.eu, world press service","Tiempo de lectura":"2 minutos"},"schema":{"@context":"https:\/\/schema.org","@graph":[{"@type":"Article","@id":"https:\/\/elcanillita.info\/press\/2025\/05\/26\/la-madre-de-los-maleducados-esta-siempre-encinta\/#article","isPartOf":{"@id":"https:\/\/elcanillita.info\/press\/2025\/05\/26\/la-madre-de-los-maleducados-esta-siempre-encinta\/"},"author":{"name":"SalaStampa.eu, world press service","@id":"https:\/\/elcanillita.info\/press\/#\/schema\/person\/7fcb79f38045700919f7da6d97e71ba0"},"headline":"La madre de los maleducados est\u00e1 siempre encinta","datePublished":"2025-05-26T04:04:46+00:00","dateModified":"2025-05-28T15:29:43+00:00","mainEntityOfPage":{"@id":"https:\/\/elcanillita.info\/press\/2025\/05\/26\/la-madre-de-los-maleducados-esta-siempre-encinta\/"},"wordCount":308,"publisher":{"@id":"https:\/\/elcanillita.info\/press\/#organization"},"image":{"@id":"https:\/\/elcanillita.info\/press\/2025\/05\/26\/la-madre-de-los-maleducados-esta-siempre-encinta\/#primaryimage"},"thumbnailUrl":"https:\/\/elcanillita.info\/press\/images\/2025\/05\/maleducadosB.png","keywords":["Argentina"],"articleSection":["Actualidad","Argentina","Cultura","Dolores de La Press","Politica","Sociedad"],"inLanguage":"es-AR"},{"@type":"WebPage","@id":"https:\/\/elcanillita.info\/press\/2025\/05\/26\/la-madre-de-los-maleducados-esta-siempre-encinta\/","url":"https:\/\/elcanillita.info\/press\/2025\/05\/26\/la-madre-de-los-maleducados-esta-siempre-encinta\/","name":"La madre de los maleducados est\u00e1 siempre encinta - ElCanillita.Info","isPartOf":{"@id":"https:\/\/elcanillita.info\/press\/#website"},"primaryImageOfPage":{"@id":"https:\/\/elcanillita.info\/press\/2025\/05\/26\/la-madre-de-los-maleducados-esta-siempre-encinta\/#primaryimage"},"image":{"@id":"https:\/\/elcanillita.info\/press\/2025\/05\/26\/la-madre-de-los-maleducados-esta-siempre-encinta\/#primaryimage"},"thumbnailUrl":"https:\/\/elcanillita.info\/press\/images\/2025\/05\/maleducadosB.png","datePublished":"2025-05-26T04:04:46+00:00","dateModified":"2025-05-28T15:29:43+00:00","inLanguage":"es-AR","potentialAction":[{"@type":"ReadAction","target":["https:\/\/elcanillita.info\/press\/2025\/05\/26\/la-madre-de-los-maleducados-esta-siempre-encinta\/"]}]},{"@type":"ImageObject","inLanguage":"es-AR","@id":"https:\/\/elcanillita.info\/press\/2025\/05\/26\/la-madre-de-los-maleducados-esta-siempre-encinta\/#primaryimage","url":"https:\/\/elcanillita.info\/press\/images\/2025\/05\/maleducadosB.png","contentUrl":"https:\/\/elcanillita.info\/press\/images\/2025\/05\/maleducadosB.png","width":500,"height":500},{"@type":"WebSite","@id":"https:\/\/elcanillita.info\/press\/#website","url":"https:\/\/elcanillita.info\/press\/","name":"ElCanillita.Info","description":"desde los Apeninos a los Andes","publisher":{"@id":"https:\/\/elcanillita.info\/press\/#organization"},"potentialAction":[{"@type":"SearchAction","target":{"@type":"EntryPoint","urlTemplate":"https:\/\/elcanillita.info\/press\/?s={search_term_string}"},"query-input":{"@type":"PropertyValueSpecification","valueRequired":true,"valueName":"search_term_string"}}],"inLanguage":"es-AR"},{"@type":"Organization","@id":"https:\/\/elcanillita.info\/press\/#organization","name":"Guzzo Photos & Graphic Publications","url":"https:\/\/elcanillita.info\/press\/","logo":{"@type":"ImageObject","inLanguage":"es-AR","@id":"https:\/\/elcanillita.info\/press\/#\/schema\/logo\/image\/","url":"https:\/\/elcanillita.info\/press\/images\/2020\/01\/cropped-cropped-cropped-elcanillitainfo.png","contentUrl":"https:\/\/elcanillita.info\/press\/images\/2020\/01\/cropped-cropped-cropped-elcanillitainfo.png","width":460,"height":50,"caption":"Guzzo Photos & Graphic Publications"},"image":{"@id":"https:\/\/elcanillita.info\/press\/#\/schema\/logo\/image\/"},"sameAs":["https:\/\/ar-ar.facebook.com\/ElCanillitainfo-114249515285712\/"]},{"@type":"Person","@id":"https:\/\/elcanillita.info\/press\/#\/schema\/person\/7fcb79f38045700919f7da6d97e71ba0","name":"SalaStampa.eu, world press service","image":{"@type":"ImageObject","inLanguage":"es-AR","@id":"https:\/\/secure.gravatar.com\/avatar\/c2f0e0d515a107624234994507816ca4724c7199cef73fc8bedebf6931d73888?s=96&d=mm&r=g","url":"https:\/\/secure.gravatar.com\/avatar\/c2f0e0d515a107624234994507816ca4724c7199cef73fc8bedebf6931d73888?s=96&d=mm&r=g","contentUrl":"https:\/\/secure.gravatar.com\/avatar\/c2f0e0d515a107624234994507816ca4724c7199cef73fc8bedebf6931d73888?s=96&d=mm&r=g","caption":"SalaStampa.eu, world press service"}}]}},"views":203,"_links":{"self":[{"href":"https:\/\/elcanillita.info\/press\/wp-json\/wp\/v2\/posts\/4670","targetHints":{"allow":["GET"]}}],"collection":[{"href":"https:\/\/elcanillita.info\/press\/wp-json\/wp\/v2\/posts"}],"about":[{"href":"https:\/\/elcanillita.info\/press\/wp-json\/wp\/v2\/types\/post"}],"author":[{"embeddable":true,"href":"https:\/\/elcanillita.info\/press\/wp-json\/wp\/v2\/users\/1"}],"replies":[{"embeddable":true,"href":"https:\/\/elcanillita.info\/press\/wp-json\/wp\/v2\/comments?post=4670"}],"version-history":[{"count":0,"href":"https:\/\/elcanillita.info\/press\/wp-json\/wp\/v2\/posts\/4670\/revisions"}],"wp:featuredmedia":[{"embeddable":true,"href":"https:\/\/elcanillita.info\/press\/wp-json\/wp\/v2\/media\/4676"}],"wp:attachment":[{"href":"https:\/\/elcanillita.info\/press\/wp-json\/wp\/v2\/media?parent=4670"}],"wp:term":[{"taxonomy":"category","embeddable":true,"href":"https:\/\/elcanillita.info\/press\/wp-json\/wp\/v2\/categories?post=4670"},{"taxonomy":"post_tag","embeddable":true,"href":"https:\/\/elcanillita.info\/press\/wp-json\/wp\/v2\/tags?post=4670"}],"curies":[{"name":"wp","href":"https:\/\/api.w.org\/{rel}","templated":true}]}}