{"id":467,"date":"2020-02-18T18:38:00","date_gmt":"2020-02-18T21:38:00","guid":{"rendered":"https:\/\/elcanillita.info\/press\/?p=467"},"modified":"2020-02-18T18:48:23","modified_gmt":"2020-02-18T21:48:23","slug":"maraton-tokio-tecnologica-apple-coronavirus","status":"publish","type":"post","link":"https:\/\/elcanillita.info\/press\/2020\/02\/18\/maraton-tokio-tecnologica-apple-coronavirus\/","title":{"rendered":"El marat\u00f3n de Tokio y la tecnol\u00f3gica Apple, golpeados por el coronavirus"},"content":{"rendered":"\n<p>Tokyo, 18.02.2020 &#8211; Los organizadores del marat\u00f3n de Tokio decidieron cancelar las entradas del p\u00fablico en general para el evento programado para el 1 de marzo debido al brote de coronavirus, inform\u00f3 el lunes el peri\u00f3dico Tokyo Shimbun.<\/p>\n\n\n\n<p>La medida&nbsp;afecta a 38,000 atletas populares, que ten\u00edan pensado correr el evento de categor\u00eda mundial -el m\u00e1s grande de Jap\u00f3n y toda Asia- pero las autoridades decidieron reservarlo para los atletas de \u00e9lite y competidores en silla de ruedas.<\/p>\n\n\n\n<p>En enero pasado el comit\u00e9 organizador del evento hab\u00eda conformado un panel de expertos m\u00e9dicos para dise\u00f1ar medidas de seguridad y manejar algunas formas de evitar una mayor propagaci\u00f3n del nuevo coronavirus, pero este lunes se anunci\u00f3 esta noticia.<\/p>\n\n\n\n<p>OMC advierte sobre peligro de coronavirus para un comercio mundial ya debilitado<\/p>\n\n\n\n<p>En enero, el Comit\u00e9 Ol\u00edmpico Internacional reubic\u00f3 el torneo de clasificaci\u00f3n de boxeo de Tokio 2020 para la regi\u00f3n asi\u00e1tica y oce\u00e1nica, que originalmente estaba programado entre los d\u00edas 3 y 14 de febrero, para la capital jordana de Amm\u00e1n.<\/p>\n\n\n\n<p>La clasificaci\u00f3n de f\u00fatbol ol\u00edmpico femenino, programada para efectuarse entre el 3 y 9 de febrero se traslad\u00f3 de Wuhan, la ciudad en el epicentro del brote, a Australia.<\/p>\n\n\n\n<p>Los juegos de la Liga de Campeones de Asia, que involucran a clubes futbol\u00edsticos chinos, incluidos varios programados para realizarse en Jap\u00f3n, se han retrasado para los meses de abril y mayo.<\/p>\n\n\n\n<p>El Gran Premio de F\u00f3rmula Uno de Shanghai, originalmente programado para el 19 de abril, tambi\u00e9n ha sido pospuesto.<\/p>\n\n\n\n<p>Tecnol\u00f3gica con p\u00e9rdidas<\/p>\n\n\n\n<p>La compa\u00f1\u00eda Apple tambi\u00e9n inform\u00f3 sobre las afectaciones que la propagaci\u00f3n del coronavirus ha causado en su producci\u00f3n.<\/p>\n\n\n\n<p>Las instalaciones de fabricaci\u00f3n de Apple en China han comenzado a reabrir, pero est\u00e1n aumentando m\u00e1s lentamente de lo esperado, dijo la empresa en un comunicado a sus inversores.<\/p>\n\n\n\n<p>Los suministros globales de los iPhones de Apple ser\u00e1n limitados, a medida que los sitios trabajen para operar a plena capacidad, dijo la compa\u00f1\u00eda, citada por Reuters.<\/p>\n\n\n\n<p>&#8220;La escasez de suministro de iPhone afectar\u00e1 temporalmente los ingresos en todo el mundo&#8221;, anunci\u00f3 el gigante tecnol\u00f3gico.<\/p>\n\n\n\n<p>En enero, Apple pronostic\u00f3 que tendr\u00eda unos ingresos de 63 mil millones de d\u00f3lares a 67 mil millones en para el segundo trimestre que termina en marzo, pero las estimaciones son de 62.4 mil millones.<br><br><small>2020 voanoticias \u2013 salastampa.eu, afiliada a la red Broadcasting Board of Governors \u00a9 2020 BBG<\/small><\/p>\n","protected":false},"excerpt":{"rendered":"<p>Tokyo, 17.02.2020 &#8211; Los organizadores del marat\u00f3n de Tokio decidieron cancelar las entradas del p\u00fablico en general para el evento programado para el 1 de marzo debido al brote de coronavirus, inform\u00f3 el lunes el peri\u00f3dico Tokyo Shimbun.<\/p>\n","protected":false},"author":1,"featured_media":0,"comment_status":"closed","ping_status":"closed","sticky":false,"template":"","format":"standard","meta":{"footnotes":"","_links_to":"","_links_to_target":""},"categories":[70,16,24,20,25,26],"tags":[66],"class_list":["post-467","post","type-post","status-publish","format-standard","hentry","category-actualidad","category-asia","category-ciencia-tecnologia","category-economia","category-sociedad","category-sport","tag-japon","entry","double"],"yoast_head":"<!-- This site is optimized with the Yoast SEO plugin v27.5 - https:\/\/yoast.com\/product\/yoast-seo-wordpress\/ -->\n<title>El marat\u00f3n de Tokio y la tecnol\u00f3gica Apple, golpeados por el coronavirus - ElCanillita.Info<\/title>\n<meta name=\"robots\" content=\"index, follow, max-snippet:-1, max-image-preview:large, max-video-preview:-1\" \/>\n<link rel=\"canonical\" href=\"https:\/\/elcanillita.info\/press\/2020\/02\/18\/maraton-tokio-tecnologica-apple-coronavirus\/\" \/>\n<meta property=\"og:locale\" content=\"es_ES\" \/>\n<meta property=\"og:type\" content=\"article\" \/>\n<meta property=\"og:title\" content=\"El marat\u00f3n de Tokio y la tecnol\u00f3gica Apple, golpeados por el coronavirus - ElCanillita.Info\" \/>\n<meta property=\"og:description\" content=\"Tokyo, 17.02.2020 - Los organizadores del marat\u00f3n de Tokio decidieron cancelar las entradas del p\u00fablico en general para el evento programado para el 1 de marzo debido al brote de coronavirus, inform\u00f3 el lunes el peri\u00f3dico Tokyo Shimbun.\" \/>\n<meta property=\"og:url\" content=\"https:\/\/elcanillita.info\/press\/2020\/02\/18\/maraton-tokio-tecnologica-apple-coronavirus\/\" \/>\n<meta property=\"og:site_name\" content=\"ElCanillita.Info\" \/>\n<meta property=\"article:publisher\" content=\"https:\/\/ar-ar.facebook.com\/ElCanillitainfo-114249515285712\/\" \/>\n<meta property=\"article:published_time\" content=\"2020-02-18T21:38:00+00:00\" \/>\n<meta property=\"article:modified_time\" content=\"2020-02-18T21:48:23+00:00\" \/>\n<meta name=\"author\" content=\"SalaStampa.eu, world press service\" \/>\n<meta name=\"twitter:card\" content=\"summary_large_image\" \/>\n<meta name=\"twitter:label1\" content=\"Escrito por\" \/>\n\t<meta name=\"twitter:data1\" content=\"SalaStampa.eu, world press service\" \/>\n\t<meta name=\"twitter:label2\" content=\"Tiempo de lectura\" \/>\n\t<meta name=\"twitter:data2\" content=\"2 minutos\" \/>\n<script type=\"application\/ld+json\" class=\"yoast-schema-graph\">{\"@context\":\"https:\\\/\\\/schema.org\",\"@graph\":[{\"@type\":\"Article\",\"@id\":\"https:\\\/\\\/elcanillita.info\\\/press\\\/2020\\\/02\\\/18\\\/maraton-tokio-tecnologica-apple-coronavirus\\\/#article\",\"isPartOf\":{\"@id\":\"https:\\\/\\\/elcanillita.info\\\/press\\\/2020\\\/02\\\/18\\\/maraton-tokio-tecnologica-apple-coronavirus\\\/\"},\"author\":{\"name\":\"SalaStampa.eu, world press service\",\"@id\":\"https:\\\/\\\/elcanillita.info\\\/press\\\/#\\\/schema\\\/person\\\/7fcb79f38045700919f7da6d97e71ba0\"},\"headline\":\"El marat\u00f3n de Tokio y la tecnol\u00f3gica Apple, golpeados por el coronavirus\",\"datePublished\":\"2020-02-18T21:38:00+00:00\",\"dateModified\":\"2020-02-18T21:48:23+00:00\",\"mainEntityOfPage\":{\"@id\":\"https:\\\/\\\/elcanillita.info\\\/press\\\/2020\\\/02\\\/18\\\/maraton-tokio-tecnologica-apple-coronavirus\\\/\"},\"wordCount\":433,\"publisher\":{\"@id\":\"https:\\\/\\\/elcanillita.info\\\/press\\\/#organization\"},\"keywords\":[\"Jap\u00f3n\"],\"articleSection\":[\"Actualidad\",\"Asia\",\"Ciencia y Tecnologia\",\"Economia\",\"Sociedad\",\"Sport\"],\"inLanguage\":\"es-AR\"},{\"@type\":\"WebPage\",\"@id\":\"https:\\\/\\\/elcanillita.info\\\/press\\\/2020\\\/02\\\/18\\\/maraton-tokio-tecnologica-apple-coronavirus\\\/\",\"url\":\"https:\\\/\\\/elcanillita.info\\\/press\\\/2020\\\/02\\\/18\\\/maraton-tokio-tecnologica-apple-coronavirus\\\/\",\"name\":\"El marat\u00f3n de Tokio y la tecnol\u00f3gica Apple, golpeados por el coronavirus - ElCanillita.Info\",\"isPartOf\":{\"@id\":\"https:\\\/\\\/elcanillita.info\\\/press\\\/#website\"},\"datePublished\":\"2020-02-18T21:38:00+00:00\",\"dateModified\":\"2020-02-18T21:48:23+00:00\",\"inLanguage\":\"es-AR\",\"potentialAction\":[{\"@type\":\"ReadAction\",\"target\":[\"https:\\\/\\\/elcanillita.info\\\/press\\\/2020\\\/02\\\/18\\\/maraton-tokio-tecnologica-apple-coronavirus\\\/\"]}]},{\"@type\":\"WebSite\",\"@id\":\"https:\\\/\\\/elcanillita.info\\\/press\\\/#website\",\"url\":\"https:\\\/\\\/elcanillita.info\\\/press\\\/\",\"name\":\"ElCanillita.Info\",\"description\":\"desde los Apeninos a los Andes\",\"publisher\":{\"@id\":\"https:\\\/\\\/elcanillita.info\\\/press\\\/#organization\"},\"potentialAction\":[{\"@type\":\"SearchAction\",\"target\":{\"@type\":\"EntryPoint\",\"urlTemplate\":\"https:\\\/\\\/elcanillita.info\\\/press\\\/?s={search_term_string}\"},\"query-input\":{\"@type\":\"PropertyValueSpecification\",\"valueRequired\":true,\"valueName\":\"search_term_string\"}}],\"inLanguage\":\"es-AR\"},{\"@type\":\"Organization\",\"@id\":\"https:\\\/\\\/elcanillita.info\\\/press\\\/#organization\",\"name\":\"Guzzo Photos & Graphic Publications\",\"url\":\"https:\\\/\\\/elcanillita.info\\\/press\\\/\",\"logo\":{\"@type\":\"ImageObject\",\"inLanguage\":\"es-AR\",\"@id\":\"https:\\\/\\\/elcanillita.info\\\/press\\\/#\\\/schema\\\/logo\\\/image\\\/\",\"url\":\"https:\\\/\\\/elcanillita.info\\\/press\\\/images\\\/2020\\\/01\\\/cropped-cropped-cropped-elcanillitainfo.png\",\"contentUrl\":\"https:\\\/\\\/elcanillita.info\\\/press\\\/images\\\/2020\\\/01\\\/cropped-cropped-cropped-elcanillitainfo.png\",\"width\":460,\"height\":50,\"caption\":\"Guzzo Photos & Graphic Publications\"},\"image\":{\"@id\":\"https:\\\/\\\/elcanillita.info\\\/press\\\/#\\\/schema\\\/logo\\\/image\\\/\"},\"sameAs\":[\"https:\\\/\\\/ar-ar.facebook.com\\\/ElCanillitainfo-114249515285712\\\/\"]},{\"@type\":\"Person\",\"@id\":\"https:\\\/\\\/elcanillita.info\\\/press\\\/#\\\/schema\\\/person\\\/7fcb79f38045700919f7da6d97e71ba0\",\"name\":\"SalaStampa.eu, world press service\",\"image\":{\"@type\":\"ImageObject\",\"inLanguage\":\"es-AR\",\"@id\":\"https:\\\/\\\/secure.gravatar.com\\\/avatar\\\/c2f0e0d515a107624234994507816ca4724c7199cef73fc8bedebf6931d73888?s=96&d=mm&r=g\",\"url\":\"https:\\\/\\\/secure.gravatar.com\\\/avatar\\\/c2f0e0d515a107624234994507816ca4724c7199cef73fc8bedebf6931d73888?s=96&d=mm&r=g\",\"contentUrl\":\"https:\\\/\\\/secure.gravatar.com\\\/avatar\\\/c2f0e0d515a107624234994507816ca4724c7199cef73fc8bedebf6931d73888?s=96&d=mm&r=g\",\"caption\":\"SalaStampa.eu, world press service\"}}]}<\/script>\n<!-- \/ Yoast SEO plugin. -->","yoast_head_json":{"title":"El marat\u00f3n de Tokio y la tecnol\u00f3gica Apple, golpeados por el coronavirus - ElCanillita.Info","robots":{"index":"index","follow":"follow","max-snippet":"max-snippet:-1","max-image-preview":"max-image-preview:large","max-video-preview":"max-video-preview:-1"},"canonical":"https:\/\/elcanillita.info\/press\/2020\/02\/18\/maraton-tokio-tecnologica-apple-coronavirus\/","og_locale":"es_ES","og_type":"article","og_title":"El marat\u00f3n de Tokio y la tecnol\u00f3gica Apple, golpeados por el coronavirus - ElCanillita.Info","og_description":"Tokyo, 17.02.2020 - Los organizadores del marat\u00f3n de Tokio decidieron cancelar las entradas del p\u00fablico en general para el evento programado para el 1 de marzo debido al brote de coronavirus, inform\u00f3 el lunes el peri\u00f3dico Tokyo Shimbun.","og_url":"https:\/\/elcanillita.info\/press\/2020\/02\/18\/maraton-tokio-tecnologica-apple-coronavirus\/","og_site_name":"ElCanillita.Info","article_publisher":"https:\/\/ar-ar.facebook.com\/ElCanillitainfo-114249515285712\/","article_published_time":"2020-02-18T21:38:00+00:00","article_modified_time":"2020-02-18T21:48:23+00:00","author":"SalaStampa.eu, world press service","twitter_card":"summary_large_image","twitter_misc":{"Escrito por":"SalaStampa.eu, world press service","Tiempo de lectura":"2 minutos"},"schema":{"@context":"https:\/\/schema.org","@graph":[{"@type":"Article","@id":"https:\/\/elcanillita.info\/press\/2020\/02\/18\/maraton-tokio-tecnologica-apple-coronavirus\/#article","isPartOf":{"@id":"https:\/\/elcanillita.info\/press\/2020\/02\/18\/maraton-tokio-tecnologica-apple-coronavirus\/"},"author":{"name":"SalaStampa.eu, world press service","@id":"https:\/\/elcanillita.info\/press\/#\/schema\/person\/7fcb79f38045700919f7da6d97e71ba0"},"headline":"El marat\u00f3n de Tokio y la tecnol\u00f3gica Apple, golpeados por el coronavirus","datePublished":"2020-02-18T21:38:00+00:00","dateModified":"2020-02-18T21:48:23+00:00","mainEntityOfPage":{"@id":"https:\/\/elcanillita.info\/press\/2020\/02\/18\/maraton-tokio-tecnologica-apple-coronavirus\/"},"wordCount":433,"publisher":{"@id":"https:\/\/elcanillita.info\/press\/#organization"},"keywords":["Jap\u00f3n"],"articleSection":["Actualidad","Asia","Ciencia y Tecnologia","Economia","Sociedad","Sport"],"inLanguage":"es-AR"},{"@type":"WebPage","@id":"https:\/\/elcanillita.info\/press\/2020\/02\/18\/maraton-tokio-tecnologica-apple-coronavirus\/","url":"https:\/\/elcanillita.info\/press\/2020\/02\/18\/maraton-tokio-tecnologica-apple-coronavirus\/","name":"El marat\u00f3n de Tokio y la tecnol\u00f3gica Apple, golpeados por el coronavirus - ElCanillita.Info","isPartOf":{"@id":"https:\/\/elcanillita.info\/press\/#website"},"datePublished":"2020-02-18T21:38:00+00:00","dateModified":"2020-02-18T21:48:23+00:00","inLanguage":"es-AR","potentialAction":[{"@type":"ReadAction","target":["https:\/\/elcanillita.info\/press\/2020\/02\/18\/maraton-tokio-tecnologica-apple-coronavirus\/"]}]},{"@type":"WebSite","@id":"https:\/\/elcanillita.info\/press\/#website","url":"https:\/\/elcanillita.info\/press\/","name":"ElCanillita.Info","description":"desde los Apeninos a los Andes","publisher":{"@id":"https:\/\/elcanillita.info\/press\/#organization"},"potentialAction":[{"@type":"SearchAction","target":{"@type":"EntryPoint","urlTemplate":"https:\/\/elcanillita.info\/press\/?s={search_term_string}"},"query-input":{"@type":"PropertyValueSpecification","valueRequired":true,"valueName":"search_term_string"}}],"inLanguage":"es-AR"},{"@type":"Organization","@id":"https:\/\/elcanillita.info\/press\/#organization","name":"Guzzo Photos & Graphic Publications","url":"https:\/\/elcanillita.info\/press\/","logo":{"@type":"ImageObject","inLanguage":"es-AR","@id":"https:\/\/elcanillita.info\/press\/#\/schema\/logo\/image\/","url":"https:\/\/elcanillita.info\/press\/images\/2020\/01\/cropped-cropped-cropped-elcanillitainfo.png","contentUrl":"https:\/\/elcanillita.info\/press\/images\/2020\/01\/cropped-cropped-cropped-elcanillitainfo.png","width":460,"height":50,"caption":"Guzzo Photos & Graphic Publications"},"image":{"@id":"https:\/\/elcanillita.info\/press\/#\/schema\/logo\/image\/"},"sameAs":["https:\/\/ar-ar.facebook.com\/ElCanillitainfo-114249515285712\/"]},{"@type":"Person","@id":"https:\/\/elcanillita.info\/press\/#\/schema\/person\/7fcb79f38045700919f7da6d97e71ba0","name":"SalaStampa.eu, world press service","image":{"@type":"ImageObject","inLanguage":"es-AR","@id":"https:\/\/secure.gravatar.com\/avatar\/c2f0e0d515a107624234994507816ca4724c7199cef73fc8bedebf6931d73888?s=96&d=mm&r=g","url":"https:\/\/secure.gravatar.com\/avatar\/c2f0e0d515a107624234994507816ca4724c7199cef73fc8bedebf6931d73888?s=96&d=mm&r=g","contentUrl":"https:\/\/secure.gravatar.com\/avatar\/c2f0e0d515a107624234994507816ca4724c7199cef73fc8bedebf6931d73888?s=96&d=mm&r=g","caption":"SalaStampa.eu, world press service"}}]}},"views":884,"_links":{"self":[{"href":"https:\/\/elcanillita.info\/press\/wp-json\/wp\/v2\/posts\/467","targetHints":{"allow":["GET"]}}],"collection":[{"href":"https:\/\/elcanillita.info\/press\/wp-json\/wp\/v2\/posts"}],"about":[{"href":"https:\/\/elcanillita.info\/press\/wp-json\/wp\/v2\/types\/post"}],"author":[{"embeddable":true,"href":"https:\/\/elcanillita.info\/press\/wp-json\/wp\/v2\/users\/1"}],"replies":[{"embeddable":true,"href":"https:\/\/elcanillita.info\/press\/wp-json\/wp\/v2\/comments?post=467"}],"version-history":[{"count":0,"href":"https:\/\/elcanillita.info\/press\/wp-json\/wp\/v2\/posts\/467\/revisions"}],"wp:attachment":[{"href":"https:\/\/elcanillita.info\/press\/wp-json\/wp\/v2\/media?parent=467"}],"wp:term":[{"taxonomy":"category","embeddable":true,"href":"https:\/\/elcanillita.info\/press\/wp-json\/wp\/v2\/categories?post=467"},{"taxonomy":"post_tag","embeddable":true,"href":"https:\/\/elcanillita.info\/press\/wp-json\/wp\/v2\/tags?post=467"}],"curies":[{"name":"wp","href":"https:\/\/api.w.org\/{rel}","templated":true}]}}