{"id":4650,"date":"2025-05-23T13:52:42","date_gmt":"2025-05-23T16:52:42","guid":{"rendered":"https:\/\/elcanillita.info\/press\/?p=4650"},"modified":"2025-05-23T14:15:26","modified_gmt":"2025-05-23T17:15:26","slug":"respuesta-editorial-de-mi-genio-y-yo","status":"publish","type":"post","link":"https:\/\/elcanillita.info\/press\/2025\/05\/23\/respuesta-editorial-de-mi-genio-y-yo\/","title":{"rendered":"Respuesta editorial de Mi Genio y Yo"},"content":{"rendered":"<div class=\"wp-block-image\">\n<figure class=\"alignleft size-full\"><img loading=\"lazy\" decoding=\"async\" width=\"350\" height=\"350\" src=\"https:\/\/elcanillita.info\/press\/images\/2025\/05\/migenioyyo_20250523-1.png\" alt=\"\" class=\"wp-image-4655\" srcset=\"https:\/\/elcanillita.info\/press\/images\/2025\/05\/migenioyyo_20250523-1.png 350w, https:\/\/elcanillita.info\/press\/images\/2025\/05\/migenioyyo_20250523-1-300x300.png 300w, https:\/\/elcanillita.info\/press\/images\/2025\/05\/migenioyyo_20250523-1-150x150.png 150w\" sizes=\"auto, (max-width: 350px) 100vw, 350px\" \/><\/figure>\n<\/div>\n\n\n<p><strong>ElCanillita.info<\/strong>, 23\/05\/2025<br>Querido lector:<br>Gracias por tu mensaje. Nos honra recibir cr\u00edticas que vienen con afecto y esperanza.<br>Y tambi\u00e9n nos reconforta saber que, a pesar de todo, todav\u00eda hay argentinos que creen\u2026 aunque sea \u201cpor fe\u201d.<\/p>\n\n\n\n<p>Nos ped\u00eds una buena. Una sola. Y te prometemos hacer el esfuerzo.<br>Pero perm\u00edtenos antes una confesi\u00f3n: nos cuesta horrores hacer un \u201cacto de fe\u201d cuando los mismos que piden confianza te venden una estampita y, de paso, te hipotecan el altar.<\/p>\n\n\n\n<p>Entendemos que el periodismo no puede ser siempre objeci\u00f3n y escepticismo. Pero tampoco puede ser estampita, ni rezo institucional.<br>No le buscamos el pelo al huevo: simplemente lo mostramos cuando ya viene con peluqu\u00edn incorporado.<\/p>\n\n\n\n<p>\u00bfY por qu\u00e9 no festejamos que &#8220;van a hacer todo en sinton\u00eda con las leyes internacionales&#8221;?<br>Porque lo anunciaron justo cuando se les filtr\u00f3 que estaban a punto de firmar un indulto al Cripto$ilencio, ese bendito acuerdo que absuelve fortunas sin preguntar procedencia, ni DNI, ni siquiera el nombre del gato.<\/p>\n\n\n\n<p>Nos ped\u00eds una buena, y ac\u00e1 va: \u00a1el gobierno logr\u00f3 que un mont\u00f3n de argentinos vuelva a hablar de leyes, de moral fiscal, y de justicia!<br>El detalle es que lo hacen entre dientes\u2026 mientras pagan en cuotas la prepaga o el gas.<\/p>\n\n\n\n<p>De todos modos, aceptamos el desaf\u00edo: en la pr\u00f3xima edici\u00f3n haremos un esfuerzo por encontrar una \u201cbuena\u201d. Pero que sea de verdad.<br>Aunque sea chiquita, como un vuelto que no se afana.<\/p>\n\n\n\n<p>Con afecto,<br>Mi Genio y Yo<br>(el pelo en el huevo, el sombrero en la cabeza, y los pies sobre el asfalto)<br><br><small>\u00a92025 \u201cEl \u00faltimo que dobla la esquina\u201d \u2026poque siempre hay alguien que reparte noticias mientras todos duermen. Todos los derechos reservados Copyright \u00a9 2025 ElCanillita.info \/ SalaStampa.eu, servicio mundial de prensa Guzzo Photos &amp; Graphic Publications \u2013 Registro Editori e Stampatori n. 1441 Torino, Italia<\/small><\/p>\n\n\n\n<p><br><\/p>\n","protected":false},"excerpt":{"rendered":"<p>Secci\u00f3n: Cartas al Canillita.info<\/p>\n","protected":false},"author":1,"featured_media":4656,"comment_status":"closed","ping_status":"closed","sticky":false,"template":"","format":"standard","meta":{"footnotes":"","_links_to":"","_links_to_target":""},"categories":[123,25],"tags":[29],"class_list":["post-4650","post","type-post","status-publish","format-standard","has-post-thumbnail","hentry","category-argentina","category-sociedad","tag-argentina","entry","double"],"yoast_head":"<!-- This site is optimized with the Yoast SEO plugin v27.5 - https:\/\/yoast.com\/product\/yoast-seo-wordpress\/ -->\n<title>Respuesta editorial de Mi Genio y Yo - ElCanillita.Info<\/title>\n<meta name=\"robots\" content=\"index, follow, max-snippet:-1, max-image-preview:large, max-video-preview:-1\" \/>\n<link rel=\"canonical\" href=\"https:\/\/elcanillita.info\/press\/2025\/05\/23\/respuesta-editorial-de-mi-genio-y-yo\/\" \/>\n<meta property=\"og:locale\" content=\"es_ES\" \/>\n<meta property=\"og:type\" content=\"article\" \/>\n<meta property=\"og:title\" content=\"Respuesta editorial de Mi Genio y Yo - ElCanillita.Info\" \/>\n<meta property=\"og:description\" content=\"Secci\u00f3n: Cartas al Canillita.info\" \/>\n<meta property=\"og:url\" content=\"https:\/\/elcanillita.info\/press\/2025\/05\/23\/respuesta-editorial-de-mi-genio-y-yo\/\" \/>\n<meta property=\"og:site_name\" content=\"ElCanillita.Info\" \/>\n<meta property=\"article:publisher\" content=\"https:\/\/ar-ar.facebook.com\/ElCanillitainfo-114249515285712\/\" \/>\n<meta property=\"article:published_time\" content=\"2025-05-23T16:52:42+00:00\" \/>\n<meta property=\"article:modified_time\" content=\"2025-05-23T17:15:26+00:00\" \/>\n<meta property=\"og:image\" content=\"https:\/\/elcanillita.info\/press\/images\/2025\/05\/migenioyyocv_20250523.png\" \/>\n\t<meta property=\"og:image:width\" content=\"500\" \/>\n\t<meta property=\"og:image:height\" content=\"333\" \/>\n\t<meta property=\"og:image:type\" content=\"image\/png\" \/>\n<meta name=\"author\" content=\"SalaStampa.eu, world press service\" \/>\n<meta name=\"twitter:card\" content=\"summary_large_image\" \/>\n<meta name=\"twitter:label1\" content=\"Escrito por\" \/>\n\t<meta name=\"twitter:data1\" content=\"SalaStampa.eu, world press service\" \/>\n\t<meta name=\"twitter:label2\" content=\"Tiempo de lectura\" \/>\n\t<meta name=\"twitter:data2\" content=\"2 minutos\" \/>\n<script type=\"application\/ld+json\" class=\"yoast-schema-graph\">{\"@context\":\"https:\\\/\\\/schema.org\",\"@graph\":[{\"@type\":\"Article\",\"@id\":\"https:\\\/\\\/elcanillita.info\\\/press\\\/2025\\\/05\\\/23\\\/respuesta-editorial-de-mi-genio-y-yo\\\/#article\",\"isPartOf\":{\"@id\":\"https:\\\/\\\/elcanillita.info\\\/press\\\/2025\\\/05\\\/23\\\/respuesta-editorial-de-mi-genio-y-yo\\\/\"},\"author\":{\"name\":\"SalaStampa.eu, world press service\",\"@id\":\"https:\\\/\\\/elcanillita.info\\\/press\\\/#\\\/schema\\\/person\\\/7fcb79f38045700919f7da6d97e71ba0\"},\"headline\":\"Respuesta editorial de Mi Genio y Yo\",\"datePublished\":\"2025-05-23T16:52:42+00:00\",\"dateModified\":\"2025-05-23T17:15:26+00:00\",\"mainEntityOfPage\":{\"@id\":\"https:\\\/\\\/elcanillita.info\\\/press\\\/2025\\\/05\\\/23\\\/respuesta-editorial-de-mi-genio-y-yo\\\/\"},\"wordCount\":325,\"publisher\":{\"@id\":\"https:\\\/\\\/elcanillita.info\\\/press\\\/#organization\"},\"image\":{\"@id\":\"https:\\\/\\\/elcanillita.info\\\/press\\\/2025\\\/05\\\/23\\\/respuesta-editorial-de-mi-genio-y-yo\\\/#primaryimage\"},\"thumbnailUrl\":\"https:\\\/\\\/elcanillita.info\\\/press\\\/images\\\/2025\\\/05\\\/migenioyyocv_20250523.png\",\"keywords\":[\"Argentina\"],\"articleSection\":[\"Argentina\",\"Sociedad\"],\"inLanguage\":\"es-AR\"},{\"@type\":\"WebPage\",\"@id\":\"https:\\\/\\\/elcanillita.info\\\/press\\\/2025\\\/05\\\/23\\\/respuesta-editorial-de-mi-genio-y-yo\\\/\",\"url\":\"https:\\\/\\\/elcanillita.info\\\/press\\\/2025\\\/05\\\/23\\\/respuesta-editorial-de-mi-genio-y-yo\\\/\",\"name\":\"Respuesta editorial de Mi Genio y Yo - ElCanillita.Info\",\"isPartOf\":{\"@id\":\"https:\\\/\\\/elcanillita.info\\\/press\\\/#website\"},\"primaryImageOfPage\":{\"@id\":\"https:\\\/\\\/elcanillita.info\\\/press\\\/2025\\\/05\\\/23\\\/respuesta-editorial-de-mi-genio-y-yo\\\/#primaryimage\"},\"image\":{\"@id\":\"https:\\\/\\\/elcanillita.info\\\/press\\\/2025\\\/05\\\/23\\\/respuesta-editorial-de-mi-genio-y-yo\\\/#primaryimage\"},\"thumbnailUrl\":\"https:\\\/\\\/elcanillita.info\\\/press\\\/images\\\/2025\\\/05\\\/migenioyyocv_20250523.png\",\"datePublished\":\"2025-05-23T16:52:42+00:00\",\"dateModified\":\"2025-05-23T17:15:26+00:00\",\"inLanguage\":\"es-AR\",\"potentialAction\":[{\"@type\":\"ReadAction\",\"target\":[\"https:\\\/\\\/elcanillita.info\\\/press\\\/2025\\\/05\\\/23\\\/respuesta-editorial-de-mi-genio-y-yo\\\/\"]}]},{\"@type\":\"ImageObject\",\"inLanguage\":\"es-AR\",\"@id\":\"https:\\\/\\\/elcanillita.info\\\/press\\\/2025\\\/05\\\/23\\\/respuesta-editorial-de-mi-genio-y-yo\\\/#primaryimage\",\"url\":\"https:\\\/\\\/elcanillita.info\\\/press\\\/images\\\/2025\\\/05\\\/migenioyyocv_20250523.png\",\"contentUrl\":\"https:\\\/\\\/elcanillita.info\\\/press\\\/images\\\/2025\\\/05\\\/migenioyyocv_20250523.png\",\"width\":500,\"height\":333},{\"@type\":\"WebSite\",\"@id\":\"https:\\\/\\\/elcanillita.info\\\/press\\\/#website\",\"url\":\"https:\\\/\\\/elcanillita.info\\\/press\\\/\",\"name\":\"ElCanillita.Info\",\"description\":\"desde los Apeninos a los Andes\",\"publisher\":{\"@id\":\"https:\\\/\\\/elcanillita.info\\\/press\\\/#organization\"},\"potentialAction\":[{\"@type\":\"SearchAction\",\"target\":{\"@type\":\"EntryPoint\",\"urlTemplate\":\"https:\\\/\\\/elcanillita.info\\\/press\\\/?s={search_term_string}\"},\"query-input\":{\"@type\":\"PropertyValueSpecification\",\"valueRequired\":true,\"valueName\":\"search_term_string\"}}],\"inLanguage\":\"es-AR\"},{\"@type\":\"Organization\",\"@id\":\"https:\\\/\\\/elcanillita.info\\\/press\\\/#organization\",\"name\":\"Guzzo Photos & Graphic Publications\",\"url\":\"https:\\\/\\\/elcanillita.info\\\/press\\\/\",\"logo\":{\"@type\":\"ImageObject\",\"inLanguage\":\"es-AR\",\"@id\":\"https:\\\/\\\/elcanillita.info\\\/press\\\/#\\\/schema\\\/logo\\\/image\\\/\",\"url\":\"https:\\\/\\\/elcanillita.info\\\/press\\\/images\\\/2020\\\/01\\\/cropped-cropped-cropped-elcanillitainfo.png\",\"contentUrl\":\"https:\\\/\\\/elcanillita.info\\\/press\\\/images\\\/2020\\\/01\\\/cropped-cropped-cropped-elcanillitainfo.png\",\"width\":460,\"height\":50,\"caption\":\"Guzzo Photos & Graphic Publications\"},\"image\":{\"@id\":\"https:\\\/\\\/elcanillita.info\\\/press\\\/#\\\/schema\\\/logo\\\/image\\\/\"},\"sameAs\":[\"https:\\\/\\\/ar-ar.facebook.com\\\/ElCanillitainfo-114249515285712\\\/\"]},{\"@type\":\"Person\",\"@id\":\"https:\\\/\\\/elcanillita.info\\\/press\\\/#\\\/schema\\\/person\\\/7fcb79f38045700919f7da6d97e71ba0\",\"name\":\"SalaStampa.eu, world press service\",\"image\":{\"@type\":\"ImageObject\",\"inLanguage\":\"es-AR\",\"@id\":\"https:\\\/\\\/secure.gravatar.com\\\/avatar\\\/c2f0e0d515a107624234994507816ca4724c7199cef73fc8bedebf6931d73888?s=96&d=mm&r=g\",\"url\":\"https:\\\/\\\/secure.gravatar.com\\\/avatar\\\/c2f0e0d515a107624234994507816ca4724c7199cef73fc8bedebf6931d73888?s=96&d=mm&r=g\",\"contentUrl\":\"https:\\\/\\\/secure.gravatar.com\\\/avatar\\\/c2f0e0d515a107624234994507816ca4724c7199cef73fc8bedebf6931d73888?s=96&d=mm&r=g\",\"caption\":\"SalaStampa.eu, world press service\"}}]}<\/script>\n<!-- \/ Yoast SEO plugin. -->","yoast_head_json":{"title":"Respuesta editorial de Mi Genio y Yo - ElCanillita.Info","robots":{"index":"index","follow":"follow","max-snippet":"max-snippet:-1","max-image-preview":"max-image-preview:large","max-video-preview":"max-video-preview:-1"},"canonical":"https:\/\/elcanillita.info\/press\/2025\/05\/23\/respuesta-editorial-de-mi-genio-y-yo\/","og_locale":"es_ES","og_type":"article","og_title":"Respuesta editorial de Mi Genio y Yo - ElCanillita.Info","og_description":"Secci\u00f3n: Cartas al Canillita.info","og_url":"https:\/\/elcanillita.info\/press\/2025\/05\/23\/respuesta-editorial-de-mi-genio-y-yo\/","og_site_name":"ElCanillita.Info","article_publisher":"https:\/\/ar-ar.facebook.com\/ElCanillitainfo-114249515285712\/","article_published_time":"2025-05-23T16:52:42+00:00","article_modified_time":"2025-05-23T17:15:26+00:00","og_image":[{"width":500,"height":333,"url":"https:\/\/elcanillita.info\/press\/images\/2025\/05\/migenioyyocv_20250523.png","type":"image\/png"}],"author":"SalaStampa.eu, world press service","twitter_card":"summary_large_image","twitter_misc":{"Escrito por":"SalaStampa.eu, world press service","Tiempo de lectura":"2 minutos"},"schema":{"@context":"https:\/\/schema.org","@graph":[{"@type":"Article","@id":"https:\/\/elcanillita.info\/press\/2025\/05\/23\/respuesta-editorial-de-mi-genio-y-yo\/#article","isPartOf":{"@id":"https:\/\/elcanillita.info\/press\/2025\/05\/23\/respuesta-editorial-de-mi-genio-y-yo\/"},"author":{"name":"SalaStampa.eu, world press service","@id":"https:\/\/elcanillita.info\/press\/#\/schema\/person\/7fcb79f38045700919f7da6d97e71ba0"},"headline":"Respuesta editorial de Mi Genio y Yo","datePublished":"2025-05-23T16:52:42+00:00","dateModified":"2025-05-23T17:15:26+00:00","mainEntityOfPage":{"@id":"https:\/\/elcanillita.info\/press\/2025\/05\/23\/respuesta-editorial-de-mi-genio-y-yo\/"},"wordCount":325,"publisher":{"@id":"https:\/\/elcanillita.info\/press\/#organization"},"image":{"@id":"https:\/\/elcanillita.info\/press\/2025\/05\/23\/respuesta-editorial-de-mi-genio-y-yo\/#primaryimage"},"thumbnailUrl":"https:\/\/elcanillita.info\/press\/images\/2025\/05\/migenioyyocv_20250523.png","keywords":["Argentina"],"articleSection":["Argentina","Sociedad"],"inLanguage":"es-AR"},{"@type":"WebPage","@id":"https:\/\/elcanillita.info\/press\/2025\/05\/23\/respuesta-editorial-de-mi-genio-y-yo\/","url":"https:\/\/elcanillita.info\/press\/2025\/05\/23\/respuesta-editorial-de-mi-genio-y-yo\/","name":"Respuesta editorial de Mi Genio y Yo - ElCanillita.Info","isPartOf":{"@id":"https:\/\/elcanillita.info\/press\/#website"},"primaryImageOfPage":{"@id":"https:\/\/elcanillita.info\/press\/2025\/05\/23\/respuesta-editorial-de-mi-genio-y-yo\/#primaryimage"},"image":{"@id":"https:\/\/elcanillita.info\/press\/2025\/05\/23\/respuesta-editorial-de-mi-genio-y-yo\/#primaryimage"},"thumbnailUrl":"https:\/\/elcanillita.info\/press\/images\/2025\/05\/migenioyyocv_20250523.png","datePublished":"2025-05-23T16:52:42+00:00","dateModified":"2025-05-23T17:15:26+00:00","inLanguage":"es-AR","potentialAction":[{"@type":"ReadAction","target":["https:\/\/elcanillita.info\/press\/2025\/05\/23\/respuesta-editorial-de-mi-genio-y-yo\/"]}]},{"@type":"ImageObject","inLanguage":"es-AR","@id":"https:\/\/elcanillita.info\/press\/2025\/05\/23\/respuesta-editorial-de-mi-genio-y-yo\/#primaryimage","url":"https:\/\/elcanillita.info\/press\/images\/2025\/05\/migenioyyocv_20250523.png","contentUrl":"https:\/\/elcanillita.info\/press\/images\/2025\/05\/migenioyyocv_20250523.png","width":500,"height":333},{"@type":"WebSite","@id":"https:\/\/elcanillita.info\/press\/#website","url":"https:\/\/elcanillita.info\/press\/","name":"ElCanillita.Info","description":"desde los Apeninos a los Andes","publisher":{"@id":"https:\/\/elcanillita.info\/press\/#organization"},"potentialAction":[{"@type":"SearchAction","target":{"@type":"EntryPoint","urlTemplate":"https:\/\/elcanillita.info\/press\/?s={search_term_string}"},"query-input":{"@type":"PropertyValueSpecification","valueRequired":true,"valueName":"search_term_string"}}],"inLanguage":"es-AR"},{"@type":"Organization","@id":"https:\/\/elcanillita.info\/press\/#organization","name":"Guzzo Photos & Graphic Publications","url":"https:\/\/elcanillita.info\/press\/","logo":{"@type":"ImageObject","inLanguage":"es-AR","@id":"https:\/\/elcanillita.info\/press\/#\/schema\/logo\/image\/","url":"https:\/\/elcanillita.info\/press\/images\/2020\/01\/cropped-cropped-cropped-elcanillitainfo.png","contentUrl":"https:\/\/elcanillita.info\/press\/images\/2020\/01\/cropped-cropped-cropped-elcanillitainfo.png","width":460,"height":50,"caption":"Guzzo Photos & Graphic Publications"},"image":{"@id":"https:\/\/elcanillita.info\/press\/#\/schema\/logo\/image\/"},"sameAs":["https:\/\/ar-ar.facebook.com\/ElCanillitainfo-114249515285712\/"]},{"@type":"Person","@id":"https:\/\/elcanillita.info\/press\/#\/schema\/person\/7fcb79f38045700919f7da6d97e71ba0","name":"SalaStampa.eu, world press service","image":{"@type":"ImageObject","inLanguage":"es-AR","@id":"https:\/\/secure.gravatar.com\/avatar\/c2f0e0d515a107624234994507816ca4724c7199cef73fc8bedebf6931d73888?s=96&d=mm&r=g","url":"https:\/\/secure.gravatar.com\/avatar\/c2f0e0d515a107624234994507816ca4724c7199cef73fc8bedebf6931d73888?s=96&d=mm&r=g","contentUrl":"https:\/\/secure.gravatar.com\/avatar\/c2f0e0d515a107624234994507816ca4724c7199cef73fc8bedebf6931d73888?s=96&d=mm&r=g","caption":"SalaStampa.eu, world press service"}}]}},"views":223,"_links":{"self":[{"href":"https:\/\/elcanillita.info\/press\/wp-json\/wp\/v2\/posts\/4650","targetHints":{"allow":["GET"]}}],"collection":[{"href":"https:\/\/elcanillita.info\/press\/wp-json\/wp\/v2\/posts"}],"about":[{"href":"https:\/\/elcanillita.info\/press\/wp-json\/wp\/v2\/types\/post"}],"author":[{"embeddable":true,"href":"https:\/\/elcanillita.info\/press\/wp-json\/wp\/v2\/users\/1"}],"replies":[{"embeddable":true,"href":"https:\/\/elcanillita.info\/press\/wp-json\/wp\/v2\/comments?post=4650"}],"version-history":[{"count":0,"href":"https:\/\/elcanillita.info\/press\/wp-json\/wp\/v2\/posts\/4650\/revisions"}],"wp:featuredmedia":[{"embeddable":true,"href":"https:\/\/elcanillita.info\/press\/wp-json\/wp\/v2\/media\/4656"}],"wp:attachment":[{"href":"https:\/\/elcanillita.info\/press\/wp-json\/wp\/v2\/media?parent=4650"}],"wp:term":[{"taxonomy":"category","embeddable":true,"href":"https:\/\/elcanillita.info\/press\/wp-json\/wp\/v2\/categories?post=4650"},{"taxonomy":"post_tag","embeddable":true,"href":"https:\/\/elcanillita.info\/press\/wp-json\/wp\/v2\/tags?post=4650"}],"curies":[{"name":"wp","href":"https:\/\/api.w.org\/{rel}","templated":true}]}}