{"id":465,"date":"2020-02-18T18:31:05","date_gmt":"2020-02-18T21:31:05","guid":{"rendered":"https:\/\/elcanillita.info\/press\/?p=465"},"modified":"2020-02-18T18:38:35","modified_gmt":"2020-02-18T21:38:35","slug":"crudo-sube-expectativas-recortes-produccion-contrarrestan-impacto-coronavirus","status":"publish","type":"post","link":"https:\/\/elcanillita.info\/press\/2020\/02\/18\/crudo-sube-expectativas-recortes-produccion-contrarrestan-impacto-coronavirus\/","title":{"rendered":"Crudo sube porque expectativas de recortes de producci\u00f3n contrarrestan impacto de coronavirus"},"content":{"rendered":"\n<p>Viena, 18.02.2020 &#8211; Los precios del petr\u00f3leo subieron el lunes, debido a que los temores por los efectos econ\u00f3micos generados por el brote de coronavirus en China fueron contrarrestados por expectativas de que nuevos recortes de producci\u00f3n reducir\u00edan la oferta de crudo.<\/p>\n\n\n\n<p>La Agencia Internacional de Energ\u00eda (AIE) dio a conocer la semana pasada que el virus podr\u00eda hacer que la demanda de crudo baje en 435.000 barriles por d\u00eda en el primer trimestre de este 2020 frente al mismo periodo del a\u00f1o anterior, el cual se convertir\u00eda en su primer declive trimestral desde la crisis financiera en 2009.<\/p>\n\n\n\n<p>El petr\u00f3leo subi\u00f3 la pasada semana por vez primera desde principios de enero por optimismo sobre la posibilidad de que las medidas de est\u00edmulo aprobadas por China en medio del brote puedan generar una recuperaci\u00f3n en la demanda de crudo en el mayor importador mundial.<\/p>\n\n\n\n<p>Los inversionistas tambi\u00e9n est\u00e1n anticipando que la Organizaci\u00f3n de Pa\u00edses Exportadores de Petr\u00f3leo (OPEP) y un grupo de aliados liderado por Rusia aprobar\u00e1n una propuesta para profundizar los recortes a la producci\u00f3n a fin de ajustar la oferta global y apuntalar los precios.<\/p>\n\n\n\n<p>El grupo, conocido como OPEP+, tiene un acuerdo para reducir la producci\u00f3n en 1 mill\u00f3n, 700 mil barriles por d\u00eda, hasta finales de marzo. Un comit\u00e9 t\u00e9cnico recomend\u00f3 una reducci\u00f3n de otras 600.000 unidades por d\u00eda, debido al impacto del coronavirus, aunque la \u00faltima alza semanal podr\u00eda dar una pausa a los productores.<br><br><small>2020 voanoticias \u2013 salastampa.eu, afiliada a la red Broadcasting Board of Governors \u00a9 2020 BBG<\/small><\/p>\n","protected":false},"excerpt":{"rendered":"<p>Austria, 18.02.2020 &#8211; Los precios del petr\u00f3leo subieron el lunes, debido a que los temores por los efectos econ\u00f3micos generados por el brote de coronavirus en China fueron contrarrestados por expectativas de que nuevos recortes de producci\u00f3n reducir\u00edan la oferta de crudo.<\/p>\n","protected":false},"author":1,"featured_media":0,"comment_status":"closed","ping_status":"closed","sticky":false,"template":"","format":"standard","meta":{"footnotes":"","_links_to":"","_links_to_target":""},"categories":[70,20,5,25],"tags":[76],"class_list":["post-465","post","type-post","status-publish","format-standard","hentry","category-actualidad","category-economia","category-europa","category-sociedad","tag-austria","entry","double"],"yoast_head":"<!-- This site is optimized with the Yoast SEO plugin v27.5 - https:\/\/yoast.com\/product\/yoast-seo-wordpress\/ -->\n<title>Crudo sube porque expectativas de recortes de producci\u00f3n contrarrestan impacto de coronavirus - ElCanillita.Info<\/title>\n<meta name=\"robots\" content=\"index, follow, max-snippet:-1, max-image-preview:large, max-video-preview:-1\" \/>\n<link rel=\"canonical\" href=\"https:\/\/elcanillita.info\/press\/2020\/02\/18\/crudo-sube-expectativas-recortes-produccion-contrarrestan-impacto-coronavirus\/\" \/>\n<meta property=\"og:locale\" content=\"es_ES\" \/>\n<meta property=\"og:type\" content=\"article\" \/>\n<meta property=\"og:title\" content=\"Crudo sube porque expectativas de recortes de producci\u00f3n contrarrestan impacto de coronavirus - ElCanillita.Info\" \/>\n<meta property=\"og:description\" content=\"Austria, 18.02.2020 - Los precios del petr\u00f3leo subieron el lunes, debido a que los temores por los efectos econ\u00f3micos generados por el brote de coronavirus en China fueron contrarrestados por expectativas de que nuevos recortes de producci\u00f3n reducir\u00edan la oferta de crudo.\" \/>\n<meta property=\"og:url\" content=\"https:\/\/elcanillita.info\/press\/2020\/02\/18\/crudo-sube-expectativas-recortes-produccion-contrarrestan-impacto-coronavirus\/\" \/>\n<meta property=\"og:site_name\" content=\"ElCanillita.Info\" \/>\n<meta property=\"article:publisher\" content=\"https:\/\/ar-ar.facebook.com\/ElCanillitainfo-114249515285712\/\" \/>\n<meta property=\"article:published_time\" content=\"2020-02-18T21:31:05+00:00\" \/>\n<meta property=\"article:modified_time\" content=\"2020-02-18T21:38:35+00:00\" \/>\n<meta name=\"author\" content=\"SalaStampa.eu, world press service\" \/>\n<meta name=\"twitter:card\" content=\"summary_large_image\" \/>\n<meta name=\"twitter:label1\" content=\"Escrito por\" \/>\n\t<meta name=\"twitter:data1\" content=\"SalaStampa.eu, world press service\" \/>\n\t<meta name=\"twitter:label2\" content=\"Tiempo de lectura\" \/>\n\t<meta name=\"twitter:data2\" content=\"1 minuto\" \/>\n<script type=\"application\/ld+json\" class=\"yoast-schema-graph\">{\"@context\":\"https:\\\/\\\/schema.org\",\"@graph\":[{\"@type\":\"Article\",\"@id\":\"https:\\\/\\\/elcanillita.info\\\/press\\\/2020\\\/02\\\/18\\\/crudo-sube-expectativas-recortes-produccion-contrarrestan-impacto-coronavirus\\\/#article\",\"isPartOf\":{\"@id\":\"https:\\\/\\\/elcanillita.info\\\/press\\\/2020\\\/02\\\/18\\\/crudo-sube-expectativas-recortes-produccion-contrarrestan-impacto-coronavirus\\\/\"},\"author\":{\"name\":\"SalaStampa.eu, world press service\",\"@id\":\"https:\\\/\\\/elcanillita.info\\\/press\\\/#\\\/schema\\\/person\\\/7fcb79f38045700919f7da6d97e71ba0\"},\"headline\":\"Crudo sube porque expectativas de recortes de producci\u00f3n contrarrestan impacto de coronavirus\",\"datePublished\":\"2020-02-18T21:31:05+00:00\",\"dateModified\":\"2020-02-18T21:38:35+00:00\",\"mainEntityOfPage\":{\"@id\":\"https:\\\/\\\/elcanillita.info\\\/press\\\/2020\\\/02\\\/18\\\/crudo-sube-expectativas-recortes-produccion-contrarrestan-impacto-coronavirus\\\/\"},\"wordCount\":284,\"publisher\":{\"@id\":\"https:\\\/\\\/elcanillita.info\\\/press\\\/#organization\"},\"keywords\":[\"Austria\"],\"articleSection\":[\"Actualidad\",\"Economia\",\"Europa\",\"Sociedad\"],\"inLanguage\":\"es-AR\"},{\"@type\":\"WebPage\",\"@id\":\"https:\\\/\\\/elcanillita.info\\\/press\\\/2020\\\/02\\\/18\\\/crudo-sube-expectativas-recortes-produccion-contrarrestan-impacto-coronavirus\\\/\",\"url\":\"https:\\\/\\\/elcanillita.info\\\/press\\\/2020\\\/02\\\/18\\\/crudo-sube-expectativas-recortes-produccion-contrarrestan-impacto-coronavirus\\\/\",\"name\":\"Crudo sube porque expectativas de recortes de producci\u00f3n contrarrestan impacto de coronavirus - ElCanillita.Info\",\"isPartOf\":{\"@id\":\"https:\\\/\\\/elcanillita.info\\\/press\\\/#website\"},\"datePublished\":\"2020-02-18T21:31:05+00:00\",\"dateModified\":\"2020-02-18T21:38:35+00:00\",\"inLanguage\":\"es-AR\",\"potentialAction\":[{\"@type\":\"ReadAction\",\"target\":[\"https:\\\/\\\/elcanillita.info\\\/press\\\/2020\\\/02\\\/18\\\/crudo-sube-expectativas-recortes-produccion-contrarrestan-impacto-coronavirus\\\/\"]}]},{\"@type\":\"WebSite\",\"@id\":\"https:\\\/\\\/elcanillita.info\\\/press\\\/#website\",\"url\":\"https:\\\/\\\/elcanillita.info\\\/press\\\/\",\"name\":\"ElCanillita.Info\",\"description\":\"desde los Apeninos a los Andes\",\"publisher\":{\"@id\":\"https:\\\/\\\/elcanillita.info\\\/press\\\/#organization\"},\"potentialAction\":[{\"@type\":\"SearchAction\",\"target\":{\"@type\":\"EntryPoint\",\"urlTemplate\":\"https:\\\/\\\/elcanillita.info\\\/press\\\/?s={search_term_string}\"},\"query-input\":{\"@type\":\"PropertyValueSpecification\",\"valueRequired\":true,\"valueName\":\"search_term_string\"}}],\"inLanguage\":\"es-AR\"},{\"@type\":\"Organization\",\"@id\":\"https:\\\/\\\/elcanillita.info\\\/press\\\/#organization\",\"name\":\"Guzzo Photos & Graphic Publications\",\"url\":\"https:\\\/\\\/elcanillita.info\\\/press\\\/\",\"logo\":{\"@type\":\"ImageObject\",\"inLanguage\":\"es-AR\",\"@id\":\"https:\\\/\\\/elcanillita.info\\\/press\\\/#\\\/schema\\\/logo\\\/image\\\/\",\"url\":\"https:\\\/\\\/elcanillita.info\\\/press\\\/images\\\/2020\\\/01\\\/cropped-cropped-cropped-elcanillitainfo.png\",\"contentUrl\":\"https:\\\/\\\/elcanillita.info\\\/press\\\/images\\\/2020\\\/01\\\/cropped-cropped-cropped-elcanillitainfo.png\",\"width\":460,\"height\":50,\"caption\":\"Guzzo Photos & Graphic Publications\"},\"image\":{\"@id\":\"https:\\\/\\\/elcanillita.info\\\/press\\\/#\\\/schema\\\/logo\\\/image\\\/\"},\"sameAs\":[\"https:\\\/\\\/ar-ar.facebook.com\\\/ElCanillitainfo-114249515285712\\\/\"]},{\"@type\":\"Person\",\"@id\":\"https:\\\/\\\/elcanillita.info\\\/press\\\/#\\\/schema\\\/person\\\/7fcb79f38045700919f7da6d97e71ba0\",\"name\":\"SalaStampa.eu, world press service\",\"image\":{\"@type\":\"ImageObject\",\"inLanguage\":\"es-AR\",\"@id\":\"https:\\\/\\\/secure.gravatar.com\\\/avatar\\\/c2f0e0d515a107624234994507816ca4724c7199cef73fc8bedebf6931d73888?s=96&d=mm&r=g\",\"url\":\"https:\\\/\\\/secure.gravatar.com\\\/avatar\\\/c2f0e0d515a107624234994507816ca4724c7199cef73fc8bedebf6931d73888?s=96&d=mm&r=g\",\"contentUrl\":\"https:\\\/\\\/secure.gravatar.com\\\/avatar\\\/c2f0e0d515a107624234994507816ca4724c7199cef73fc8bedebf6931d73888?s=96&d=mm&r=g\",\"caption\":\"SalaStampa.eu, world press service\"}}]}<\/script>\n<!-- \/ Yoast SEO plugin. -->","yoast_head_json":{"title":"Crudo sube porque expectativas de recortes de producci\u00f3n contrarrestan impacto de coronavirus - ElCanillita.Info","robots":{"index":"index","follow":"follow","max-snippet":"max-snippet:-1","max-image-preview":"max-image-preview:large","max-video-preview":"max-video-preview:-1"},"canonical":"https:\/\/elcanillita.info\/press\/2020\/02\/18\/crudo-sube-expectativas-recortes-produccion-contrarrestan-impacto-coronavirus\/","og_locale":"es_ES","og_type":"article","og_title":"Crudo sube porque expectativas de recortes de producci\u00f3n contrarrestan impacto de coronavirus - ElCanillita.Info","og_description":"Austria, 18.02.2020 - Los precios del petr\u00f3leo subieron el lunes, debido a que los temores por los efectos econ\u00f3micos generados por el brote de coronavirus en China fueron contrarrestados por expectativas de que nuevos recortes de producci\u00f3n reducir\u00edan la oferta de crudo.","og_url":"https:\/\/elcanillita.info\/press\/2020\/02\/18\/crudo-sube-expectativas-recortes-produccion-contrarrestan-impacto-coronavirus\/","og_site_name":"ElCanillita.Info","article_publisher":"https:\/\/ar-ar.facebook.com\/ElCanillitainfo-114249515285712\/","article_published_time":"2020-02-18T21:31:05+00:00","article_modified_time":"2020-02-18T21:38:35+00:00","author":"SalaStampa.eu, world press service","twitter_card":"summary_large_image","twitter_misc":{"Escrito por":"SalaStampa.eu, world press service","Tiempo de lectura":"1 minuto"},"schema":{"@context":"https:\/\/schema.org","@graph":[{"@type":"Article","@id":"https:\/\/elcanillita.info\/press\/2020\/02\/18\/crudo-sube-expectativas-recortes-produccion-contrarrestan-impacto-coronavirus\/#article","isPartOf":{"@id":"https:\/\/elcanillita.info\/press\/2020\/02\/18\/crudo-sube-expectativas-recortes-produccion-contrarrestan-impacto-coronavirus\/"},"author":{"name":"SalaStampa.eu, world press service","@id":"https:\/\/elcanillita.info\/press\/#\/schema\/person\/7fcb79f38045700919f7da6d97e71ba0"},"headline":"Crudo sube porque expectativas de recortes de producci\u00f3n contrarrestan impacto de coronavirus","datePublished":"2020-02-18T21:31:05+00:00","dateModified":"2020-02-18T21:38:35+00:00","mainEntityOfPage":{"@id":"https:\/\/elcanillita.info\/press\/2020\/02\/18\/crudo-sube-expectativas-recortes-produccion-contrarrestan-impacto-coronavirus\/"},"wordCount":284,"publisher":{"@id":"https:\/\/elcanillita.info\/press\/#organization"},"keywords":["Austria"],"articleSection":["Actualidad","Economia","Europa","Sociedad"],"inLanguage":"es-AR"},{"@type":"WebPage","@id":"https:\/\/elcanillita.info\/press\/2020\/02\/18\/crudo-sube-expectativas-recortes-produccion-contrarrestan-impacto-coronavirus\/","url":"https:\/\/elcanillita.info\/press\/2020\/02\/18\/crudo-sube-expectativas-recortes-produccion-contrarrestan-impacto-coronavirus\/","name":"Crudo sube porque expectativas de recortes de producci\u00f3n contrarrestan impacto de coronavirus - ElCanillita.Info","isPartOf":{"@id":"https:\/\/elcanillita.info\/press\/#website"},"datePublished":"2020-02-18T21:31:05+00:00","dateModified":"2020-02-18T21:38:35+00:00","inLanguage":"es-AR","potentialAction":[{"@type":"ReadAction","target":["https:\/\/elcanillita.info\/press\/2020\/02\/18\/crudo-sube-expectativas-recortes-produccion-contrarrestan-impacto-coronavirus\/"]}]},{"@type":"WebSite","@id":"https:\/\/elcanillita.info\/press\/#website","url":"https:\/\/elcanillita.info\/press\/","name":"ElCanillita.Info","description":"desde los Apeninos a los Andes","publisher":{"@id":"https:\/\/elcanillita.info\/press\/#organization"},"potentialAction":[{"@type":"SearchAction","target":{"@type":"EntryPoint","urlTemplate":"https:\/\/elcanillita.info\/press\/?s={search_term_string}"},"query-input":{"@type":"PropertyValueSpecification","valueRequired":true,"valueName":"search_term_string"}}],"inLanguage":"es-AR"},{"@type":"Organization","@id":"https:\/\/elcanillita.info\/press\/#organization","name":"Guzzo Photos & Graphic Publications","url":"https:\/\/elcanillita.info\/press\/","logo":{"@type":"ImageObject","inLanguage":"es-AR","@id":"https:\/\/elcanillita.info\/press\/#\/schema\/logo\/image\/","url":"https:\/\/elcanillita.info\/press\/images\/2020\/01\/cropped-cropped-cropped-elcanillitainfo.png","contentUrl":"https:\/\/elcanillita.info\/press\/images\/2020\/01\/cropped-cropped-cropped-elcanillitainfo.png","width":460,"height":50,"caption":"Guzzo Photos & Graphic Publications"},"image":{"@id":"https:\/\/elcanillita.info\/press\/#\/schema\/logo\/image\/"},"sameAs":["https:\/\/ar-ar.facebook.com\/ElCanillitainfo-114249515285712\/"]},{"@type":"Person","@id":"https:\/\/elcanillita.info\/press\/#\/schema\/person\/7fcb79f38045700919f7da6d97e71ba0","name":"SalaStampa.eu, world press service","image":{"@type":"ImageObject","inLanguage":"es-AR","@id":"https:\/\/secure.gravatar.com\/avatar\/c2f0e0d515a107624234994507816ca4724c7199cef73fc8bedebf6931d73888?s=96&d=mm&r=g","url":"https:\/\/secure.gravatar.com\/avatar\/c2f0e0d515a107624234994507816ca4724c7199cef73fc8bedebf6931d73888?s=96&d=mm&r=g","contentUrl":"https:\/\/secure.gravatar.com\/avatar\/c2f0e0d515a107624234994507816ca4724c7199cef73fc8bedebf6931d73888?s=96&d=mm&r=g","caption":"SalaStampa.eu, world press service"}}]}},"views":780,"_links":{"self":[{"href":"https:\/\/elcanillita.info\/press\/wp-json\/wp\/v2\/posts\/465","targetHints":{"allow":["GET"]}}],"collection":[{"href":"https:\/\/elcanillita.info\/press\/wp-json\/wp\/v2\/posts"}],"about":[{"href":"https:\/\/elcanillita.info\/press\/wp-json\/wp\/v2\/types\/post"}],"author":[{"embeddable":true,"href":"https:\/\/elcanillita.info\/press\/wp-json\/wp\/v2\/users\/1"}],"replies":[{"embeddable":true,"href":"https:\/\/elcanillita.info\/press\/wp-json\/wp\/v2\/comments?post=465"}],"version-history":[{"count":0,"href":"https:\/\/elcanillita.info\/press\/wp-json\/wp\/v2\/posts\/465\/revisions"}],"wp:attachment":[{"href":"https:\/\/elcanillita.info\/press\/wp-json\/wp\/v2\/media?parent=465"}],"wp:term":[{"taxonomy":"category","embeddable":true,"href":"https:\/\/elcanillita.info\/press\/wp-json\/wp\/v2\/categories?post=465"},{"taxonomy":"post_tag","embeddable":true,"href":"https:\/\/elcanillita.info\/press\/wp-json\/wp\/v2\/tags?post=465"}],"curies":[{"name":"wp","href":"https:\/\/api.w.org\/{rel}","templated":true}]}}