{"id":4618,"date":"2025-05-22T07:09:22","date_gmt":"2025-05-22T10:09:22","guid":{"rendered":"https:\/\/elcanillita.info\/press\/?p=4618"},"modified":"2025-05-28T12:31:02","modified_gmt":"2025-05-28T15:31:02","slug":"milei-y-el-misterio-de-una-matriz-conspiradora","status":"publish","type":"post","link":"https:\/\/elcanillita.info\/press\/2025\/05\/22\/milei-y-el-misterio-de-una-matriz-conspiradora\/","title":{"rendered":"Milei y el misterio de una matriz conspiradora"},"content":{"rendered":"<div class=\"wp-block-image\">\n<figure class=\"alignleft size-full is-resized\"><img loading=\"lazy\" decoding=\"async\" width=\"400\" height=\"600\" src=\"https:\/\/elcanillita.info\/press\/images\/2025\/05\/milmat_20250521.jpeg\" alt=\"\" class=\"wp-image-4619\" style=\"width:313px;height:auto\" srcset=\"https:\/\/elcanillita.info\/press\/images\/2025\/05\/milmat_20250521.jpeg 400w, https:\/\/elcanillita.info\/press\/images\/2025\/05\/milmat_20250521-200x300.jpeg 200w\" sizes=\"auto, (max-width: 400px) 100vw, 400px\" \/><\/figure>\n<\/div>\n\n\n<p><strong>ElCanillita.info<\/strong><br>Argentina,<small>22\/05\/2025<\/small><br>El presidente Javier Milei volvi\u00f3 a sorprender \u2014aunque ya no sorprende\u2014 con una de esas frases que parecen salidas de un laboratorio de Twitter:<br>\u201cSe les pas\u00f3 la mano en atacar a la familia, a las dos vidas, y ahora estamos pag\u00e1ndolo con ca\u00eddas en la tasa de natalidad\u201d, dijo en el AmCham Summit, frente a la C\u00e1mara de Comercio de EE.UU. en Buenos Aires.<\/p>\n\n\n\n<p>S\u00ed, ley\u00f3 bien. Para Milei, la baja natalidad en Argentina no se debe a la inflaci\u00f3n, al desempleo, al alquiler imposible ni a la falta de futuro, sino\u2026 al aborto legal.<\/p>\n\n\n\n<p>Con el aplomo de quien descubre una conspiraci\u00f3n uterina a escala nacional, el Presidente lanz\u00f3 esa perla sin pesta\u00f1ear. Como si la matriz de las mujeres argentinas fueran una c\u00e9lula marxista infiltrada por el progresismo global, decidida a no reproducir m\u00e1s ciudadanos libertarios. Como si la ley de Interrupci\u00f3n Voluntaria del Embarazo (IVE), sancionada en 2020 despu\u00e9s de d\u00e9cadas de lucha, fuera la culpable de que miles de j\u00f3venes hoy no quieran, no puedan o no se animen a tener hijos.<br><br>Pero vamos a los hechos, no a las f\u00e1bulas.<br><br>El mundo entero tiene menos hijos<br>Jap\u00f3n, Alemania, Corea del Sur, Italia, Espa\u00f1a, Canad\u00e1\u2026 pa\u00edses donde el aborto es legal \u2014o no lo es\u2014 y todos muestran una baja sistem\u00e1tica en la tasa de natalidad. El fen\u00f3meno no se llama \u201caborto legal\u201d, sino cambio social, econ\u00f3mico y cultural.<br><br>Tener hijos se volvi\u00f3 un lujo. O una temeridad. O ambas cosas. \u00bfQui\u00e9n en su sano juicio se lanza hoy a la aventura de la maternidad o la paternidad con sueldos que no alcanzan, alquileres que se comen el salario y un sistema de salud que cruje?<\/p>\n\n\n\n<p>Pero Milei, en vez de mirar el cuadro completo, elige mirar el \u00fatero, como si all\u00ed estuviera el enemigo. Porque es m\u00e1s f\u00e1cil culpar a una ley que revisar el modelo econ\u00f3mico que uno impone. Es m\u00e1s c\u00f3modo castigar decisiones personales que asumir responsabilidades estructurales.<\/p>\n\n\n\n<p>\u00bfY la familia?<\/p>\n\n\n\n<p>Habla de \u201cataques a la familia\u201d, pero bajo su gobierno los presupuestos para educaci\u00f3n, salud, planes materno-infantiles y pol\u00edticas de cuidado fueron recortados o dinamitados. \u00bfQu\u00e9 familia se fortalece as\u00ed?<\/p>\n\n\n\n<p>\u00bfQu\u00e9 clase de defensa de \u201clas dos vidas\u201d puede hacer un gobierno que no garantiza ni una con condiciones dignas?<\/p>\n\n\n\n<p>Conclusi\u00f3n:<br>La ca\u00edda de la natalidad no es el resultado de una guerra cultural, sino de un contexto real donde la vida cotidiana se ha vuelto invivible. El problema no est\u00e1 en una matriz, sino en la cabeza: la del presidente, que sigue creyendo que gobernar es arengar desde un p\u00falpito de likes.<br><br><small>\u00a92025 Juan de los D\u00e9bitos \u2013 cobra solo si no lo ves venir.<br>Todos los derechos reservados<br>Copyright \u00a9 2025 ElCanillita.info \/ BlogDiario.info \/ SalaStampa.eu, servicio mundial de prensa<br>Guzzo Photos &amp; Graphic Publications \u2013 Registro Editori e Stampatori n. 1441 Torino, Italia<\/small><\/p>\n\n\n\n<p><br><\/p>\n","protected":false},"excerpt":{"rendered":"<p>Para Milei, la baja natalidad en Argentina se debe \u2026 al aborto legal.<\/p>\n","protected":false},"author":1,"featured_media":4620,"comment_status":"closed","ping_status":"closed","sticky":false,"template":"","format":"standard","meta":{"footnotes":"","_links_to":"","_links_to_target":""},"categories":[121,108,70,123,19,20,23,25],"tags":[29],"class_list":["post-4618","post","type-post","status-publish","format-standard","has-post-thumbnail","hentry","category-dc24","category-blogdiario","category-actualidad","category-argentina","category-cultura","category-economia","category-politica","category-sociedad","tag-argentina","entry","double"],"yoast_head":"<!-- This site is optimized with the Yoast SEO plugin v27.5 - https:\/\/yoast.com\/product\/yoast-seo-wordpress\/ -->\n<title>Milei y el misterio de una matriz conspiradora - ElCanillita.Info<\/title>\n<meta name=\"robots\" content=\"index, follow, max-snippet:-1, max-image-preview:large, max-video-preview:-1\" \/>\n<link rel=\"canonical\" href=\"https:\/\/elcanillita.info\/press\/2025\/05\/22\/milei-y-el-misterio-de-una-matriz-conspiradora\/\" \/>\n<meta property=\"og:locale\" content=\"es_ES\" \/>\n<meta property=\"og:type\" content=\"article\" \/>\n<meta property=\"og:title\" content=\"Milei y el misterio de una matriz conspiradora - ElCanillita.Info\" \/>\n<meta property=\"og:description\" content=\"Para Milei, la baja natalidad en Argentina se debe \u2026 al aborto legal.\" \/>\n<meta property=\"og:url\" content=\"https:\/\/elcanillita.info\/press\/2025\/05\/22\/milei-y-el-misterio-de-una-matriz-conspiradora\/\" \/>\n<meta property=\"og:site_name\" content=\"ElCanillita.Info\" \/>\n<meta property=\"article:publisher\" content=\"https:\/\/ar-ar.facebook.com\/ElCanillitainfo-114249515285712\/\" \/>\n<meta property=\"article:published_time\" content=\"2025-05-22T10:09:22+00:00\" \/>\n<meta property=\"article:modified_time\" content=\"2025-05-28T15:31:02+00:00\" \/>\n<meta property=\"og:image\" content=\"https:\/\/elcanillita.info\/press\/images\/2025\/05\/milmatcover_20250521.jpeg\" \/>\n\t<meta property=\"og:image:width\" content=\"600\" \/>\n\t<meta property=\"og:image:height\" content=\"400\" \/>\n\t<meta property=\"og:image:type\" content=\"image\/jpeg\" \/>\n<meta name=\"author\" content=\"SalaStampa.eu, world press service\" \/>\n<meta name=\"twitter:card\" content=\"summary_large_image\" \/>\n<meta name=\"twitter:label1\" content=\"Escrito por\" \/>\n\t<meta name=\"twitter:data1\" content=\"SalaStampa.eu, world press service\" \/>\n\t<meta name=\"twitter:label2\" content=\"Tiempo de lectura\" \/>\n\t<meta name=\"twitter:data2\" content=\"3 minutos\" \/>\n<script type=\"application\/ld+json\" class=\"yoast-schema-graph\">{\"@context\":\"https:\\\/\\\/schema.org\",\"@graph\":[{\"@type\":\"Article\",\"@id\":\"https:\\\/\\\/elcanillita.info\\\/press\\\/2025\\\/05\\\/22\\\/milei-y-el-misterio-de-una-matriz-conspiradora\\\/#article\",\"isPartOf\":{\"@id\":\"https:\\\/\\\/elcanillita.info\\\/press\\\/2025\\\/05\\\/22\\\/milei-y-el-misterio-de-una-matriz-conspiradora\\\/\"},\"author\":{\"name\":\"SalaStampa.eu, world press service\",\"@id\":\"https:\\\/\\\/elcanillita.info\\\/press\\\/#\\\/schema\\\/person\\\/7fcb79f38045700919f7da6d97e71ba0\"},\"headline\":\"Milei y el misterio de una matriz conspiradora\",\"datePublished\":\"2025-05-22T10:09:22+00:00\",\"dateModified\":\"2025-05-28T15:31:02+00:00\",\"mainEntityOfPage\":{\"@id\":\"https:\\\/\\\/elcanillita.info\\\/press\\\/2025\\\/05\\\/22\\\/milei-y-el-misterio-de-una-matriz-conspiradora\\\/\"},\"wordCount\":509,\"publisher\":{\"@id\":\"https:\\\/\\\/elcanillita.info\\\/press\\\/#organization\"},\"image\":{\"@id\":\"https:\\\/\\\/elcanillita.info\\\/press\\\/2025\\\/05\\\/22\\\/milei-y-el-misterio-de-una-matriz-conspiradora\\\/#primaryimage\"},\"thumbnailUrl\":\"https:\\\/\\\/elcanillita.info\\\/press\\\/images\\\/2025\\\/05\\\/milmatcover_20250521.jpeg\",\"keywords\":[\"Argentina\"],\"articleSection\":[\".\",\".\",\"Actualidad\",\"Argentina\",\"Cultura\",\"Economia\",\"Politica\",\"Sociedad\"],\"inLanguage\":\"es-AR\"},{\"@type\":\"WebPage\",\"@id\":\"https:\\\/\\\/elcanillita.info\\\/press\\\/2025\\\/05\\\/22\\\/milei-y-el-misterio-de-una-matriz-conspiradora\\\/\",\"url\":\"https:\\\/\\\/elcanillita.info\\\/press\\\/2025\\\/05\\\/22\\\/milei-y-el-misterio-de-una-matriz-conspiradora\\\/\",\"name\":\"Milei y el misterio de una matriz conspiradora - ElCanillita.Info\",\"isPartOf\":{\"@id\":\"https:\\\/\\\/elcanillita.info\\\/press\\\/#website\"},\"primaryImageOfPage\":{\"@id\":\"https:\\\/\\\/elcanillita.info\\\/press\\\/2025\\\/05\\\/22\\\/milei-y-el-misterio-de-una-matriz-conspiradora\\\/#primaryimage\"},\"image\":{\"@id\":\"https:\\\/\\\/elcanillita.info\\\/press\\\/2025\\\/05\\\/22\\\/milei-y-el-misterio-de-una-matriz-conspiradora\\\/#primaryimage\"},\"thumbnailUrl\":\"https:\\\/\\\/elcanillita.info\\\/press\\\/images\\\/2025\\\/05\\\/milmatcover_20250521.jpeg\",\"datePublished\":\"2025-05-22T10:09:22+00:00\",\"dateModified\":\"2025-05-28T15:31:02+00:00\",\"inLanguage\":\"es-AR\",\"potentialAction\":[{\"@type\":\"ReadAction\",\"target\":[\"https:\\\/\\\/elcanillita.info\\\/press\\\/2025\\\/05\\\/22\\\/milei-y-el-misterio-de-una-matriz-conspiradora\\\/\"]}]},{\"@type\":\"ImageObject\",\"inLanguage\":\"es-AR\",\"@id\":\"https:\\\/\\\/elcanillita.info\\\/press\\\/2025\\\/05\\\/22\\\/milei-y-el-misterio-de-una-matriz-conspiradora\\\/#primaryimage\",\"url\":\"https:\\\/\\\/elcanillita.info\\\/press\\\/images\\\/2025\\\/05\\\/milmatcover_20250521.jpeg\",\"contentUrl\":\"https:\\\/\\\/elcanillita.info\\\/press\\\/images\\\/2025\\\/05\\\/milmatcover_20250521.jpeg\",\"width\":600,\"height\":400},{\"@type\":\"WebSite\",\"@id\":\"https:\\\/\\\/elcanillita.info\\\/press\\\/#website\",\"url\":\"https:\\\/\\\/elcanillita.info\\\/press\\\/\",\"name\":\"ElCanillita.Info\",\"description\":\"desde los Apeninos a los Andes\",\"publisher\":{\"@id\":\"https:\\\/\\\/elcanillita.info\\\/press\\\/#organization\"},\"potentialAction\":[{\"@type\":\"SearchAction\",\"target\":{\"@type\":\"EntryPoint\",\"urlTemplate\":\"https:\\\/\\\/elcanillita.info\\\/press\\\/?s={search_term_string}\"},\"query-input\":{\"@type\":\"PropertyValueSpecification\",\"valueRequired\":true,\"valueName\":\"search_term_string\"}}],\"inLanguage\":\"es-AR\"},{\"@type\":\"Organization\",\"@id\":\"https:\\\/\\\/elcanillita.info\\\/press\\\/#organization\",\"name\":\"Guzzo Photos & Graphic Publications\",\"url\":\"https:\\\/\\\/elcanillita.info\\\/press\\\/\",\"logo\":{\"@type\":\"ImageObject\",\"inLanguage\":\"es-AR\",\"@id\":\"https:\\\/\\\/elcanillita.info\\\/press\\\/#\\\/schema\\\/logo\\\/image\\\/\",\"url\":\"https:\\\/\\\/elcanillita.info\\\/press\\\/images\\\/2020\\\/01\\\/cropped-cropped-cropped-elcanillitainfo.png\",\"contentUrl\":\"https:\\\/\\\/elcanillita.info\\\/press\\\/images\\\/2020\\\/01\\\/cropped-cropped-cropped-elcanillitainfo.png\",\"width\":460,\"height\":50,\"caption\":\"Guzzo Photos & Graphic Publications\"},\"image\":{\"@id\":\"https:\\\/\\\/elcanillita.info\\\/press\\\/#\\\/schema\\\/logo\\\/image\\\/\"},\"sameAs\":[\"https:\\\/\\\/ar-ar.facebook.com\\\/ElCanillitainfo-114249515285712\\\/\"]},{\"@type\":\"Person\",\"@id\":\"https:\\\/\\\/elcanillita.info\\\/press\\\/#\\\/schema\\\/person\\\/7fcb79f38045700919f7da6d97e71ba0\",\"name\":\"SalaStampa.eu, world press service\",\"image\":{\"@type\":\"ImageObject\",\"inLanguage\":\"es-AR\",\"@id\":\"https:\\\/\\\/secure.gravatar.com\\\/avatar\\\/c2f0e0d515a107624234994507816ca4724c7199cef73fc8bedebf6931d73888?s=96&d=mm&r=g\",\"url\":\"https:\\\/\\\/secure.gravatar.com\\\/avatar\\\/c2f0e0d515a107624234994507816ca4724c7199cef73fc8bedebf6931d73888?s=96&d=mm&r=g\",\"contentUrl\":\"https:\\\/\\\/secure.gravatar.com\\\/avatar\\\/c2f0e0d515a107624234994507816ca4724c7199cef73fc8bedebf6931d73888?s=96&d=mm&r=g\",\"caption\":\"SalaStampa.eu, world press service\"}}]}<\/script>\n<!-- \/ Yoast SEO plugin. -->","yoast_head_json":{"title":"Milei y el misterio de una matriz conspiradora - ElCanillita.Info","robots":{"index":"index","follow":"follow","max-snippet":"max-snippet:-1","max-image-preview":"max-image-preview:large","max-video-preview":"max-video-preview:-1"},"canonical":"https:\/\/elcanillita.info\/press\/2025\/05\/22\/milei-y-el-misterio-de-una-matriz-conspiradora\/","og_locale":"es_ES","og_type":"article","og_title":"Milei y el misterio de una matriz conspiradora - ElCanillita.Info","og_description":"Para Milei, la baja natalidad en Argentina se debe \u2026 al aborto legal.","og_url":"https:\/\/elcanillita.info\/press\/2025\/05\/22\/milei-y-el-misterio-de-una-matriz-conspiradora\/","og_site_name":"ElCanillita.Info","article_publisher":"https:\/\/ar-ar.facebook.com\/ElCanillitainfo-114249515285712\/","article_published_time":"2025-05-22T10:09:22+00:00","article_modified_time":"2025-05-28T15:31:02+00:00","og_image":[{"width":600,"height":400,"url":"https:\/\/elcanillita.info\/press\/images\/2025\/05\/milmatcover_20250521.jpeg","type":"image\/jpeg"}],"author":"SalaStampa.eu, world press service","twitter_card":"summary_large_image","twitter_misc":{"Escrito por":"SalaStampa.eu, world press service","Tiempo de lectura":"3 minutos"},"schema":{"@context":"https:\/\/schema.org","@graph":[{"@type":"Article","@id":"https:\/\/elcanillita.info\/press\/2025\/05\/22\/milei-y-el-misterio-de-una-matriz-conspiradora\/#article","isPartOf":{"@id":"https:\/\/elcanillita.info\/press\/2025\/05\/22\/milei-y-el-misterio-de-una-matriz-conspiradora\/"},"author":{"name":"SalaStampa.eu, world press service","@id":"https:\/\/elcanillita.info\/press\/#\/schema\/person\/7fcb79f38045700919f7da6d97e71ba0"},"headline":"Milei y el misterio de una matriz conspiradora","datePublished":"2025-05-22T10:09:22+00:00","dateModified":"2025-05-28T15:31:02+00:00","mainEntityOfPage":{"@id":"https:\/\/elcanillita.info\/press\/2025\/05\/22\/milei-y-el-misterio-de-una-matriz-conspiradora\/"},"wordCount":509,"publisher":{"@id":"https:\/\/elcanillita.info\/press\/#organization"},"image":{"@id":"https:\/\/elcanillita.info\/press\/2025\/05\/22\/milei-y-el-misterio-de-una-matriz-conspiradora\/#primaryimage"},"thumbnailUrl":"https:\/\/elcanillita.info\/press\/images\/2025\/05\/milmatcover_20250521.jpeg","keywords":["Argentina"],"articleSection":[".",".","Actualidad","Argentina","Cultura","Economia","Politica","Sociedad"],"inLanguage":"es-AR"},{"@type":"WebPage","@id":"https:\/\/elcanillita.info\/press\/2025\/05\/22\/milei-y-el-misterio-de-una-matriz-conspiradora\/","url":"https:\/\/elcanillita.info\/press\/2025\/05\/22\/milei-y-el-misterio-de-una-matriz-conspiradora\/","name":"Milei y el misterio de una matriz conspiradora - ElCanillita.Info","isPartOf":{"@id":"https:\/\/elcanillita.info\/press\/#website"},"primaryImageOfPage":{"@id":"https:\/\/elcanillita.info\/press\/2025\/05\/22\/milei-y-el-misterio-de-una-matriz-conspiradora\/#primaryimage"},"image":{"@id":"https:\/\/elcanillita.info\/press\/2025\/05\/22\/milei-y-el-misterio-de-una-matriz-conspiradora\/#primaryimage"},"thumbnailUrl":"https:\/\/elcanillita.info\/press\/images\/2025\/05\/milmatcover_20250521.jpeg","datePublished":"2025-05-22T10:09:22+00:00","dateModified":"2025-05-28T15:31:02+00:00","inLanguage":"es-AR","potentialAction":[{"@type":"ReadAction","target":["https:\/\/elcanillita.info\/press\/2025\/05\/22\/milei-y-el-misterio-de-una-matriz-conspiradora\/"]}]},{"@type":"ImageObject","inLanguage":"es-AR","@id":"https:\/\/elcanillita.info\/press\/2025\/05\/22\/milei-y-el-misterio-de-una-matriz-conspiradora\/#primaryimage","url":"https:\/\/elcanillita.info\/press\/images\/2025\/05\/milmatcover_20250521.jpeg","contentUrl":"https:\/\/elcanillita.info\/press\/images\/2025\/05\/milmatcover_20250521.jpeg","width":600,"height":400},{"@type":"WebSite","@id":"https:\/\/elcanillita.info\/press\/#website","url":"https:\/\/elcanillita.info\/press\/","name":"ElCanillita.Info","description":"desde los Apeninos a los Andes","publisher":{"@id":"https:\/\/elcanillita.info\/press\/#organization"},"potentialAction":[{"@type":"SearchAction","target":{"@type":"EntryPoint","urlTemplate":"https:\/\/elcanillita.info\/press\/?s={search_term_string}"},"query-input":{"@type":"PropertyValueSpecification","valueRequired":true,"valueName":"search_term_string"}}],"inLanguage":"es-AR"},{"@type":"Organization","@id":"https:\/\/elcanillita.info\/press\/#organization","name":"Guzzo Photos & Graphic Publications","url":"https:\/\/elcanillita.info\/press\/","logo":{"@type":"ImageObject","inLanguage":"es-AR","@id":"https:\/\/elcanillita.info\/press\/#\/schema\/logo\/image\/","url":"https:\/\/elcanillita.info\/press\/images\/2020\/01\/cropped-cropped-cropped-elcanillitainfo.png","contentUrl":"https:\/\/elcanillita.info\/press\/images\/2020\/01\/cropped-cropped-cropped-elcanillitainfo.png","width":460,"height":50,"caption":"Guzzo Photos & Graphic Publications"},"image":{"@id":"https:\/\/elcanillita.info\/press\/#\/schema\/logo\/image\/"},"sameAs":["https:\/\/ar-ar.facebook.com\/ElCanillitainfo-114249515285712\/"]},{"@type":"Person","@id":"https:\/\/elcanillita.info\/press\/#\/schema\/person\/7fcb79f38045700919f7da6d97e71ba0","name":"SalaStampa.eu, world press service","image":{"@type":"ImageObject","inLanguage":"es-AR","@id":"https:\/\/secure.gravatar.com\/avatar\/c2f0e0d515a107624234994507816ca4724c7199cef73fc8bedebf6931d73888?s=96&d=mm&r=g","url":"https:\/\/secure.gravatar.com\/avatar\/c2f0e0d515a107624234994507816ca4724c7199cef73fc8bedebf6931d73888?s=96&d=mm&r=g","contentUrl":"https:\/\/secure.gravatar.com\/avatar\/c2f0e0d515a107624234994507816ca4724c7199cef73fc8bedebf6931d73888?s=96&d=mm&r=g","caption":"SalaStampa.eu, world press service"}}]}},"views":201,"_links":{"self":[{"href":"https:\/\/elcanillita.info\/press\/wp-json\/wp\/v2\/posts\/4618","targetHints":{"allow":["GET"]}}],"collection":[{"href":"https:\/\/elcanillita.info\/press\/wp-json\/wp\/v2\/posts"}],"about":[{"href":"https:\/\/elcanillita.info\/press\/wp-json\/wp\/v2\/types\/post"}],"author":[{"embeddable":true,"href":"https:\/\/elcanillita.info\/press\/wp-json\/wp\/v2\/users\/1"}],"replies":[{"embeddable":true,"href":"https:\/\/elcanillita.info\/press\/wp-json\/wp\/v2\/comments?post=4618"}],"version-history":[{"count":0,"href":"https:\/\/elcanillita.info\/press\/wp-json\/wp\/v2\/posts\/4618\/revisions"}],"wp:featuredmedia":[{"embeddable":true,"href":"https:\/\/elcanillita.info\/press\/wp-json\/wp\/v2\/media\/4620"}],"wp:attachment":[{"href":"https:\/\/elcanillita.info\/press\/wp-json\/wp\/v2\/media?parent=4618"}],"wp:term":[{"taxonomy":"category","embeddable":true,"href":"https:\/\/elcanillita.info\/press\/wp-json\/wp\/v2\/categories?post=4618"},{"taxonomy":"post_tag","embeddable":true,"href":"https:\/\/elcanillita.info\/press\/wp-json\/wp\/v2\/tags?post=4618"}],"curies":[{"name":"wp","href":"https:\/\/api.w.org\/{rel}","templated":true}]}}