{"id":4614,"date":"2025-05-21T06:33:45","date_gmt":"2025-05-21T09:33:45","guid":{"rendered":"https:\/\/elcanillita.info\/press\/?p=4614"},"modified":"2025-05-28T12:31:43","modified_gmt":"2025-05-28T15:31:43","slug":"el-lodge-y-la-radio-una-postal-incomoda-de-los-esteros-del-ibera","status":"publish","type":"post","link":"https:\/\/elcanillita.info\/press\/2025\/05\/21\/el-lodge-y-la-radio-una-postal-incomoda-de-los-esteros-del-ibera\/","title":{"rendered":"\u201cEl lodge y la radio: una postal inc\u00f3moda de los Esteros del Iber\u00e1\u201d"},"content":{"rendered":"<div class=\"wp-block-image\">\n<figure class=\"alignleft size-full is-resized\"><img loading=\"lazy\" decoding=\"async\" width=\"400\" height=\"400\" src=\"https:\/\/elcanillita.info\/press\/images\/2025\/05\/IberPag_20250521.jpeg\" alt=\"\" class=\"wp-image-4615\" style=\"width:342px;height:auto\" srcset=\"https:\/\/elcanillita.info\/press\/images\/2025\/05\/IberPag_20250521.jpeg 400w, https:\/\/elcanillita.info\/press\/images\/2025\/05\/IberPag_20250521-300x300.jpeg 300w, https:\/\/elcanillita.info\/press\/images\/2025\/05\/IberPag_20250521-150x150.jpeg 150w\" sizes=\"auto, (max-width: 400px) 100vw, 400px\" \/><\/figure>\n<\/div>\n\n\n<p>ElCanillita.info<br><small>Argentina, 21\/05\/2025<\/small><br>Corrientes invierte en turismo cinco estrellas, pero su pueblo sigue pidiendo por radio una silla de ruedas o un cuaderno. Una postal elegante y cruel de una herencia colonial que todav\u00eda nos gobierna.<\/p>\n\n\n\n<p>All\u00ed donde antes hab\u00eda silencio, yaguaret\u00e9s y barro, ahora hay hoteles boutique con spa, aire acondicionado ecol\u00f3gico y experiencias exclusivas para extranjeros con d\u00f3lares y tiempo. Bienvenidos a Iber\u00e1, la joya ecotur\u00edstica del litoral.<\/p>\n\n\n\n<p>Pero unos kil\u00f3metros m\u00e1s all\u00e1, la radio local recibe llamados de vecinos que piden una muleta, una silla de ruedas usada, una mochila escolar. A veces tambi\u00e9n luz, porque hay cortes el\u00e9ctricos que duran horas.<\/p>\n\n\n\n<p>El contraste no es s\u00f3lo visual. Es hist\u00f3rico. Es la versi\u00f3n 2025 de la encomienda criolla: los beneficios quedan arriba, las carencias abajo. Y todo bajo el decorado del \u201cdesarrollo sostenible\u201d.<\/p>\n\n\n\n<p>La pobreza en Corrientes supera el 36%. Pero se inaugura un Marriott. \u00bfQui\u00e9n se beneficia? \u00bfQui\u00e9n queda mirando desde afuera?<\/p>\n\n\n\n<p>Si no se distribuye la dignidad junto con la inversi\u00f3n, lo que queda es escenograf\u00eda. Turismo para exportar\u2026 y desigualdad para adentro.<br><br><small>\u00a92025 \u201cDolores de La Press\u201d. Todos los derechos reservados.<\/small><br><small> Copyright \u00a9 2025 ElCanillita.info \/ SalaStampa.eu, servicio mundial de prensa.<\/small><br><small> Guzzo Photos &amp; Graphic Publications \u2013 Registro Editori e Stampatori n. 1441 Torino, Italia<\/small><\/p>\n\n\n\n<p><\/p>\n","protected":false},"excerpt":{"rendered":"<p> Con luz para los de afuera &#8230;\u00bfy una silla de ruedas para los de adentro?<\/p>\n","protected":false},"author":1,"featured_media":4616,"comment_status":"closed","ping_status":"closed","sticky":false,"template":"","format":"standard","meta":{"footnotes":"","_links_to":"","_links_to_target":""},"categories":[108,121,70,123,20,23,25],"tags":[29],"class_list":["post-4614","post","type-post","status-publish","format-standard","has-post-thumbnail","hentry","category-blogdiario","category-dc24","category-actualidad","category-argentina","category-economia","category-politica","category-sociedad","tag-argentina","entry","double"],"yoast_head":"<!-- This site is optimized with the Yoast SEO plugin v27.5 - https:\/\/yoast.com\/product\/yoast-seo-wordpress\/ -->\n<title>\u201cEl lodge y la radio: una postal inc\u00f3moda de los Esteros del Iber\u00e1\u201d - ElCanillita.Info<\/title>\n<meta name=\"robots\" content=\"index, follow, max-snippet:-1, max-image-preview:large, max-video-preview:-1\" \/>\n<link rel=\"canonical\" href=\"https:\/\/elcanillita.info\/press\/2025\/05\/21\/el-lodge-y-la-radio-una-postal-incomoda-de-los-esteros-del-ibera\/\" \/>\n<meta property=\"og:locale\" content=\"es_ES\" \/>\n<meta property=\"og:type\" content=\"article\" \/>\n<meta property=\"og:title\" content=\"\u201cEl lodge y la radio: una postal inc\u00f3moda de los Esteros del Iber\u00e1\u201d - ElCanillita.Info\" \/>\n<meta property=\"og:description\" content=\"Con luz para los de afuera ...\u00bfy una silla de ruedas para los de adentro?\" \/>\n<meta property=\"og:url\" content=\"https:\/\/elcanillita.info\/press\/2025\/05\/21\/el-lodge-y-la-radio-una-postal-incomoda-de-los-esteros-del-ibera\/\" \/>\n<meta property=\"og:site_name\" content=\"ElCanillita.Info\" \/>\n<meta property=\"article:publisher\" content=\"https:\/\/ar-ar.facebook.com\/ElCanillitainfo-114249515285712\/\" \/>\n<meta property=\"article:published_time\" content=\"2025-05-21T09:33:45+00:00\" \/>\n<meta property=\"article:modified_time\" content=\"2025-05-28T15:31:43+00:00\" \/>\n<meta property=\"og:image\" content=\"https:\/\/elcanillita.info\/press\/images\/2025\/05\/Ibercover_20250521.jpeg\" \/>\n\t<meta property=\"og:image:width\" content=\"600\" \/>\n\t<meta property=\"og:image:height\" content=\"400\" \/>\n\t<meta property=\"og:image:type\" content=\"image\/jpeg\" \/>\n<meta name=\"author\" content=\"SalaStampa.eu, world press service\" \/>\n<meta name=\"twitter:card\" content=\"summary_large_image\" \/>\n<meta name=\"twitter:label1\" content=\"Escrito por\" \/>\n\t<meta name=\"twitter:data1\" content=\"SalaStampa.eu, world press service\" \/>\n\t<meta name=\"twitter:label2\" content=\"Tiempo de lectura\" \/>\n\t<meta name=\"twitter:data2\" content=\"2 minutos\" \/>\n<script type=\"application\/ld+json\" class=\"yoast-schema-graph\">{\"@context\":\"https:\\\/\\\/schema.org\",\"@graph\":[{\"@type\":\"Article\",\"@id\":\"https:\\\/\\\/elcanillita.info\\\/press\\\/2025\\\/05\\\/21\\\/el-lodge-y-la-radio-una-postal-incomoda-de-los-esteros-del-ibera\\\/#article\",\"isPartOf\":{\"@id\":\"https:\\\/\\\/elcanillita.info\\\/press\\\/2025\\\/05\\\/21\\\/el-lodge-y-la-radio-una-postal-incomoda-de-los-esteros-del-ibera\\\/\"},\"author\":{\"name\":\"SalaStampa.eu, world press service\",\"@id\":\"https:\\\/\\\/elcanillita.info\\\/press\\\/#\\\/schema\\\/person\\\/7fcb79f38045700919f7da6d97e71ba0\"},\"headline\":\"\u201cEl lodge y la radio: una postal inc\u00f3moda de los Esteros del Iber\u00e1\u201d\",\"datePublished\":\"2025-05-21T09:33:45+00:00\",\"dateModified\":\"2025-05-28T15:31:43+00:00\",\"mainEntityOfPage\":{\"@id\":\"https:\\\/\\\/elcanillita.info\\\/press\\\/2025\\\/05\\\/21\\\/el-lodge-y-la-radio-una-postal-incomoda-de-los-esteros-del-ibera\\\/\"},\"wordCount\":236,\"publisher\":{\"@id\":\"https:\\\/\\\/elcanillita.info\\\/press\\\/#organization\"},\"image\":{\"@id\":\"https:\\\/\\\/elcanillita.info\\\/press\\\/2025\\\/05\\\/21\\\/el-lodge-y-la-radio-una-postal-incomoda-de-los-esteros-del-ibera\\\/#primaryimage\"},\"thumbnailUrl\":\"https:\\\/\\\/elcanillita.info\\\/press\\\/images\\\/2025\\\/05\\\/Ibercover_20250521.jpeg\",\"keywords\":[\"Argentina\"],\"articleSection\":[\".\",\".\",\"Actualidad\",\"Argentina\",\"Economia\",\"Politica\",\"Sociedad\"],\"inLanguage\":\"es-AR\"},{\"@type\":\"WebPage\",\"@id\":\"https:\\\/\\\/elcanillita.info\\\/press\\\/2025\\\/05\\\/21\\\/el-lodge-y-la-radio-una-postal-incomoda-de-los-esteros-del-ibera\\\/\",\"url\":\"https:\\\/\\\/elcanillita.info\\\/press\\\/2025\\\/05\\\/21\\\/el-lodge-y-la-radio-una-postal-incomoda-de-los-esteros-del-ibera\\\/\",\"name\":\"\u201cEl lodge y la radio: una postal inc\u00f3moda de los Esteros del Iber\u00e1\u201d - ElCanillita.Info\",\"isPartOf\":{\"@id\":\"https:\\\/\\\/elcanillita.info\\\/press\\\/#website\"},\"primaryImageOfPage\":{\"@id\":\"https:\\\/\\\/elcanillita.info\\\/press\\\/2025\\\/05\\\/21\\\/el-lodge-y-la-radio-una-postal-incomoda-de-los-esteros-del-ibera\\\/#primaryimage\"},\"image\":{\"@id\":\"https:\\\/\\\/elcanillita.info\\\/press\\\/2025\\\/05\\\/21\\\/el-lodge-y-la-radio-una-postal-incomoda-de-los-esteros-del-ibera\\\/#primaryimage\"},\"thumbnailUrl\":\"https:\\\/\\\/elcanillita.info\\\/press\\\/images\\\/2025\\\/05\\\/Ibercover_20250521.jpeg\",\"datePublished\":\"2025-05-21T09:33:45+00:00\",\"dateModified\":\"2025-05-28T15:31:43+00:00\",\"inLanguage\":\"es-AR\",\"potentialAction\":[{\"@type\":\"ReadAction\",\"target\":[\"https:\\\/\\\/elcanillita.info\\\/press\\\/2025\\\/05\\\/21\\\/el-lodge-y-la-radio-una-postal-incomoda-de-los-esteros-del-ibera\\\/\"]}]},{\"@type\":\"ImageObject\",\"inLanguage\":\"es-AR\",\"@id\":\"https:\\\/\\\/elcanillita.info\\\/press\\\/2025\\\/05\\\/21\\\/el-lodge-y-la-radio-una-postal-incomoda-de-los-esteros-del-ibera\\\/#primaryimage\",\"url\":\"https:\\\/\\\/elcanillita.info\\\/press\\\/images\\\/2025\\\/05\\\/Ibercover_20250521.jpeg\",\"contentUrl\":\"https:\\\/\\\/elcanillita.info\\\/press\\\/images\\\/2025\\\/05\\\/Ibercover_20250521.jpeg\",\"width\":600,\"height\":400},{\"@type\":\"WebSite\",\"@id\":\"https:\\\/\\\/elcanillita.info\\\/press\\\/#website\",\"url\":\"https:\\\/\\\/elcanillita.info\\\/press\\\/\",\"name\":\"ElCanillita.Info\",\"description\":\"desde los Apeninos a los Andes\",\"publisher\":{\"@id\":\"https:\\\/\\\/elcanillita.info\\\/press\\\/#organization\"},\"potentialAction\":[{\"@type\":\"SearchAction\",\"target\":{\"@type\":\"EntryPoint\",\"urlTemplate\":\"https:\\\/\\\/elcanillita.info\\\/press\\\/?s={search_term_string}\"},\"query-input\":{\"@type\":\"PropertyValueSpecification\",\"valueRequired\":true,\"valueName\":\"search_term_string\"}}],\"inLanguage\":\"es-AR\"},{\"@type\":\"Organization\",\"@id\":\"https:\\\/\\\/elcanillita.info\\\/press\\\/#organization\",\"name\":\"Guzzo Photos & Graphic Publications\",\"url\":\"https:\\\/\\\/elcanillita.info\\\/press\\\/\",\"logo\":{\"@type\":\"ImageObject\",\"inLanguage\":\"es-AR\",\"@id\":\"https:\\\/\\\/elcanillita.info\\\/press\\\/#\\\/schema\\\/logo\\\/image\\\/\",\"url\":\"https:\\\/\\\/elcanillita.info\\\/press\\\/images\\\/2020\\\/01\\\/cropped-cropped-cropped-elcanillitainfo.png\",\"contentUrl\":\"https:\\\/\\\/elcanillita.info\\\/press\\\/images\\\/2020\\\/01\\\/cropped-cropped-cropped-elcanillitainfo.png\",\"width\":460,\"height\":50,\"caption\":\"Guzzo Photos & Graphic Publications\"},\"image\":{\"@id\":\"https:\\\/\\\/elcanillita.info\\\/press\\\/#\\\/schema\\\/logo\\\/image\\\/\"},\"sameAs\":[\"https:\\\/\\\/ar-ar.facebook.com\\\/ElCanillitainfo-114249515285712\\\/\"]},{\"@type\":\"Person\",\"@id\":\"https:\\\/\\\/elcanillita.info\\\/press\\\/#\\\/schema\\\/person\\\/7fcb79f38045700919f7da6d97e71ba0\",\"name\":\"SalaStampa.eu, world press service\",\"image\":{\"@type\":\"ImageObject\",\"inLanguage\":\"es-AR\",\"@id\":\"https:\\\/\\\/secure.gravatar.com\\\/avatar\\\/c2f0e0d515a107624234994507816ca4724c7199cef73fc8bedebf6931d73888?s=96&d=mm&r=g\",\"url\":\"https:\\\/\\\/secure.gravatar.com\\\/avatar\\\/c2f0e0d515a107624234994507816ca4724c7199cef73fc8bedebf6931d73888?s=96&d=mm&r=g\",\"contentUrl\":\"https:\\\/\\\/secure.gravatar.com\\\/avatar\\\/c2f0e0d515a107624234994507816ca4724c7199cef73fc8bedebf6931d73888?s=96&d=mm&r=g\",\"caption\":\"SalaStampa.eu, world press service\"}}]}<\/script>\n<!-- \/ Yoast SEO plugin. -->","yoast_head_json":{"title":"\u201cEl lodge y la radio: una postal inc\u00f3moda de los Esteros del Iber\u00e1\u201d - ElCanillita.Info","robots":{"index":"index","follow":"follow","max-snippet":"max-snippet:-1","max-image-preview":"max-image-preview:large","max-video-preview":"max-video-preview:-1"},"canonical":"https:\/\/elcanillita.info\/press\/2025\/05\/21\/el-lodge-y-la-radio-una-postal-incomoda-de-los-esteros-del-ibera\/","og_locale":"es_ES","og_type":"article","og_title":"\u201cEl lodge y la radio: una postal inc\u00f3moda de los Esteros del Iber\u00e1\u201d - ElCanillita.Info","og_description":"Con luz para los de afuera ...\u00bfy una silla de ruedas para los de adentro?","og_url":"https:\/\/elcanillita.info\/press\/2025\/05\/21\/el-lodge-y-la-radio-una-postal-incomoda-de-los-esteros-del-ibera\/","og_site_name":"ElCanillita.Info","article_publisher":"https:\/\/ar-ar.facebook.com\/ElCanillitainfo-114249515285712\/","article_published_time":"2025-05-21T09:33:45+00:00","article_modified_time":"2025-05-28T15:31:43+00:00","og_image":[{"width":600,"height":400,"url":"https:\/\/elcanillita.info\/press\/images\/2025\/05\/Ibercover_20250521.jpeg","type":"image\/jpeg"}],"author":"SalaStampa.eu, world press service","twitter_card":"summary_large_image","twitter_misc":{"Escrito por":"SalaStampa.eu, world press service","Tiempo de lectura":"2 minutos"},"schema":{"@context":"https:\/\/schema.org","@graph":[{"@type":"Article","@id":"https:\/\/elcanillita.info\/press\/2025\/05\/21\/el-lodge-y-la-radio-una-postal-incomoda-de-los-esteros-del-ibera\/#article","isPartOf":{"@id":"https:\/\/elcanillita.info\/press\/2025\/05\/21\/el-lodge-y-la-radio-una-postal-incomoda-de-los-esteros-del-ibera\/"},"author":{"name":"SalaStampa.eu, world press service","@id":"https:\/\/elcanillita.info\/press\/#\/schema\/person\/7fcb79f38045700919f7da6d97e71ba0"},"headline":"\u201cEl lodge y la radio: una postal inc\u00f3moda de los Esteros del Iber\u00e1\u201d","datePublished":"2025-05-21T09:33:45+00:00","dateModified":"2025-05-28T15:31:43+00:00","mainEntityOfPage":{"@id":"https:\/\/elcanillita.info\/press\/2025\/05\/21\/el-lodge-y-la-radio-una-postal-incomoda-de-los-esteros-del-ibera\/"},"wordCount":236,"publisher":{"@id":"https:\/\/elcanillita.info\/press\/#organization"},"image":{"@id":"https:\/\/elcanillita.info\/press\/2025\/05\/21\/el-lodge-y-la-radio-una-postal-incomoda-de-los-esteros-del-ibera\/#primaryimage"},"thumbnailUrl":"https:\/\/elcanillita.info\/press\/images\/2025\/05\/Ibercover_20250521.jpeg","keywords":["Argentina"],"articleSection":[".",".","Actualidad","Argentina","Economia","Politica","Sociedad"],"inLanguage":"es-AR"},{"@type":"WebPage","@id":"https:\/\/elcanillita.info\/press\/2025\/05\/21\/el-lodge-y-la-radio-una-postal-incomoda-de-los-esteros-del-ibera\/","url":"https:\/\/elcanillita.info\/press\/2025\/05\/21\/el-lodge-y-la-radio-una-postal-incomoda-de-los-esteros-del-ibera\/","name":"\u201cEl lodge y la radio: una postal inc\u00f3moda de los Esteros del Iber\u00e1\u201d - ElCanillita.Info","isPartOf":{"@id":"https:\/\/elcanillita.info\/press\/#website"},"primaryImageOfPage":{"@id":"https:\/\/elcanillita.info\/press\/2025\/05\/21\/el-lodge-y-la-radio-una-postal-incomoda-de-los-esteros-del-ibera\/#primaryimage"},"image":{"@id":"https:\/\/elcanillita.info\/press\/2025\/05\/21\/el-lodge-y-la-radio-una-postal-incomoda-de-los-esteros-del-ibera\/#primaryimage"},"thumbnailUrl":"https:\/\/elcanillita.info\/press\/images\/2025\/05\/Ibercover_20250521.jpeg","datePublished":"2025-05-21T09:33:45+00:00","dateModified":"2025-05-28T15:31:43+00:00","inLanguage":"es-AR","potentialAction":[{"@type":"ReadAction","target":["https:\/\/elcanillita.info\/press\/2025\/05\/21\/el-lodge-y-la-radio-una-postal-incomoda-de-los-esteros-del-ibera\/"]}]},{"@type":"ImageObject","inLanguage":"es-AR","@id":"https:\/\/elcanillita.info\/press\/2025\/05\/21\/el-lodge-y-la-radio-una-postal-incomoda-de-los-esteros-del-ibera\/#primaryimage","url":"https:\/\/elcanillita.info\/press\/images\/2025\/05\/Ibercover_20250521.jpeg","contentUrl":"https:\/\/elcanillita.info\/press\/images\/2025\/05\/Ibercover_20250521.jpeg","width":600,"height":400},{"@type":"WebSite","@id":"https:\/\/elcanillita.info\/press\/#website","url":"https:\/\/elcanillita.info\/press\/","name":"ElCanillita.Info","description":"desde los Apeninos a los Andes","publisher":{"@id":"https:\/\/elcanillita.info\/press\/#organization"},"potentialAction":[{"@type":"SearchAction","target":{"@type":"EntryPoint","urlTemplate":"https:\/\/elcanillita.info\/press\/?s={search_term_string}"},"query-input":{"@type":"PropertyValueSpecification","valueRequired":true,"valueName":"search_term_string"}}],"inLanguage":"es-AR"},{"@type":"Organization","@id":"https:\/\/elcanillita.info\/press\/#organization","name":"Guzzo Photos & Graphic Publications","url":"https:\/\/elcanillita.info\/press\/","logo":{"@type":"ImageObject","inLanguage":"es-AR","@id":"https:\/\/elcanillita.info\/press\/#\/schema\/logo\/image\/","url":"https:\/\/elcanillita.info\/press\/images\/2020\/01\/cropped-cropped-cropped-elcanillitainfo.png","contentUrl":"https:\/\/elcanillita.info\/press\/images\/2020\/01\/cropped-cropped-cropped-elcanillitainfo.png","width":460,"height":50,"caption":"Guzzo Photos & Graphic Publications"},"image":{"@id":"https:\/\/elcanillita.info\/press\/#\/schema\/logo\/image\/"},"sameAs":["https:\/\/ar-ar.facebook.com\/ElCanillitainfo-114249515285712\/"]},{"@type":"Person","@id":"https:\/\/elcanillita.info\/press\/#\/schema\/person\/7fcb79f38045700919f7da6d97e71ba0","name":"SalaStampa.eu, world press service","image":{"@type":"ImageObject","inLanguage":"es-AR","@id":"https:\/\/secure.gravatar.com\/avatar\/c2f0e0d515a107624234994507816ca4724c7199cef73fc8bedebf6931d73888?s=96&d=mm&r=g","url":"https:\/\/secure.gravatar.com\/avatar\/c2f0e0d515a107624234994507816ca4724c7199cef73fc8bedebf6931d73888?s=96&d=mm&r=g","contentUrl":"https:\/\/secure.gravatar.com\/avatar\/c2f0e0d515a107624234994507816ca4724c7199cef73fc8bedebf6931d73888?s=96&d=mm&r=g","caption":"SalaStampa.eu, world press service"}}]}},"views":163,"_links":{"self":[{"href":"https:\/\/elcanillita.info\/press\/wp-json\/wp\/v2\/posts\/4614","targetHints":{"allow":["GET"]}}],"collection":[{"href":"https:\/\/elcanillita.info\/press\/wp-json\/wp\/v2\/posts"}],"about":[{"href":"https:\/\/elcanillita.info\/press\/wp-json\/wp\/v2\/types\/post"}],"author":[{"embeddable":true,"href":"https:\/\/elcanillita.info\/press\/wp-json\/wp\/v2\/users\/1"}],"replies":[{"embeddable":true,"href":"https:\/\/elcanillita.info\/press\/wp-json\/wp\/v2\/comments?post=4614"}],"version-history":[{"count":0,"href":"https:\/\/elcanillita.info\/press\/wp-json\/wp\/v2\/posts\/4614\/revisions"}],"wp:featuredmedia":[{"embeddable":true,"href":"https:\/\/elcanillita.info\/press\/wp-json\/wp\/v2\/media\/4616"}],"wp:attachment":[{"href":"https:\/\/elcanillita.info\/press\/wp-json\/wp\/v2\/media?parent=4614"}],"wp:term":[{"taxonomy":"category","embeddable":true,"href":"https:\/\/elcanillita.info\/press\/wp-json\/wp\/v2\/categories?post=4614"},{"taxonomy":"post_tag","embeddable":true,"href":"https:\/\/elcanillita.info\/press\/wp-json\/wp\/v2\/tags?post=4614"}],"curies":[{"name":"wp","href":"https:\/\/api.w.org\/{rel}","templated":true}]}}