{"id":4592,"date":"2025-05-20T10:30:30","date_gmt":"2025-05-20T13:30:30","guid":{"rendered":"https:\/\/elcanillita.info\/press\/?p=4592"},"modified":"2025-05-20T10:31:21","modified_gmt":"2025-05-20T13:31:21","slug":"karina-la-senora-de-los-votos-la-virgen-electoral-pan-duro-tiktok-y-obediencia-aldeana","status":"publish","type":"post","link":"https:\/\/elcanillita.info\/press\/2025\/05\/20\/karina-la-senora-de-los-votos-la-virgen-electoral-pan-duro-tiktok-y-obediencia-aldeana\/","title":{"rendered":"Karina, la Se\u00f1ora de los Votos, la Virgen Electoral: Pan duro, TikTok y obediencia aldeana"},"content":{"rendered":"<div class=\"wp-block-image\">\n<figure class=\"alignleft size-full\"><img loading=\"lazy\" decoding=\"async\" width=\"400\" height=\"600\" src=\"https:\/\/elcanillita.info\/press\/images\/2025\/05\/virgen_20250520.jpg\" alt=\"\" class=\"wp-image-4593\" srcset=\"https:\/\/elcanillita.info\/press\/images\/2025\/05\/virgen_20250520.jpg 400w, https:\/\/elcanillita.info\/press\/images\/2025\/05\/virgen_20250520-200x300.jpg 200w\" sizes=\"auto, (max-width: 400px) 100vw, 400px\" \/><\/figure>\n<\/div>\n\n\n<p><strong>ElCanillita.info<\/strong>, <small>20\/11\/2025<\/small><br>En una cr\u00f3nica olvidada, un periodista franc\u00e9s describi\u00f3 con cruel ternura a la chusma de Buenos Aires como esa \u201caldea que besa la mano del pol\u00edtico que le arroja sobras y la castiga con desprecio\u201d. Un siglo despu\u00e9s, la escena no ha cambiado tanto. Solo cambi\u00f3 el filtro: hoy se besan manos pixeladas en TikTok, y las sobras vienen en bolsas cerradas con cinta celeste y blanca.<\/p>\n\n\n\n<p>Karina Milei, hermana del Tit\u00e1n del Circo Javier, se pasea por las provincias como si repartiera bendiciones. En realidad, reparte pan. Literal. Pan, arroz, y quiz\u00e1s un bono no declarado para el puntero de turno. La estrategia es clara y vieja: dar lo justo para que el hambre no despierte rebeld\u00eda, pero nunca tanto como para que sobre el coraje.<\/p>\n\n\n\n<p>En un pa\u00eds donde \u201cno hay plata\u201d, la pobreza no viste andrajos, pero s\u00ed carga con una pesada mochila invisible: la resignaci\u00f3n. Karina lo sabe. Y como una aprendiz aventajada de la escuela populista, convierte el hambre en marketing electoral.<\/p>\n\n\n\n<p>\u00bfVoto a cambio de pan? \u00bfMiseria organizada con fines de urna? \u00bfO simplemente la continuidad hist\u00f3rica de una Argentina que desde tiempos de Rosas aprendi\u00f3 a obedecer al amo de turno a cambio de una caricia?<\/p>\n\n\n\n<p>Mientras tanto, en la aldea digital, los likes se multiplican. Y el pan, aunque duro, alcanza para otro voto.<\/p>\n\n\n\n<p><small>\u00a92025 Dolores de La Press (con ayuda de un cronista extranjero que a\u00fan no logra salir del asombro) All Rights Reserved Copyright \u00a9 2025 ElCanillita.info \/ BlogDiario.info \/ SalaStampa.eu, servicio mundial de prensa Guzzo Photos &amp; Graphic Publications \u2013 Registro Editori e Stampatori n. 1441 Torino, Italia<\/small><\/p>\n","protected":false},"excerpt":{"rendered":"<p>En la Argentina de Milei, la pobreza no se mide en harapos, sino en la dignidad canjeada por una selfie y una bolsa de promesas.<\/p>\n","protected":false},"author":1,"featured_media":4594,"comment_status":"closed","ping_status":"closed","sticky":false,"template":"","format":"standard","meta":{"footnotes":"","_links_to":"","_links_to_target":""},"categories":[108,121,70,123,126,25],"tags":[29],"class_list":["post-4592","post","type-post","status-publish","format-standard","has-post-thumbnail","hentry","category-blogdiario","category-dc24","category-actualidad","category-argentina","category-dolores-de-la-press","category-sociedad","tag-argentina","entry","double"],"yoast_head":"<!-- This site is optimized with the Yoast SEO plugin v27.5 - https:\/\/yoast.com\/product\/yoast-seo-wordpress\/ -->\n<title>Karina, la Se\u00f1ora de los Votos, la Virgen Electoral: Pan duro, TikTok y obediencia aldeana - ElCanillita.Info<\/title>\n<meta name=\"robots\" content=\"index, follow, max-snippet:-1, max-image-preview:large, max-video-preview:-1\" \/>\n<link rel=\"canonical\" href=\"https:\/\/elcanillita.info\/press\/2025\/05\/20\/karina-la-senora-de-los-votos-la-virgen-electoral-pan-duro-tiktok-y-obediencia-aldeana\/\" \/>\n<meta property=\"og:locale\" content=\"es_ES\" \/>\n<meta property=\"og:type\" content=\"article\" \/>\n<meta property=\"og:title\" content=\"Karina, la Se\u00f1ora de los Votos, la Virgen Electoral: Pan duro, TikTok y obediencia aldeana - ElCanillita.Info\" \/>\n<meta property=\"og:description\" content=\"En la Argentina de Milei, la pobreza no se mide en harapos, sino en la dignidad canjeada por una selfie y una bolsa de promesas.\" \/>\n<meta property=\"og:url\" content=\"https:\/\/elcanillita.info\/press\/2025\/05\/20\/karina-la-senora-de-los-votos-la-virgen-electoral-pan-duro-tiktok-y-obediencia-aldeana\/\" \/>\n<meta property=\"og:site_name\" content=\"ElCanillita.Info\" \/>\n<meta property=\"article:publisher\" content=\"https:\/\/ar-ar.facebook.com\/ElCanillitainfo-114249515285712\/\" \/>\n<meta property=\"article:published_time\" content=\"2025-05-20T13:30:30+00:00\" \/>\n<meta property=\"article:modified_time\" content=\"2025-05-20T13:31:21+00:00\" \/>\n<meta property=\"og:image\" content=\"https:\/\/elcanillita.info\/press\/images\/2025\/05\/virgenH_20250520.jpg\" \/>\n\t<meta property=\"og:image:width\" content=\"400\" \/>\n\t<meta property=\"og:image:height\" content=\"267\" \/>\n\t<meta property=\"og:image:type\" content=\"image\/jpeg\" \/>\n<meta name=\"author\" content=\"SalaStampa.eu, world press service\" \/>\n<meta name=\"twitter:card\" content=\"summary_large_image\" \/>\n<meta name=\"twitter:label1\" content=\"Escrito por\" \/>\n\t<meta name=\"twitter:data1\" content=\"SalaStampa.eu, world press service\" \/>\n\t<meta name=\"twitter:label2\" content=\"Tiempo de lectura\" \/>\n\t<meta name=\"twitter:data2\" content=\"2 minutos\" \/>\n<script type=\"application\/ld+json\" class=\"yoast-schema-graph\">{\"@context\":\"https:\\\/\\\/schema.org\",\"@graph\":[{\"@type\":\"Article\",\"@id\":\"https:\\\/\\\/elcanillita.info\\\/press\\\/2025\\\/05\\\/20\\\/karina-la-senora-de-los-votos-la-virgen-electoral-pan-duro-tiktok-y-obediencia-aldeana\\\/#article\",\"isPartOf\":{\"@id\":\"https:\\\/\\\/elcanillita.info\\\/press\\\/2025\\\/05\\\/20\\\/karina-la-senora-de-los-votos-la-virgen-electoral-pan-duro-tiktok-y-obediencia-aldeana\\\/\"},\"author\":{\"name\":\"SalaStampa.eu, world press service\",\"@id\":\"https:\\\/\\\/elcanillita.info\\\/press\\\/#\\\/schema\\\/person\\\/7fcb79f38045700919f7da6d97e71ba0\"},\"headline\":\"Karina, la Se\u00f1ora de los Votos, la Virgen Electoral: Pan duro, TikTok y obediencia aldeana\",\"datePublished\":\"2025-05-20T13:30:30+00:00\",\"dateModified\":\"2025-05-20T13:31:21+00:00\",\"mainEntityOfPage\":{\"@id\":\"https:\\\/\\\/elcanillita.info\\\/press\\\/2025\\\/05\\\/20\\\/karina-la-senora-de-los-votos-la-virgen-electoral-pan-duro-tiktok-y-obediencia-aldeana\\\/\"},\"wordCount\":294,\"publisher\":{\"@id\":\"https:\\\/\\\/elcanillita.info\\\/press\\\/#organization\"},\"image\":{\"@id\":\"https:\\\/\\\/elcanillita.info\\\/press\\\/2025\\\/05\\\/20\\\/karina-la-senora-de-los-votos-la-virgen-electoral-pan-duro-tiktok-y-obediencia-aldeana\\\/#primaryimage\"},\"thumbnailUrl\":\"https:\\\/\\\/elcanillita.info\\\/press\\\/images\\\/2025\\\/05\\\/virgenH_20250520.jpg\",\"keywords\":[\"Argentina\"],\"articleSection\":[\".\",\".\",\"Actualidad\",\"Argentina\",\"Dolores de La Press\",\"Sociedad\"],\"inLanguage\":\"es-AR\"},{\"@type\":\"WebPage\",\"@id\":\"https:\\\/\\\/elcanillita.info\\\/press\\\/2025\\\/05\\\/20\\\/karina-la-senora-de-los-votos-la-virgen-electoral-pan-duro-tiktok-y-obediencia-aldeana\\\/\",\"url\":\"https:\\\/\\\/elcanillita.info\\\/press\\\/2025\\\/05\\\/20\\\/karina-la-senora-de-los-votos-la-virgen-electoral-pan-duro-tiktok-y-obediencia-aldeana\\\/\",\"name\":\"Karina, la Se\u00f1ora de los Votos, la Virgen Electoral: Pan duro, TikTok y obediencia aldeana - ElCanillita.Info\",\"isPartOf\":{\"@id\":\"https:\\\/\\\/elcanillita.info\\\/press\\\/#website\"},\"primaryImageOfPage\":{\"@id\":\"https:\\\/\\\/elcanillita.info\\\/press\\\/2025\\\/05\\\/20\\\/karina-la-senora-de-los-votos-la-virgen-electoral-pan-duro-tiktok-y-obediencia-aldeana\\\/#primaryimage\"},\"image\":{\"@id\":\"https:\\\/\\\/elcanillita.info\\\/press\\\/2025\\\/05\\\/20\\\/karina-la-senora-de-los-votos-la-virgen-electoral-pan-duro-tiktok-y-obediencia-aldeana\\\/#primaryimage\"},\"thumbnailUrl\":\"https:\\\/\\\/elcanillita.info\\\/press\\\/images\\\/2025\\\/05\\\/virgenH_20250520.jpg\",\"datePublished\":\"2025-05-20T13:30:30+00:00\",\"dateModified\":\"2025-05-20T13:31:21+00:00\",\"inLanguage\":\"es-AR\",\"potentialAction\":[{\"@type\":\"ReadAction\",\"target\":[\"https:\\\/\\\/elcanillita.info\\\/press\\\/2025\\\/05\\\/20\\\/karina-la-senora-de-los-votos-la-virgen-electoral-pan-duro-tiktok-y-obediencia-aldeana\\\/\"]}]},{\"@type\":\"ImageObject\",\"inLanguage\":\"es-AR\",\"@id\":\"https:\\\/\\\/elcanillita.info\\\/press\\\/2025\\\/05\\\/20\\\/karina-la-senora-de-los-votos-la-virgen-electoral-pan-duro-tiktok-y-obediencia-aldeana\\\/#primaryimage\",\"url\":\"https:\\\/\\\/elcanillita.info\\\/press\\\/images\\\/2025\\\/05\\\/virgenH_20250520.jpg\",\"contentUrl\":\"https:\\\/\\\/elcanillita.info\\\/press\\\/images\\\/2025\\\/05\\\/virgenH_20250520.jpg\",\"width\":400,\"height\":267},{\"@type\":\"WebSite\",\"@id\":\"https:\\\/\\\/elcanillita.info\\\/press\\\/#website\",\"url\":\"https:\\\/\\\/elcanillita.info\\\/press\\\/\",\"name\":\"ElCanillita.Info\",\"description\":\"desde los Apeninos a los Andes\",\"publisher\":{\"@id\":\"https:\\\/\\\/elcanillita.info\\\/press\\\/#organization\"},\"potentialAction\":[{\"@type\":\"SearchAction\",\"target\":{\"@type\":\"EntryPoint\",\"urlTemplate\":\"https:\\\/\\\/elcanillita.info\\\/press\\\/?s={search_term_string}\"},\"query-input\":{\"@type\":\"PropertyValueSpecification\",\"valueRequired\":true,\"valueName\":\"search_term_string\"}}],\"inLanguage\":\"es-AR\"},{\"@type\":\"Organization\",\"@id\":\"https:\\\/\\\/elcanillita.info\\\/press\\\/#organization\",\"name\":\"Guzzo Photos & Graphic Publications\",\"url\":\"https:\\\/\\\/elcanillita.info\\\/press\\\/\",\"logo\":{\"@type\":\"ImageObject\",\"inLanguage\":\"es-AR\",\"@id\":\"https:\\\/\\\/elcanillita.info\\\/press\\\/#\\\/schema\\\/logo\\\/image\\\/\",\"url\":\"https:\\\/\\\/elcanillita.info\\\/press\\\/images\\\/2020\\\/01\\\/cropped-cropped-cropped-elcanillitainfo.png\",\"contentUrl\":\"https:\\\/\\\/elcanillita.info\\\/press\\\/images\\\/2020\\\/01\\\/cropped-cropped-cropped-elcanillitainfo.png\",\"width\":460,\"height\":50,\"caption\":\"Guzzo Photos & Graphic Publications\"},\"image\":{\"@id\":\"https:\\\/\\\/elcanillita.info\\\/press\\\/#\\\/schema\\\/logo\\\/image\\\/\"},\"sameAs\":[\"https:\\\/\\\/ar-ar.facebook.com\\\/ElCanillitainfo-114249515285712\\\/\"]},{\"@type\":\"Person\",\"@id\":\"https:\\\/\\\/elcanillita.info\\\/press\\\/#\\\/schema\\\/person\\\/7fcb79f38045700919f7da6d97e71ba0\",\"name\":\"SalaStampa.eu, world press service\",\"image\":{\"@type\":\"ImageObject\",\"inLanguage\":\"es-AR\",\"@id\":\"https:\\\/\\\/secure.gravatar.com\\\/avatar\\\/c2f0e0d515a107624234994507816ca4724c7199cef73fc8bedebf6931d73888?s=96&d=mm&r=g\",\"url\":\"https:\\\/\\\/secure.gravatar.com\\\/avatar\\\/c2f0e0d515a107624234994507816ca4724c7199cef73fc8bedebf6931d73888?s=96&d=mm&r=g\",\"contentUrl\":\"https:\\\/\\\/secure.gravatar.com\\\/avatar\\\/c2f0e0d515a107624234994507816ca4724c7199cef73fc8bedebf6931d73888?s=96&d=mm&r=g\",\"caption\":\"SalaStampa.eu, world press service\"}}]}<\/script>\n<!-- \/ Yoast SEO plugin. -->","yoast_head_json":{"title":"Karina, la Se\u00f1ora de los Votos, la Virgen Electoral: Pan duro, TikTok y obediencia aldeana - ElCanillita.Info","robots":{"index":"index","follow":"follow","max-snippet":"max-snippet:-1","max-image-preview":"max-image-preview:large","max-video-preview":"max-video-preview:-1"},"canonical":"https:\/\/elcanillita.info\/press\/2025\/05\/20\/karina-la-senora-de-los-votos-la-virgen-electoral-pan-duro-tiktok-y-obediencia-aldeana\/","og_locale":"es_ES","og_type":"article","og_title":"Karina, la Se\u00f1ora de los Votos, la Virgen Electoral: Pan duro, TikTok y obediencia aldeana - ElCanillita.Info","og_description":"En la Argentina de Milei, la pobreza no se mide en harapos, sino en la dignidad canjeada por una selfie y una bolsa de promesas.","og_url":"https:\/\/elcanillita.info\/press\/2025\/05\/20\/karina-la-senora-de-los-votos-la-virgen-electoral-pan-duro-tiktok-y-obediencia-aldeana\/","og_site_name":"ElCanillita.Info","article_publisher":"https:\/\/ar-ar.facebook.com\/ElCanillitainfo-114249515285712\/","article_published_time":"2025-05-20T13:30:30+00:00","article_modified_time":"2025-05-20T13:31:21+00:00","og_image":[{"width":400,"height":267,"url":"https:\/\/elcanillita.info\/press\/images\/2025\/05\/virgenH_20250520.jpg","type":"image\/jpeg"}],"author":"SalaStampa.eu, world press service","twitter_card":"summary_large_image","twitter_misc":{"Escrito por":"SalaStampa.eu, world press service","Tiempo de lectura":"2 minutos"},"schema":{"@context":"https:\/\/schema.org","@graph":[{"@type":"Article","@id":"https:\/\/elcanillita.info\/press\/2025\/05\/20\/karina-la-senora-de-los-votos-la-virgen-electoral-pan-duro-tiktok-y-obediencia-aldeana\/#article","isPartOf":{"@id":"https:\/\/elcanillita.info\/press\/2025\/05\/20\/karina-la-senora-de-los-votos-la-virgen-electoral-pan-duro-tiktok-y-obediencia-aldeana\/"},"author":{"name":"SalaStampa.eu, world press service","@id":"https:\/\/elcanillita.info\/press\/#\/schema\/person\/7fcb79f38045700919f7da6d97e71ba0"},"headline":"Karina, la Se\u00f1ora de los Votos, la Virgen Electoral: Pan duro, TikTok y obediencia aldeana","datePublished":"2025-05-20T13:30:30+00:00","dateModified":"2025-05-20T13:31:21+00:00","mainEntityOfPage":{"@id":"https:\/\/elcanillita.info\/press\/2025\/05\/20\/karina-la-senora-de-los-votos-la-virgen-electoral-pan-duro-tiktok-y-obediencia-aldeana\/"},"wordCount":294,"publisher":{"@id":"https:\/\/elcanillita.info\/press\/#organization"},"image":{"@id":"https:\/\/elcanillita.info\/press\/2025\/05\/20\/karina-la-senora-de-los-votos-la-virgen-electoral-pan-duro-tiktok-y-obediencia-aldeana\/#primaryimage"},"thumbnailUrl":"https:\/\/elcanillita.info\/press\/images\/2025\/05\/virgenH_20250520.jpg","keywords":["Argentina"],"articleSection":[".",".","Actualidad","Argentina","Dolores de La Press","Sociedad"],"inLanguage":"es-AR"},{"@type":"WebPage","@id":"https:\/\/elcanillita.info\/press\/2025\/05\/20\/karina-la-senora-de-los-votos-la-virgen-electoral-pan-duro-tiktok-y-obediencia-aldeana\/","url":"https:\/\/elcanillita.info\/press\/2025\/05\/20\/karina-la-senora-de-los-votos-la-virgen-electoral-pan-duro-tiktok-y-obediencia-aldeana\/","name":"Karina, la Se\u00f1ora de los Votos, la Virgen Electoral: Pan duro, TikTok y obediencia aldeana - ElCanillita.Info","isPartOf":{"@id":"https:\/\/elcanillita.info\/press\/#website"},"primaryImageOfPage":{"@id":"https:\/\/elcanillita.info\/press\/2025\/05\/20\/karina-la-senora-de-los-votos-la-virgen-electoral-pan-duro-tiktok-y-obediencia-aldeana\/#primaryimage"},"image":{"@id":"https:\/\/elcanillita.info\/press\/2025\/05\/20\/karina-la-senora-de-los-votos-la-virgen-electoral-pan-duro-tiktok-y-obediencia-aldeana\/#primaryimage"},"thumbnailUrl":"https:\/\/elcanillita.info\/press\/images\/2025\/05\/virgenH_20250520.jpg","datePublished":"2025-05-20T13:30:30+00:00","dateModified":"2025-05-20T13:31:21+00:00","inLanguage":"es-AR","potentialAction":[{"@type":"ReadAction","target":["https:\/\/elcanillita.info\/press\/2025\/05\/20\/karina-la-senora-de-los-votos-la-virgen-electoral-pan-duro-tiktok-y-obediencia-aldeana\/"]}]},{"@type":"ImageObject","inLanguage":"es-AR","@id":"https:\/\/elcanillita.info\/press\/2025\/05\/20\/karina-la-senora-de-los-votos-la-virgen-electoral-pan-duro-tiktok-y-obediencia-aldeana\/#primaryimage","url":"https:\/\/elcanillita.info\/press\/images\/2025\/05\/virgenH_20250520.jpg","contentUrl":"https:\/\/elcanillita.info\/press\/images\/2025\/05\/virgenH_20250520.jpg","width":400,"height":267},{"@type":"WebSite","@id":"https:\/\/elcanillita.info\/press\/#website","url":"https:\/\/elcanillita.info\/press\/","name":"ElCanillita.Info","description":"desde los Apeninos a los Andes","publisher":{"@id":"https:\/\/elcanillita.info\/press\/#organization"},"potentialAction":[{"@type":"SearchAction","target":{"@type":"EntryPoint","urlTemplate":"https:\/\/elcanillita.info\/press\/?s={search_term_string}"},"query-input":{"@type":"PropertyValueSpecification","valueRequired":true,"valueName":"search_term_string"}}],"inLanguage":"es-AR"},{"@type":"Organization","@id":"https:\/\/elcanillita.info\/press\/#organization","name":"Guzzo Photos & Graphic Publications","url":"https:\/\/elcanillita.info\/press\/","logo":{"@type":"ImageObject","inLanguage":"es-AR","@id":"https:\/\/elcanillita.info\/press\/#\/schema\/logo\/image\/","url":"https:\/\/elcanillita.info\/press\/images\/2020\/01\/cropped-cropped-cropped-elcanillitainfo.png","contentUrl":"https:\/\/elcanillita.info\/press\/images\/2020\/01\/cropped-cropped-cropped-elcanillitainfo.png","width":460,"height":50,"caption":"Guzzo Photos & Graphic Publications"},"image":{"@id":"https:\/\/elcanillita.info\/press\/#\/schema\/logo\/image\/"},"sameAs":["https:\/\/ar-ar.facebook.com\/ElCanillitainfo-114249515285712\/"]},{"@type":"Person","@id":"https:\/\/elcanillita.info\/press\/#\/schema\/person\/7fcb79f38045700919f7da6d97e71ba0","name":"SalaStampa.eu, world press service","image":{"@type":"ImageObject","inLanguage":"es-AR","@id":"https:\/\/secure.gravatar.com\/avatar\/c2f0e0d515a107624234994507816ca4724c7199cef73fc8bedebf6931d73888?s=96&d=mm&r=g","url":"https:\/\/secure.gravatar.com\/avatar\/c2f0e0d515a107624234994507816ca4724c7199cef73fc8bedebf6931d73888?s=96&d=mm&r=g","contentUrl":"https:\/\/secure.gravatar.com\/avatar\/c2f0e0d515a107624234994507816ca4724c7199cef73fc8bedebf6931d73888?s=96&d=mm&r=g","caption":"SalaStampa.eu, world press service"}}]}},"views":203,"_links":{"self":[{"href":"https:\/\/elcanillita.info\/press\/wp-json\/wp\/v2\/posts\/4592","targetHints":{"allow":["GET"]}}],"collection":[{"href":"https:\/\/elcanillita.info\/press\/wp-json\/wp\/v2\/posts"}],"about":[{"href":"https:\/\/elcanillita.info\/press\/wp-json\/wp\/v2\/types\/post"}],"author":[{"embeddable":true,"href":"https:\/\/elcanillita.info\/press\/wp-json\/wp\/v2\/users\/1"}],"replies":[{"embeddable":true,"href":"https:\/\/elcanillita.info\/press\/wp-json\/wp\/v2\/comments?post=4592"}],"version-history":[{"count":0,"href":"https:\/\/elcanillita.info\/press\/wp-json\/wp\/v2\/posts\/4592\/revisions"}],"wp:featuredmedia":[{"embeddable":true,"href":"https:\/\/elcanillita.info\/press\/wp-json\/wp\/v2\/media\/4594"}],"wp:attachment":[{"href":"https:\/\/elcanillita.info\/press\/wp-json\/wp\/v2\/media?parent=4592"}],"wp:term":[{"taxonomy":"category","embeddable":true,"href":"https:\/\/elcanillita.info\/press\/wp-json\/wp\/v2\/categories?post=4592"},{"taxonomy":"post_tag","embeddable":true,"href":"https:\/\/elcanillita.info\/press\/wp-json\/wp\/v2\/tags?post=4592"}],"curies":[{"name":"wp","href":"https:\/\/api.w.org\/{rel}","templated":true}]}}