{"id":459,"date":"2020-02-18T18:03:00","date_gmt":"2020-02-18T21:03:00","guid":{"rendered":"https:\/\/elcanillita.info\/press\/?p=459"},"modified":"2020-02-19T06:48:52","modified_gmt":"2020-02-19T09:48:52","slug":"partido-evo-morales-lidera-intencion-voto-bolivia","status":"publish","type":"post","link":"https:\/\/elcanillita.info\/press\/2020\/02\/18\/partido-evo-morales-lidera-intencion-voto-bolivia\/","title":{"rendered":"El partido de Evo Morales lidera la intenci\u00f3n de voto en Bolivia"},"content":{"rendered":"\n<p>Argentina, 18.02.2020 &#8211; Luis Arce Catacora, candidato del partido del expresidente Evo Morales, se postula como el vencedor de las pr\u00f3ximas elecciones generales en Bolivia, seg\u00fan el primer sondeo a nivel nacional realizado en el pa\u00eds de cara a los comicios que tendr\u00e1n lugar el pr\u00f3ximo 3 de mayo.<\/p>\n\n\n\n<p>Seg\u00fan datos de la consultora Ciesmori, Catacora, del partido Movimiento al Socialismo (MAS), obtendr\u00eda el 31,6% de los votos, seguido por Carlos Mesa, de la formaci\u00f3n Comunidad Ciudadana (CC), que cuenta con el 17,1%.<\/p>\n\n\n\n<p>En tercer lugar,&nbsp;con el 16,5 %, se situar\u00eda la actual presidenta interina, Jeanine \u00c1\u00f1ez, por el partido Juntos.<\/p>\n\n\n\n<p>El director de Ciesmori, Jos\u00e9 Luis G\u00e1lvez, explic\u00f3 a los medios que en&nbsp;la -realizada&nbsp;entre el 7 y 13 de febrero- participaron 2.224 personas residentes tanto en zonas&nbsp;urbanas como rurales, y que el margen de error es de -2,07.<\/p>\n\n\n\n<p>Por otra parte el embajador de la Uni\u00f3n Europea, &nbsp;Le\u00f3n de la Torre, anuncio que se tendr\u00eda la presencia&nbsp; de 100 observadores para las elecciones, con el fin de supervisar el proceso electoral que se realizara el pr\u00f3ximo 3 de mayo \u201c estamos comprometidos con el apoyo al \u00d3rgano Electoral, la Uni\u00f3n Europea y sus principales apoyos financiero y t\u00e9cnico\u201d asevero.<\/p>\n\n\n\n<p>La OEA concluy\u00f3 que en Bolivia se vivi\u00f3 un fraude electoral en los comicios de el pasado 20 de octubre, lo que llev\u00f3 a Morales a renunciar a la presidencia y denunciar un golpe de estado para sacarlo del poder, antes de abandonar el pa\u00eds con destino a Mexico. Actualmente, el expresidente reside en Argentina.<br><br><small>2020 voanoticias \u2013 salastampa.eu, afiliada a la red Broadcasting Board of Governors \u00a9 2020 BBG<\/small><\/p>\n","protected":false},"excerpt":{"rendered":"<p>Argentina, 17.02.2020 &#8211; Luis Arce Catacora, candidato del partido del expresidente Evo Morales, se postula como el vencedor de las pr\u00f3ximas elecciones generales en Bolivia, seg\u00fan el primer sondeo a nivel nacional realizado en el pa\u00eds de cara a los comicios que tendr\u00e1n lugar el pr\u00f3ximo 3 de mayo.<\/p>\n","protected":false},"author":1,"featured_media":0,"comment_status":"closed","ping_status":"closed","sticky":false,"template":"","format":"standard","meta":{"footnotes":"","_links_to":"","_links_to_target":""},"categories":[70,11,23,25],"tags":[29],"class_list":["post-459","post","type-post","status-publish","format-standard","hentry","category-actualidad","category-america-del-sur","category-politica","category-sociedad","tag-argentina","entry","double"],"yoast_head":"<!-- This site is optimized with the Yoast SEO plugin v27.4 - https:\/\/yoast.com\/product\/yoast-seo-wordpress\/ -->\n<title>El partido de Evo Morales lidera la intenci\u00f3n de voto en Bolivia - ElCanillita.Info<\/title>\n<meta name=\"robots\" content=\"index, follow, max-snippet:-1, max-image-preview:large, max-video-preview:-1\" \/>\n<link rel=\"canonical\" href=\"https:\/\/elcanillita.info\/press\/2020\/02\/18\/partido-evo-morales-lidera-intencion-voto-bolivia\/\" \/>\n<meta property=\"og:locale\" content=\"es_ES\" \/>\n<meta property=\"og:type\" content=\"article\" \/>\n<meta property=\"og:title\" content=\"El partido de Evo Morales lidera la intenci\u00f3n de voto en Bolivia - ElCanillita.Info\" \/>\n<meta property=\"og:description\" content=\"Argentina, 17.02.2020 - Luis Arce Catacora, candidato del partido del expresidente Evo Morales, se postula como el vencedor de las pr\u00f3ximas elecciones generales en Bolivia, seg\u00fan el primer sondeo a nivel nacional realizado en el pa\u00eds de cara a los comicios que tendr\u00e1n lugar el pr\u00f3ximo 3 de mayo.\" \/>\n<meta property=\"og:url\" content=\"https:\/\/elcanillita.info\/press\/2020\/02\/18\/partido-evo-morales-lidera-intencion-voto-bolivia\/\" \/>\n<meta property=\"og:site_name\" content=\"ElCanillita.Info\" \/>\n<meta property=\"article:publisher\" content=\"https:\/\/ar-ar.facebook.com\/ElCanillitainfo-114249515285712\/\" \/>\n<meta property=\"article:published_time\" content=\"2020-02-18T21:03:00+00:00\" \/>\n<meta property=\"article:modified_time\" content=\"2020-02-19T09:48:52+00:00\" \/>\n<meta name=\"author\" content=\"SalaStampa.eu, world press service\" \/>\n<meta name=\"twitter:card\" content=\"summary_large_image\" \/>\n<meta name=\"twitter:label1\" content=\"Escrito por\" \/>\n\t<meta name=\"twitter:data1\" content=\"SalaStampa.eu, world press service\" \/>\n\t<meta name=\"twitter:label2\" content=\"Tiempo de lectura\" \/>\n\t<meta name=\"twitter:data2\" content=\"1 minuto\" \/>\n<script type=\"application\/ld+json\" class=\"yoast-schema-graph\">{\"@context\":\"https:\\\/\\\/schema.org\",\"@graph\":[{\"@type\":\"Article\",\"@id\":\"https:\\\/\\\/elcanillita.info\\\/press\\\/2020\\\/02\\\/18\\\/partido-evo-morales-lidera-intencion-voto-bolivia\\\/#article\",\"isPartOf\":{\"@id\":\"https:\\\/\\\/elcanillita.info\\\/press\\\/2020\\\/02\\\/18\\\/partido-evo-morales-lidera-intencion-voto-bolivia\\\/\"},\"author\":{\"name\":\"SalaStampa.eu, world press service\",\"@id\":\"https:\\\/\\\/elcanillita.info\\\/press\\\/#\\\/schema\\\/person\\\/7fcb79f38045700919f7da6d97e71ba0\"},\"headline\":\"El partido de Evo Morales lidera la intenci\u00f3n de voto en Bolivia\",\"datePublished\":\"2020-02-18T21:03:00+00:00\",\"dateModified\":\"2020-02-19T09:48:52+00:00\",\"mainEntityOfPage\":{\"@id\":\"https:\\\/\\\/elcanillita.info\\\/press\\\/2020\\\/02\\\/18\\\/partido-evo-morales-lidera-intencion-voto-bolivia\\\/\"},\"wordCount\":294,\"publisher\":{\"@id\":\"https:\\\/\\\/elcanillita.info\\\/press\\\/#organization\"},\"keywords\":[\"Argentina\"],\"articleSection\":[\"Actualidad\",\"Am\u00e9rica del Sur\",\"Politica\",\"Sociedad\"],\"inLanguage\":\"es-AR\"},{\"@type\":\"WebPage\",\"@id\":\"https:\\\/\\\/elcanillita.info\\\/press\\\/2020\\\/02\\\/18\\\/partido-evo-morales-lidera-intencion-voto-bolivia\\\/\",\"url\":\"https:\\\/\\\/elcanillita.info\\\/press\\\/2020\\\/02\\\/18\\\/partido-evo-morales-lidera-intencion-voto-bolivia\\\/\",\"name\":\"El partido de Evo Morales lidera la intenci\u00f3n de voto en Bolivia - ElCanillita.Info\",\"isPartOf\":{\"@id\":\"https:\\\/\\\/elcanillita.info\\\/press\\\/#website\"},\"datePublished\":\"2020-02-18T21:03:00+00:00\",\"dateModified\":\"2020-02-19T09:48:52+00:00\",\"inLanguage\":\"es-AR\",\"potentialAction\":[{\"@type\":\"ReadAction\",\"target\":[\"https:\\\/\\\/elcanillita.info\\\/press\\\/2020\\\/02\\\/18\\\/partido-evo-morales-lidera-intencion-voto-bolivia\\\/\"]}]},{\"@type\":\"WebSite\",\"@id\":\"https:\\\/\\\/elcanillita.info\\\/press\\\/#website\",\"url\":\"https:\\\/\\\/elcanillita.info\\\/press\\\/\",\"name\":\"ElCanillita.Info\",\"description\":\"desde los Apeninos a los Andes\",\"publisher\":{\"@id\":\"https:\\\/\\\/elcanillita.info\\\/press\\\/#organization\"},\"potentialAction\":[{\"@type\":\"SearchAction\",\"target\":{\"@type\":\"EntryPoint\",\"urlTemplate\":\"https:\\\/\\\/elcanillita.info\\\/press\\\/?s={search_term_string}\"},\"query-input\":{\"@type\":\"PropertyValueSpecification\",\"valueRequired\":true,\"valueName\":\"search_term_string\"}}],\"inLanguage\":\"es-AR\"},{\"@type\":\"Organization\",\"@id\":\"https:\\\/\\\/elcanillita.info\\\/press\\\/#organization\",\"name\":\"Guzzo Photos & Graphic Publications\",\"url\":\"https:\\\/\\\/elcanillita.info\\\/press\\\/\",\"logo\":{\"@type\":\"ImageObject\",\"inLanguage\":\"es-AR\",\"@id\":\"https:\\\/\\\/elcanillita.info\\\/press\\\/#\\\/schema\\\/logo\\\/image\\\/\",\"url\":\"https:\\\/\\\/elcanillita.info\\\/press\\\/images\\\/2020\\\/01\\\/cropped-cropped-cropped-elcanillitainfo.png\",\"contentUrl\":\"https:\\\/\\\/elcanillita.info\\\/press\\\/images\\\/2020\\\/01\\\/cropped-cropped-cropped-elcanillitainfo.png\",\"width\":460,\"height\":50,\"caption\":\"Guzzo Photos & Graphic Publications\"},\"image\":{\"@id\":\"https:\\\/\\\/elcanillita.info\\\/press\\\/#\\\/schema\\\/logo\\\/image\\\/\"},\"sameAs\":[\"https:\\\/\\\/ar-ar.facebook.com\\\/ElCanillitainfo-114249515285712\\\/\"]},{\"@type\":\"Person\",\"@id\":\"https:\\\/\\\/elcanillita.info\\\/press\\\/#\\\/schema\\\/person\\\/7fcb79f38045700919f7da6d97e71ba0\",\"name\":\"SalaStampa.eu, world press service\",\"image\":{\"@type\":\"ImageObject\",\"inLanguage\":\"es-AR\",\"@id\":\"https:\\\/\\\/secure.gravatar.com\\\/avatar\\\/c2f0e0d515a107624234994507816ca4724c7199cef73fc8bedebf6931d73888?s=96&d=mm&r=g\",\"url\":\"https:\\\/\\\/secure.gravatar.com\\\/avatar\\\/c2f0e0d515a107624234994507816ca4724c7199cef73fc8bedebf6931d73888?s=96&d=mm&r=g\",\"contentUrl\":\"https:\\\/\\\/secure.gravatar.com\\\/avatar\\\/c2f0e0d515a107624234994507816ca4724c7199cef73fc8bedebf6931d73888?s=96&d=mm&r=g\",\"caption\":\"SalaStampa.eu, world press service\"}}]}<\/script>\n<!-- \/ Yoast SEO plugin. -->","yoast_head_json":{"title":"El partido de Evo Morales lidera la intenci\u00f3n de voto en Bolivia - ElCanillita.Info","robots":{"index":"index","follow":"follow","max-snippet":"max-snippet:-1","max-image-preview":"max-image-preview:large","max-video-preview":"max-video-preview:-1"},"canonical":"https:\/\/elcanillita.info\/press\/2020\/02\/18\/partido-evo-morales-lidera-intencion-voto-bolivia\/","og_locale":"es_ES","og_type":"article","og_title":"El partido de Evo Morales lidera la intenci\u00f3n de voto en Bolivia - ElCanillita.Info","og_description":"Argentina, 17.02.2020 - Luis Arce Catacora, candidato del partido del expresidente Evo Morales, se postula como el vencedor de las pr\u00f3ximas elecciones generales en Bolivia, seg\u00fan el primer sondeo a nivel nacional realizado en el pa\u00eds de cara a los comicios que tendr\u00e1n lugar el pr\u00f3ximo 3 de mayo.","og_url":"https:\/\/elcanillita.info\/press\/2020\/02\/18\/partido-evo-morales-lidera-intencion-voto-bolivia\/","og_site_name":"ElCanillita.Info","article_publisher":"https:\/\/ar-ar.facebook.com\/ElCanillitainfo-114249515285712\/","article_published_time":"2020-02-18T21:03:00+00:00","article_modified_time":"2020-02-19T09:48:52+00:00","author":"SalaStampa.eu, world press service","twitter_card":"summary_large_image","twitter_misc":{"Escrito por":"SalaStampa.eu, world press service","Tiempo de lectura":"1 minuto"},"schema":{"@context":"https:\/\/schema.org","@graph":[{"@type":"Article","@id":"https:\/\/elcanillita.info\/press\/2020\/02\/18\/partido-evo-morales-lidera-intencion-voto-bolivia\/#article","isPartOf":{"@id":"https:\/\/elcanillita.info\/press\/2020\/02\/18\/partido-evo-morales-lidera-intencion-voto-bolivia\/"},"author":{"name":"SalaStampa.eu, world press service","@id":"https:\/\/elcanillita.info\/press\/#\/schema\/person\/7fcb79f38045700919f7da6d97e71ba0"},"headline":"El partido de Evo Morales lidera la intenci\u00f3n de voto en Bolivia","datePublished":"2020-02-18T21:03:00+00:00","dateModified":"2020-02-19T09:48:52+00:00","mainEntityOfPage":{"@id":"https:\/\/elcanillita.info\/press\/2020\/02\/18\/partido-evo-morales-lidera-intencion-voto-bolivia\/"},"wordCount":294,"publisher":{"@id":"https:\/\/elcanillita.info\/press\/#organization"},"keywords":["Argentina"],"articleSection":["Actualidad","Am\u00e9rica del Sur","Politica","Sociedad"],"inLanguage":"es-AR"},{"@type":"WebPage","@id":"https:\/\/elcanillita.info\/press\/2020\/02\/18\/partido-evo-morales-lidera-intencion-voto-bolivia\/","url":"https:\/\/elcanillita.info\/press\/2020\/02\/18\/partido-evo-morales-lidera-intencion-voto-bolivia\/","name":"El partido de Evo Morales lidera la intenci\u00f3n de voto en Bolivia - ElCanillita.Info","isPartOf":{"@id":"https:\/\/elcanillita.info\/press\/#website"},"datePublished":"2020-02-18T21:03:00+00:00","dateModified":"2020-02-19T09:48:52+00:00","inLanguage":"es-AR","potentialAction":[{"@type":"ReadAction","target":["https:\/\/elcanillita.info\/press\/2020\/02\/18\/partido-evo-morales-lidera-intencion-voto-bolivia\/"]}]},{"@type":"WebSite","@id":"https:\/\/elcanillita.info\/press\/#website","url":"https:\/\/elcanillita.info\/press\/","name":"ElCanillita.Info","description":"desde los Apeninos a los Andes","publisher":{"@id":"https:\/\/elcanillita.info\/press\/#organization"},"potentialAction":[{"@type":"SearchAction","target":{"@type":"EntryPoint","urlTemplate":"https:\/\/elcanillita.info\/press\/?s={search_term_string}"},"query-input":{"@type":"PropertyValueSpecification","valueRequired":true,"valueName":"search_term_string"}}],"inLanguage":"es-AR"},{"@type":"Organization","@id":"https:\/\/elcanillita.info\/press\/#organization","name":"Guzzo Photos & Graphic Publications","url":"https:\/\/elcanillita.info\/press\/","logo":{"@type":"ImageObject","inLanguage":"es-AR","@id":"https:\/\/elcanillita.info\/press\/#\/schema\/logo\/image\/","url":"https:\/\/elcanillita.info\/press\/images\/2020\/01\/cropped-cropped-cropped-elcanillitainfo.png","contentUrl":"https:\/\/elcanillita.info\/press\/images\/2020\/01\/cropped-cropped-cropped-elcanillitainfo.png","width":460,"height":50,"caption":"Guzzo Photos & Graphic Publications"},"image":{"@id":"https:\/\/elcanillita.info\/press\/#\/schema\/logo\/image\/"},"sameAs":["https:\/\/ar-ar.facebook.com\/ElCanillitainfo-114249515285712\/"]},{"@type":"Person","@id":"https:\/\/elcanillita.info\/press\/#\/schema\/person\/7fcb79f38045700919f7da6d97e71ba0","name":"SalaStampa.eu, world press service","image":{"@type":"ImageObject","inLanguage":"es-AR","@id":"https:\/\/secure.gravatar.com\/avatar\/c2f0e0d515a107624234994507816ca4724c7199cef73fc8bedebf6931d73888?s=96&d=mm&r=g","url":"https:\/\/secure.gravatar.com\/avatar\/c2f0e0d515a107624234994507816ca4724c7199cef73fc8bedebf6931d73888?s=96&d=mm&r=g","contentUrl":"https:\/\/secure.gravatar.com\/avatar\/c2f0e0d515a107624234994507816ca4724c7199cef73fc8bedebf6931d73888?s=96&d=mm&r=g","caption":"SalaStampa.eu, world press service"}}]}},"views":817,"_links":{"self":[{"href":"https:\/\/elcanillita.info\/press\/wp-json\/wp\/v2\/posts\/459","targetHints":{"allow":["GET"]}}],"collection":[{"href":"https:\/\/elcanillita.info\/press\/wp-json\/wp\/v2\/posts"}],"about":[{"href":"https:\/\/elcanillita.info\/press\/wp-json\/wp\/v2\/types\/post"}],"author":[{"embeddable":true,"href":"https:\/\/elcanillita.info\/press\/wp-json\/wp\/v2\/users\/1"}],"replies":[{"embeddable":true,"href":"https:\/\/elcanillita.info\/press\/wp-json\/wp\/v2\/comments?post=459"}],"version-history":[{"count":0,"href":"https:\/\/elcanillita.info\/press\/wp-json\/wp\/v2\/posts\/459\/revisions"}],"wp:attachment":[{"href":"https:\/\/elcanillita.info\/press\/wp-json\/wp\/v2\/media?parent=459"}],"wp:term":[{"taxonomy":"category","embeddable":true,"href":"https:\/\/elcanillita.info\/press\/wp-json\/wp\/v2\/categories?post=459"},{"taxonomy":"post_tag","embeddable":true,"href":"https:\/\/elcanillita.info\/press\/wp-json\/wp\/v2\/tags?post=459"}],"curies":[{"name":"wp","href":"https:\/\/api.w.org\/{rel}","templated":true}]}}