{"id":4584,"date":"2025-05-11T14:43:02","date_gmt":"2025-05-11T17:43:02","guid":{"rendered":"https:\/\/elcanillita.info\/press\/?p=4584"},"modified":"2025-05-11T15:52:09","modified_gmt":"2025-05-11T18:52:09","slug":"argentina-inteligente-s-a-sin-ciencia-pero-con-genio","status":"publish","type":"post","link":"https:\/\/elcanillita.info\/press\/2025\/05\/11\/argentina-inteligente-s-a-sin-ciencia-pero-con-genio\/","title":{"rendered":"Argentina Inteligente S.A.: sin Ciencia, pero con Genio<br>"},"content":{"rendered":"\n<figure class=\"wp-block-image size-full\"><img loading=\"lazy\" decoding=\"async\" width=\"600\" height=\"400\" src=\"https:\/\/elcanillita.info\/press\/images\/2025\/05\/ar_600_20250511.jpg\" alt=\"\" class=\"wp-image-4586\" srcset=\"https:\/\/elcanillita.info\/press\/images\/2025\/05\/ar_600_20250511.jpg 600w, https:\/\/elcanillita.info\/press\/images\/2025\/05\/ar_600_20250511-300x200.jpg 300w\" sizes=\"auto, (max-width: 600px) 100vw, 600px\" \/><\/figure>\n\n\n\n<p><strong>ElCanillita.info<\/strong><br><small>Argentina, 11\/05\/2025<\/small><br><small><em><strong>Por Don Tasa,  siempre subido al inter\u00e9s<\/strong><\/em><\/small><br>En la tierra del asado de cart\u00f3n y las ideas a gas pimienta, la Argentina versi\u00f3n 2025 ha decidido que no hace falta m\u00e1s plata para la Ciencia. \u201cCon un solo genio alcanza\u201d, aseguran desde los pasillos del poder, mientras apagan la luz del CONICET y convierten los microscopios en ceniceros de oficina.<\/p>\n\n\n\n<p class=\"p1\">El plan es simple: si ten\u00e9s un presidente que lee a Mises como otros leen el hor\u00f3scopo, \u00bfpara qu\u00e9 quer\u00e9s universidades, telescopios o neuronas funcionales? Lo importante es ahorrar. Y si la educaci\u00f3n molesta, \u00a1zas! Tijeretazo. Si la ciencia investiga cosas que no se entienden, \u00a1fuera! Total, siempre queda TikTok.<\/p>\n\n\n\n<p class=\"p1\">El CONICET \u2014que supo dise\u00f1ar vacunas, sat\u00e9lites y hasta criar cient\u00edficos de exportaci\u00f3n\u2014 ahora es visto como un aguantadero de pensadores seriales. Esos molestos seres que formulan hip\u00f3tesis, prueban, dudan y, peor a\u00fan, contradicen. \u00bfC\u00f3mo no recortarlos?<\/p>\n\n\n\n<p class=\"p1\">Las universidades p\u00fablicas, por su parte, est\u00e1n adoptando el modelo autosustentable: cada alumno debe llevar su propia silla, pizarra y docente particular. Las becas han sido sustituidas por \u201cvales de inspiraci\u00f3n\u201d, y en algunos casos, un afiche motivacional con la cara del l\u00edder.<\/p>\n\n\n\n<p class=\"p1\">\u201cHay que cortar con la grasa militante del pensamiento\u201d, habr\u00eda dicho un funcionario sin apellido (porque se fue antes de que llegara la AFIP). Y lo hicieron. Literalmente. Desde los cables de internet del INTI hasta las bata de los bi\u00f3logos del Malbr\u00e1n. Se acab\u00f3 la ciencia de la Naci\u00f3n: bienvenidos al pa\u00eds de la fe ciega y la motosierra filosa.<\/p>\n\n\n\n<p class=\"p1\">\u00bfLos cerebros que quedan? Est\u00e1n haciendo fila en Ezeiza, con sus diplomas escondidos en la valija, no sea cosa que los acusen de subversivos intelectuales. Mientras tanto, en la TV nacional, una panelista dice que el telescopio James Webb es kirchnerista. Y nadie lo desmiente.<\/p>\n\n\n\n<p class=\"p1\">Pero tranquilos: la Argentina sigue adelante. Aunque sin ciencia, sin universidad y sin desarrollo, nos queda el consuelo de que el Jefe sigue tocando la guitarra y explicando c\u00f3mo funciona la econom\u00eda\u2026 en su cabeza. Total, si el pa\u00eds se prende fuego, seguro es porque el f\u00f3sforo era estatal.<\/p>\n\n\n\n<p class=\"p1\"><strong>Frase final de aliento:<\/strong><\/p>\n\n\n\n<p class=\"p1\">\u201cNo llores por la Ciencia, Argentina\u2026 mejor re\u00edte, mientras te quede luz para cargar el celular.\u201d<\/p>\n\n\n\n<p><small>\u00a92025 \u201cDon Tasa \u2013 siempre subido al inter\u00e9s\u201d &#8211; Todos los derechos reservados<br>Copyright \u00a9 2025 ElCanillita.info \/ SalaStampa.eu, servicio mundial de prensa<br>Guzzo Photos &amp; Graphic Publications \u2013 Registro Editori e Stampatori n. 1441 Torino, Italia<\/small><\/p>\n\n\n\n<p><\/p>\n","protected":false},"excerpt":{"rendered":"<p>En el nuevo pa\u00eds modelo del Circo Javier, la tijera no discrimina: universidades, becas, laboratorios, sat\u00e9lites y neuronas han sido declarados gastos innecesarios. Total, \u00bfpara qu\u00e9 pensar, si ya piensa uno solo?<\/p>\n","protected":false},"author":1,"featured_media":4586,"comment_status":"closed","ping_status":"closed","sticky":false,"template":"","format":"standard","meta":{"footnotes":"","_links_to":"","_links_to_target":""},"categories":[70,123,24,126,20,130],"tags":[29],"class_list":["post-4584","post","type-post","status-publish","format-standard","has-post-thumbnail","hentry","category-actualidad","category-argentina","category-ciencia-tecnologia","category-dolores-de-la-press","category-economia","category-reportero-de-dinero","tag-argentina","entry","double"],"yoast_head":"<!-- This site is optimized with the Yoast SEO plugin v27.5 - https:\/\/yoast.com\/product\/yoast-seo-wordpress\/ -->\n<title>Argentina Inteligente S.A.: sin Ciencia, pero con Genio - ElCanillita.Info<\/title>\n<meta name=\"robots\" content=\"index, follow, max-snippet:-1, max-image-preview:large, max-video-preview:-1\" \/>\n<link rel=\"canonical\" href=\"https:\/\/elcanillita.info\/press\/2025\/05\/11\/argentina-inteligente-s-a-sin-ciencia-pero-con-genio\/\" \/>\n<meta property=\"og:locale\" content=\"es_ES\" \/>\n<meta property=\"og:type\" content=\"article\" \/>\n<meta property=\"og:title\" content=\"Argentina Inteligente S.A.: sin Ciencia, pero con Genio - ElCanillita.Info\" \/>\n<meta property=\"og:description\" content=\"En el nuevo pa\u00eds modelo del Circo Javier, la tijera no discrimina: universidades, becas, laboratorios, sat\u00e9lites y neuronas han sido declarados gastos innecesarios. Total, \u00bfpara qu\u00e9 pensar, si ya piensa uno solo?\" \/>\n<meta property=\"og:url\" content=\"https:\/\/elcanillita.info\/press\/2025\/05\/11\/argentina-inteligente-s-a-sin-ciencia-pero-con-genio\/\" \/>\n<meta property=\"og:site_name\" content=\"ElCanillita.Info\" \/>\n<meta property=\"article:publisher\" content=\"https:\/\/ar-ar.facebook.com\/ElCanillitainfo-114249515285712\/\" \/>\n<meta property=\"article:published_time\" content=\"2025-05-11T17:43:02+00:00\" \/>\n<meta property=\"article:modified_time\" content=\"2025-05-11T18:52:09+00:00\" \/>\n<meta property=\"og:image\" content=\"https:\/\/elcanillita.info\/press\/images\/2025\/05\/ar_600_20250511.jpg\" \/>\n\t<meta property=\"og:image:width\" content=\"600\" \/>\n\t<meta property=\"og:image:height\" content=\"400\" \/>\n\t<meta property=\"og:image:type\" content=\"image\/jpeg\" \/>\n<meta name=\"author\" content=\"SalaStampa.eu, world press service\" \/>\n<meta name=\"twitter:card\" content=\"summary_large_image\" \/>\n<meta name=\"twitter:label1\" content=\"Escrito por\" \/>\n\t<meta name=\"twitter:data1\" content=\"SalaStampa.eu, world press service\" \/>\n\t<meta name=\"twitter:label2\" content=\"Tiempo de lectura\" \/>\n\t<meta name=\"twitter:data2\" content=\"3 minutos\" \/>\n<script type=\"application\/ld+json\" class=\"yoast-schema-graph\">{\"@context\":\"https:\\\/\\\/schema.org\",\"@graph\":[{\"@type\":\"Article\",\"@id\":\"https:\\\/\\\/elcanillita.info\\\/press\\\/2025\\\/05\\\/11\\\/argentina-inteligente-s-a-sin-ciencia-pero-con-genio\\\/#article\",\"isPartOf\":{\"@id\":\"https:\\\/\\\/elcanillita.info\\\/press\\\/2025\\\/05\\\/11\\\/argentina-inteligente-s-a-sin-ciencia-pero-con-genio\\\/\"},\"author\":{\"name\":\"SalaStampa.eu, world press service\",\"@id\":\"https:\\\/\\\/elcanillita.info\\\/press\\\/#\\\/schema\\\/person\\\/7fcb79f38045700919f7da6d97e71ba0\"},\"headline\":\"Argentina Inteligente S.A.: sin Ciencia, pero con Genio\",\"datePublished\":\"2025-05-11T17:43:02+00:00\",\"dateModified\":\"2025-05-11T18:52:09+00:00\",\"mainEntityOfPage\":{\"@id\":\"https:\\\/\\\/elcanillita.info\\\/press\\\/2025\\\/05\\\/11\\\/argentina-inteligente-s-a-sin-ciencia-pero-con-genio\\\/\"},\"wordCount\":437,\"publisher\":{\"@id\":\"https:\\\/\\\/elcanillita.info\\\/press\\\/#organization\"},\"image\":{\"@id\":\"https:\\\/\\\/elcanillita.info\\\/press\\\/2025\\\/05\\\/11\\\/argentina-inteligente-s-a-sin-ciencia-pero-con-genio\\\/#primaryimage\"},\"thumbnailUrl\":\"https:\\\/\\\/elcanillita.info\\\/press\\\/images\\\/2025\\\/05\\\/ar_600_20250511.jpg\",\"keywords\":[\"Argentina\"],\"articleSection\":[\"Actualidad\",\"Argentina\",\"Ciencia y Tecnologia\",\"Dolores de La Press\",\"Economia\",\"Reportero de dinero\"],\"inLanguage\":\"es-AR\"},{\"@type\":\"WebPage\",\"@id\":\"https:\\\/\\\/elcanillita.info\\\/press\\\/2025\\\/05\\\/11\\\/argentina-inteligente-s-a-sin-ciencia-pero-con-genio\\\/\",\"url\":\"https:\\\/\\\/elcanillita.info\\\/press\\\/2025\\\/05\\\/11\\\/argentina-inteligente-s-a-sin-ciencia-pero-con-genio\\\/\",\"name\":\"Argentina Inteligente S.A.: sin Ciencia, pero con Genio - ElCanillita.Info\",\"isPartOf\":{\"@id\":\"https:\\\/\\\/elcanillita.info\\\/press\\\/#website\"},\"primaryImageOfPage\":{\"@id\":\"https:\\\/\\\/elcanillita.info\\\/press\\\/2025\\\/05\\\/11\\\/argentina-inteligente-s-a-sin-ciencia-pero-con-genio\\\/#primaryimage\"},\"image\":{\"@id\":\"https:\\\/\\\/elcanillita.info\\\/press\\\/2025\\\/05\\\/11\\\/argentina-inteligente-s-a-sin-ciencia-pero-con-genio\\\/#primaryimage\"},\"thumbnailUrl\":\"https:\\\/\\\/elcanillita.info\\\/press\\\/images\\\/2025\\\/05\\\/ar_600_20250511.jpg\",\"datePublished\":\"2025-05-11T17:43:02+00:00\",\"dateModified\":\"2025-05-11T18:52:09+00:00\",\"inLanguage\":\"es-AR\",\"potentialAction\":[{\"@type\":\"ReadAction\",\"target\":[\"https:\\\/\\\/elcanillita.info\\\/press\\\/2025\\\/05\\\/11\\\/argentina-inteligente-s-a-sin-ciencia-pero-con-genio\\\/\"]}]},{\"@type\":\"ImageObject\",\"inLanguage\":\"es-AR\",\"@id\":\"https:\\\/\\\/elcanillita.info\\\/press\\\/2025\\\/05\\\/11\\\/argentina-inteligente-s-a-sin-ciencia-pero-con-genio\\\/#primaryimage\",\"url\":\"https:\\\/\\\/elcanillita.info\\\/press\\\/images\\\/2025\\\/05\\\/ar_600_20250511.jpg\",\"contentUrl\":\"https:\\\/\\\/elcanillita.info\\\/press\\\/images\\\/2025\\\/05\\\/ar_600_20250511.jpg\",\"width\":600,\"height\":400},{\"@type\":\"WebSite\",\"@id\":\"https:\\\/\\\/elcanillita.info\\\/press\\\/#website\",\"url\":\"https:\\\/\\\/elcanillita.info\\\/press\\\/\",\"name\":\"ElCanillita.Info\",\"description\":\"desde los Apeninos a los Andes\",\"publisher\":{\"@id\":\"https:\\\/\\\/elcanillita.info\\\/press\\\/#organization\"},\"potentialAction\":[{\"@type\":\"SearchAction\",\"target\":{\"@type\":\"EntryPoint\",\"urlTemplate\":\"https:\\\/\\\/elcanillita.info\\\/press\\\/?s={search_term_string}\"},\"query-input\":{\"@type\":\"PropertyValueSpecification\",\"valueRequired\":true,\"valueName\":\"search_term_string\"}}],\"inLanguage\":\"es-AR\"},{\"@type\":\"Organization\",\"@id\":\"https:\\\/\\\/elcanillita.info\\\/press\\\/#organization\",\"name\":\"Guzzo Photos & Graphic Publications\",\"url\":\"https:\\\/\\\/elcanillita.info\\\/press\\\/\",\"logo\":{\"@type\":\"ImageObject\",\"inLanguage\":\"es-AR\",\"@id\":\"https:\\\/\\\/elcanillita.info\\\/press\\\/#\\\/schema\\\/logo\\\/image\\\/\",\"url\":\"https:\\\/\\\/elcanillita.info\\\/press\\\/images\\\/2020\\\/01\\\/cropped-cropped-cropped-elcanillitainfo.png\",\"contentUrl\":\"https:\\\/\\\/elcanillita.info\\\/press\\\/images\\\/2020\\\/01\\\/cropped-cropped-cropped-elcanillitainfo.png\",\"width\":460,\"height\":50,\"caption\":\"Guzzo Photos & Graphic Publications\"},\"image\":{\"@id\":\"https:\\\/\\\/elcanillita.info\\\/press\\\/#\\\/schema\\\/logo\\\/image\\\/\"},\"sameAs\":[\"https:\\\/\\\/ar-ar.facebook.com\\\/ElCanillitainfo-114249515285712\\\/\"]},{\"@type\":\"Person\",\"@id\":\"https:\\\/\\\/elcanillita.info\\\/press\\\/#\\\/schema\\\/person\\\/7fcb79f38045700919f7da6d97e71ba0\",\"name\":\"SalaStampa.eu, world press service\",\"image\":{\"@type\":\"ImageObject\",\"inLanguage\":\"es-AR\",\"@id\":\"https:\\\/\\\/secure.gravatar.com\\\/avatar\\\/c2f0e0d515a107624234994507816ca4724c7199cef73fc8bedebf6931d73888?s=96&d=mm&r=g\",\"url\":\"https:\\\/\\\/secure.gravatar.com\\\/avatar\\\/c2f0e0d515a107624234994507816ca4724c7199cef73fc8bedebf6931d73888?s=96&d=mm&r=g\",\"contentUrl\":\"https:\\\/\\\/secure.gravatar.com\\\/avatar\\\/c2f0e0d515a107624234994507816ca4724c7199cef73fc8bedebf6931d73888?s=96&d=mm&r=g\",\"caption\":\"SalaStampa.eu, world press service\"}}]}<\/script>\n<!-- \/ Yoast SEO plugin. -->","yoast_head_json":{"title":"Argentina Inteligente S.A.: sin Ciencia, pero con Genio - ElCanillita.Info","robots":{"index":"index","follow":"follow","max-snippet":"max-snippet:-1","max-image-preview":"max-image-preview:large","max-video-preview":"max-video-preview:-1"},"canonical":"https:\/\/elcanillita.info\/press\/2025\/05\/11\/argentina-inteligente-s-a-sin-ciencia-pero-con-genio\/","og_locale":"es_ES","og_type":"article","og_title":"Argentina Inteligente S.A.: sin Ciencia, pero con Genio - ElCanillita.Info","og_description":"En el nuevo pa\u00eds modelo del Circo Javier, la tijera no discrimina: universidades, becas, laboratorios, sat\u00e9lites y neuronas han sido declarados gastos innecesarios. Total, \u00bfpara qu\u00e9 pensar, si ya piensa uno solo?","og_url":"https:\/\/elcanillita.info\/press\/2025\/05\/11\/argentina-inteligente-s-a-sin-ciencia-pero-con-genio\/","og_site_name":"ElCanillita.Info","article_publisher":"https:\/\/ar-ar.facebook.com\/ElCanillitainfo-114249515285712\/","article_published_time":"2025-05-11T17:43:02+00:00","article_modified_time":"2025-05-11T18:52:09+00:00","og_image":[{"width":600,"height":400,"url":"https:\/\/elcanillita.info\/press\/images\/2025\/05\/ar_600_20250511.jpg","type":"image\/jpeg"}],"author":"SalaStampa.eu, world press service","twitter_card":"summary_large_image","twitter_misc":{"Escrito por":"SalaStampa.eu, world press service","Tiempo de lectura":"3 minutos"},"schema":{"@context":"https:\/\/schema.org","@graph":[{"@type":"Article","@id":"https:\/\/elcanillita.info\/press\/2025\/05\/11\/argentina-inteligente-s-a-sin-ciencia-pero-con-genio\/#article","isPartOf":{"@id":"https:\/\/elcanillita.info\/press\/2025\/05\/11\/argentina-inteligente-s-a-sin-ciencia-pero-con-genio\/"},"author":{"name":"SalaStampa.eu, world press service","@id":"https:\/\/elcanillita.info\/press\/#\/schema\/person\/7fcb79f38045700919f7da6d97e71ba0"},"headline":"Argentina Inteligente S.A.: sin Ciencia, pero con Genio","datePublished":"2025-05-11T17:43:02+00:00","dateModified":"2025-05-11T18:52:09+00:00","mainEntityOfPage":{"@id":"https:\/\/elcanillita.info\/press\/2025\/05\/11\/argentina-inteligente-s-a-sin-ciencia-pero-con-genio\/"},"wordCount":437,"publisher":{"@id":"https:\/\/elcanillita.info\/press\/#organization"},"image":{"@id":"https:\/\/elcanillita.info\/press\/2025\/05\/11\/argentina-inteligente-s-a-sin-ciencia-pero-con-genio\/#primaryimage"},"thumbnailUrl":"https:\/\/elcanillita.info\/press\/images\/2025\/05\/ar_600_20250511.jpg","keywords":["Argentina"],"articleSection":["Actualidad","Argentina","Ciencia y Tecnologia","Dolores de La Press","Economia","Reportero de dinero"],"inLanguage":"es-AR"},{"@type":"WebPage","@id":"https:\/\/elcanillita.info\/press\/2025\/05\/11\/argentina-inteligente-s-a-sin-ciencia-pero-con-genio\/","url":"https:\/\/elcanillita.info\/press\/2025\/05\/11\/argentina-inteligente-s-a-sin-ciencia-pero-con-genio\/","name":"Argentina Inteligente S.A.: sin Ciencia, pero con Genio - ElCanillita.Info","isPartOf":{"@id":"https:\/\/elcanillita.info\/press\/#website"},"primaryImageOfPage":{"@id":"https:\/\/elcanillita.info\/press\/2025\/05\/11\/argentina-inteligente-s-a-sin-ciencia-pero-con-genio\/#primaryimage"},"image":{"@id":"https:\/\/elcanillita.info\/press\/2025\/05\/11\/argentina-inteligente-s-a-sin-ciencia-pero-con-genio\/#primaryimage"},"thumbnailUrl":"https:\/\/elcanillita.info\/press\/images\/2025\/05\/ar_600_20250511.jpg","datePublished":"2025-05-11T17:43:02+00:00","dateModified":"2025-05-11T18:52:09+00:00","inLanguage":"es-AR","potentialAction":[{"@type":"ReadAction","target":["https:\/\/elcanillita.info\/press\/2025\/05\/11\/argentina-inteligente-s-a-sin-ciencia-pero-con-genio\/"]}]},{"@type":"ImageObject","inLanguage":"es-AR","@id":"https:\/\/elcanillita.info\/press\/2025\/05\/11\/argentina-inteligente-s-a-sin-ciencia-pero-con-genio\/#primaryimage","url":"https:\/\/elcanillita.info\/press\/images\/2025\/05\/ar_600_20250511.jpg","contentUrl":"https:\/\/elcanillita.info\/press\/images\/2025\/05\/ar_600_20250511.jpg","width":600,"height":400},{"@type":"WebSite","@id":"https:\/\/elcanillita.info\/press\/#website","url":"https:\/\/elcanillita.info\/press\/","name":"ElCanillita.Info","description":"desde los Apeninos a los Andes","publisher":{"@id":"https:\/\/elcanillita.info\/press\/#organization"},"potentialAction":[{"@type":"SearchAction","target":{"@type":"EntryPoint","urlTemplate":"https:\/\/elcanillita.info\/press\/?s={search_term_string}"},"query-input":{"@type":"PropertyValueSpecification","valueRequired":true,"valueName":"search_term_string"}}],"inLanguage":"es-AR"},{"@type":"Organization","@id":"https:\/\/elcanillita.info\/press\/#organization","name":"Guzzo Photos & Graphic Publications","url":"https:\/\/elcanillita.info\/press\/","logo":{"@type":"ImageObject","inLanguage":"es-AR","@id":"https:\/\/elcanillita.info\/press\/#\/schema\/logo\/image\/","url":"https:\/\/elcanillita.info\/press\/images\/2020\/01\/cropped-cropped-cropped-elcanillitainfo.png","contentUrl":"https:\/\/elcanillita.info\/press\/images\/2020\/01\/cropped-cropped-cropped-elcanillitainfo.png","width":460,"height":50,"caption":"Guzzo Photos & Graphic Publications"},"image":{"@id":"https:\/\/elcanillita.info\/press\/#\/schema\/logo\/image\/"},"sameAs":["https:\/\/ar-ar.facebook.com\/ElCanillitainfo-114249515285712\/"]},{"@type":"Person","@id":"https:\/\/elcanillita.info\/press\/#\/schema\/person\/7fcb79f38045700919f7da6d97e71ba0","name":"SalaStampa.eu, world press service","image":{"@type":"ImageObject","inLanguage":"es-AR","@id":"https:\/\/secure.gravatar.com\/avatar\/c2f0e0d515a107624234994507816ca4724c7199cef73fc8bedebf6931d73888?s=96&d=mm&r=g","url":"https:\/\/secure.gravatar.com\/avatar\/c2f0e0d515a107624234994507816ca4724c7199cef73fc8bedebf6931d73888?s=96&d=mm&r=g","contentUrl":"https:\/\/secure.gravatar.com\/avatar\/c2f0e0d515a107624234994507816ca4724c7199cef73fc8bedebf6931d73888?s=96&d=mm&r=g","caption":"SalaStampa.eu, world press service"}}]}},"views":176,"_links":{"self":[{"href":"https:\/\/elcanillita.info\/press\/wp-json\/wp\/v2\/posts\/4584","targetHints":{"allow":["GET"]}}],"collection":[{"href":"https:\/\/elcanillita.info\/press\/wp-json\/wp\/v2\/posts"}],"about":[{"href":"https:\/\/elcanillita.info\/press\/wp-json\/wp\/v2\/types\/post"}],"author":[{"embeddable":true,"href":"https:\/\/elcanillita.info\/press\/wp-json\/wp\/v2\/users\/1"}],"replies":[{"embeddable":true,"href":"https:\/\/elcanillita.info\/press\/wp-json\/wp\/v2\/comments?post=4584"}],"version-history":[{"count":0,"href":"https:\/\/elcanillita.info\/press\/wp-json\/wp\/v2\/posts\/4584\/revisions"}],"wp:featuredmedia":[{"embeddable":true,"href":"https:\/\/elcanillita.info\/press\/wp-json\/wp\/v2\/media\/4586"}],"wp:attachment":[{"href":"https:\/\/elcanillita.info\/press\/wp-json\/wp\/v2\/media?parent=4584"}],"wp:term":[{"taxonomy":"category","embeddable":true,"href":"https:\/\/elcanillita.info\/press\/wp-json\/wp\/v2\/categories?post=4584"},{"taxonomy":"post_tag","embeddable":true,"href":"https:\/\/elcanillita.info\/press\/wp-json\/wp\/v2\/tags?post=4584"}],"curies":[{"name":"wp","href":"https:\/\/api.w.org\/{rel}","templated":true}]}}