{"id":4552,"date":"2025-05-06T05:41:22","date_gmt":"2025-05-06T08:41:22","guid":{"rendered":"https:\/\/elcanillita.info\/press\/?p=4552"},"modified":"2025-05-06T05:49:59","modified_gmt":"2025-05-06T08:49:59","slug":"hebe-casado-el-pami-diezmero-y-la-argentina-mileidiana","status":"publish","type":"post","link":"https:\/\/elcanillita.info\/press\/2025\/05\/06\/hebe-casado-el-pami-diezmero-y-la-argentina-mileidiana\/","title":{"rendered":"Hebe Casado, el PAMI diezmero y la Argentina Mileidiana"},"content":{"rendered":"<div class=\"wp-block-image\">\n<figure class=\"alignleft size-full\"><img loading=\"lazy\" decoding=\"async\" width=\"367\" height=\"550\" src=\"https:\/\/elcanillita.info\/press\/images\/2025\/05\/pagecron_20250506.jpg\" alt=\"\" class=\"wp-image-4553\" srcset=\"https:\/\/elcanillita.info\/press\/images\/2025\/05\/pagecron_20250506.jpg 367w, https:\/\/elcanillita.info\/press\/images\/2025\/05\/pagecron_20250506-200x300.jpg 200w\" sizes=\"auto, (max-width: 367px) 100vw, 367px\" \/><\/figure>\n<\/div>\n\n\n<p><small><strong>Argentina, 06\/05\/2025<\/strong><\/small><br>Cuando parec\u00eda que la rep\u00fablica de los sobres ya hab\u00eda sido derrotada por el ej\u00e9rcito libertario del sentido com\u00fan, apareci\u00f3 un nuevo cap\u00edtulo de realismo argentino: los diezmos en el PAMI. <br><br>S\u00ed, querido lector. No es el Vaticano, no es Loma Negra, no es Game of Thrones: es La Libertad Avanza. Pero cobra como la Iglesia.<\/p>\n\n\n\n<p>Y como toda misa necesita una figura religiosa, aparece ella: Hebe Casado, m\u00e9dica inmun\u00f3loga, fan de la OMS solo cuando le conviene, y actual vicegobernadora de Mendoza (aunque en los pasillos ya la bendicen como futura gobernadora). No, no est\u00e1 formalmente vinculada a los esc\u00e1ndalos de los diezmos en el PAMI. Pero como dice el viejo dicho mendocino: \u201ccuando el r\u00edo suena\u2026 agua lleva\u201d.<\/p>\n\n\n\n<p><strong>Las provincias: nuevas sucursales del diezmo<\/strong><br>En Misiones, empleados del PAMI y la ANSES denunciaron que les exig\u00edan el 10% del sueldo \u201cpara la causa\u201d. As\u00ed, sin anestesia. \u00bfPara qu\u00e9? Para pagarle la nafta al dogma de la motosierra. Adri\u00e1n N\u00fa\u00f1ez, el jefe libertario de la provincia, parece haber confundido la pol\u00edtica con una iglesia evang\u00e9lica con d\u00e9bito autom\u00e1tico.<\/p>\n\n\n\n<p>En La Pampa, subieron la apuesta: el diezmo lleg\u00f3 al 15%, y la cuenta para depositarlo estaba a nombre de un tal Julio Jamad. \u00bfVoluntario? S\u00ed, como los aplausos a Sturzenegger.<\/p>\n\n\n\n<p>En Santa Cruz y Chaco tambi\u00e9n hubo se\u00f1ales del Esp\u00edritu Santo libertario: despidos, coacciones y amenazas a funcionarios que no quer\u00edan poner \u201cel cuerpo (y el sueldo) por la libertad\u201d.<\/p>\n\n\n\n<p><strong>Buenos Aires: el reino de los retornos<\/strong><br>Viviana Aguirre, exfuncionaria del PAMI y diputada suplente de LLA, denunci\u00f3 que le pidieron un mill\u00f3n de pesos para que le den un cargo. Ah, y tambi\u00e9n confes\u00f3 que se ped\u00edan adicionales por servicios m\u00e9dicos ya pagos. El verso de la casta\u2026 pero sin anestesia y con recargo.<\/p>\n\n\n\n<p><strong>Milei, Milei nuestro\u2026<\/strong><br>Desde el PAMI nacional lanzaron un comunicado diciendo que \u201cla corrupci\u00f3n no ser\u00e1 tolerada\u201d, que \u201cno somos m\u00e1s una caja negra\u201d y otras frases de manual. Pero lo cierto es que el modelo no es nuevo: solo le pusieron birrete libertario a la vieja costumbre de pasar el cepillo entre los compa\u00f1eros.<\/p>\n\n\n\n<p>Y mientras los jubilados hacen fila para cobrar $100.000 con suerte, sus jefes pol\u00edticos los miran desde lo alto de la parroquia estatal, custodiados por un busto de Milei con aureola y olor a incienso de d\u00f3lar blue.<br><br>En resumen: Hebe Casado no est\u00e1 en la lista de los diezmeros, pero vive en el convento. Por ahora, reza sin manchas. Pero en esta Argentina Mileidiana, los rezos son con c\u00f3digo QR y el incienso viene del blue. Si el r\u00edo suena, Hebe\u2026 escuch\u00e1 bien.<\/p>\n\n\n\n<p><strong><small>\u00a92025 \u201cDon Afano \u2013 columnista freelance del Ministerio (del rev\u00e9s)\u201d <\/small><br><small>Todos los derechos reservados<\/small><\/strong><small> <\/small><br><small>Copyright \u00a9 2025 ElCanillita.info \/ SalaStampa.eu, servicio mundial de prensa<\/small><br><small>Guzzo Photos &amp; Graphic Publications \u2013 Registro Editori e Stampatori n. 1441 Torino, Italia<\/small><\/p>\n\n\n\n<p><\/p>\n","protected":false},"excerpt":{"rendered":"<p>Hebe Casado no est\u00e1 en la lista de los diezmeros, pero vive en el convento.<\/p>\n","protected":false},"author":1,"featured_media":4559,"comment_status":"closed","ping_status":"closed","sticky":false,"template":"","format":"standard","meta":{"footnotes":"","_links_to":"","_links_to_target":""},"categories":[121,108,70,123,118,126,20,23,25],"tags":[29],"class_list":["post-4552","post","type-post","status-publish","format-standard","has-post-thumbnail","hentry","category-dc24","category-blogdiario","category-actualidad","category-argentina","category-corrupcion","category-dolores-de-la-press","category-economia","category-politica","category-sociedad","tag-argentina","entry","double"],"yoast_head":"<!-- This site is optimized with the Yoast SEO plugin v27.5 - https:\/\/yoast.com\/product\/yoast-seo-wordpress\/ -->\n<title>Hebe Casado, el PAMI diezmero y la Argentina Mileidiana - ElCanillita.Info<\/title>\n<meta name=\"robots\" content=\"index, follow, max-snippet:-1, max-image-preview:large, max-video-preview:-1\" \/>\n<link rel=\"canonical\" href=\"https:\/\/elcanillita.info\/press\/2025\/05\/06\/hebe-casado-el-pami-diezmero-y-la-argentina-mileidiana\/\" \/>\n<meta property=\"og:locale\" content=\"es_ES\" \/>\n<meta property=\"og:type\" content=\"article\" \/>\n<meta property=\"og:title\" content=\"Hebe Casado, el PAMI diezmero y la Argentina Mileidiana - ElCanillita.Info\" \/>\n<meta property=\"og:description\" content=\"Hebe Casado no est\u00e1 en la lista de los diezmeros, pero vive en el convento.\" \/>\n<meta property=\"og:url\" content=\"https:\/\/elcanillita.info\/press\/2025\/05\/06\/hebe-casado-el-pami-diezmero-y-la-argentina-mileidiana\/\" \/>\n<meta property=\"og:site_name\" content=\"ElCanillita.Info\" \/>\n<meta property=\"article:publisher\" content=\"https:\/\/ar-ar.facebook.com\/ElCanillitainfo-114249515285712\/\" \/>\n<meta property=\"article:published_time\" content=\"2025-05-06T08:41:22+00:00\" \/>\n<meta property=\"article:modified_time\" content=\"2025-05-06T08:49:59+00:00\" \/>\n<meta property=\"og:image\" content=\"https:\/\/elcanillita.info\/press\/images\/2025\/05\/cover_300_20250506.jpg\" \/>\n\t<meta property=\"og:image:width\" content=\"300\" \/>\n\t<meta property=\"og:image:height\" content=\"300\" \/>\n\t<meta property=\"og:image:type\" content=\"image\/jpeg\" \/>\n<meta name=\"author\" content=\"SalaStampa.eu, world press service\" \/>\n<meta name=\"twitter:card\" content=\"summary_large_image\" \/>\n<meta name=\"twitter:label1\" content=\"Escrito por\" \/>\n\t<meta name=\"twitter:data1\" content=\"SalaStampa.eu, world press service\" \/>\n\t<meta name=\"twitter:label2\" content=\"Tiempo de lectura\" \/>\n\t<meta name=\"twitter:data2\" content=\"3 minutos\" \/>\n<script type=\"application\/ld+json\" class=\"yoast-schema-graph\">{\"@context\":\"https:\\\/\\\/schema.org\",\"@graph\":[{\"@type\":\"Article\",\"@id\":\"https:\\\/\\\/elcanillita.info\\\/press\\\/2025\\\/05\\\/06\\\/hebe-casado-el-pami-diezmero-y-la-argentina-mileidiana\\\/#article\",\"isPartOf\":{\"@id\":\"https:\\\/\\\/elcanillita.info\\\/press\\\/2025\\\/05\\\/06\\\/hebe-casado-el-pami-diezmero-y-la-argentina-mileidiana\\\/\"},\"author\":{\"name\":\"SalaStampa.eu, world press service\",\"@id\":\"https:\\\/\\\/elcanillita.info\\\/press\\\/#\\\/schema\\\/person\\\/7fcb79f38045700919f7da6d97e71ba0\"},\"headline\":\"Hebe Casado, el PAMI diezmero y la Argentina Mileidiana\",\"datePublished\":\"2025-05-06T08:41:22+00:00\",\"dateModified\":\"2025-05-06T08:49:59+00:00\",\"mainEntityOfPage\":{\"@id\":\"https:\\\/\\\/elcanillita.info\\\/press\\\/2025\\\/05\\\/06\\\/hebe-casado-el-pami-diezmero-y-la-argentina-mileidiana\\\/\"},\"wordCount\":507,\"publisher\":{\"@id\":\"https:\\\/\\\/elcanillita.info\\\/press\\\/#organization\"},\"image\":{\"@id\":\"https:\\\/\\\/elcanillita.info\\\/press\\\/2025\\\/05\\\/06\\\/hebe-casado-el-pami-diezmero-y-la-argentina-mileidiana\\\/#primaryimage\"},\"thumbnailUrl\":\"https:\\\/\\\/elcanillita.info\\\/press\\\/images\\\/2025\\\/05\\\/cover_300_20250506.jpg\",\"keywords\":[\"Argentina\"],\"articleSection\":[\".\",\".\",\"Actualidad\",\"Argentina\",\"Corrupci\u00f3n\",\"Dolores de La Press\",\"Economia\",\"Politica\",\"Sociedad\"],\"inLanguage\":\"es-AR\"},{\"@type\":\"WebPage\",\"@id\":\"https:\\\/\\\/elcanillita.info\\\/press\\\/2025\\\/05\\\/06\\\/hebe-casado-el-pami-diezmero-y-la-argentina-mileidiana\\\/\",\"url\":\"https:\\\/\\\/elcanillita.info\\\/press\\\/2025\\\/05\\\/06\\\/hebe-casado-el-pami-diezmero-y-la-argentina-mileidiana\\\/\",\"name\":\"Hebe Casado, el PAMI diezmero y la Argentina Mileidiana - ElCanillita.Info\",\"isPartOf\":{\"@id\":\"https:\\\/\\\/elcanillita.info\\\/press\\\/#website\"},\"primaryImageOfPage\":{\"@id\":\"https:\\\/\\\/elcanillita.info\\\/press\\\/2025\\\/05\\\/06\\\/hebe-casado-el-pami-diezmero-y-la-argentina-mileidiana\\\/#primaryimage\"},\"image\":{\"@id\":\"https:\\\/\\\/elcanillita.info\\\/press\\\/2025\\\/05\\\/06\\\/hebe-casado-el-pami-diezmero-y-la-argentina-mileidiana\\\/#primaryimage\"},\"thumbnailUrl\":\"https:\\\/\\\/elcanillita.info\\\/press\\\/images\\\/2025\\\/05\\\/cover_300_20250506.jpg\",\"datePublished\":\"2025-05-06T08:41:22+00:00\",\"dateModified\":\"2025-05-06T08:49:59+00:00\",\"inLanguage\":\"es-AR\",\"potentialAction\":[{\"@type\":\"ReadAction\",\"target\":[\"https:\\\/\\\/elcanillita.info\\\/press\\\/2025\\\/05\\\/06\\\/hebe-casado-el-pami-diezmero-y-la-argentina-mileidiana\\\/\"]}]},{\"@type\":\"ImageObject\",\"inLanguage\":\"es-AR\",\"@id\":\"https:\\\/\\\/elcanillita.info\\\/press\\\/2025\\\/05\\\/06\\\/hebe-casado-el-pami-diezmero-y-la-argentina-mileidiana\\\/#primaryimage\",\"url\":\"https:\\\/\\\/elcanillita.info\\\/press\\\/images\\\/2025\\\/05\\\/cover_300_20250506.jpg\",\"contentUrl\":\"https:\\\/\\\/elcanillita.info\\\/press\\\/images\\\/2025\\\/05\\\/cover_300_20250506.jpg\",\"width\":300,\"height\":300},{\"@type\":\"WebSite\",\"@id\":\"https:\\\/\\\/elcanillita.info\\\/press\\\/#website\",\"url\":\"https:\\\/\\\/elcanillita.info\\\/press\\\/\",\"name\":\"ElCanillita.Info\",\"description\":\"desde los Apeninos a los Andes\",\"publisher\":{\"@id\":\"https:\\\/\\\/elcanillita.info\\\/press\\\/#organization\"},\"potentialAction\":[{\"@type\":\"SearchAction\",\"target\":{\"@type\":\"EntryPoint\",\"urlTemplate\":\"https:\\\/\\\/elcanillita.info\\\/press\\\/?s={search_term_string}\"},\"query-input\":{\"@type\":\"PropertyValueSpecification\",\"valueRequired\":true,\"valueName\":\"search_term_string\"}}],\"inLanguage\":\"es-AR\"},{\"@type\":\"Organization\",\"@id\":\"https:\\\/\\\/elcanillita.info\\\/press\\\/#organization\",\"name\":\"Guzzo Photos & Graphic Publications\",\"url\":\"https:\\\/\\\/elcanillita.info\\\/press\\\/\",\"logo\":{\"@type\":\"ImageObject\",\"inLanguage\":\"es-AR\",\"@id\":\"https:\\\/\\\/elcanillita.info\\\/press\\\/#\\\/schema\\\/logo\\\/image\\\/\",\"url\":\"https:\\\/\\\/elcanillita.info\\\/press\\\/images\\\/2020\\\/01\\\/cropped-cropped-cropped-elcanillitainfo.png\",\"contentUrl\":\"https:\\\/\\\/elcanillita.info\\\/press\\\/images\\\/2020\\\/01\\\/cropped-cropped-cropped-elcanillitainfo.png\",\"width\":460,\"height\":50,\"caption\":\"Guzzo Photos & Graphic Publications\"},\"image\":{\"@id\":\"https:\\\/\\\/elcanillita.info\\\/press\\\/#\\\/schema\\\/logo\\\/image\\\/\"},\"sameAs\":[\"https:\\\/\\\/ar-ar.facebook.com\\\/ElCanillitainfo-114249515285712\\\/\"]},{\"@type\":\"Person\",\"@id\":\"https:\\\/\\\/elcanillita.info\\\/press\\\/#\\\/schema\\\/person\\\/7fcb79f38045700919f7da6d97e71ba0\",\"name\":\"SalaStampa.eu, world press service\",\"image\":{\"@type\":\"ImageObject\",\"inLanguage\":\"es-AR\",\"@id\":\"https:\\\/\\\/secure.gravatar.com\\\/avatar\\\/c2f0e0d515a107624234994507816ca4724c7199cef73fc8bedebf6931d73888?s=96&d=mm&r=g\",\"url\":\"https:\\\/\\\/secure.gravatar.com\\\/avatar\\\/c2f0e0d515a107624234994507816ca4724c7199cef73fc8bedebf6931d73888?s=96&d=mm&r=g\",\"contentUrl\":\"https:\\\/\\\/secure.gravatar.com\\\/avatar\\\/c2f0e0d515a107624234994507816ca4724c7199cef73fc8bedebf6931d73888?s=96&d=mm&r=g\",\"caption\":\"SalaStampa.eu, world press service\"}}]}<\/script>\n<!-- \/ Yoast SEO plugin. -->","yoast_head_json":{"title":"Hebe Casado, el PAMI diezmero y la Argentina Mileidiana - ElCanillita.Info","robots":{"index":"index","follow":"follow","max-snippet":"max-snippet:-1","max-image-preview":"max-image-preview:large","max-video-preview":"max-video-preview:-1"},"canonical":"https:\/\/elcanillita.info\/press\/2025\/05\/06\/hebe-casado-el-pami-diezmero-y-la-argentina-mileidiana\/","og_locale":"es_ES","og_type":"article","og_title":"Hebe Casado, el PAMI diezmero y la Argentina Mileidiana - ElCanillita.Info","og_description":"Hebe Casado no est\u00e1 en la lista de los diezmeros, pero vive en el convento.","og_url":"https:\/\/elcanillita.info\/press\/2025\/05\/06\/hebe-casado-el-pami-diezmero-y-la-argentina-mileidiana\/","og_site_name":"ElCanillita.Info","article_publisher":"https:\/\/ar-ar.facebook.com\/ElCanillitainfo-114249515285712\/","article_published_time":"2025-05-06T08:41:22+00:00","article_modified_time":"2025-05-06T08:49:59+00:00","og_image":[{"width":300,"height":300,"url":"https:\/\/elcanillita.info\/press\/images\/2025\/05\/cover_300_20250506.jpg","type":"image\/jpeg"}],"author":"SalaStampa.eu, world press service","twitter_card":"summary_large_image","twitter_misc":{"Escrito por":"SalaStampa.eu, world press service","Tiempo de lectura":"3 minutos"},"schema":{"@context":"https:\/\/schema.org","@graph":[{"@type":"Article","@id":"https:\/\/elcanillita.info\/press\/2025\/05\/06\/hebe-casado-el-pami-diezmero-y-la-argentina-mileidiana\/#article","isPartOf":{"@id":"https:\/\/elcanillita.info\/press\/2025\/05\/06\/hebe-casado-el-pami-diezmero-y-la-argentina-mileidiana\/"},"author":{"name":"SalaStampa.eu, world press service","@id":"https:\/\/elcanillita.info\/press\/#\/schema\/person\/7fcb79f38045700919f7da6d97e71ba0"},"headline":"Hebe Casado, el PAMI diezmero y la Argentina Mileidiana","datePublished":"2025-05-06T08:41:22+00:00","dateModified":"2025-05-06T08:49:59+00:00","mainEntityOfPage":{"@id":"https:\/\/elcanillita.info\/press\/2025\/05\/06\/hebe-casado-el-pami-diezmero-y-la-argentina-mileidiana\/"},"wordCount":507,"publisher":{"@id":"https:\/\/elcanillita.info\/press\/#organization"},"image":{"@id":"https:\/\/elcanillita.info\/press\/2025\/05\/06\/hebe-casado-el-pami-diezmero-y-la-argentina-mileidiana\/#primaryimage"},"thumbnailUrl":"https:\/\/elcanillita.info\/press\/images\/2025\/05\/cover_300_20250506.jpg","keywords":["Argentina"],"articleSection":[".",".","Actualidad","Argentina","Corrupci\u00f3n","Dolores de La Press","Economia","Politica","Sociedad"],"inLanguage":"es-AR"},{"@type":"WebPage","@id":"https:\/\/elcanillita.info\/press\/2025\/05\/06\/hebe-casado-el-pami-diezmero-y-la-argentina-mileidiana\/","url":"https:\/\/elcanillita.info\/press\/2025\/05\/06\/hebe-casado-el-pami-diezmero-y-la-argentina-mileidiana\/","name":"Hebe Casado, el PAMI diezmero y la Argentina Mileidiana - ElCanillita.Info","isPartOf":{"@id":"https:\/\/elcanillita.info\/press\/#website"},"primaryImageOfPage":{"@id":"https:\/\/elcanillita.info\/press\/2025\/05\/06\/hebe-casado-el-pami-diezmero-y-la-argentina-mileidiana\/#primaryimage"},"image":{"@id":"https:\/\/elcanillita.info\/press\/2025\/05\/06\/hebe-casado-el-pami-diezmero-y-la-argentina-mileidiana\/#primaryimage"},"thumbnailUrl":"https:\/\/elcanillita.info\/press\/images\/2025\/05\/cover_300_20250506.jpg","datePublished":"2025-05-06T08:41:22+00:00","dateModified":"2025-05-06T08:49:59+00:00","inLanguage":"es-AR","potentialAction":[{"@type":"ReadAction","target":["https:\/\/elcanillita.info\/press\/2025\/05\/06\/hebe-casado-el-pami-diezmero-y-la-argentina-mileidiana\/"]}]},{"@type":"ImageObject","inLanguage":"es-AR","@id":"https:\/\/elcanillita.info\/press\/2025\/05\/06\/hebe-casado-el-pami-diezmero-y-la-argentina-mileidiana\/#primaryimage","url":"https:\/\/elcanillita.info\/press\/images\/2025\/05\/cover_300_20250506.jpg","contentUrl":"https:\/\/elcanillita.info\/press\/images\/2025\/05\/cover_300_20250506.jpg","width":300,"height":300},{"@type":"WebSite","@id":"https:\/\/elcanillita.info\/press\/#website","url":"https:\/\/elcanillita.info\/press\/","name":"ElCanillita.Info","description":"desde los Apeninos a los Andes","publisher":{"@id":"https:\/\/elcanillita.info\/press\/#organization"},"potentialAction":[{"@type":"SearchAction","target":{"@type":"EntryPoint","urlTemplate":"https:\/\/elcanillita.info\/press\/?s={search_term_string}"},"query-input":{"@type":"PropertyValueSpecification","valueRequired":true,"valueName":"search_term_string"}}],"inLanguage":"es-AR"},{"@type":"Organization","@id":"https:\/\/elcanillita.info\/press\/#organization","name":"Guzzo Photos & Graphic Publications","url":"https:\/\/elcanillita.info\/press\/","logo":{"@type":"ImageObject","inLanguage":"es-AR","@id":"https:\/\/elcanillita.info\/press\/#\/schema\/logo\/image\/","url":"https:\/\/elcanillita.info\/press\/images\/2020\/01\/cropped-cropped-cropped-elcanillitainfo.png","contentUrl":"https:\/\/elcanillita.info\/press\/images\/2020\/01\/cropped-cropped-cropped-elcanillitainfo.png","width":460,"height":50,"caption":"Guzzo Photos & Graphic Publications"},"image":{"@id":"https:\/\/elcanillita.info\/press\/#\/schema\/logo\/image\/"},"sameAs":["https:\/\/ar-ar.facebook.com\/ElCanillitainfo-114249515285712\/"]},{"@type":"Person","@id":"https:\/\/elcanillita.info\/press\/#\/schema\/person\/7fcb79f38045700919f7da6d97e71ba0","name":"SalaStampa.eu, world press service","image":{"@type":"ImageObject","inLanguage":"es-AR","@id":"https:\/\/secure.gravatar.com\/avatar\/c2f0e0d515a107624234994507816ca4724c7199cef73fc8bedebf6931d73888?s=96&d=mm&r=g","url":"https:\/\/secure.gravatar.com\/avatar\/c2f0e0d515a107624234994507816ca4724c7199cef73fc8bedebf6931d73888?s=96&d=mm&r=g","contentUrl":"https:\/\/secure.gravatar.com\/avatar\/c2f0e0d515a107624234994507816ca4724c7199cef73fc8bedebf6931d73888?s=96&d=mm&r=g","caption":"SalaStampa.eu, world press service"}}]}},"views":220,"_links":{"self":[{"href":"https:\/\/elcanillita.info\/press\/wp-json\/wp\/v2\/posts\/4552","targetHints":{"allow":["GET"]}}],"collection":[{"href":"https:\/\/elcanillita.info\/press\/wp-json\/wp\/v2\/posts"}],"about":[{"href":"https:\/\/elcanillita.info\/press\/wp-json\/wp\/v2\/types\/post"}],"author":[{"embeddable":true,"href":"https:\/\/elcanillita.info\/press\/wp-json\/wp\/v2\/users\/1"}],"replies":[{"embeddable":true,"href":"https:\/\/elcanillita.info\/press\/wp-json\/wp\/v2\/comments?post=4552"}],"version-history":[{"count":0,"href":"https:\/\/elcanillita.info\/press\/wp-json\/wp\/v2\/posts\/4552\/revisions"}],"wp:featuredmedia":[{"embeddable":true,"href":"https:\/\/elcanillita.info\/press\/wp-json\/wp\/v2\/media\/4559"}],"wp:attachment":[{"href":"https:\/\/elcanillita.info\/press\/wp-json\/wp\/v2\/media?parent=4552"}],"wp:term":[{"taxonomy":"category","embeddable":true,"href":"https:\/\/elcanillita.info\/press\/wp-json\/wp\/v2\/categories?post=4552"},{"taxonomy":"post_tag","embeddable":true,"href":"https:\/\/elcanillita.info\/press\/wp-json\/wp\/v2\/tags?post=4552"}],"curies":[{"name":"wp","href":"https:\/\/api.w.org\/{rel}","templated":true}]}}