{"id":4517,"date":"2025-05-03T16:56:42","date_gmt":"2025-05-03T19:56:42","guid":{"rendered":"https:\/\/elcanillita.info\/press\/?p=4517"},"modified":"2025-05-03T16:58:53","modified_gmt":"2025-05-03T19:58:53","slug":"santiago-caputo-el-censor-inesperado-campeon-de-la-libertad-de-decidir-que-debe-decir-la-prensa","status":"publish","type":"post","link":"https:\/\/elcanillita.info\/press\/2025\/05\/03\/santiago-caputo-el-censor-inesperado-campeon-de-la-libertad-de-decidir-que-debe-decir-la-prensa\/","title":{"rendered":"Santiago Caputo \u201cEl Censor Inesperado\u201d: campe\u00f3n de la Libertad&#8230; de decidir qu\u00e9 debe decir la Prensa"},"content":{"rendered":"\n<figure class=\"wp-block-image size-full\"><img loading=\"lazy\" decoding=\"async\" width=\"600\" height=\"402\" src=\"https:\/\/elcanillita.info\/press\/images\/2025\/05\/press_20250503.jpg\" alt=\"\" class=\"wp-image-4518\" srcset=\"https:\/\/elcanillita.info\/press\/images\/2025\/05\/press_20250503.jpg 600w, https:\/\/elcanillita.info\/press\/images\/2025\/05\/press_20250503-300x201.jpg 300w\" sizes=\"auto, (max-width: 600px) 100vw, 600px\" \/><\/figure>\n\n\n\n<p><strong>ElCanillita.info<\/strong> <br><small>Argentina, 03\/05\/2025<\/small><br>En toda democracia que se precie, deber\u00eda imperar la sacrosanta \u201cLibertad de Prensa\u201d. Esa misma que nos permite enterarnos de lo que hacen nuestros gobernantes, por m\u00e1s inc\u00f3modo que sea. Pero tranquilos: para eso est\u00e1 Santiago Caputo, el asesor que demuestra con hechos (y cortes de grabaci\u00f3n) que la verdadera libertad consiste en elegir qu\u00e9 informamos y qu\u00e9 sencillamente\u2026 no.<\/p>\n\n\n\n<p>Quiz\u00e1 algunos pensaban que el periodismo consist\u00eda en documentar hechos de dominio p\u00fablico, contrastar fuentes o preguntarle a quien corresponda. Error: Caputo, que atendi\u00f3 Ciencias Pol\u00edticas y Sociales\u2026 hasta donde le dio la paciencia, se encarga de recordarnos que la mejor pol\u00edtica de comunicaci\u00f3n es la del \u201c\u00bfpregunta inc\u00f3moda? \u00a1cambio de tema y a otra cosa!\u201d. Y si el micr\u00f3fono insiste, pues mejor lo apagamos.<\/p>\n\n\n\n<p>\u00bfY qu\u00e9 decir de esa dulce lecci\u00f3n republicana en el Congreso? Nada como amedrentar a un diputado para fomentar el debate abierto. Al fin y al cabo, \u00bfpara qu\u00e9 sirvi\u00f3 estudiar teor\u00edas de democracia y modelos de gobierno si no es para exhibir nuestra versi\u00f3n express de \u201ca m\u00ed no me crucen\u201d?.<\/p>\n\n\n\n<p>Claro, algunos podr\u00e1n llamarlo autoritarismo light, otros simplemente \u201cfalta de modales acad\u00e9micos\u201d \u2014tal vez esos manuales de Libertad de Prensa no estaban en su plan de estudios incompletos\u2014. Pero, \u00a1qu\u00e9 m\u00e1s da! Lo importante es que, gracias a Caputo, el pueblo ya sabe: la transparencia es optativa, y la edici\u00f3n en caliente, obligatoria.<br>Bienvenidos a la era donde la prensa es libre\u2026 siempre que no transmita.<br><br><small>\u00a92025 \u201cDon Papel\u00f3n\u201d .. con humor e iron\u00eda pol\u00edtica &#8211; Todos los derechos reservados<\/small><br><small>Copyright \u00a9 2025 ElCanillita.info \/ SalaStampa.eu, servicio mundial de prensa<\/small><br><small>Guzzo Photos &amp; Graphic Publications &#8211; Registro Editori e Stampatori n. 1441 Torino, Italia<\/small><\/p>\n","protected":false},"excerpt":{"rendered":"<p>Celebremos la nueva era de la comunicaci\u00f3n: donde un asesor puede ser juez, jurado y cortador de transmisi\u00f3n.<\/p>\n","protected":false},"author":1,"featured_media":4518,"comment_status":"closed","ping_status":"closed","sticky":false,"template":"","format":"standard","meta":{"footnotes":"","_links_to":"","_links_to_target":""},"categories":[108,121,70,123,126,23,25],"tags":[29],"class_list":["post-4517","post","type-post","status-publish","format-standard","has-post-thumbnail","hentry","category-blogdiario","category-dc24","category-actualidad","category-argentina","category-dolores-de-la-press","category-politica","category-sociedad","tag-argentina","entry","double"],"yoast_head":"<!-- This site is optimized with the Yoast SEO plugin v27.5 - https:\/\/yoast.com\/product\/yoast-seo-wordpress\/ -->\n<title>Santiago Caputo \u201cEl Censor Inesperado\u201d: campe\u00f3n de la Libertad... de decidir qu\u00e9 debe decir la Prensa - ElCanillita.Info<\/title>\n<meta name=\"robots\" content=\"index, follow, max-snippet:-1, max-image-preview:large, max-video-preview:-1\" \/>\n<link rel=\"canonical\" href=\"https:\/\/elcanillita.info\/press\/2025\/05\/03\/santiago-caputo-el-censor-inesperado-campeon-de-la-libertad-de-decidir-que-debe-decir-la-prensa\/\" \/>\n<meta property=\"og:locale\" content=\"es_ES\" \/>\n<meta property=\"og:type\" content=\"article\" \/>\n<meta property=\"og:title\" content=\"Santiago Caputo \u201cEl Censor Inesperado\u201d: campe\u00f3n de la Libertad... de decidir qu\u00e9 debe decir la Prensa - ElCanillita.Info\" \/>\n<meta property=\"og:description\" content=\"Celebremos la nueva era de la comunicaci\u00f3n: donde un asesor puede ser juez, jurado y cortador de transmisi\u00f3n.\" \/>\n<meta property=\"og:url\" content=\"https:\/\/elcanillita.info\/press\/2025\/05\/03\/santiago-caputo-el-censor-inesperado-campeon-de-la-libertad-de-decidir-que-debe-decir-la-prensa\/\" \/>\n<meta property=\"og:site_name\" content=\"ElCanillita.Info\" \/>\n<meta property=\"article:publisher\" content=\"https:\/\/ar-ar.facebook.com\/ElCanillitainfo-114249515285712\/\" \/>\n<meta property=\"article:published_time\" content=\"2025-05-03T19:56:42+00:00\" \/>\n<meta property=\"article:modified_time\" content=\"2025-05-03T19:58:53+00:00\" \/>\n<meta property=\"og:image\" content=\"https:\/\/elcanillita.info\/press\/images\/2025\/05\/press_20250503.jpg\" \/>\n\t<meta property=\"og:image:width\" content=\"600\" \/>\n\t<meta property=\"og:image:height\" content=\"402\" \/>\n\t<meta property=\"og:image:type\" content=\"image\/jpeg\" \/>\n<meta name=\"author\" content=\"SalaStampa.eu, world press service\" \/>\n<meta name=\"twitter:card\" content=\"summary_large_image\" \/>\n<meta name=\"twitter:label1\" content=\"Escrito por\" \/>\n\t<meta name=\"twitter:data1\" content=\"SalaStampa.eu, world press service\" \/>\n\t<meta name=\"twitter:label2\" content=\"Tiempo de lectura\" \/>\n\t<meta name=\"twitter:data2\" content=\"2 minutos\" \/>\n<script type=\"application\/ld+json\" class=\"yoast-schema-graph\">{\"@context\":\"https:\\\/\\\/schema.org\",\"@graph\":[{\"@type\":\"Article\",\"@id\":\"https:\\\/\\\/elcanillita.info\\\/press\\\/2025\\\/05\\\/03\\\/santiago-caputo-el-censor-inesperado-campeon-de-la-libertad-de-decidir-que-debe-decir-la-prensa\\\/#article\",\"isPartOf\":{\"@id\":\"https:\\\/\\\/elcanillita.info\\\/press\\\/2025\\\/05\\\/03\\\/santiago-caputo-el-censor-inesperado-campeon-de-la-libertad-de-decidir-que-debe-decir-la-prensa\\\/\"},\"author\":{\"name\":\"SalaStampa.eu, world press service\",\"@id\":\"https:\\\/\\\/elcanillita.info\\\/press\\\/#\\\/schema\\\/person\\\/7fcb79f38045700919f7da6d97e71ba0\"},\"headline\":\"Santiago Caputo \u201cEl Censor Inesperado\u201d: campe\u00f3n de la Libertad&#8230; de decidir qu\u00e9 debe decir la Prensa\",\"datePublished\":\"2025-05-03T19:56:42+00:00\",\"dateModified\":\"2025-05-03T19:58:53+00:00\",\"mainEntityOfPage\":{\"@id\":\"https:\\\/\\\/elcanillita.info\\\/press\\\/2025\\\/05\\\/03\\\/santiago-caputo-el-censor-inesperado-campeon-de-la-libertad-de-decidir-que-debe-decir-la-prensa\\\/\"},\"wordCount\":318,\"publisher\":{\"@id\":\"https:\\\/\\\/elcanillita.info\\\/press\\\/#organization\"},\"image\":{\"@id\":\"https:\\\/\\\/elcanillita.info\\\/press\\\/2025\\\/05\\\/03\\\/santiago-caputo-el-censor-inesperado-campeon-de-la-libertad-de-decidir-que-debe-decir-la-prensa\\\/#primaryimage\"},\"thumbnailUrl\":\"https:\\\/\\\/elcanillita.info\\\/press\\\/images\\\/2025\\\/05\\\/press_20250503.jpg\",\"keywords\":[\"Argentina\"],\"articleSection\":[\".\",\".\",\"Actualidad\",\"Argentina\",\"Dolores de La Press\",\"Politica\",\"Sociedad\"],\"inLanguage\":\"es-AR\"},{\"@type\":\"WebPage\",\"@id\":\"https:\\\/\\\/elcanillita.info\\\/press\\\/2025\\\/05\\\/03\\\/santiago-caputo-el-censor-inesperado-campeon-de-la-libertad-de-decidir-que-debe-decir-la-prensa\\\/\",\"url\":\"https:\\\/\\\/elcanillita.info\\\/press\\\/2025\\\/05\\\/03\\\/santiago-caputo-el-censor-inesperado-campeon-de-la-libertad-de-decidir-que-debe-decir-la-prensa\\\/\",\"name\":\"Santiago Caputo \u201cEl Censor Inesperado\u201d: campe\u00f3n de la Libertad... de decidir qu\u00e9 debe decir la Prensa - ElCanillita.Info\",\"isPartOf\":{\"@id\":\"https:\\\/\\\/elcanillita.info\\\/press\\\/#website\"},\"primaryImageOfPage\":{\"@id\":\"https:\\\/\\\/elcanillita.info\\\/press\\\/2025\\\/05\\\/03\\\/santiago-caputo-el-censor-inesperado-campeon-de-la-libertad-de-decidir-que-debe-decir-la-prensa\\\/#primaryimage\"},\"image\":{\"@id\":\"https:\\\/\\\/elcanillita.info\\\/press\\\/2025\\\/05\\\/03\\\/santiago-caputo-el-censor-inesperado-campeon-de-la-libertad-de-decidir-que-debe-decir-la-prensa\\\/#primaryimage\"},\"thumbnailUrl\":\"https:\\\/\\\/elcanillita.info\\\/press\\\/images\\\/2025\\\/05\\\/press_20250503.jpg\",\"datePublished\":\"2025-05-03T19:56:42+00:00\",\"dateModified\":\"2025-05-03T19:58:53+00:00\",\"inLanguage\":\"es-AR\",\"potentialAction\":[{\"@type\":\"ReadAction\",\"target\":[\"https:\\\/\\\/elcanillita.info\\\/press\\\/2025\\\/05\\\/03\\\/santiago-caputo-el-censor-inesperado-campeon-de-la-libertad-de-decidir-que-debe-decir-la-prensa\\\/\"]}]},{\"@type\":\"ImageObject\",\"inLanguage\":\"es-AR\",\"@id\":\"https:\\\/\\\/elcanillita.info\\\/press\\\/2025\\\/05\\\/03\\\/santiago-caputo-el-censor-inesperado-campeon-de-la-libertad-de-decidir-que-debe-decir-la-prensa\\\/#primaryimage\",\"url\":\"https:\\\/\\\/elcanillita.info\\\/press\\\/images\\\/2025\\\/05\\\/press_20250503.jpg\",\"contentUrl\":\"https:\\\/\\\/elcanillita.info\\\/press\\\/images\\\/2025\\\/05\\\/press_20250503.jpg\",\"width\":600,\"height\":402},{\"@type\":\"WebSite\",\"@id\":\"https:\\\/\\\/elcanillita.info\\\/press\\\/#website\",\"url\":\"https:\\\/\\\/elcanillita.info\\\/press\\\/\",\"name\":\"ElCanillita.Info\",\"description\":\"desde los Apeninos a los Andes\",\"publisher\":{\"@id\":\"https:\\\/\\\/elcanillita.info\\\/press\\\/#organization\"},\"potentialAction\":[{\"@type\":\"SearchAction\",\"target\":{\"@type\":\"EntryPoint\",\"urlTemplate\":\"https:\\\/\\\/elcanillita.info\\\/press\\\/?s={search_term_string}\"},\"query-input\":{\"@type\":\"PropertyValueSpecification\",\"valueRequired\":true,\"valueName\":\"search_term_string\"}}],\"inLanguage\":\"es-AR\"},{\"@type\":\"Organization\",\"@id\":\"https:\\\/\\\/elcanillita.info\\\/press\\\/#organization\",\"name\":\"Guzzo Photos & Graphic Publications\",\"url\":\"https:\\\/\\\/elcanillita.info\\\/press\\\/\",\"logo\":{\"@type\":\"ImageObject\",\"inLanguage\":\"es-AR\",\"@id\":\"https:\\\/\\\/elcanillita.info\\\/press\\\/#\\\/schema\\\/logo\\\/image\\\/\",\"url\":\"https:\\\/\\\/elcanillita.info\\\/press\\\/images\\\/2020\\\/01\\\/cropped-cropped-cropped-elcanillitainfo.png\",\"contentUrl\":\"https:\\\/\\\/elcanillita.info\\\/press\\\/images\\\/2020\\\/01\\\/cropped-cropped-cropped-elcanillitainfo.png\",\"width\":460,\"height\":50,\"caption\":\"Guzzo Photos & Graphic Publications\"},\"image\":{\"@id\":\"https:\\\/\\\/elcanillita.info\\\/press\\\/#\\\/schema\\\/logo\\\/image\\\/\"},\"sameAs\":[\"https:\\\/\\\/ar-ar.facebook.com\\\/ElCanillitainfo-114249515285712\\\/\"]},{\"@type\":\"Person\",\"@id\":\"https:\\\/\\\/elcanillita.info\\\/press\\\/#\\\/schema\\\/person\\\/7fcb79f38045700919f7da6d97e71ba0\",\"name\":\"SalaStampa.eu, world press service\",\"image\":{\"@type\":\"ImageObject\",\"inLanguage\":\"es-AR\",\"@id\":\"https:\\\/\\\/secure.gravatar.com\\\/avatar\\\/c2f0e0d515a107624234994507816ca4724c7199cef73fc8bedebf6931d73888?s=96&d=mm&r=g\",\"url\":\"https:\\\/\\\/secure.gravatar.com\\\/avatar\\\/c2f0e0d515a107624234994507816ca4724c7199cef73fc8bedebf6931d73888?s=96&d=mm&r=g\",\"contentUrl\":\"https:\\\/\\\/secure.gravatar.com\\\/avatar\\\/c2f0e0d515a107624234994507816ca4724c7199cef73fc8bedebf6931d73888?s=96&d=mm&r=g\",\"caption\":\"SalaStampa.eu, world press service\"}}]}<\/script>\n<!-- \/ Yoast SEO plugin. -->","yoast_head_json":{"title":"Santiago Caputo \u201cEl Censor Inesperado\u201d: campe\u00f3n de la Libertad... de decidir qu\u00e9 debe decir la Prensa - ElCanillita.Info","robots":{"index":"index","follow":"follow","max-snippet":"max-snippet:-1","max-image-preview":"max-image-preview:large","max-video-preview":"max-video-preview:-1"},"canonical":"https:\/\/elcanillita.info\/press\/2025\/05\/03\/santiago-caputo-el-censor-inesperado-campeon-de-la-libertad-de-decidir-que-debe-decir-la-prensa\/","og_locale":"es_ES","og_type":"article","og_title":"Santiago Caputo \u201cEl Censor Inesperado\u201d: campe\u00f3n de la Libertad... de decidir qu\u00e9 debe decir la Prensa - ElCanillita.Info","og_description":"Celebremos la nueva era de la comunicaci\u00f3n: donde un asesor puede ser juez, jurado y cortador de transmisi\u00f3n.","og_url":"https:\/\/elcanillita.info\/press\/2025\/05\/03\/santiago-caputo-el-censor-inesperado-campeon-de-la-libertad-de-decidir-que-debe-decir-la-prensa\/","og_site_name":"ElCanillita.Info","article_publisher":"https:\/\/ar-ar.facebook.com\/ElCanillitainfo-114249515285712\/","article_published_time":"2025-05-03T19:56:42+00:00","article_modified_time":"2025-05-03T19:58:53+00:00","og_image":[{"width":600,"height":402,"url":"https:\/\/elcanillita.info\/press\/images\/2025\/05\/press_20250503.jpg","type":"image\/jpeg"}],"author":"SalaStampa.eu, world press service","twitter_card":"summary_large_image","twitter_misc":{"Escrito por":"SalaStampa.eu, world press service","Tiempo de lectura":"2 minutos"},"schema":{"@context":"https:\/\/schema.org","@graph":[{"@type":"Article","@id":"https:\/\/elcanillita.info\/press\/2025\/05\/03\/santiago-caputo-el-censor-inesperado-campeon-de-la-libertad-de-decidir-que-debe-decir-la-prensa\/#article","isPartOf":{"@id":"https:\/\/elcanillita.info\/press\/2025\/05\/03\/santiago-caputo-el-censor-inesperado-campeon-de-la-libertad-de-decidir-que-debe-decir-la-prensa\/"},"author":{"name":"SalaStampa.eu, world press service","@id":"https:\/\/elcanillita.info\/press\/#\/schema\/person\/7fcb79f38045700919f7da6d97e71ba0"},"headline":"Santiago Caputo \u201cEl Censor Inesperado\u201d: campe\u00f3n de la Libertad&#8230; de decidir qu\u00e9 debe decir la Prensa","datePublished":"2025-05-03T19:56:42+00:00","dateModified":"2025-05-03T19:58:53+00:00","mainEntityOfPage":{"@id":"https:\/\/elcanillita.info\/press\/2025\/05\/03\/santiago-caputo-el-censor-inesperado-campeon-de-la-libertad-de-decidir-que-debe-decir-la-prensa\/"},"wordCount":318,"publisher":{"@id":"https:\/\/elcanillita.info\/press\/#organization"},"image":{"@id":"https:\/\/elcanillita.info\/press\/2025\/05\/03\/santiago-caputo-el-censor-inesperado-campeon-de-la-libertad-de-decidir-que-debe-decir-la-prensa\/#primaryimage"},"thumbnailUrl":"https:\/\/elcanillita.info\/press\/images\/2025\/05\/press_20250503.jpg","keywords":["Argentina"],"articleSection":[".",".","Actualidad","Argentina","Dolores de La Press","Politica","Sociedad"],"inLanguage":"es-AR"},{"@type":"WebPage","@id":"https:\/\/elcanillita.info\/press\/2025\/05\/03\/santiago-caputo-el-censor-inesperado-campeon-de-la-libertad-de-decidir-que-debe-decir-la-prensa\/","url":"https:\/\/elcanillita.info\/press\/2025\/05\/03\/santiago-caputo-el-censor-inesperado-campeon-de-la-libertad-de-decidir-que-debe-decir-la-prensa\/","name":"Santiago Caputo \u201cEl Censor Inesperado\u201d: campe\u00f3n de la Libertad... de decidir qu\u00e9 debe decir la Prensa - ElCanillita.Info","isPartOf":{"@id":"https:\/\/elcanillita.info\/press\/#website"},"primaryImageOfPage":{"@id":"https:\/\/elcanillita.info\/press\/2025\/05\/03\/santiago-caputo-el-censor-inesperado-campeon-de-la-libertad-de-decidir-que-debe-decir-la-prensa\/#primaryimage"},"image":{"@id":"https:\/\/elcanillita.info\/press\/2025\/05\/03\/santiago-caputo-el-censor-inesperado-campeon-de-la-libertad-de-decidir-que-debe-decir-la-prensa\/#primaryimage"},"thumbnailUrl":"https:\/\/elcanillita.info\/press\/images\/2025\/05\/press_20250503.jpg","datePublished":"2025-05-03T19:56:42+00:00","dateModified":"2025-05-03T19:58:53+00:00","inLanguage":"es-AR","potentialAction":[{"@type":"ReadAction","target":["https:\/\/elcanillita.info\/press\/2025\/05\/03\/santiago-caputo-el-censor-inesperado-campeon-de-la-libertad-de-decidir-que-debe-decir-la-prensa\/"]}]},{"@type":"ImageObject","inLanguage":"es-AR","@id":"https:\/\/elcanillita.info\/press\/2025\/05\/03\/santiago-caputo-el-censor-inesperado-campeon-de-la-libertad-de-decidir-que-debe-decir-la-prensa\/#primaryimage","url":"https:\/\/elcanillita.info\/press\/images\/2025\/05\/press_20250503.jpg","contentUrl":"https:\/\/elcanillita.info\/press\/images\/2025\/05\/press_20250503.jpg","width":600,"height":402},{"@type":"WebSite","@id":"https:\/\/elcanillita.info\/press\/#website","url":"https:\/\/elcanillita.info\/press\/","name":"ElCanillita.Info","description":"desde los Apeninos a los Andes","publisher":{"@id":"https:\/\/elcanillita.info\/press\/#organization"},"potentialAction":[{"@type":"SearchAction","target":{"@type":"EntryPoint","urlTemplate":"https:\/\/elcanillita.info\/press\/?s={search_term_string}"},"query-input":{"@type":"PropertyValueSpecification","valueRequired":true,"valueName":"search_term_string"}}],"inLanguage":"es-AR"},{"@type":"Organization","@id":"https:\/\/elcanillita.info\/press\/#organization","name":"Guzzo Photos & Graphic Publications","url":"https:\/\/elcanillita.info\/press\/","logo":{"@type":"ImageObject","inLanguage":"es-AR","@id":"https:\/\/elcanillita.info\/press\/#\/schema\/logo\/image\/","url":"https:\/\/elcanillita.info\/press\/images\/2020\/01\/cropped-cropped-cropped-elcanillitainfo.png","contentUrl":"https:\/\/elcanillita.info\/press\/images\/2020\/01\/cropped-cropped-cropped-elcanillitainfo.png","width":460,"height":50,"caption":"Guzzo Photos & Graphic Publications"},"image":{"@id":"https:\/\/elcanillita.info\/press\/#\/schema\/logo\/image\/"},"sameAs":["https:\/\/ar-ar.facebook.com\/ElCanillitainfo-114249515285712\/"]},{"@type":"Person","@id":"https:\/\/elcanillita.info\/press\/#\/schema\/person\/7fcb79f38045700919f7da6d97e71ba0","name":"SalaStampa.eu, world press service","image":{"@type":"ImageObject","inLanguage":"es-AR","@id":"https:\/\/secure.gravatar.com\/avatar\/c2f0e0d515a107624234994507816ca4724c7199cef73fc8bedebf6931d73888?s=96&d=mm&r=g","url":"https:\/\/secure.gravatar.com\/avatar\/c2f0e0d515a107624234994507816ca4724c7199cef73fc8bedebf6931d73888?s=96&d=mm&r=g","contentUrl":"https:\/\/secure.gravatar.com\/avatar\/c2f0e0d515a107624234994507816ca4724c7199cef73fc8bedebf6931d73888?s=96&d=mm&r=g","caption":"SalaStampa.eu, world press service"}}]}},"views":358,"_links":{"self":[{"href":"https:\/\/elcanillita.info\/press\/wp-json\/wp\/v2\/posts\/4517","targetHints":{"allow":["GET"]}}],"collection":[{"href":"https:\/\/elcanillita.info\/press\/wp-json\/wp\/v2\/posts"}],"about":[{"href":"https:\/\/elcanillita.info\/press\/wp-json\/wp\/v2\/types\/post"}],"author":[{"embeddable":true,"href":"https:\/\/elcanillita.info\/press\/wp-json\/wp\/v2\/users\/1"}],"replies":[{"embeddable":true,"href":"https:\/\/elcanillita.info\/press\/wp-json\/wp\/v2\/comments?post=4517"}],"version-history":[{"count":0,"href":"https:\/\/elcanillita.info\/press\/wp-json\/wp\/v2\/posts\/4517\/revisions"}],"wp:featuredmedia":[{"embeddable":true,"href":"https:\/\/elcanillita.info\/press\/wp-json\/wp\/v2\/media\/4518"}],"wp:attachment":[{"href":"https:\/\/elcanillita.info\/press\/wp-json\/wp\/v2\/media?parent=4517"}],"wp:term":[{"taxonomy":"category","embeddable":true,"href":"https:\/\/elcanillita.info\/press\/wp-json\/wp\/v2\/categories?post=4517"},{"taxonomy":"post_tag","embeddable":true,"href":"https:\/\/elcanillita.info\/press\/wp-json\/wp\/v2\/tags?post=4517"}],"curies":[{"name":"wp","href":"https:\/\/api.w.org\/{rel}","templated":true}]}}