{"id":4511,"date":"2025-05-03T01:11:58","date_gmt":"2025-05-03T04:11:58","guid":{"rendered":"https:\/\/elcanillita.info\/press\/?p=4511"},"modified":"2025-05-04T03:51:08","modified_gmt":"2025-05-04T06:51:08","slug":"y-otra-vez-el-pueblo-elige-el-reality-show-favorito-de-la-democracia","status":"publish","type":"post","link":"https:\/\/elcanillita.info\/press\/2025\/05\/03\/y-otra-vez-el-pueblo-elige-el-reality-show-favorito-de-la-democracia\/","title":{"rendered":"\u201cY otra vez el pueblo elige: el reality show favorito de la democracia\u201d"},"content":{"rendered":"<div class=\"wp-block-image\">\n<figure class=\"alignleft size-full\"><img loading=\"lazy\" decoding=\"async\" width=\"300\" height=\"448\" src=\"https:\/\/elcanillita.info\/press\/images\/2025\/05\/rosadita_500DEF_20250503.jpeg\" alt=\"\" class=\"wp-image-4515\" srcset=\"https:\/\/elcanillita.info\/press\/images\/2025\/05\/rosadita_500DEF_20250503.jpeg 300w, https:\/\/elcanillita.info\/press\/images\/2025\/05\/rosadita_500DEF_20250503-201x300.jpeg 201w\" sizes=\"auto, (max-width: 300px) 100vw, 300px\" \/><\/figure>\n<\/div>\n\n\n<p><strong>ElCanillita.info<\/strong><br><small>Argentina, 03\/05\/2025<\/small><br>Se vienen las elecciones y, como cada tanto, la casta pol\u00edtica argentina se pone su mejor disfraz de \u201cservidor p\u00fablico\u201d para pedirnos, con cara de \u201cyo no fui\u201d, que los votemos otra vez. S\u00ed, otra vez. Porque evidentemente todav\u00eda no aprendimos la lecci\u00f3n o, lo m\u00e1s probable, porque las opciones siempre vienen m\u00e1s flojas que mate sin yerba.<\/p>\n\n\n\n<p>Este a\u00f1o, como ya es costumbre, la oferta electoral se parece m\u00e1s a un casting de Gran Hermano que a un verdadero ejercicio c\u00edvico. Tenemos de todo: libertarios que se pelean con el espejo, peronistas que se redescubren como opositores de s\u00ed mismos, radicales buscando el WiFi de la coherencia, y outsiders que creen que gobernar es igual a hacer un vivo de Instagram.<\/p>\n\n\n\n<p>Prometen lo de siempre: bajar la inflaci\u00f3n, subir los sueldos, combatir la inseguridad y \u201ccambiarlo todo\u201d\u2026 mientras miran de reojo el helic\u00f3ptero, por si se repite el final de temporada que tanto miedo les da. Y vos ah\u00ed, ciudadano promedio, tratando de entender si est\u00e1s eligiendo un presidente o un community manager con \u00ednfulas de mes\u00edas.<\/p>\n\n\n\n<p>El debate p\u00fablico, ni hablar: memes, chicanas, denuncias cruzadas, y un sospechoso silencio sobre planes concretos. La consigna parece ser \u201chac\u00e9 ruido, que despu\u00e9s vemos\u201d. \u00bfIdeas? Pocas. \u00bfCompromisos reales? Menos. \u00bfCulpa de todo lo malo? De \u201cla herencia\u201d, siempre.<\/p>\n\n\n\n<p>Y mientras tanto, la democracia, esa se\u00f1ora ya entrada en a\u00f1os y con m\u00e1s golpes que la Selecci\u00f3n en penales, mira todo esto desde el rinc\u00f3n, con una urna en la mano y cara de \u201cotra vez sopa\u201d.<\/p>\n\n\n\n<p>As\u00ed que preparate. En breve vas a tener que elegir entre lo malo, lo peor, y lo que no sab\u00e9s si es malo pero suena raro. Porque votar en Argentina no es decidir el rumbo del pa\u00eds. Es elegir el pr\u00f3ximo argumento para tus futuras quejas<br><br><small><strong>\u00a92025 \u201cEl \u00faltimo que dobla la esquina\u201d<\/strong><\/small><br><small><strong>\u2026poque siempre hay alguien que reparte noticias mientras todos duermen<\/strong><\/small>.<br><small>Todos los derechos reservados<\/small><br><small>Copyright \u00a9 2025 ElCanillita.info \/ SalaStampa.eu, servicio mundial de prensa<\/small><br><small>Guzzo Photos &amp; Graphic Publications \u2013 Registro Editori e Stampatori n. 1441 Torino, Italia<\/small><\/p>\n","protected":false},"excerpt":{"rendered":"<p>\u00bf..es suficiente esclarecer nuestro pasado para que nunca se repita?<\/p>\n","protected":false},"author":1,"featured_media":4512,"comment_status":"closed","ping_status":"closed","sticky":false,"template":"","format":"standard","meta":{"footnotes":"","_links_to":"","_links_to_target":""},"categories":[108,121,70,123,126,23,25],"tags":[29],"class_list":["post-4511","post","type-post","status-publish","format-standard","has-post-thumbnail","hentry","category-blogdiario","category-dc24","category-actualidad","category-argentina","category-dolores-de-la-press","category-politica","category-sociedad","tag-argentina","entry","double"],"yoast_head":"<!-- This site is optimized with the Yoast SEO plugin v27.5 - https:\/\/yoast.com\/product\/yoast-seo-wordpress\/ -->\n<title>\u201cY otra vez el pueblo elige: el reality show favorito de la democracia\u201d - ElCanillita.Info<\/title>\n<meta name=\"robots\" content=\"index, follow, max-snippet:-1, max-image-preview:large, max-video-preview:-1\" \/>\n<link rel=\"canonical\" href=\"https:\/\/elcanillita.info\/press\/2025\/05\/03\/y-otra-vez-el-pueblo-elige-el-reality-show-favorito-de-la-democracia\/\" \/>\n<meta property=\"og:locale\" content=\"es_ES\" \/>\n<meta property=\"og:type\" content=\"article\" \/>\n<meta property=\"og:title\" content=\"\u201cY otra vez el pueblo elige: el reality show favorito de la democracia\u201d - ElCanillita.Info\" \/>\n<meta property=\"og:description\" content=\"\u00bf..es suficiente esclarecer nuestro pasado para que nunca se repita?\" \/>\n<meta property=\"og:url\" content=\"https:\/\/elcanillita.info\/press\/2025\/05\/03\/y-otra-vez-el-pueblo-elige-el-reality-show-favorito-de-la-democracia\/\" \/>\n<meta property=\"og:site_name\" content=\"ElCanillita.Info\" \/>\n<meta property=\"article:publisher\" content=\"https:\/\/ar-ar.facebook.com\/ElCanillitainfo-114249515285712\/\" \/>\n<meta property=\"article:published_time\" content=\"2025-05-03T04:11:58+00:00\" \/>\n<meta property=\"article:modified_time\" content=\"2025-05-04T06:51:08+00:00\" \/>\n<meta property=\"og:image\" content=\"https:\/\/elcanillita.info\/press\/images\/2025\/05\/tap_20250503.jpeg\" \/>\n\t<meta property=\"og:image:width\" content=\"600\" \/>\n\t<meta property=\"og:image:height\" content=\"400\" \/>\n\t<meta property=\"og:image:type\" content=\"image\/jpeg\" \/>\n<meta name=\"author\" content=\"SalaStampa.eu, world press service\" \/>\n<meta name=\"twitter:card\" content=\"summary_large_image\" \/>\n<meta name=\"twitter:label1\" content=\"Escrito por\" \/>\n\t<meta name=\"twitter:data1\" content=\"SalaStampa.eu, world press service\" \/>\n\t<meta name=\"twitter:label2\" content=\"Tiempo de lectura\" \/>\n\t<meta name=\"twitter:data2\" content=\"2 minutos\" \/>\n<script type=\"application\/ld+json\" class=\"yoast-schema-graph\">{\"@context\":\"https:\\\/\\\/schema.org\",\"@graph\":[{\"@type\":\"Article\",\"@id\":\"https:\\\/\\\/elcanillita.info\\\/press\\\/2025\\\/05\\\/03\\\/y-otra-vez-el-pueblo-elige-el-reality-show-favorito-de-la-democracia\\\/#article\",\"isPartOf\":{\"@id\":\"https:\\\/\\\/elcanillita.info\\\/press\\\/2025\\\/05\\\/03\\\/y-otra-vez-el-pueblo-elige-el-reality-show-favorito-de-la-democracia\\\/\"},\"author\":{\"name\":\"SalaStampa.eu, world press service\",\"@id\":\"https:\\\/\\\/elcanillita.info\\\/press\\\/#\\\/schema\\\/person\\\/7fcb79f38045700919f7da6d97e71ba0\"},\"headline\":\"\u201cY otra vez el pueblo elige: el reality show favorito de la democracia\u201d\",\"datePublished\":\"2025-05-03T04:11:58+00:00\",\"dateModified\":\"2025-05-04T06:51:08+00:00\",\"mainEntityOfPage\":{\"@id\":\"https:\\\/\\\/elcanillita.info\\\/press\\\/2025\\\/05\\\/03\\\/y-otra-vez-el-pueblo-elige-el-reality-show-favorito-de-la-democracia\\\/\"},\"wordCount\":381,\"publisher\":{\"@id\":\"https:\\\/\\\/elcanillita.info\\\/press\\\/#organization\"},\"image\":{\"@id\":\"https:\\\/\\\/elcanillita.info\\\/press\\\/2025\\\/05\\\/03\\\/y-otra-vez-el-pueblo-elige-el-reality-show-favorito-de-la-democracia\\\/#primaryimage\"},\"thumbnailUrl\":\"https:\\\/\\\/elcanillita.info\\\/press\\\/images\\\/2025\\\/05\\\/tap_20250503.jpeg\",\"keywords\":[\"Argentina\"],\"articleSection\":[\".\",\".\",\"Actualidad\",\"Argentina\",\"Dolores de La Press\",\"Politica\",\"Sociedad\"],\"inLanguage\":\"es-AR\"},{\"@type\":\"WebPage\",\"@id\":\"https:\\\/\\\/elcanillita.info\\\/press\\\/2025\\\/05\\\/03\\\/y-otra-vez-el-pueblo-elige-el-reality-show-favorito-de-la-democracia\\\/\",\"url\":\"https:\\\/\\\/elcanillita.info\\\/press\\\/2025\\\/05\\\/03\\\/y-otra-vez-el-pueblo-elige-el-reality-show-favorito-de-la-democracia\\\/\",\"name\":\"\u201cY otra vez el pueblo elige: el reality show favorito de la democracia\u201d - ElCanillita.Info\",\"isPartOf\":{\"@id\":\"https:\\\/\\\/elcanillita.info\\\/press\\\/#website\"},\"primaryImageOfPage\":{\"@id\":\"https:\\\/\\\/elcanillita.info\\\/press\\\/2025\\\/05\\\/03\\\/y-otra-vez-el-pueblo-elige-el-reality-show-favorito-de-la-democracia\\\/#primaryimage\"},\"image\":{\"@id\":\"https:\\\/\\\/elcanillita.info\\\/press\\\/2025\\\/05\\\/03\\\/y-otra-vez-el-pueblo-elige-el-reality-show-favorito-de-la-democracia\\\/#primaryimage\"},\"thumbnailUrl\":\"https:\\\/\\\/elcanillita.info\\\/press\\\/images\\\/2025\\\/05\\\/tap_20250503.jpeg\",\"datePublished\":\"2025-05-03T04:11:58+00:00\",\"dateModified\":\"2025-05-04T06:51:08+00:00\",\"inLanguage\":\"es-AR\",\"potentialAction\":[{\"@type\":\"ReadAction\",\"target\":[\"https:\\\/\\\/elcanillita.info\\\/press\\\/2025\\\/05\\\/03\\\/y-otra-vez-el-pueblo-elige-el-reality-show-favorito-de-la-democracia\\\/\"]}]},{\"@type\":\"ImageObject\",\"inLanguage\":\"es-AR\",\"@id\":\"https:\\\/\\\/elcanillita.info\\\/press\\\/2025\\\/05\\\/03\\\/y-otra-vez-el-pueblo-elige-el-reality-show-favorito-de-la-democracia\\\/#primaryimage\",\"url\":\"https:\\\/\\\/elcanillita.info\\\/press\\\/images\\\/2025\\\/05\\\/tap_20250503.jpeg\",\"contentUrl\":\"https:\\\/\\\/elcanillita.info\\\/press\\\/images\\\/2025\\\/05\\\/tap_20250503.jpeg\",\"width\":600,\"height\":400},{\"@type\":\"WebSite\",\"@id\":\"https:\\\/\\\/elcanillita.info\\\/press\\\/#website\",\"url\":\"https:\\\/\\\/elcanillita.info\\\/press\\\/\",\"name\":\"ElCanillita.Info\",\"description\":\"desde los Apeninos a los Andes\",\"publisher\":{\"@id\":\"https:\\\/\\\/elcanillita.info\\\/press\\\/#organization\"},\"potentialAction\":[{\"@type\":\"SearchAction\",\"target\":{\"@type\":\"EntryPoint\",\"urlTemplate\":\"https:\\\/\\\/elcanillita.info\\\/press\\\/?s={search_term_string}\"},\"query-input\":{\"@type\":\"PropertyValueSpecification\",\"valueRequired\":true,\"valueName\":\"search_term_string\"}}],\"inLanguage\":\"es-AR\"},{\"@type\":\"Organization\",\"@id\":\"https:\\\/\\\/elcanillita.info\\\/press\\\/#organization\",\"name\":\"Guzzo Photos & Graphic Publications\",\"url\":\"https:\\\/\\\/elcanillita.info\\\/press\\\/\",\"logo\":{\"@type\":\"ImageObject\",\"inLanguage\":\"es-AR\",\"@id\":\"https:\\\/\\\/elcanillita.info\\\/press\\\/#\\\/schema\\\/logo\\\/image\\\/\",\"url\":\"https:\\\/\\\/elcanillita.info\\\/press\\\/images\\\/2020\\\/01\\\/cropped-cropped-cropped-elcanillitainfo.png\",\"contentUrl\":\"https:\\\/\\\/elcanillita.info\\\/press\\\/images\\\/2020\\\/01\\\/cropped-cropped-cropped-elcanillitainfo.png\",\"width\":460,\"height\":50,\"caption\":\"Guzzo Photos & Graphic Publications\"},\"image\":{\"@id\":\"https:\\\/\\\/elcanillita.info\\\/press\\\/#\\\/schema\\\/logo\\\/image\\\/\"},\"sameAs\":[\"https:\\\/\\\/ar-ar.facebook.com\\\/ElCanillitainfo-114249515285712\\\/\"]},{\"@type\":\"Person\",\"@id\":\"https:\\\/\\\/elcanillita.info\\\/press\\\/#\\\/schema\\\/person\\\/7fcb79f38045700919f7da6d97e71ba0\",\"name\":\"SalaStampa.eu, world press service\",\"image\":{\"@type\":\"ImageObject\",\"inLanguage\":\"es-AR\",\"@id\":\"https:\\\/\\\/secure.gravatar.com\\\/avatar\\\/c2f0e0d515a107624234994507816ca4724c7199cef73fc8bedebf6931d73888?s=96&d=mm&r=g\",\"url\":\"https:\\\/\\\/secure.gravatar.com\\\/avatar\\\/c2f0e0d515a107624234994507816ca4724c7199cef73fc8bedebf6931d73888?s=96&d=mm&r=g\",\"contentUrl\":\"https:\\\/\\\/secure.gravatar.com\\\/avatar\\\/c2f0e0d515a107624234994507816ca4724c7199cef73fc8bedebf6931d73888?s=96&d=mm&r=g\",\"caption\":\"SalaStampa.eu, world press service\"}}]}<\/script>\n<!-- \/ Yoast SEO plugin. -->","yoast_head_json":{"title":"\u201cY otra vez el pueblo elige: el reality show favorito de la democracia\u201d - ElCanillita.Info","robots":{"index":"index","follow":"follow","max-snippet":"max-snippet:-1","max-image-preview":"max-image-preview:large","max-video-preview":"max-video-preview:-1"},"canonical":"https:\/\/elcanillita.info\/press\/2025\/05\/03\/y-otra-vez-el-pueblo-elige-el-reality-show-favorito-de-la-democracia\/","og_locale":"es_ES","og_type":"article","og_title":"\u201cY otra vez el pueblo elige: el reality show favorito de la democracia\u201d - ElCanillita.Info","og_description":"\u00bf..es suficiente esclarecer nuestro pasado para que nunca se repita?","og_url":"https:\/\/elcanillita.info\/press\/2025\/05\/03\/y-otra-vez-el-pueblo-elige-el-reality-show-favorito-de-la-democracia\/","og_site_name":"ElCanillita.Info","article_publisher":"https:\/\/ar-ar.facebook.com\/ElCanillitainfo-114249515285712\/","article_published_time":"2025-05-03T04:11:58+00:00","article_modified_time":"2025-05-04T06:51:08+00:00","og_image":[{"width":600,"height":400,"url":"https:\/\/elcanillita.info\/press\/images\/2025\/05\/tap_20250503.jpeg","type":"image\/jpeg"}],"author":"SalaStampa.eu, world press service","twitter_card":"summary_large_image","twitter_misc":{"Escrito por":"SalaStampa.eu, world press service","Tiempo de lectura":"2 minutos"},"schema":{"@context":"https:\/\/schema.org","@graph":[{"@type":"Article","@id":"https:\/\/elcanillita.info\/press\/2025\/05\/03\/y-otra-vez-el-pueblo-elige-el-reality-show-favorito-de-la-democracia\/#article","isPartOf":{"@id":"https:\/\/elcanillita.info\/press\/2025\/05\/03\/y-otra-vez-el-pueblo-elige-el-reality-show-favorito-de-la-democracia\/"},"author":{"name":"SalaStampa.eu, world press service","@id":"https:\/\/elcanillita.info\/press\/#\/schema\/person\/7fcb79f38045700919f7da6d97e71ba0"},"headline":"\u201cY otra vez el pueblo elige: el reality show favorito de la democracia\u201d","datePublished":"2025-05-03T04:11:58+00:00","dateModified":"2025-05-04T06:51:08+00:00","mainEntityOfPage":{"@id":"https:\/\/elcanillita.info\/press\/2025\/05\/03\/y-otra-vez-el-pueblo-elige-el-reality-show-favorito-de-la-democracia\/"},"wordCount":381,"publisher":{"@id":"https:\/\/elcanillita.info\/press\/#organization"},"image":{"@id":"https:\/\/elcanillita.info\/press\/2025\/05\/03\/y-otra-vez-el-pueblo-elige-el-reality-show-favorito-de-la-democracia\/#primaryimage"},"thumbnailUrl":"https:\/\/elcanillita.info\/press\/images\/2025\/05\/tap_20250503.jpeg","keywords":["Argentina"],"articleSection":[".",".","Actualidad","Argentina","Dolores de La Press","Politica","Sociedad"],"inLanguage":"es-AR"},{"@type":"WebPage","@id":"https:\/\/elcanillita.info\/press\/2025\/05\/03\/y-otra-vez-el-pueblo-elige-el-reality-show-favorito-de-la-democracia\/","url":"https:\/\/elcanillita.info\/press\/2025\/05\/03\/y-otra-vez-el-pueblo-elige-el-reality-show-favorito-de-la-democracia\/","name":"\u201cY otra vez el pueblo elige: el reality show favorito de la democracia\u201d - ElCanillita.Info","isPartOf":{"@id":"https:\/\/elcanillita.info\/press\/#website"},"primaryImageOfPage":{"@id":"https:\/\/elcanillita.info\/press\/2025\/05\/03\/y-otra-vez-el-pueblo-elige-el-reality-show-favorito-de-la-democracia\/#primaryimage"},"image":{"@id":"https:\/\/elcanillita.info\/press\/2025\/05\/03\/y-otra-vez-el-pueblo-elige-el-reality-show-favorito-de-la-democracia\/#primaryimage"},"thumbnailUrl":"https:\/\/elcanillita.info\/press\/images\/2025\/05\/tap_20250503.jpeg","datePublished":"2025-05-03T04:11:58+00:00","dateModified":"2025-05-04T06:51:08+00:00","inLanguage":"es-AR","potentialAction":[{"@type":"ReadAction","target":["https:\/\/elcanillita.info\/press\/2025\/05\/03\/y-otra-vez-el-pueblo-elige-el-reality-show-favorito-de-la-democracia\/"]}]},{"@type":"ImageObject","inLanguage":"es-AR","@id":"https:\/\/elcanillita.info\/press\/2025\/05\/03\/y-otra-vez-el-pueblo-elige-el-reality-show-favorito-de-la-democracia\/#primaryimage","url":"https:\/\/elcanillita.info\/press\/images\/2025\/05\/tap_20250503.jpeg","contentUrl":"https:\/\/elcanillita.info\/press\/images\/2025\/05\/tap_20250503.jpeg","width":600,"height":400},{"@type":"WebSite","@id":"https:\/\/elcanillita.info\/press\/#website","url":"https:\/\/elcanillita.info\/press\/","name":"ElCanillita.Info","description":"desde los Apeninos a los Andes","publisher":{"@id":"https:\/\/elcanillita.info\/press\/#organization"},"potentialAction":[{"@type":"SearchAction","target":{"@type":"EntryPoint","urlTemplate":"https:\/\/elcanillita.info\/press\/?s={search_term_string}"},"query-input":{"@type":"PropertyValueSpecification","valueRequired":true,"valueName":"search_term_string"}}],"inLanguage":"es-AR"},{"@type":"Organization","@id":"https:\/\/elcanillita.info\/press\/#organization","name":"Guzzo Photos & Graphic Publications","url":"https:\/\/elcanillita.info\/press\/","logo":{"@type":"ImageObject","inLanguage":"es-AR","@id":"https:\/\/elcanillita.info\/press\/#\/schema\/logo\/image\/","url":"https:\/\/elcanillita.info\/press\/images\/2020\/01\/cropped-cropped-cropped-elcanillitainfo.png","contentUrl":"https:\/\/elcanillita.info\/press\/images\/2020\/01\/cropped-cropped-cropped-elcanillitainfo.png","width":460,"height":50,"caption":"Guzzo Photos & Graphic Publications"},"image":{"@id":"https:\/\/elcanillita.info\/press\/#\/schema\/logo\/image\/"},"sameAs":["https:\/\/ar-ar.facebook.com\/ElCanillitainfo-114249515285712\/"]},{"@type":"Person","@id":"https:\/\/elcanillita.info\/press\/#\/schema\/person\/7fcb79f38045700919f7da6d97e71ba0","name":"SalaStampa.eu, world press service","image":{"@type":"ImageObject","inLanguage":"es-AR","@id":"https:\/\/secure.gravatar.com\/avatar\/c2f0e0d515a107624234994507816ca4724c7199cef73fc8bedebf6931d73888?s=96&d=mm&r=g","url":"https:\/\/secure.gravatar.com\/avatar\/c2f0e0d515a107624234994507816ca4724c7199cef73fc8bedebf6931d73888?s=96&d=mm&r=g","contentUrl":"https:\/\/secure.gravatar.com\/avatar\/c2f0e0d515a107624234994507816ca4724c7199cef73fc8bedebf6931d73888?s=96&d=mm&r=g","caption":"SalaStampa.eu, world press service"}}]}},"views":227,"_links":{"self":[{"href":"https:\/\/elcanillita.info\/press\/wp-json\/wp\/v2\/posts\/4511","targetHints":{"allow":["GET"]}}],"collection":[{"href":"https:\/\/elcanillita.info\/press\/wp-json\/wp\/v2\/posts"}],"about":[{"href":"https:\/\/elcanillita.info\/press\/wp-json\/wp\/v2\/types\/post"}],"author":[{"embeddable":true,"href":"https:\/\/elcanillita.info\/press\/wp-json\/wp\/v2\/users\/1"}],"replies":[{"embeddable":true,"href":"https:\/\/elcanillita.info\/press\/wp-json\/wp\/v2\/comments?post=4511"}],"version-history":[{"count":0,"href":"https:\/\/elcanillita.info\/press\/wp-json\/wp\/v2\/posts\/4511\/revisions"}],"wp:featuredmedia":[{"embeddable":true,"href":"https:\/\/elcanillita.info\/press\/wp-json\/wp\/v2\/media\/4512"}],"wp:attachment":[{"href":"https:\/\/elcanillita.info\/press\/wp-json\/wp\/v2\/media?parent=4511"}],"wp:term":[{"taxonomy":"category","embeddable":true,"href":"https:\/\/elcanillita.info\/press\/wp-json\/wp\/v2\/categories?post=4511"},{"taxonomy":"post_tag","embeddable":true,"href":"https:\/\/elcanillita.info\/press\/wp-json\/wp\/v2\/tags?post=4511"}],"curies":[{"name":"wp","href":"https:\/\/api.w.org\/{rel}","templated":true}]}}