{"id":451,"date":"2020-02-13T09:42:00","date_gmt":"2020-02-13T12:42:00","guid":{"rendered":"https:\/\/elcanillita.info\/press\/?p=451"},"modified":"2020-02-14T09:46:37","modified_gmt":"2020-02-14T12:46:37","slug":"usa-abre-nueva-acusacion-conspiracion-criminal-empresa-china-huawei","status":"publish","type":"post","link":"https:\/\/elcanillita.info\/press\/2020\/02\/13\/usa-abre-nueva-acusacion-conspiracion-criminal-empresa-china-huawei\/","title":{"rendered":"EE.UU. abre nueva acusaci\u00f3n por conspiraci\u00f3n criminal contra la empresa china Huawei"},"content":{"rendered":"\n<p>Washington, 13.02.2020 &#8211; El Departamento de Justicia&nbsp;ha agregado nuevos cargos criminales contra el gigangte chino de la teconolog\u00eda Huawei y dos de sus subsidiarias en Estados Unidos.<\/p>\n\n\n\n<p>Estados Unidos acusa a la compa\u00f1\u00eda de conspirar para robar secretos comerciales.<\/p>\n\n\n\n<p>La compa\u00f1\u00eda es tambien acusada de instalar equipos de espionaje que permitieron a Ir\u00e1n espiar a los manifestantes que en el 2009 protestaron contra el gobierno, y de hacer negocios con Corea del Norte a pesar de las sanciones impuestas por Washington a ese pa\u00eds.<\/p>\n\n\n\n<p>La compa\u00f1\u00eda emiti\u00f3 el jueves un comunicado rechazando los alegatos y calific\u00e1ndolos como \u201csin m\u00e9rito\u201d.<\/p>\n\n\n\n<p>El caso se presenta en momentos en que el presidente Donald Trump ha expresado una creciente preocupaci\u00f3n por las amenazas a la seguridad nacional por parte de Huawei,la empresa fabricante de equipos de telecomunicaciones m\u00e1s grande del mundo.<\/p>\n\n\n\n<p>Trump est\u00e1 cabildeando con aliados occidentales para que no incluyan a la empresa china en las redes de telefon\u00eda celular e internet de alta velocidad.<\/p>\n\n\n\n<p>La acusaci\u00f3n adicional, presentada por fiscales en Brooklyn, Nueva York, agrega a los conflictos legales de la empresa en Estados Unidos. Agrega cargos de conspiraci\u00f3n para delinquir y conspiraci\u00f3n para robar secretos commerciales a una acusaci\u00f3n previa en la que se le acusa de mentir a los bancos sobre transacciones que violan las sanciones econ\u00f3micas contra Ir\u00e1n.<\/p>\n\n\n\n<p>Fiscales federales en Seattle, Washington, han presentado una acusaci\u00f3n separada por supuesto robo de secretos comerciales contra la compa\u00f1\u00eda, mientras Meng Wanzhou, una alta ejecutiva de Huawei e hija del fundador de la empresa, es acusada de declaraciones falsas a bancos sobre sus relaciones con su subsidiaria en Ir\u00e1n. Ella fue arrestada en Vancouver, Columbia brit\u00e1nica, en Canad\u00e1, y se est\u00e1 gestionando su extradici\u00f3n a Estados Unidos.<\/p>\n\n\n\n<p>La m\u00e1s reciente acusaci\u00f3n, una ampliaci\u00f3n de otro caso presentado el a\u00f1o pasado, alega que Huawei estaba conspirando para robar los secretos comerciales y propiedad intelectural de empresas rivales en los Estados Unidos.<\/p>\n\n\n\n<p>En algunos casos, dijeron los fiscales, Huawei reclut\u00f3 a ex empleados de empresas rivales en un esfuerzo por lograr tener acceso a su propiedad intelectual. La compa\u00f1\u00eda tambien otorg\u00f3 incentivos a sus empleados para que robaran de sus competidores ofreciendo bonos a aquellos que trajeran la informaci\u00f3n robada m\u00e1s valiosa, y us\u00f3 a agentes secretos, incluyendo profesores en centros de investigaci\u00f3n para robar propiedad intelectual, dijeron los fiscales.<\/p>\n\n\n\n<p>La informaci\u00f3n robada incluir\u00eda tecnolog\u00eda para probar antenas y tecnolog\u00eda rob\u00f3tica, as\u00ed como manuales de usuarios para enrutadores de internet. El objetivo del robo, seg\u00fan el Departamento de Justicia, era permitir a Huawei ahorrar en costos de investigaci\u00f3n y desarrollo.<\/p>\n\n\n\n<p>En mayo del 2013, seg\u00fan la acusaci\u00f3n, un empleado&nbsp;de Huawei que tuvo acceso al laboratorio de una empresa en el estado de Washington, se llev\u00f3 un brazo rob\u00f3tico en un bolso para computadora. Un ingeniero tom\u00f3 fotos y medidas del brazo y las comparti\u00f3 con empleados de Huawei antes de finalmente regresarlo a la empresa, seg\u00fan la acusaci\u00f3n.<\/p>\n\n\n\n<p>En una feria tecnol\u00f3gica en el 2004, un empleado de Huawei fue encontrado a altas horas de la noche en un puesto de exposici\u00f3n de una compa\u00f1\u00eda tecnol\u00f3gica &#8220;quitando la cubierta de un aparato para redes y tomando fotos de los circuitos internos\u201d, dijeron los fiscales. El empleado usaba una credencial que lo identificaba como funcionario de Weihua, o Huawei deletreado con sus s\u00edlabas a la inversa.<\/p>\n\n\n\n<p>En otro episodio, un profesor en una universidad china firm\u00f3 un contrato con Huawei para desarrollar un prototipo de programa para almacenaje de informaci\u00f3n, luego firm\u00f3 un contrato con una empresa rival que le ofreci\u00f3 al profesor acceso a su propia tecnolog\u00eda, seg\u00fan la acusaci\u00f3n. El profesor nunca revel\u00f3 su v\u00ednculo con Huawei, agregaron los fiscales.<\/p>\n\n\n\n<p>La acusaci\u00f3n tambi\u00e9n enumera los pasos dado por la compa\u00f1\u00eda para camuflar sus relaciones de negocios con Ir\u00e1n y Corea del Norte, refiri\u00e9ndose a ambos pa\u00edses por nombres codificados.<\/p>\n\n\n\n<p>En un comunicado, Huawei se refiri\u00f3 a la nueva acusaci\u00f3n como \u201cparte de los intentos del Departamento de Justicia para da\u00f1ar irreparablemente la reputaci\u00f3n de Huawei y sus negocios, por razones comerciales y no legales.<\/p>\n\n\n\n<p>&#8220;Estas nuevas acusciones carecen de m\u00e9rito y est\u00e1n basadas en disputas civiles recicladas de los \u00faltimos 20 a\u00f1os que ya han sido litigadas y arregladas, y en algunos casos rechazadas por jueces federales y jurados\u201d, afirm\u00f3. \u201cEl gobierno no prevalecer\u00e1 con estos cargos, que nosotros demostraremos son sin fundamento e injustos\u201d.<\/p>\n\n\n\n<p>Funcionarios de la administraci\u00f3n Trump, incluyendo miembros del Gabinete, han esgrimido alegatos de riesgos a la seguridad nacional por parte de Huawei, en un esfuerzo para incentivar a las naciones europeas a prohibir sus equipos de las redes de nueva generaci\u00f3n.<\/p>\n\n\n\n<p>El secretario de Estado, Mike Pompeo y el secretario de Defensa, Mark Esper, le presentaron el tema a aliados occidentales durante un viaje a Munich esta semana. El Fiscal General William Barr, en un discurso la semana pasada, lament\u00f3 lo que dijo es la aspiraci\u00f3n china de dominar econ\u00f3micamente y propuso que Estados Unidos invierta en los rivales occidentales de Huawei.<\/p>\n\n\n\n<p>El asesor de Seguridad Nacional Roberto O\u2019Brien, afirm\u00f3 esta semana que Huawei puede secretamente monitorear comunicaciones a trav\u00e9s de sus equipos de redes que vende mundialmente. La compa\u00f1\u00eda rechaza tal afirmaci\u00f3n, diciendo que ni ha espiado, ni jam\u00e1s espiar\u00e1 en las redes de telecomunicaciones, y que ni siquiera tiene&nbsp;la capacidad para hacerlo.<br><br><small>2020 voanoticias \u2013 salastampa.eu, afiliada a la red Broadcasting Board of Governors \u00a9 2020 BBG<\/small><\/p>\n","protected":false},"excerpt":{"rendered":"<p>Washington, 13.02.2020 &#8211; El Departamento de Justicia ha agregado nuevos cargos criminales contra el gigangte chino de la teconolog\u00eda Huawei y dos de sus subsidiarias en Estados Unidos.<\/p>\n","protected":false},"author":1,"featured_media":0,"comment_status":"closed","ping_status":"closed","sticky":false,"template":"","format":"standard","meta":{"footnotes":"","_links_to":"","_links_to_target":""},"categories":[70,9,20,22,23],"tags":[34],"class_list":["post-451","post","type-post","status-publish","format-standard","hentry","category-actualidad","category-america-del-norte","category-economia","category-justicia","category-politica","tag-estados-unidos","entry","double"],"yoast_head":"<!-- This site is optimized with the Yoast SEO plugin v27.4 - https:\/\/yoast.com\/product\/yoast-seo-wordpress\/ -->\n<title>EE.UU. abre nueva acusaci\u00f3n por conspiraci\u00f3n criminal contra la empresa china Huawei - ElCanillita.Info<\/title>\n<meta name=\"robots\" content=\"index, follow, max-snippet:-1, max-image-preview:large, max-video-preview:-1\" \/>\n<link rel=\"canonical\" href=\"https:\/\/elcanillita.info\/press\/2020\/02\/13\/usa-abre-nueva-acusacion-conspiracion-criminal-empresa-china-huawei\/\" \/>\n<meta property=\"og:locale\" content=\"es_ES\" \/>\n<meta property=\"og:type\" content=\"article\" \/>\n<meta property=\"og:title\" content=\"EE.UU. abre nueva acusaci\u00f3n por conspiraci\u00f3n criminal contra la empresa china Huawei - ElCanillita.Info\" \/>\n<meta property=\"og:description\" content=\"Washington, 13.02.2020 - El Departamento de Justicia ha agregado nuevos cargos criminales contra el gigangte chino de la teconolog\u00eda Huawei y dos de sus subsidiarias en Estados Unidos.\" \/>\n<meta property=\"og:url\" content=\"https:\/\/elcanillita.info\/press\/2020\/02\/13\/usa-abre-nueva-acusacion-conspiracion-criminal-empresa-china-huawei\/\" \/>\n<meta property=\"og:site_name\" content=\"ElCanillita.Info\" \/>\n<meta property=\"article:publisher\" content=\"https:\/\/ar-ar.facebook.com\/ElCanillitainfo-114249515285712\/\" \/>\n<meta property=\"article:published_time\" content=\"2020-02-13T12:42:00+00:00\" \/>\n<meta property=\"article:modified_time\" content=\"2020-02-14T12:46:37+00:00\" \/>\n<meta name=\"author\" content=\"SalaStampa.eu, world press service\" \/>\n<meta name=\"twitter:card\" content=\"summary_large_image\" \/>\n<meta name=\"twitter:label1\" content=\"Escrito por\" \/>\n\t<meta name=\"twitter:data1\" content=\"SalaStampa.eu, world press service\" \/>\n\t<meta name=\"twitter:label2\" content=\"Tiempo de lectura\" \/>\n\t<meta name=\"twitter:data2\" content=\"5 minutos\" \/>\n<script type=\"application\/ld+json\" class=\"yoast-schema-graph\">{\"@context\":\"https:\\\/\\\/schema.org\",\"@graph\":[{\"@type\":\"Article\",\"@id\":\"https:\\\/\\\/elcanillita.info\\\/press\\\/2020\\\/02\\\/13\\\/usa-abre-nueva-acusacion-conspiracion-criminal-empresa-china-huawei\\\/#article\",\"isPartOf\":{\"@id\":\"https:\\\/\\\/elcanillita.info\\\/press\\\/2020\\\/02\\\/13\\\/usa-abre-nueva-acusacion-conspiracion-criminal-empresa-china-huawei\\\/\"},\"author\":{\"name\":\"SalaStampa.eu, world press service\",\"@id\":\"https:\\\/\\\/elcanillita.info\\\/press\\\/#\\\/schema\\\/person\\\/7fcb79f38045700919f7da6d97e71ba0\"},\"headline\":\"EE.UU. abre nueva acusaci\u00f3n por conspiraci\u00f3n criminal contra la empresa china Huawei\",\"datePublished\":\"2020-02-13T12:42:00+00:00\",\"dateModified\":\"2020-02-14T12:46:37+00:00\",\"mainEntityOfPage\":{\"@id\":\"https:\\\/\\\/elcanillita.info\\\/press\\\/2020\\\/02\\\/13\\\/usa-abre-nueva-acusacion-conspiracion-criminal-empresa-china-huawei\\\/\"},\"wordCount\":979,\"publisher\":{\"@id\":\"https:\\\/\\\/elcanillita.info\\\/press\\\/#organization\"},\"keywords\":[\"Estados Unidos\"],\"articleSection\":[\"Actualidad\",\"Am\u00e9rica del Norte\",\"Economia\",\"Justicia\",\"Politica\"],\"inLanguage\":\"es-AR\"},{\"@type\":\"WebPage\",\"@id\":\"https:\\\/\\\/elcanillita.info\\\/press\\\/2020\\\/02\\\/13\\\/usa-abre-nueva-acusacion-conspiracion-criminal-empresa-china-huawei\\\/\",\"url\":\"https:\\\/\\\/elcanillita.info\\\/press\\\/2020\\\/02\\\/13\\\/usa-abre-nueva-acusacion-conspiracion-criminal-empresa-china-huawei\\\/\",\"name\":\"EE.UU. abre nueva acusaci\u00f3n por conspiraci\u00f3n criminal contra la empresa china Huawei - ElCanillita.Info\",\"isPartOf\":{\"@id\":\"https:\\\/\\\/elcanillita.info\\\/press\\\/#website\"},\"datePublished\":\"2020-02-13T12:42:00+00:00\",\"dateModified\":\"2020-02-14T12:46:37+00:00\",\"inLanguage\":\"es-AR\",\"potentialAction\":[{\"@type\":\"ReadAction\",\"target\":[\"https:\\\/\\\/elcanillita.info\\\/press\\\/2020\\\/02\\\/13\\\/usa-abre-nueva-acusacion-conspiracion-criminal-empresa-china-huawei\\\/\"]}]},{\"@type\":\"WebSite\",\"@id\":\"https:\\\/\\\/elcanillita.info\\\/press\\\/#website\",\"url\":\"https:\\\/\\\/elcanillita.info\\\/press\\\/\",\"name\":\"ElCanillita.Info\",\"description\":\"desde los Apeninos a los Andes\",\"publisher\":{\"@id\":\"https:\\\/\\\/elcanillita.info\\\/press\\\/#organization\"},\"potentialAction\":[{\"@type\":\"SearchAction\",\"target\":{\"@type\":\"EntryPoint\",\"urlTemplate\":\"https:\\\/\\\/elcanillita.info\\\/press\\\/?s={search_term_string}\"},\"query-input\":{\"@type\":\"PropertyValueSpecification\",\"valueRequired\":true,\"valueName\":\"search_term_string\"}}],\"inLanguage\":\"es-AR\"},{\"@type\":\"Organization\",\"@id\":\"https:\\\/\\\/elcanillita.info\\\/press\\\/#organization\",\"name\":\"Guzzo Photos & Graphic Publications\",\"url\":\"https:\\\/\\\/elcanillita.info\\\/press\\\/\",\"logo\":{\"@type\":\"ImageObject\",\"inLanguage\":\"es-AR\",\"@id\":\"https:\\\/\\\/elcanillita.info\\\/press\\\/#\\\/schema\\\/logo\\\/image\\\/\",\"url\":\"https:\\\/\\\/elcanillita.info\\\/press\\\/images\\\/2020\\\/01\\\/cropped-cropped-cropped-elcanillitainfo.png\",\"contentUrl\":\"https:\\\/\\\/elcanillita.info\\\/press\\\/images\\\/2020\\\/01\\\/cropped-cropped-cropped-elcanillitainfo.png\",\"width\":460,\"height\":50,\"caption\":\"Guzzo Photos & Graphic Publications\"},\"image\":{\"@id\":\"https:\\\/\\\/elcanillita.info\\\/press\\\/#\\\/schema\\\/logo\\\/image\\\/\"},\"sameAs\":[\"https:\\\/\\\/ar-ar.facebook.com\\\/ElCanillitainfo-114249515285712\\\/\"]},{\"@type\":\"Person\",\"@id\":\"https:\\\/\\\/elcanillita.info\\\/press\\\/#\\\/schema\\\/person\\\/7fcb79f38045700919f7da6d97e71ba0\",\"name\":\"SalaStampa.eu, world press service\",\"image\":{\"@type\":\"ImageObject\",\"inLanguage\":\"es-AR\",\"@id\":\"https:\\\/\\\/secure.gravatar.com\\\/avatar\\\/c2f0e0d515a107624234994507816ca4724c7199cef73fc8bedebf6931d73888?s=96&d=mm&r=g\",\"url\":\"https:\\\/\\\/secure.gravatar.com\\\/avatar\\\/c2f0e0d515a107624234994507816ca4724c7199cef73fc8bedebf6931d73888?s=96&d=mm&r=g\",\"contentUrl\":\"https:\\\/\\\/secure.gravatar.com\\\/avatar\\\/c2f0e0d515a107624234994507816ca4724c7199cef73fc8bedebf6931d73888?s=96&d=mm&r=g\",\"caption\":\"SalaStampa.eu, world press service\"}}]}<\/script>\n<!-- \/ Yoast SEO plugin. -->","yoast_head_json":{"title":"EE.UU. abre nueva acusaci\u00f3n por conspiraci\u00f3n criminal contra la empresa china Huawei - ElCanillita.Info","robots":{"index":"index","follow":"follow","max-snippet":"max-snippet:-1","max-image-preview":"max-image-preview:large","max-video-preview":"max-video-preview:-1"},"canonical":"https:\/\/elcanillita.info\/press\/2020\/02\/13\/usa-abre-nueva-acusacion-conspiracion-criminal-empresa-china-huawei\/","og_locale":"es_ES","og_type":"article","og_title":"EE.UU. abre nueva acusaci\u00f3n por conspiraci\u00f3n criminal contra la empresa china Huawei - ElCanillita.Info","og_description":"Washington, 13.02.2020 - El Departamento de Justicia ha agregado nuevos cargos criminales contra el gigangte chino de la teconolog\u00eda Huawei y dos de sus subsidiarias en Estados Unidos.","og_url":"https:\/\/elcanillita.info\/press\/2020\/02\/13\/usa-abre-nueva-acusacion-conspiracion-criminal-empresa-china-huawei\/","og_site_name":"ElCanillita.Info","article_publisher":"https:\/\/ar-ar.facebook.com\/ElCanillitainfo-114249515285712\/","article_published_time":"2020-02-13T12:42:00+00:00","article_modified_time":"2020-02-14T12:46:37+00:00","author":"SalaStampa.eu, world press service","twitter_card":"summary_large_image","twitter_misc":{"Escrito por":"SalaStampa.eu, world press service","Tiempo de lectura":"5 minutos"},"schema":{"@context":"https:\/\/schema.org","@graph":[{"@type":"Article","@id":"https:\/\/elcanillita.info\/press\/2020\/02\/13\/usa-abre-nueva-acusacion-conspiracion-criminal-empresa-china-huawei\/#article","isPartOf":{"@id":"https:\/\/elcanillita.info\/press\/2020\/02\/13\/usa-abre-nueva-acusacion-conspiracion-criminal-empresa-china-huawei\/"},"author":{"name":"SalaStampa.eu, world press service","@id":"https:\/\/elcanillita.info\/press\/#\/schema\/person\/7fcb79f38045700919f7da6d97e71ba0"},"headline":"EE.UU. abre nueva acusaci\u00f3n por conspiraci\u00f3n criminal contra la empresa china Huawei","datePublished":"2020-02-13T12:42:00+00:00","dateModified":"2020-02-14T12:46:37+00:00","mainEntityOfPage":{"@id":"https:\/\/elcanillita.info\/press\/2020\/02\/13\/usa-abre-nueva-acusacion-conspiracion-criminal-empresa-china-huawei\/"},"wordCount":979,"publisher":{"@id":"https:\/\/elcanillita.info\/press\/#organization"},"keywords":["Estados Unidos"],"articleSection":["Actualidad","Am\u00e9rica del Norte","Economia","Justicia","Politica"],"inLanguage":"es-AR"},{"@type":"WebPage","@id":"https:\/\/elcanillita.info\/press\/2020\/02\/13\/usa-abre-nueva-acusacion-conspiracion-criminal-empresa-china-huawei\/","url":"https:\/\/elcanillita.info\/press\/2020\/02\/13\/usa-abre-nueva-acusacion-conspiracion-criminal-empresa-china-huawei\/","name":"EE.UU. abre nueva acusaci\u00f3n por conspiraci\u00f3n criminal contra la empresa china Huawei - ElCanillita.Info","isPartOf":{"@id":"https:\/\/elcanillita.info\/press\/#website"},"datePublished":"2020-02-13T12:42:00+00:00","dateModified":"2020-02-14T12:46:37+00:00","inLanguage":"es-AR","potentialAction":[{"@type":"ReadAction","target":["https:\/\/elcanillita.info\/press\/2020\/02\/13\/usa-abre-nueva-acusacion-conspiracion-criminal-empresa-china-huawei\/"]}]},{"@type":"WebSite","@id":"https:\/\/elcanillita.info\/press\/#website","url":"https:\/\/elcanillita.info\/press\/","name":"ElCanillita.Info","description":"desde los Apeninos a los Andes","publisher":{"@id":"https:\/\/elcanillita.info\/press\/#organization"},"potentialAction":[{"@type":"SearchAction","target":{"@type":"EntryPoint","urlTemplate":"https:\/\/elcanillita.info\/press\/?s={search_term_string}"},"query-input":{"@type":"PropertyValueSpecification","valueRequired":true,"valueName":"search_term_string"}}],"inLanguage":"es-AR"},{"@type":"Organization","@id":"https:\/\/elcanillita.info\/press\/#organization","name":"Guzzo Photos & Graphic Publications","url":"https:\/\/elcanillita.info\/press\/","logo":{"@type":"ImageObject","inLanguage":"es-AR","@id":"https:\/\/elcanillita.info\/press\/#\/schema\/logo\/image\/","url":"https:\/\/elcanillita.info\/press\/images\/2020\/01\/cropped-cropped-cropped-elcanillitainfo.png","contentUrl":"https:\/\/elcanillita.info\/press\/images\/2020\/01\/cropped-cropped-cropped-elcanillitainfo.png","width":460,"height":50,"caption":"Guzzo Photos & Graphic Publications"},"image":{"@id":"https:\/\/elcanillita.info\/press\/#\/schema\/logo\/image\/"},"sameAs":["https:\/\/ar-ar.facebook.com\/ElCanillitainfo-114249515285712\/"]},{"@type":"Person","@id":"https:\/\/elcanillita.info\/press\/#\/schema\/person\/7fcb79f38045700919f7da6d97e71ba0","name":"SalaStampa.eu, world press service","image":{"@type":"ImageObject","inLanguage":"es-AR","@id":"https:\/\/secure.gravatar.com\/avatar\/c2f0e0d515a107624234994507816ca4724c7199cef73fc8bedebf6931d73888?s=96&d=mm&r=g","url":"https:\/\/secure.gravatar.com\/avatar\/c2f0e0d515a107624234994507816ca4724c7199cef73fc8bedebf6931d73888?s=96&d=mm&r=g","contentUrl":"https:\/\/secure.gravatar.com\/avatar\/c2f0e0d515a107624234994507816ca4724c7199cef73fc8bedebf6931d73888?s=96&d=mm&r=g","caption":"SalaStampa.eu, world press service"}}]}},"views":701,"_links":{"self":[{"href":"https:\/\/elcanillita.info\/press\/wp-json\/wp\/v2\/posts\/451","targetHints":{"allow":["GET"]}}],"collection":[{"href":"https:\/\/elcanillita.info\/press\/wp-json\/wp\/v2\/posts"}],"about":[{"href":"https:\/\/elcanillita.info\/press\/wp-json\/wp\/v2\/types\/post"}],"author":[{"embeddable":true,"href":"https:\/\/elcanillita.info\/press\/wp-json\/wp\/v2\/users\/1"}],"replies":[{"embeddable":true,"href":"https:\/\/elcanillita.info\/press\/wp-json\/wp\/v2\/comments?post=451"}],"version-history":[{"count":0,"href":"https:\/\/elcanillita.info\/press\/wp-json\/wp\/v2\/posts\/451\/revisions"}],"wp:attachment":[{"href":"https:\/\/elcanillita.info\/press\/wp-json\/wp\/v2\/media?parent=451"}],"wp:term":[{"taxonomy":"category","embeddable":true,"href":"https:\/\/elcanillita.info\/press\/wp-json\/wp\/v2\/categories?post=451"},{"taxonomy":"post_tag","embeddable":true,"href":"https:\/\/elcanillita.info\/press\/wp-json\/wp\/v2\/tags?post=451"}],"curies":[{"name":"wp","href":"https:\/\/api.w.org\/{rel}","templated":true}]}}