{"id":4503,"date":"2025-05-02T01:50:08","date_gmt":"2025-05-02T04:50:08","guid":{"rendered":"https:\/\/elcanillita.info\/press\/?p=4503"},"modified":"2025-05-02T01:57:36","modified_gmt":"2025-05-02T04:57:36","slug":"caja-negra-del-pami-el-tesoro-mas-buscado-del-geriatrico-politico","status":"publish","type":"post","link":"https:\/\/elcanillita.info\/press\/2025\/05\/02\/caja-negra-del-pami-el-tesoro-mas-buscado-del-geriatrico-politico\/","title":{"rendered":"\u201cCaja Negra del PAMI: el tesoro m\u00e1s buscado del geri\u00e1trico pol\u00edtico\u201d"},"content":{"rendered":"\n<figure class=\"wp-block-image size-full\"><img loading=\"lazy\" decoding=\"async\" width=\"450\" height=\"400\" src=\"https:\/\/elcanillita.info\/press\/images\/2025\/05\/caja_20250502.jpg\" alt=\"\" class=\"wp-image-4506\" srcset=\"https:\/\/elcanillita.info\/press\/images\/2025\/05\/caja_20250502.jpg 450w, https:\/\/elcanillita.info\/press\/images\/2025\/05\/caja_20250502-300x267.jpg 300w\" sizes=\"auto, (max-width: 450px) 100vw, 450px\" \/><\/figure>\n\n\n\n<p><strong>ElCanillita.info<\/strong><br><small>Argentina, 02\/05\/2025<\/small><br>La \u201ccaja negra del PAMI\u201d: ese agujero negro de fondos, favores y silencios que ning\u00fan gobierno termina de iluminar\u2026 hasta que lo necesita. Y ahora, como siempre, vuelve al centro de la escena con la disputa entre el gobierno nacional y los distintos actores que se pelean por manejarla \u2014porque donde hay plata, hay poder, y donde hay poder, hay internas.<\/p>\n\n\n\n<p>Mientras el pa\u00eds discute el futuro de las jubilaciones, los remedios y el d\u00e9ficit cero, en los pasillos del poder se cocina otro plato fuerte: qui\u00e9n se queda con la llave de la caja negra del PAMI. Ese gigantesco universo de contratos, cl\u00ednicas amigas, convenios opacos y millones que fluyen con m\u00e1s velocidad que los turnos m\u00e9dicos.<\/p>\n\n\n\n<p>Porque el PAMI no es solo la obra social m\u00e1s grande de Latinoam\u00e9rica: es tambi\u00e9n un aparato aceitado para repartir poder, favores y recursos con una l\u00f3gica tan sigilosa como eficiente. Y aunque suena a geri\u00e1trico, es m\u00e1s parecido a una petrolera estatal: tiene oro, pero est\u00e1 enterrado bajo capas de opacidad y lealtades pol\u00edticas.<\/p>\n\n\n\n<p>El gobierno nacional, obsesionado con la motosierra pero muy atento a las cajas que no puede tocar, se enfrenta ahora a un dilema: \u00bfdejar el PAMI en manos de aliados inc\u00f3modos o intervenir y bancarse la tormenta? La UCR, el PRO y sectores peronistas (s\u00ed, todav\u00eda quedan) se disputan ese sill\u00f3n como si fuera la \u00faltima silla en una fiesta de ajuste.<\/p>\n\n\n\n<p>Mientras tanto, los jubilados miran desde la tribuna, con la paciencia de quien ya entendi\u00f3 que el sistema no est\u00e1 hecho para ellos. Las farmacias siguen reclamando pagos atrasados, los prestadores acumulan facturas impagas y los turnos para especialistas se entregan con fecha de vencimiento m\u00e1s larga que algunos bonos en default.<\/p>\n\n\n\n<p>Pero no te confundas: el PAMI no est\u00e1 en crisis. Est\u00e1 en disputa. Y como toda caja negra, guarda secretos que nadie quiere revelar\u2026 salvo cuando sirven para una buena interna.<br><strong><br><small>\u00a92025 \u201cEl Lector de la Esquina\u201d &#8211; Todos los derechos reservados<\/small><\/strong><br><small>Copyright \u00a9 2025 ElCanillita.info \/ SalaStampa.eu, servicio mundial de prensa<\/small><br><small>Guzzo Photos &amp; Graphic Publications &#8211; Registro Editori e Stampatori n. 1441 Torino, Italia<\/small><\/p>\n\n\n\n<p><\/p>\n","protected":false},"excerpt":{"rendered":"<p>Todos contra todos por la abuela de las cajas, el bot\u00edn silencioso que todos quieren..<\/p>\n","protected":false},"author":1,"featured_media":4506,"comment_status":"closed","ping_status":"closed","sticky":false,"template":"","format":"standard","meta":{"footnotes":"","_links_to":"","_links_to_target":""},"categories":[108,121,123,118,126,23],"tags":[29],"class_list":["post-4503","post","type-post","status-publish","format-standard","has-post-thumbnail","hentry","category-blogdiario","category-dc24","category-argentina","category-corrupcion","category-dolores-de-la-press","category-politica","tag-argentina","entry","double"],"yoast_head":"<!-- This site is optimized with the Yoast SEO plugin v27.5 - https:\/\/yoast.com\/product\/yoast-seo-wordpress\/ -->\n<title>\u201cCaja Negra del PAMI: el tesoro m\u00e1s buscado del geri\u00e1trico pol\u00edtico\u201d - ElCanillita.Info<\/title>\n<meta name=\"robots\" content=\"index, follow, max-snippet:-1, max-image-preview:large, max-video-preview:-1\" \/>\n<link rel=\"canonical\" href=\"https:\/\/elcanillita.info\/press\/2025\/05\/02\/caja-negra-del-pami-el-tesoro-mas-buscado-del-geriatrico-politico\/\" \/>\n<meta property=\"og:locale\" content=\"es_ES\" \/>\n<meta property=\"og:type\" content=\"article\" \/>\n<meta property=\"og:title\" content=\"\u201cCaja Negra del PAMI: el tesoro m\u00e1s buscado del geri\u00e1trico pol\u00edtico\u201d - ElCanillita.Info\" \/>\n<meta property=\"og:description\" content=\"Todos contra todos por la abuela de las cajas, el bot\u00edn silencioso que todos quieren..\" \/>\n<meta property=\"og:url\" content=\"https:\/\/elcanillita.info\/press\/2025\/05\/02\/caja-negra-del-pami-el-tesoro-mas-buscado-del-geriatrico-politico\/\" \/>\n<meta property=\"og:site_name\" content=\"ElCanillita.Info\" \/>\n<meta property=\"article:publisher\" content=\"https:\/\/ar-ar.facebook.com\/ElCanillitainfo-114249515285712\/\" \/>\n<meta property=\"article:published_time\" content=\"2025-05-02T04:50:08+00:00\" \/>\n<meta property=\"article:modified_time\" content=\"2025-05-02T04:57:36+00:00\" \/>\n<meta property=\"og:image\" content=\"https:\/\/elcanillita.info\/press\/images\/2025\/05\/caja_20250502.jpg\" \/>\n\t<meta property=\"og:image:width\" content=\"450\" \/>\n\t<meta property=\"og:image:height\" content=\"400\" \/>\n\t<meta property=\"og:image:type\" content=\"image\/jpeg\" \/>\n<meta name=\"author\" content=\"SalaStampa.eu, world press service\" \/>\n<meta name=\"twitter:card\" content=\"summary_large_image\" \/>\n<meta name=\"twitter:label1\" content=\"Escrito por\" \/>\n\t<meta name=\"twitter:data1\" content=\"SalaStampa.eu, world press service\" \/>\n\t<meta name=\"twitter:label2\" content=\"Tiempo de lectura\" \/>\n\t<meta name=\"twitter:data2\" content=\"3 minutos\" \/>\n<script type=\"application\/ld+json\" class=\"yoast-schema-graph\">{\"@context\":\"https:\\\/\\\/schema.org\",\"@graph\":[{\"@type\":\"Article\",\"@id\":\"https:\\\/\\\/elcanillita.info\\\/press\\\/2025\\\/05\\\/02\\\/caja-negra-del-pami-el-tesoro-mas-buscado-del-geriatrico-politico\\\/#article\",\"isPartOf\":{\"@id\":\"https:\\\/\\\/elcanillita.info\\\/press\\\/2025\\\/05\\\/02\\\/caja-negra-del-pami-el-tesoro-mas-buscado-del-geriatrico-politico\\\/\"},\"author\":{\"name\":\"SalaStampa.eu, world press service\",\"@id\":\"https:\\\/\\\/elcanillita.info\\\/press\\\/#\\\/schema\\\/person\\\/7fcb79f38045700919f7da6d97e71ba0\"},\"headline\":\"\u201cCaja Negra del PAMI: el tesoro m\u00e1s buscado del geri\u00e1trico pol\u00edtico\u201d\",\"datePublished\":\"2025-05-02T04:50:08+00:00\",\"dateModified\":\"2025-05-02T04:57:36+00:00\",\"mainEntityOfPage\":{\"@id\":\"https:\\\/\\\/elcanillita.info\\\/press\\\/2025\\\/05\\\/02\\\/caja-negra-del-pami-el-tesoro-mas-buscado-del-geriatrico-politico\\\/\"},\"wordCount\":385,\"publisher\":{\"@id\":\"https:\\\/\\\/elcanillita.info\\\/press\\\/#organization\"},\"image\":{\"@id\":\"https:\\\/\\\/elcanillita.info\\\/press\\\/2025\\\/05\\\/02\\\/caja-negra-del-pami-el-tesoro-mas-buscado-del-geriatrico-politico\\\/#primaryimage\"},\"thumbnailUrl\":\"https:\\\/\\\/elcanillita.info\\\/press\\\/images\\\/2025\\\/05\\\/caja_20250502.jpg\",\"keywords\":[\"Argentina\"],\"articleSection\":[\".\",\".\",\"Argentina\",\"Corrupci\u00f3n\",\"Dolores de La Press\",\"Politica\"],\"inLanguage\":\"es-AR\"},{\"@type\":\"WebPage\",\"@id\":\"https:\\\/\\\/elcanillita.info\\\/press\\\/2025\\\/05\\\/02\\\/caja-negra-del-pami-el-tesoro-mas-buscado-del-geriatrico-politico\\\/\",\"url\":\"https:\\\/\\\/elcanillita.info\\\/press\\\/2025\\\/05\\\/02\\\/caja-negra-del-pami-el-tesoro-mas-buscado-del-geriatrico-politico\\\/\",\"name\":\"\u201cCaja Negra del PAMI: el tesoro m\u00e1s buscado del geri\u00e1trico pol\u00edtico\u201d - ElCanillita.Info\",\"isPartOf\":{\"@id\":\"https:\\\/\\\/elcanillita.info\\\/press\\\/#website\"},\"primaryImageOfPage\":{\"@id\":\"https:\\\/\\\/elcanillita.info\\\/press\\\/2025\\\/05\\\/02\\\/caja-negra-del-pami-el-tesoro-mas-buscado-del-geriatrico-politico\\\/#primaryimage\"},\"image\":{\"@id\":\"https:\\\/\\\/elcanillita.info\\\/press\\\/2025\\\/05\\\/02\\\/caja-negra-del-pami-el-tesoro-mas-buscado-del-geriatrico-politico\\\/#primaryimage\"},\"thumbnailUrl\":\"https:\\\/\\\/elcanillita.info\\\/press\\\/images\\\/2025\\\/05\\\/caja_20250502.jpg\",\"datePublished\":\"2025-05-02T04:50:08+00:00\",\"dateModified\":\"2025-05-02T04:57:36+00:00\",\"inLanguage\":\"es-AR\",\"potentialAction\":[{\"@type\":\"ReadAction\",\"target\":[\"https:\\\/\\\/elcanillita.info\\\/press\\\/2025\\\/05\\\/02\\\/caja-negra-del-pami-el-tesoro-mas-buscado-del-geriatrico-politico\\\/\"]}]},{\"@type\":\"ImageObject\",\"inLanguage\":\"es-AR\",\"@id\":\"https:\\\/\\\/elcanillita.info\\\/press\\\/2025\\\/05\\\/02\\\/caja-negra-del-pami-el-tesoro-mas-buscado-del-geriatrico-politico\\\/#primaryimage\",\"url\":\"https:\\\/\\\/elcanillita.info\\\/press\\\/images\\\/2025\\\/05\\\/caja_20250502.jpg\",\"contentUrl\":\"https:\\\/\\\/elcanillita.info\\\/press\\\/images\\\/2025\\\/05\\\/caja_20250502.jpg\",\"width\":450,\"height\":400},{\"@type\":\"WebSite\",\"@id\":\"https:\\\/\\\/elcanillita.info\\\/press\\\/#website\",\"url\":\"https:\\\/\\\/elcanillita.info\\\/press\\\/\",\"name\":\"ElCanillita.Info\",\"description\":\"desde los Apeninos a los Andes\",\"publisher\":{\"@id\":\"https:\\\/\\\/elcanillita.info\\\/press\\\/#organization\"},\"potentialAction\":[{\"@type\":\"SearchAction\",\"target\":{\"@type\":\"EntryPoint\",\"urlTemplate\":\"https:\\\/\\\/elcanillita.info\\\/press\\\/?s={search_term_string}\"},\"query-input\":{\"@type\":\"PropertyValueSpecification\",\"valueRequired\":true,\"valueName\":\"search_term_string\"}}],\"inLanguage\":\"es-AR\"},{\"@type\":\"Organization\",\"@id\":\"https:\\\/\\\/elcanillita.info\\\/press\\\/#organization\",\"name\":\"Guzzo Photos & Graphic Publications\",\"url\":\"https:\\\/\\\/elcanillita.info\\\/press\\\/\",\"logo\":{\"@type\":\"ImageObject\",\"inLanguage\":\"es-AR\",\"@id\":\"https:\\\/\\\/elcanillita.info\\\/press\\\/#\\\/schema\\\/logo\\\/image\\\/\",\"url\":\"https:\\\/\\\/elcanillita.info\\\/press\\\/images\\\/2020\\\/01\\\/cropped-cropped-cropped-elcanillitainfo.png\",\"contentUrl\":\"https:\\\/\\\/elcanillita.info\\\/press\\\/images\\\/2020\\\/01\\\/cropped-cropped-cropped-elcanillitainfo.png\",\"width\":460,\"height\":50,\"caption\":\"Guzzo Photos & Graphic Publications\"},\"image\":{\"@id\":\"https:\\\/\\\/elcanillita.info\\\/press\\\/#\\\/schema\\\/logo\\\/image\\\/\"},\"sameAs\":[\"https:\\\/\\\/ar-ar.facebook.com\\\/ElCanillitainfo-114249515285712\\\/\"]},{\"@type\":\"Person\",\"@id\":\"https:\\\/\\\/elcanillita.info\\\/press\\\/#\\\/schema\\\/person\\\/7fcb79f38045700919f7da6d97e71ba0\",\"name\":\"SalaStampa.eu, world press service\",\"image\":{\"@type\":\"ImageObject\",\"inLanguage\":\"es-AR\",\"@id\":\"https:\\\/\\\/secure.gravatar.com\\\/avatar\\\/c2f0e0d515a107624234994507816ca4724c7199cef73fc8bedebf6931d73888?s=96&d=mm&r=g\",\"url\":\"https:\\\/\\\/secure.gravatar.com\\\/avatar\\\/c2f0e0d515a107624234994507816ca4724c7199cef73fc8bedebf6931d73888?s=96&d=mm&r=g\",\"contentUrl\":\"https:\\\/\\\/secure.gravatar.com\\\/avatar\\\/c2f0e0d515a107624234994507816ca4724c7199cef73fc8bedebf6931d73888?s=96&d=mm&r=g\",\"caption\":\"SalaStampa.eu, world press service\"}}]}<\/script>\n<!-- \/ Yoast SEO plugin. -->","yoast_head_json":{"title":"\u201cCaja Negra del PAMI: el tesoro m\u00e1s buscado del geri\u00e1trico pol\u00edtico\u201d - ElCanillita.Info","robots":{"index":"index","follow":"follow","max-snippet":"max-snippet:-1","max-image-preview":"max-image-preview:large","max-video-preview":"max-video-preview:-1"},"canonical":"https:\/\/elcanillita.info\/press\/2025\/05\/02\/caja-negra-del-pami-el-tesoro-mas-buscado-del-geriatrico-politico\/","og_locale":"es_ES","og_type":"article","og_title":"\u201cCaja Negra del PAMI: el tesoro m\u00e1s buscado del geri\u00e1trico pol\u00edtico\u201d - ElCanillita.Info","og_description":"Todos contra todos por la abuela de las cajas, el bot\u00edn silencioso que todos quieren..","og_url":"https:\/\/elcanillita.info\/press\/2025\/05\/02\/caja-negra-del-pami-el-tesoro-mas-buscado-del-geriatrico-politico\/","og_site_name":"ElCanillita.Info","article_publisher":"https:\/\/ar-ar.facebook.com\/ElCanillitainfo-114249515285712\/","article_published_time":"2025-05-02T04:50:08+00:00","article_modified_time":"2025-05-02T04:57:36+00:00","og_image":[{"width":450,"height":400,"url":"https:\/\/elcanillita.info\/press\/images\/2025\/05\/caja_20250502.jpg","type":"image\/jpeg"}],"author":"SalaStampa.eu, world press service","twitter_card":"summary_large_image","twitter_misc":{"Escrito por":"SalaStampa.eu, world press service","Tiempo de lectura":"3 minutos"},"schema":{"@context":"https:\/\/schema.org","@graph":[{"@type":"Article","@id":"https:\/\/elcanillita.info\/press\/2025\/05\/02\/caja-negra-del-pami-el-tesoro-mas-buscado-del-geriatrico-politico\/#article","isPartOf":{"@id":"https:\/\/elcanillita.info\/press\/2025\/05\/02\/caja-negra-del-pami-el-tesoro-mas-buscado-del-geriatrico-politico\/"},"author":{"name":"SalaStampa.eu, world press service","@id":"https:\/\/elcanillita.info\/press\/#\/schema\/person\/7fcb79f38045700919f7da6d97e71ba0"},"headline":"\u201cCaja Negra del PAMI: el tesoro m\u00e1s buscado del geri\u00e1trico pol\u00edtico\u201d","datePublished":"2025-05-02T04:50:08+00:00","dateModified":"2025-05-02T04:57:36+00:00","mainEntityOfPage":{"@id":"https:\/\/elcanillita.info\/press\/2025\/05\/02\/caja-negra-del-pami-el-tesoro-mas-buscado-del-geriatrico-politico\/"},"wordCount":385,"publisher":{"@id":"https:\/\/elcanillita.info\/press\/#organization"},"image":{"@id":"https:\/\/elcanillita.info\/press\/2025\/05\/02\/caja-negra-del-pami-el-tesoro-mas-buscado-del-geriatrico-politico\/#primaryimage"},"thumbnailUrl":"https:\/\/elcanillita.info\/press\/images\/2025\/05\/caja_20250502.jpg","keywords":["Argentina"],"articleSection":[".",".","Argentina","Corrupci\u00f3n","Dolores de La Press","Politica"],"inLanguage":"es-AR"},{"@type":"WebPage","@id":"https:\/\/elcanillita.info\/press\/2025\/05\/02\/caja-negra-del-pami-el-tesoro-mas-buscado-del-geriatrico-politico\/","url":"https:\/\/elcanillita.info\/press\/2025\/05\/02\/caja-negra-del-pami-el-tesoro-mas-buscado-del-geriatrico-politico\/","name":"\u201cCaja Negra del PAMI: el tesoro m\u00e1s buscado del geri\u00e1trico pol\u00edtico\u201d - ElCanillita.Info","isPartOf":{"@id":"https:\/\/elcanillita.info\/press\/#website"},"primaryImageOfPage":{"@id":"https:\/\/elcanillita.info\/press\/2025\/05\/02\/caja-negra-del-pami-el-tesoro-mas-buscado-del-geriatrico-politico\/#primaryimage"},"image":{"@id":"https:\/\/elcanillita.info\/press\/2025\/05\/02\/caja-negra-del-pami-el-tesoro-mas-buscado-del-geriatrico-politico\/#primaryimage"},"thumbnailUrl":"https:\/\/elcanillita.info\/press\/images\/2025\/05\/caja_20250502.jpg","datePublished":"2025-05-02T04:50:08+00:00","dateModified":"2025-05-02T04:57:36+00:00","inLanguage":"es-AR","potentialAction":[{"@type":"ReadAction","target":["https:\/\/elcanillita.info\/press\/2025\/05\/02\/caja-negra-del-pami-el-tesoro-mas-buscado-del-geriatrico-politico\/"]}]},{"@type":"ImageObject","inLanguage":"es-AR","@id":"https:\/\/elcanillita.info\/press\/2025\/05\/02\/caja-negra-del-pami-el-tesoro-mas-buscado-del-geriatrico-politico\/#primaryimage","url":"https:\/\/elcanillita.info\/press\/images\/2025\/05\/caja_20250502.jpg","contentUrl":"https:\/\/elcanillita.info\/press\/images\/2025\/05\/caja_20250502.jpg","width":450,"height":400},{"@type":"WebSite","@id":"https:\/\/elcanillita.info\/press\/#website","url":"https:\/\/elcanillita.info\/press\/","name":"ElCanillita.Info","description":"desde los Apeninos a los Andes","publisher":{"@id":"https:\/\/elcanillita.info\/press\/#organization"},"potentialAction":[{"@type":"SearchAction","target":{"@type":"EntryPoint","urlTemplate":"https:\/\/elcanillita.info\/press\/?s={search_term_string}"},"query-input":{"@type":"PropertyValueSpecification","valueRequired":true,"valueName":"search_term_string"}}],"inLanguage":"es-AR"},{"@type":"Organization","@id":"https:\/\/elcanillita.info\/press\/#organization","name":"Guzzo Photos & Graphic Publications","url":"https:\/\/elcanillita.info\/press\/","logo":{"@type":"ImageObject","inLanguage":"es-AR","@id":"https:\/\/elcanillita.info\/press\/#\/schema\/logo\/image\/","url":"https:\/\/elcanillita.info\/press\/images\/2020\/01\/cropped-cropped-cropped-elcanillitainfo.png","contentUrl":"https:\/\/elcanillita.info\/press\/images\/2020\/01\/cropped-cropped-cropped-elcanillitainfo.png","width":460,"height":50,"caption":"Guzzo Photos & Graphic Publications"},"image":{"@id":"https:\/\/elcanillita.info\/press\/#\/schema\/logo\/image\/"},"sameAs":["https:\/\/ar-ar.facebook.com\/ElCanillitainfo-114249515285712\/"]},{"@type":"Person","@id":"https:\/\/elcanillita.info\/press\/#\/schema\/person\/7fcb79f38045700919f7da6d97e71ba0","name":"SalaStampa.eu, world press service","image":{"@type":"ImageObject","inLanguage":"es-AR","@id":"https:\/\/secure.gravatar.com\/avatar\/c2f0e0d515a107624234994507816ca4724c7199cef73fc8bedebf6931d73888?s=96&d=mm&r=g","url":"https:\/\/secure.gravatar.com\/avatar\/c2f0e0d515a107624234994507816ca4724c7199cef73fc8bedebf6931d73888?s=96&d=mm&r=g","contentUrl":"https:\/\/secure.gravatar.com\/avatar\/c2f0e0d515a107624234994507816ca4724c7199cef73fc8bedebf6931d73888?s=96&d=mm&r=g","caption":"SalaStampa.eu, world press service"}}]}},"views":200,"_links":{"self":[{"href":"https:\/\/elcanillita.info\/press\/wp-json\/wp\/v2\/posts\/4503","targetHints":{"allow":["GET"]}}],"collection":[{"href":"https:\/\/elcanillita.info\/press\/wp-json\/wp\/v2\/posts"}],"about":[{"href":"https:\/\/elcanillita.info\/press\/wp-json\/wp\/v2\/types\/post"}],"author":[{"embeddable":true,"href":"https:\/\/elcanillita.info\/press\/wp-json\/wp\/v2\/users\/1"}],"replies":[{"embeddable":true,"href":"https:\/\/elcanillita.info\/press\/wp-json\/wp\/v2\/comments?post=4503"}],"version-history":[{"count":0,"href":"https:\/\/elcanillita.info\/press\/wp-json\/wp\/v2\/posts\/4503\/revisions"}],"wp:featuredmedia":[{"embeddable":true,"href":"https:\/\/elcanillita.info\/press\/wp-json\/wp\/v2\/media\/4506"}],"wp:attachment":[{"href":"https:\/\/elcanillita.info\/press\/wp-json\/wp\/v2\/media?parent=4503"}],"wp:term":[{"taxonomy":"category","embeddable":true,"href":"https:\/\/elcanillita.info\/press\/wp-json\/wp\/v2\/categories?post=4503"},{"taxonomy":"post_tag","embeddable":true,"href":"https:\/\/elcanillita.info\/press\/wp-json\/wp\/v2\/tags?post=4503"}],"curies":[{"name":"wp","href":"https:\/\/api.w.org\/{rel}","templated":true}]}}