{"id":450,"date":"2020-02-13T09:39:00","date_gmt":"2020-02-13T12:39:00","guid":{"rendered":"https:\/\/elcanillita.info\/press\/?p=450"},"modified":"2020-02-14T09:40:51","modified_gmt":"2020-02-14T12:40:51","slug":"victoria-amazon-juez-frena-contrato-pentagono-microsoft","status":"publish","type":"post","link":"https:\/\/elcanillita.info\/press\/2020\/02\/13\/victoria-amazon-juez-frena-contrato-pentagono-microsoft\/","title":{"rendered":"Victoria para Amazon, juez frena contrato del Pent\u00e1gono con Microsoft"},"content":{"rendered":"\n<p>Washington, 13.02.2020 &#8211; Una corte federal orden\u00f3 la suspensi\u00f3n temporal del trabajo de Microsoft en un contrato militar de computaci\u00f3n en la nube con valor de 10.000 millones de d\u00f3lares que, en un principio, se cre\u00eda que ganar\u00eda Amazon.<\/p>\n\n\n\n<p>La empresa de Seattle demand\u00f3 en noviembre para que la decisi\u00f3n se revisara, con el argumento de que el prejuicio del presidente Donald Trump contra su compa\u00f1\u00eda afectaba sus probabilidades de ganar el proyecto.<\/p>\n\n\n\n<p>Amazon solicit\u00f3 el mandato judicial el mes pasado. Tanto los documentos que solicitan la orden como la decisi\u00f3n del juez de emitir el interdicto temporal est\u00e1n bajo precinto.<\/p>\n\n\n\n<p>Sin embargo, un aviso p\u00fablico de la corte confirm\u00f3 el mandato judicial sobre el Pent\u00e1gono y se\u00f1ala que Amazon tendr\u00e1 que crear un fondo de seguridad de 42 millones de d\u00f3lares que ser\u00e1 utilizado para pagar da\u00f1os en caso de que el tribunal determine despu\u00e9s que el mandato fue inapropiado. De momento no hab\u00eda m\u00e1s detalles sobre la decisi\u00f3n.<\/p>\n\n\n\n<p>Microsoft se\u00f1al\u00f3 en un comunicado el jueves que lamenta la demora, pero que cree que a fin de cuentas se le permitir\u00e1 avanzar con el proyecto.<\/p>\n\n\n\n<p>El Pent\u00e1gono y Amazon no respondieron las peticiones de comentarios.<\/p>\n\n\n\n<p>Charles Tiefer, profesor de contratos gubernamentales en la Universidad de Baltimore, dijo que la orden para detener el trabajo en el proyecto es \u201cimpactante\u201d, y agreg\u00f3 que los jueces suelen detener el trabajo en contratos cuando ven \u201ccierto m\u00e9rito\u201d en el caso.<br><br><small>2020 voanoticias \u2013 salastampa.eu, afiliada a la red Broadcasting Board of Governors \u00a9 2020 BBG<\/small><\/p>\n\n\n\n<p> <\/p>\n","protected":false},"excerpt":{"rendered":"<p>Washington, 13.02.2020 &#8211; Una corte federal orden\u00f3 la suspensi\u00f3n temporal del trabajo de Microsoft en un contrato militar de computaci\u00f3n en la nube con valor de 10.000 millones de d\u00f3lares que, en un principio, se cre\u00eda que ganar\u00eda Amazon.<\/p>\n","protected":false},"author":1,"featured_media":0,"comment_status":"closed","ping_status":"closed","sticky":false,"template":"","format":"standard","meta":{"footnotes":"","_links_to":"","_links_to_target":""},"categories":[70,9,20,22,23],"tags":[34],"class_list":["post-450","post","type-post","status-publish","format-standard","hentry","category-actualidad","category-america-del-norte","category-economia","category-justicia","category-politica","tag-estados-unidos","entry","double"],"yoast_head":"<!-- This site is optimized with the Yoast SEO plugin v27.4 - https:\/\/yoast.com\/product\/yoast-seo-wordpress\/ -->\n<title>Victoria para Amazon, juez frena contrato del Pent\u00e1gono con Microsoft - ElCanillita.Info<\/title>\n<meta name=\"robots\" content=\"index, follow, max-snippet:-1, max-image-preview:large, max-video-preview:-1\" \/>\n<link rel=\"canonical\" href=\"https:\/\/elcanillita.info\/press\/2020\/02\/13\/victoria-amazon-juez-frena-contrato-pentagono-microsoft\/\" \/>\n<meta property=\"og:locale\" content=\"es_ES\" \/>\n<meta property=\"og:type\" content=\"article\" \/>\n<meta property=\"og:title\" content=\"Victoria para Amazon, juez frena contrato del Pent\u00e1gono con Microsoft - ElCanillita.Info\" \/>\n<meta property=\"og:description\" content=\"Washington, 13.02.2020 - Una corte federal orden\u00f3 la suspensi\u00f3n temporal del trabajo de Microsoft en un contrato militar de computaci\u00f3n en la nube con valor de 10.000 millones de d\u00f3lares que, en un principio, se cre\u00eda que ganar\u00eda Amazon.\" \/>\n<meta property=\"og:url\" content=\"https:\/\/elcanillita.info\/press\/2020\/02\/13\/victoria-amazon-juez-frena-contrato-pentagono-microsoft\/\" \/>\n<meta property=\"og:site_name\" content=\"ElCanillita.Info\" \/>\n<meta property=\"article:publisher\" content=\"https:\/\/ar-ar.facebook.com\/ElCanillitainfo-114249515285712\/\" \/>\n<meta property=\"article:published_time\" content=\"2020-02-13T12:39:00+00:00\" \/>\n<meta property=\"article:modified_time\" content=\"2020-02-14T12:40:51+00:00\" \/>\n<meta name=\"author\" content=\"SalaStampa.eu, world press service\" \/>\n<meta name=\"twitter:card\" content=\"summary_large_image\" \/>\n<meta name=\"twitter:label1\" content=\"Escrito por\" \/>\n\t<meta name=\"twitter:data1\" content=\"SalaStampa.eu, world press service\" \/>\n\t<meta name=\"twitter:label2\" content=\"Tiempo de lectura\" \/>\n\t<meta name=\"twitter:data2\" content=\"1 minuto\" \/>\n<script type=\"application\/ld+json\" class=\"yoast-schema-graph\">{\"@context\":\"https:\\\/\\\/schema.org\",\"@graph\":[{\"@type\":\"Article\",\"@id\":\"https:\\\/\\\/elcanillita.info\\\/press\\\/2020\\\/02\\\/13\\\/victoria-amazon-juez-frena-contrato-pentagono-microsoft\\\/#article\",\"isPartOf\":{\"@id\":\"https:\\\/\\\/elcanillita.info\\\/press\\\/2020\\\/02\\\/13\\\/victoria-amazon-juez-frena-contrato-pentagono-microsoft\\\/\"},\"author\":{\"name\":\"SalaStampa.eu, world press service\",\"@id\":\"https:\\\/\\\/elcanillita.info\\\/press\\\/#\\\/schema\\\/person\\\/7fcb79f38045700919f7da6d97e71ba0\"},\"headline\":\"Victoria para Amazon, juez frena contrato del Pent\u00e1gono con Microsoft\",\"datePublished\":\"2020-02-13T12:39:00+00:00\",\"dateModified\":\"2020-02-14T12:40:51+00:00\",\"mainEntityOfPage\":{\"@id\":\"https:\\\/\\\/elcanillita.info\\\/press\\\/2020\\\/02\\\/13\\\/victoria-amazon-juez-frena-contrato-pentagono-microsoft\\\/\"},\"wordCount\":279,\"publisher\":{\"@id\":\"https:\\\/\\\/elcanillita.info\\\/press\\\/#organization\"},\"keywords\":[\"Estados Unidos\"],\"articleSection\":[\"Actualidad\",\"Am\u00e9rica del Norte\",\"Economia\",\"Justicia\",\"Politica\"],\"inLanguage\":\"es-AR\"},{\"@type\":\"WebPage\",\"@id\":\"https:\\\/\\\/elcanillita.info\\\/press\\\/2020\\\/02\\\/13\\\/victoria-amazon-juez-frena-contrato-pentagono-microsoft\\\/\",\"url\":\"https:\\\/\\\/elcanillita.info\\\/press\\\/2020\\\/02\\\/13\\\/victoria-amazon-juez-frena-contrato-pentagono-microsoft\\\/\",\"name\":\"Victoria para Amazon, juez frena contrato del Pent\u00e1gono con Microsoft - ElCanillita.Info\",\"isPartOf\":{\"@id\":\"https:\\\/\\\/elcanillita.info\\\/press\\\/#website\"},\"datePublished\":\"2020-02-13T12:39:00+00:00\",\"dateModified\":\"2020-02-14T12:40:51+00:00\",\"inLanguage\":\"es-AR\",\"potentialAction\":[{\"@type\":\"ReadAction\",\"target\":[\"https:\\\/\\\/elcanillita.info\\\/press\\\/2020\\\/02\\\/13\\\/victoria-amazon-juez-frena-contrato-pentagono-microsoft\\\/\"]}]},{\"@type\":\"WebSite\",\"@id\":\"https:\\\/\\\/elcanillita.info\\\/press\\\/#website\",\"url\":\"https:\\\/\\\/elcanillita.info\\\/press\\\/\",\"name\":\"ElCanillita.Info\",\"description\":\"desde los Apeninos a los Andes\",\"publisher\":{\"@id\":\"https:\\\/\\\/elcanillita.info\\\/press\\\/#organization\"},\"potentialAction\":[{\"@type\":\"SearchAction\",\"target\":{\"@type\":\"EntryPoint\",\"urlTemplate\":\"https:\\\/\\\/elcanillita.info\\\/press\\\/?s={search_term_string}\"},\"query-input\":{\"@type\":\"PropertyValueSpecification\",\"valueRequired\":true,\"valueName\":\"search_term_string\"}}],\"inLanguage\":\"es-AR\"},{\"@type\":\"Organization\",\"@id\":\"https:\\\/\\\/elcanillita.info\\\/press\\\/#organization\",\"name\":\"Guzzo Photos & Graphic Publications\",\"url\":\"https:\\\/\\\/elcanillita.info\\\/press\\\/\",\"logo\":{\"@type\":\"ImageObject\",\"inLanguage\":\"es-AR\",\"@id\":\"https:\\\/\\\/elcanillita.info\\\/press\\\/#\\\/schema\\\/logo\\\/image\\\/\",\"url\":\"https:\\\/\\\/elcanillita.info\\\/press\\\/images\\\/2020\\\/01\\\/cropped-cropped-cropped-elcanillitainfo.png\",\"contentUrl\":\"https:\\\/\\\/elcanillita.info\\\/press\\\/images\\\/2020\\\/01\\\/cropped-cropped-cropped-elcanillitainfo.png\",\"width\":460,\"height\":50,\"caption\":\"Guzzo Photos & Graphic Publications\"},\"image\":{\"@id\":\"https:\\\/\\\/elcanillita.info\\\/press\\\/#\\\/schema\\\/logo\\\/image\\\/\"},\"sameAs\":[\"https:\\\/\\\/ar-ar.facebook.com\\\/ElCanillitainfo-114249515285712\\\/\"]},{\"@type\":\"Person\",\"@id\":\"https:\\\/\\\/elcanillita.info\\\/press\\\/#\\\/schema\\\/person\\\/7fcb79f38045700919f7da6d97e71ba0\",\"name\":\"SalaStampa.eu, world press service\",\"image\":{\"@type\":\"ImageObject\",\"inLanguage\":\"es-AR\",\"@id\":\"https:\\\/\\\/secure.gravatar.com\\\/avatar\\\/c2f0e0d515a107624234994507816ca4724c7199cef73fc8bedebf6931d73888?s=96&d=mm&r=g\",\"url\":\"https:\\\/\\\/secure.gravatar.com\\\/avatar\\\/c2f0e0d515a107624234994507816ca4724c7199cef73fc8bedebf6931d73888?s=96&d=mm&r=g\",\"contentUrl\":\"https:\\\/\\\/secure.gravatar.com\\\/avatar\\\/c2f0e0d515a107624234994507816ca4724c7199cef73fc8bedebf6931d73888?s=96&d=mm&r=g\",\"caption\":\"SalaStampa.eu, world press service\"}}]}<\/script>\n<!-- \/ Yoast SEO plugin. -->","yoast_head_json":{"title":"Victoria para Amazon, juez frena contrato del Pent\u00e1gono con Microsoft - ElCanillita.Info","robots":{"index":"index","follow":"follow","max-snippet":"max-snippet:-1","max-image-preview":"max-image-preview:large","max-video-preview":"max-video-preview:-1"},"canonical":"https:\/\/elcanillita.info\/press\/2020\/02\/13\/victoria-amazon-juez-frena-contrato-pentagono-microsoft\/","og_locale":"es_ES","og_type":"article","og_title":"Victoria para Amazon, juez frena contrato del Pent\u00e1gono con Microsoft - ElCanillita.Info","og_description":"Washington, 13.02.2020 - Una corte federal orden\u00f3 la suspensi\u00f3n temporal del trabajo de Microsoft en un contrato militar de computaci\u00f3n en la nube con valor de 10.000 millones de d\u00f3lares que, en un principio, se cre\u00eda que ganar\u00eda Amazon.","og_url":"https:\/\/elcanillita.info\/press\/2020\/02\/13\/victoria-amazon-juez-frena-contrato-pentagono-microsoft\/","og_site_name":"ElCanillita.Info","article_publisher":"https:\/\/ar-ar.facebook.com\/ElCanillitainfo-114249515285712\/","article_published_time":"2020-02-13T12:39:00+00:00","article_modified_time":"2020-02-14T12:40:51+00:00","author":"SalaStampa.eu, world press service","twitter_card":"summary_large_image","twitter_misc":{"Escrito por":"SalaStampa.eu, world press service","Tiempo de lectura":"1 minuto"},"schema":{"@context":"https:\/\/schema.org","@graph":[{"@type":"Article","@id":"https:\/\/elcanillita.info\/press\/2020\/02\/13\/victoria-amazon-juez-frena-contrato-pentagono-microsoft\/#article","isPartOf":{"@id":"https:\/\/elcanillita.info\/press\/2020\/02\/13\/victoria-amazon-juez-frena-contrato-pentagono-microsoft\/"},"author":{"name":"SalaStampa.eu, world press service","@id":"https:\/\/elcanillita.info\/press\/#\/schema\/person\/7fcb79f38045700919f7da6d97e71ba0"},"headline":"Victoria para Amazon, juez frena contrato del Pent\u00e1gono con Microsoft","datePublished":"2020-02-13T12:39:00+00:00","dateModified":"2020-02-14T12:40:51+00:00","mainEntityOfPage":{"@id":"https:\/\/elcanillita.info\/press\/2020\/02\/13\/victoria-amazon-juez-frena-contrato-pentagono-microsoft\/"},"wordCount":279,"publisher":{"@id":"https:\/\/elcanillita.info\/press\/#organization"},"keywords":["Estados Unidos"],"articleSection":["Actualidad","Am\u00e9rica del Norte","Economia","Justicia","Politica"],"inLanguage":"es-AR"},{"@type":"WebPage","@id":"https:\/\/elcanillita.info\/press\/2020\/02\/13\/victoria-amazon-juez-frena-contrato-pentagono-microsoft\/","url":"https:\/\/elcanillita.info\/press\/2020\/02\/13\/victoria-amazon-juez-frena-contrato-pentagono-microsoft\/","name":"Victoria para Amazon, juez frena contrato del Pent\u00e1gono con Microsoft - ElCanillita.Info","isPartOf":{"@id":"https:\/\/elcanillita.info\/press\/#website"},"datePublished":"2020-02-13T12:39:00+00:00","dateModified":"2020-02-14T12:40:51+00:00","inLanguage":"es-AR","potentialAction":[{"@type":"ReadAction","target":["https:\/\/elcanillita.info\/press\/2020\/02\/13\/victoria-amazon-juez-frena-contrato-pentagono-microsoft\/"]}]},{"@type":"WebSite","@id":"https:\/\/elcanillita.info\/press\/#website","url":"https:\/\/elcanillita.info\/press\/","name":"ElCanillita.Info","description":"desde los Apeninos a los Andes","publisher":{"@id":"https:\/\/elcanillita.info\/press\/#organization"},"potentialAction":[{"@type":"SearchAction","target":{"@type":"EntryPoint","urlTemplate":"https:\/\/elcanillita.info\/press\/?s={search_term_string}"},"query-input":{"@type":"PropertyValueSpecification","valueRequired":true,"valueName":"search_term_string"}}],"inLanguage":"es-AR"},{"@type":"Organization","@id":"https:\/\/elcanillita.info\/press\/#organization","name":"Guzzo Photos & Graphic Publications","url":"https:\/\/elcanillita.info\/press\/","logo":{"@type":"ImageObject","inLanguage":"es-AR","@id":"https:\/\/elcanillita.info\/press\/#\/schema\/logo\/image\/","url":"https:\/\/elcanillita.info\/press\/images\/2020\/01\/cropped-cropped-cropped-elcanillitainfo.png","contentUrl":"https:\/\/elcanillita.info\/press\/images\/2020\/01\/cropped-cropped-cropped-elcanillitainfo.png","width":460,"height":50,"caption":"Guzzo Photos & Graphic Publications"},"image":{"@id":"https:\/\/elcanillita.info\/press\/#\/schema\/logo\/image\/"},"sameAs":["https:\/\/ar-ar.facebook.com\/ElCanillitainfo-114249515285712\/"]},{"@type":"Person","@id":"https:\/\/elcanillita.info\/press\/#\/schema\/person\/7fcb79f38045700919f7da6d97e71ba0","name":"SalaStampa.eu, world press service","image":{"@type":"ImageObject","inLanguage":"es-AR","@id":"https:\/\/secure.gravatar.com\/avatar\/c2f0e0d515a107624234994507816ca4724c7199cef73fc8bedebf6931d73888?s=96&d=mm&r=g","url":"https:\/\/secure.gravatar.com\/avatar\/c2f0e0d515a107624234994507816ca4724c7199cef73fc8bedebf6931d73888?s=96&d=mm&r=g","contentUrl":"https:\/\/secure.gravatar.com\/avatar\/c2f0e0d515a107624234994507816ca4724c7199cef73fc8bedebf6931d73888?s=96&d=mm&r=g","caption":"SalaStampa.eu, world press service"}}]}},"views":682,"_links":{"self":[{"href":"https:\/\/elcanillita.info\/press\/wp-json\/wp\/v2\/posts\/450","targetHints":{"allow":["GET"]}}],"collection":[{"href":"https:\/\/elcanillita.info\/press\/wp-json\/wp\/v2\/posts"}],"about":[{"href":"https:\/\/elcanillita.info\/press\/wp-json\/wp\/v2\/types\/post"}],"author":[{"embeddable":true,"href":"https:\/\/elcanillita.info\/press\/wp-json\/wp\/v2\/users\/1"}],"replies":[{"embeddable":true,"href":"https:\/\/elcanillita.info\/press\/wp-json\/wp\/v2\/comments?post=450"}],"version-history":[{"count":0,"href":"https:\/\/elcanillita.info\/press\/wp-json\/wp\/v2\/posts\/450\/revisions"}],"wp:attachment":[{"href":"https:\/\/elcanillita.info\/press\/wp-json\/wp\/v2\/media?parent=450"}],"wp:term":[{"taxonomy":"category","embeddable":true,"href":"https:\/\/elcanillita.info\/press\/wp-json\/wp\/v2\/categories?post=450"},{"taxonomy":"post_tag","embeddable":true,"href":"https:\/\/elcanillita.info\/press\/wp-json\/wp\/v2\/tags?post=450"}],"curies":[{"name":"wp","href":"https:\/\/api.w.org\/{rel}","templated":true}]}}