{"id":4494,"date":"2025-05-02T00:29:31","date_gmt":"2025-05-02T03:29:31","guid":{"rendered":"https:\/\/elcanillita.info\/press\/?p=4494"},"modified":"2025-05-02T01:04:44","modified_gmt":"2025-05-02T04:04:44","slug":"cornejo-brinda-por-el-vino-excava-por-el-cobre-y-reza-por-el-agua","status":"publish","type":"post","link":"https:\/\/elcanillita.info\/press\/2025\/05\/02\/cornejo-brinda-por-el-vino-excava-por-el-cobre-y-reza-por-el-agua\/","title":{"rendered":"\u201cCornejo brinda por el vino, excava por el cobre y reza por el agua\u201d"},"content":{"rendered":"\n<figure class=\"wp-block-image size-full is-resized\"><img loading=\"lazy\" decoding=\"async\" width=\"600\" height=\"450\" src=\"https:\/\/elcanillita.info\/press\/images\/2025\/05\/vin_20250501.jpg\" alt=\"\" class=\"wp-image-4497\" style=\"width:733px;height:auto\" srcset=\"https:\/\/elcanillita.info\/press\/images\/2025\/05\/vin_20250501.jpg 600w, https:\/\/elcanillita.info\/press\/images\/2025\/05\/vin_20250501-300x225.jpg 300w\" sizes=\"auto, (max-width: 600px) 100vw, 600px\" \/><figcaption class=\"wp-element-caption\">Reloj solar, Chateau de Pommard<\/figcaption><\/figure>\n\n\n\n<p><strong>ElCanillita.info<\/strong><br><small>Argentina, 01\/05\/2025<\/small><br>En un acto reciente, el gobernador de Mendoza, Alfredo Cornejo, lanz\u00f3 una frase que gener\u00f3 tanto apoyo como debate: \u201cHagamos vino, cobre y cuidemos el agua\u201d. Con estas palabras, el mandatario provincial busca resumir su visi\u00f3n de desarrollo econ\u00f3mico: potenciar lo que ya funciona, incorporar nuevas oportunidades y, al mismo tiempo, proteger los recursos naturales.<\/p>\n\n\n\n<p class=\"p1\">El vino es, sin dudas, el coraz\u00f3n productivo y cultural de Mendoza. La provincia lidera ampliamente la industria vitivin\u00edcola del pa\u00eds, y su marca ya es reconocida a nivel internacional. El mensaje de Cornejo reafirma que este sector seguir\u00e1 siendo prioritario para la econom\u00eda local.<\/p>\n\n\n\n<p class=\"p1\">Pero el cobre, que aparece como novedad en su consigna, despierta miradas cruzadas. Para el gobierno, la miner\u00eda de este metal representa una posibilidad concreta de diversificar la matriz productiva y atraer inversiones. No obstante, sectores sociales y ambientales insisten en que a\u00fan no se han garantizado los controles necesarios para que esa actividad no ponga en riesgo el agua ni el entorno natural.<\/p>\n\n\n\n<p class=\"p1\">Por eso, el tercer punto de la frase \u2014\u201ccuidemos el agua\u201d\u2014 cobra especial relevancia. En una provincia con clima \u00e1rido, donde cada gota cuenta, el uso y la preservaci\u00f3n del agua es una preocupaci\u00f3n constante. Y tambi\u00e9n una l\u00ednea roja para muchos ciudadanos. Cornejo lo sabe, y busca transmitir que el desarrollo debe ir de la mano con la sostenibilidad.<\/p>\n\n\n\n<p class=\"p1\">Con esta consigna, el gobernador traza un mapa para el futuro de Mendoza: seguir apostando al vino, abrir la puerta al cobre bajo ciertos cuidados y garantizar que el agua, como recurso estrat\u00e9gico, sea preservada. Lo que a\u00fan falta por ver es si estas tres ideas pueden convivir arm\u00f3nicamente\u2026 y si la ciudadan\u00eda est\u00e1 dispuesta a aceptarlas como parte de un mismo proyecto.<\/p>\n\n\n\n<p><small><strong>\u00a92025 \u201cEl \u00faltimo que dobla la esquina\u201d<\/strong><\/small><br><small><strong>&#8230;poque siempre hay alguien que reparte noticias mientras todos duermen<\/strong><\/small>.<br><small>Todos los derechos reservados<\/small><br><small>Copyright \u00a9 2025 ElCanillita.info \/ SalaStampa.eu, servicio mundial de prensa<\/small><br><small>Guzzo Photos &amp; Graphic Publications &#8211; Registro Editori e Stampatori n. 1441 Torino, Italia<\/small><\/p>\n\n\n\n<p><\/p>\n","protected":false},"excerpt":{"rendered":"<p>&#8220;Entre copas y picos: la receta del gobernador para Mendoza&#8221;<\/p>\n","protected":false},"author":1,"featured_media":4497,"comment_status":"closed","ping_status":"closed","sticky":false,"template":"","format":"standard","meta":{"footnotes":"","_links_to":"","_links_to_target":""},"categories":[108,121,70,123,126,20,21,23,25],"tags":[29],"class_list":["post-4494","post","type-post","status-publish","format-standard","has-post-thumbnail","hentry","category-blogdiario","category-dc24","category-actualidad","category-argentina","category-dolores-de-la-press","category-economia","category-geo","category-politica","category-sociedad","tag-argentina","entry","double"],"yoast_head":"<!-- This site is optimized with the Yoast SEO plugin v27.5 - https:\/\/yoast.com\/product\/yoast-seo-wordpress\/ -->\n<title>\u201cCornejo brinda por el vino, excava por el cobre y reza por el agua\u201d - ElCanillita.Info<\/title>\n<meta name=\"robots\" content=\"index, follow, max-snippet:-1, max-image-preview:large, max-video-preview:-1\" \/>\n<link rel=\"canonical\" href=\"https:\/\/elcanillita.info\/press\/2025\/05\/02\/cornejo-brinda-por-el-vino-excava-por-el-cobre-y-reza-por-el-agua\/\" \/>\n<meta property=\"og:locale\" content=\"es_ES\" \/>\n<meta property=\"og:type\" content=\"article\" \/>\n<meta property=\"og:title\" content=\"\u201cCornejo brinda por el vino, excava por el cobre y reza por el agua\u201d - ElCanillita.Info\" \/>\n<meta property=\"og:description\" content=\"&quot;Entre copas y picos: la receta del gobernador para Mendoza&quot;\" \/>\n<meta property=\"og:url\" content=\"https:\/\/elcanillita.info\/press\/2025\/05\/02\/cornejo-brinda-por-el-vino-excava-por-el-cobre-y-reza-por-el-agua\/\" \/>\n<meta property=\"og:site_name\" content=\"ElCanillita.Info\" \/>\n<meta property=\"article:publisher\" content=\"https:\/\/ar-ar.facebook.com\/ElCanillitainfo-114249515285712\/\" \/>\n<meta property=\"article:published_time\" content=\"2025-05-02T03:29:31+00:00\" \/>\n<meta property=\"article:modified_time\" content=\"2025-05-02T04:04:44+00:00\" \/>\n<meta property=\"og:image\" content=\"https:\/\/elcanillita.info\/press\/images\/2025\/05\/vin_20250501.jpg\" \/>\n\t<meta property=\"og:image:width\" content=\"600\" \/>\n\t<meta property=\"og:image:height\" content=\"450\" \/>\n\t<meta property=\"og:image:type\" content=\"image\/jpeg\" \/>\n<meta name=\"author\" content=\"SalaStampa.eu, world press service\" \/>\n<meta name=\"twitter:card\" content=\"summary_large_image\" \/>\n<meta name=\"twitter:label1\" content=\"Escrito por\" \/>\n\t<meta name=\"twitter:data1\" content=\"SalaStampa.eu, world press service\" \/>\n\t<meta name=\"twitter:label2\" content=\"Tiempo de lectura\" \/>\n\t<meta name=\"twitter:data2\" content=\"2 minutos\" \/>\n<script type=\"application\/ld+json\" class=\"yoast-schema-graph\">{\"@context\":\"https:\\\/\\\/schema.org\",\"@graph\":[{\"@type\":\"Article\",\"@id\":\"https:\\\/\\\/elcanillita.info\\\/press\\\/2025\\\/05\\\/02\\\/cornejo-brinda-por-el-vino-excava-por-el-cobre-y-reza-por-el-agua\\\/#article\",\"isPartOf\":{\"@id\":\"https:\\\/\\\/elcanillita.info\\\/press\\\/2025\\\/05\\\/02\\\/cornejo-brinda-por-el-vino-excava-por-el-cobre-y-reza-por-el-agua\\\/\"},\"author\":{\"name\":\"SalaStampa.eu, world press service\",\"@id\":\"https:\\\/\\\/elcanillita.info\\\/press\\\/#\\\/schema\\\/person\\\/7fcb79f38045700919f7da6d97e71ba0\"},\"headline\":\"\u201cCornejo brinda por el vino, excava por el cobre y reza por el agua\u201d\",\"datePublished\":\"2025-05-02T03:29:31+00:00\",\"dateModified\":\"2025-05-02T04:04:44+00:00\",\"mainEntityOfPage\":{\"@id\":\"https:\\\/\\\/elcanillita.info\\\/press\\\/2025\\\/05\\\/02\\\/cornejo-brinda-por-el-vino-excava-por-el-cobre-y-reza-por-el-agua\\\/\"},\"wordCount\":367,\"publisher\":{\"@id\":\"https:\\\/\\\/elcanillita.info\\\/press\\\/#organization\"},\"image\":{\"@id\":\"https:\\\/\\\/elcanillita.info\\\/press\\\/2025\\\/05\\\/02\\\/cornejo-brinda-por-el-vino-excava-por-el-cobre-y-reza-por-el-agua\\\/#primaryimage\"},\"thumbnailUrl\":\"https:\\\/\\\/elcanillita.info\\\/press\\\/images\\\/2025\\\/05\\\/vin_20250501.jpg\",\"keywords\":[\"Argentina\"],\"articleSection\":[\".\",\".\",\"Actualidad\",\"Argentina\",\"Dolores de La Press\",\"Economia\",\"Geo\",\"Politica\",\"Sociedad\"],\"inLanguage\":\"es-AR\"},{\"@type\":\"WebPage\",\"@id\":\"https:\\\/\\\/elcanillita.info\\\/press\\\/2025\\\/05\\\/02\\\/cornejo-brinda-por-el-vino-excava-por-el-cobre-y-reza-por-el-agua\\\/\",\"url\":\"https:\\\/\\\/elcanillita.info\\\/press\\\/2025\\\/05\\\/02\\\/cornejo-brinda-por-el-vino-excava-por-el-cobre-y-reza-por-el-agua\\\/\",\"name\":\"\u201cCornejo brinda por el vino, excava por el cobre y reza por el agua\u201d - ElCanillita.Info\",\"isPartOf\":{\"@id\":\"https:\\\/\\\/elcanillita.info\\\/press\\\/#website\"},\"primaryImageOfPage\":{\"@id\":\"https:\\\/\\\/elcanillita.info\\\/press\\\/2025\\\/05\\\/02\\\/cornejo-brinda-por-el-vino-excava-por-el-cobre-y-reza-por-el-agua\\\/#primaryimage\"},\"image\":{\"@id\":\"https:\\\/\\\/elcanillita.info\\\/press\\\/2025\\\/05\\\/02\\\/cornejo-brinda-por-el-vino-excava-por-el-cobre-y-reza-por-el-agua\\\/#primaryimage\"},\"thumbnailUrl\":\"https:\\\/\\\/elcanillita.info\\\/press\\\/images\\\/2025\\\/05\\\/vin_20250501.jpg\",\"datePublished\":\"2025-05-02T03:29:31+00:00\",\"dateModified\":\"2025-05-02T04:04:44+00:00\",\"inLanguage\":\"es-AR\",\"potentialAction\":[{\"@type\":\"ReadAction\",\"target\":[\"https:\\\/\\\/elcanillita.info\\\/press\\\/2025\\\/05\\\/02\\\/cornejo-brinda-por-el-vino-excava-por-el-cobre-y-reza-por-el-agua\\\/\"]}]},{\"@type\":\"ImageObject\",\"inLanguage\":\"es-AR\",\"@id\":\"https:\\\/\\\/elcanillita.info\\\/press\\\/2025\\\/05\\\/02\\\/cornejo-brinda-por-el-vino-excava-por-el-cobre-y-reza-por-el-agua\\\/#primaryimage\",\"url\":\"https:\\\/\\\/elcanillita.info\\\/press\\\/images\\\/2025\\\/05\\\/vin_20250501.jpg\",\"contentUrl\":\"https:\\\/\\\/elcanillita.info\\\/press\\\/images\\\/2025\\\/05\\\/vin_20250501.jpg\",\"width\":600,\"height\":450},{\"@type\":\"WebSite\",\"@id\":\"https:\\\/\\\/elcanillita.info\\\/press\\\/#website\",\"url\":\"https:\\\/\\\/elcanillita.info\\\/press\\\/\",\"name\":\"ElCanillita.Info\",\"description\":\"desde los Apeninos a los Andes\",\"publisher\":{\"@id\":\"https:\\\/\\\/elcanillita.info\\\/press\\\/#organization\"},\"potentialAction\":[{\"@type\":\"SearchAction\",\"target\":{\"@type\":\"EntryPoint\",\"urlTemplate\":\"https:\\\/\\\/elcanillita.info\\\/press\\\/?s={search_term_string}\"},\"query-input\":{\"@type\":\"PropertyValueSpecification\",\"valueRequired\":true,\"valueName\":\"search_term_string\"}}],\"inLanguage\":\"es-AR\"},{\"@type\":\"Organization\",\"@id\":\"https:\\\/\\\/elcanillita.info\\\/press\\\/#organization\",\"name\":\"Guzzo Photos & Graphic Publications\",\"url\":\"https:\\\/\\\/elcanillita.info\\\/press\\\/\",\"logo\":{\"@type\":\"ImageObject\",\"inLanguage\":\"es-AR\",\"@id\":\"https:\\\/\\\/elcanillita.info\\\/press\\\/#\\\/schema\\\/logo\\\/image\\\/\",\"url\":\"https:\\\/\\\/elcanillita.info\\\/press\\\/images\\\/2020\\\/01\\\/cropped-cropped-cropped-elcanillitainfo.png\",\"contentUrl\":\"https:\\\/\\\/elcanillita.info\\\/press\\\/images\\\/2020\\\/01\\\/cropped-cropped-cropped-elcanillitainfo.png\",\"width\":460,\"height\":50,\"caption\":\"Guzzo Photos & Graphic Publications\"},\"image\":{\"@id\":\"https:\\\/\\\/elcanillita.info\\\/press\\\/#\\\/schema\\\/logo\\\/image\\\/\"},\"sameAs\":[\"https:\\\/\\\/ar-ar.facebook.com\\\/ElCanillitainfo-114249515285712\\\/\"]},{\"@type\":\"Person\",\"@id\":\"https:\\\/\\\/elcanillita.info\\\/press\\\/#\\\/schema\\\/person\\\/7fcb79f38045700919f7da6d97e71ba0\",\"name\":\"SalaStampa.eu, world press service\",\"image\":{\"@type\":\"ImageObject\",\"inLanguage\":\"es-AR\",\"@id\":\"https:\\\/\\\/secure.gravatar.com\\\/avatar\\\/c2f0e0d515a107624234994507816ca4724c7199cef73fc8bedebf6931d73888?s=96&d=mm&r=g\",\"url\":\"https:\\\/\\\/secure.gravatar.com\\\/avatar\\\/c2f0e0d515a107624234994507816ca4724c7199cef73fc8bedebf6931d73888?s=96&d=mm&r=g\",\"contentUrl\":\"https:\\\/\\\/secure.gravatar.com\\\/avatar\\\/c2f0e0d515a107624234994507816ca4724c7199cef73fc8bedebf6931d73888?s=96&d=mm&r=g\",\"caption\":\"SalaStampa.eu, world press service\"}}]}<\/script>\n<!-- \/ Yoast SEO plugin. -->","yoast_head_json":{"title":"\u201cCornejo brinda por el vino, excava por el cobre y reza por el agua\u201d - ElCanillita.Info","robots":{"index":"index","follow":"follow","max-snippet":"max-snippet:-1","max-image-preview":"max-image-preview:large","max-video-preview":"max-video-preview:-1"},"canonical":"https:\/\/elcanillita.info\/press\/2025\/05\/02\/cornejo-brinda-por-el-vino-excava-por-el-cobre-y-reza-por-el-agua\/","og_locale":"es_ES","og_type":"article","og_title":"\u201cCornejo brinda por el vino, excava por el cobre y reza por el agua\u201d - ElCanillita.Info","og_description":"\"Entre copas y picos: la receta del gobernador para Mendoza\"","og_url":"https:\/\/elcanillita.info\/press\/2025\/05\/02\/cornejo-brinda-por-el-vino-excava-por-el-cobre-y-reza-por-el-agua\/","og_site_name":"ElCanillita.Info","article_publisher":"https:\/\/ar-ar.facebook.com\/ElCanillitainfo-114249515285712\/","article_published_time":"2025-05-02T03:29:31+00:00","article_modified_time":"2025-05-02T04:04:44+00:00","og_image":[{"width":600,"height":450,"url":"https:\/\/elcanillita.info\/press\/images\/2025\/05\/vin_20250501.jpg","type":"image\/jpeg"}],"author":"SalaStampa.eu, world press service","twitter_card":"summary_large_image","twitter_misc":{"Escrito por":"SalaStampa.eu, world press service","Tiempo de lectura":"2 minutos"},"schema":{"@context":"https:\/\/schema.org","@graph":[{"@type":"Article","@id":"https:\/\/elcanillita.info\/press\/2025\/05\/02\/cornejo-brinda-por-el-vino-excava-por-el-cobre-y-reza-por-el-agua\/#article","isPartOf":{"@id":"https:\/\/elcanillita.info\/press\/2025\/05\/02\/cornejo-brinda-por-el-vino-excava-por-el-cobre-y-reza-por-el-agua\/"},"author":{"name":"SalaStampa.eu, world press service","@id":"https:\/\/elcanillita.info\/press\/#\/schema\/person\/7fcb79f38045700919f7da6d97e71ba0"},"headline":"\u201cCornejo brinda por el vino, excava por el cobre y reza por el agua\u201d","datePublished":"2025-05-02T03:29:31+00:00","dateModified":"2025-05-02T04:04:44+00:00","mainEntityOfPage":{"@id":"https:\/\/elcanillita.info\/press\/2025\/05\/02\/cornejo-brinda-por-el-vino-excava-por-el-cobre-y-reza-por-el-agua\/"},"wordCount":367,"publisher":{"@id":"https:\/\/elcanillita.info\/press\/#organization"},"image":{"@id":"https:\/\/elcanillita.info\/press\/2025\/05\/02\/cornejo-brinda-por-el-vino-excava-por-el-cobre-y-reza-por-el-agua\/#primaryimage"},"thumbnailUrl":"https:\/\/elcanillita.info\/press\/images\/2025\/05\/vin_20250501.jpg","keywords":["Argentina"],"articleSection":[".",".","Actualidad","Argentina","Dolores de La Press","Economia","Geo","Politica","Sociedad"],"inLanguage":"es-AR"},{"@type":"WebPage","@id":"https:\/\/elcanillita.info\/press\/2025\/05\/02\/cornejo-brinda-por-el-vino-excava-por-el-cobre-y-reza-por-el-agua\/","url":"https:\/\/elcanillita.info\/press\/2025\/05\/02\/cornejo-brinda-por-el-vino-excava-por-el-cobre-y-reza-por-el-agua\/","name":"\u201cCornejo brinda por el vino, excava por el cobre y reza por el agua\u201d - ElCanillita.Info","isPartOf":{"@id":"https:\/\/elcanillita.info\/press\/#website"},"primaryImageOfPage":{"@id":"https:\/\/elcanillita.info\/press\/2025\/05\/02\/cornejo-brinda-por-el-vino-excava-por-el-cobre-y-reza-por-el-agua\/#primaryimage"},"image":{"@id":"https:\/\/elcanillita.info\/press\/2025\/05\/02\/cornejo-brinda-por-el-vino-excava-por-el-cobre-y-reza-por-el-agua\/#primaryimage"},"thumbnailUrl":"https:\/\/elcanillita.info\/press\/images\/2025\/05\/vin_20250501.jpg","datePublished":"2025-05-02T03:29:31+00:00","dateModified":"2025-05-02T04:04:44+00:00","inLanguage":"es-AR","potentialAction":[{"@type":"ReadAction","target":["https:\/\/elcanillita.info\/press\/2025\/05\/02\/cornejo-brinda-por-el-vino-excava-por-el-cobre-y-reza-por-el-agua\/"]}]},{"@type":"ImageObject","inLanguage":"es-AR","@id":"https:\/\/elcanillita.info\/press\/2025\/05\/02\/cornejo-brinda-por-el-vino-excava-por-el-cobre-y-reza-por-el-agua\/#primaryimage","url":"https:\/\/elcanillita.info\/press\/images\/2025\/05\/vin_20250501.jpg","contentUrl":"https:\/\/elcanillita.info\/press\/images\/2025\/05\/vin_20250501.jpg","width":600,"height":450},{"@type":"WebSite","@id":"https:\/\/elcanillita.info\/press\/#website","url":"https:\/\/elcanillita.info\/press\/","name":"ElCanillita.Info","description":"desde los Apeninos a los Andes","publisher":{"@id":"https:\/\/elcanillita.info\/press\/#organization"},"potentialAction":[{"@type":"SearchAction","target":{"@type":"EntryPoint","urlTemplate":"https:\/\/elcanillita.info\/press\/?s={search_term_string}"},"query-input":{"@type":"PropertyValueSpecification","valueRequired":true,"valueName":"search_term_string"}}],"inLanguage":"es-AR"},{"@type":"Organization","@id":"https:\/\/elcanillita.info\/press\/#organization","name":"Guzzo Photos & Graphic Publications","url":"https:\/\/elcanillita.info\/press\/","logo":{"@type":"ImageObject","inLanguage":"es-AR","@id":"https:\/\/elcanillita.info\/press\/#\/schema\/logo\/image\/","url":"https:\/\/elcanillita.info\/press\/images\/2020\/01\/cropped-cropped-cropped-elcanillitainfo.png","contentUrl":"https:\/\/elcanillita.info\/press\/images\/2020\/01\/cropped-cropped-cropped-elcanillitainfo.png","width":460,"height":50,"caption":"Guzzo Photos & Graphic Publications"},"image":{"@id":"https:\/\/elcanillita.info\/press\/#\/schema\/logo\/image\/"},"sameAs":["https:\/\/ar-ar.facebook.com\/ElCanillitainfo-114249515285712\/"]},{"@type":"Person","@id":"https:\/\/elcanillita.info\/press\/#\/schema\/person\/7fcb79f38045700919f7da6d97e71ba0","name":"SalaStampa.eu, world press service","image":{"@type":"ImageObject","inLanguage":"es-AR","@id":"https:\/\/secure.gravatar.com\/avatar\/c2f0e0d515a107624234994507816ca4724c7199cef73fc8bedebf6931d73888?s=96&d=mm&r=g","url":"https:\/\/secure.gravatar.com\/avatar\/c2f0e0d515a107624234994507816ca4724c7199cef73fc8bedebf6931d73888?s=96&d=mm&r=g","contentUrl":"https:\/\/secure.gravatar.com\/avatar\/c2f0e0d515a107624234994507816ca4724c7199cef73fc8bedebf6931d73888?s=96&d=mm&r=g","caption":"SalaStampa.eu, world press service"}}]}},"views":204,"_links":{"self":[{"href":"https:\/\/elcanillita.info\/press\/wp-json\/wp\/v2\/posts\/4494","targetHints":{"allow":["GET"]}}],"collection":[{"href":"https:\/\/elcanillita.info\/press\/wp-json\/wp\/v2\/posts"}],"about":[{"href":"https:\/\/elcanillita.info\/press\/wp-json\/wp\/v2\/types\/post"}],"author":[{"embeddable":true,"href":"https:\/\/elcanillita.info\/press\/wp-json\/wp\/v2\/users\/1"}],"replies":[{"embeddable":true,"href":"https:\/\/elcanillita.info\/press\/wp-json\/wp\/v2\/comments?post=4494"}],"version-history":[{"count":0,"href":"https:\/\/elcanillita.info\/press\/wp-json\/wp\/v2\/posts\/4494\/revisions"}],"wp:featuredmedia":[{"embeddable":true,"href":"https:\/\/elcanillita.info\/press\/wp-json\/wp\/v2\/media\/4497"}],"wp:attachment":[{"href":"https:\/\/elcanillita.info\/press\/wp-json\/wp\/v2\/media?parent=4494"}],"wp:term":[{"taxonomy":"category","embeddable":true,"href":"https:\/\/elcanillita.info\/press\/wp-json\/wp\/v2\/categories?post=4494"},{"taxonomy":"post_tag","embeddable":true,"href":"https:\/\/elcanillita.info\/press\/wp-json\/wp\/v2\/tags?post=4494"}],"curies":[{"name":"wp","href":"https:\/\/api.w.org\/{rel}","templated":true}]}}