{"id":449,"date":"2020-02-14T09:34:26","date_gmt":"2020-02-14T12:34:26","guid":{"rendered":"https:\/\/elcanillita.info\/press\/?p=449"},"modified":"2020-02-14T09:34:29","modified_gmt":"2020-02-14T12:34:29","slug":"gobierno-nicaragua-excarcela-opositores","status":"publish","type":"post","link":"https:\/\/elcanillita.info\/press\/2020\/02\/14\/gobierno-nicaragua-excarcela-opositores\/","title":{"rendered":"Gobierno de Nicaragua excarcela a opositores"},"content":{"rendered":"\n<p>Managua, 14.02.2020 &#8211; Nueve opositores al gobierno del presidente de Nicaragua, Daniel Ortega, que permanec\u00edan detenidos por protestar contra sus pol\u00edticas, fueron liberados por las autoridades.<\/p>\n\n\n\n<p>Katherin Mart\u00ednez logr\u00f3 abrazar a su familia el jueves luego de pasar m\u00e1s de tres meses retenida en el sistema penitenciario de Nicaragua. La joven de 18 a\u00f1os, fue capturada el 20 de noviembre por participar en la protesta de los estudiantes de la Universidad Polit\u00e9cnica de Nicaragua (UPOLI).<\/p>\n\n\n\n<p>Mart\u00ednez, originaria de Managua, fue acusada de tr\u00e1fico de drogas y crimen organizado. Del grupo era la \u00fanica considerada presa pol\u00edtica, seg\u00fan organismos de derechos humanos.<\/p>\n\n\n\n<p>La joven relat\u00f3 a Voz de Am\u00e9rica que dentro de la c\u00e1rcel La Esperanza, tuvo que resistir varios maltratos por parte de agentes y custodios del sistema penitenciario.<\/p>\n\n\n\n<p>\u201cMe cancelaron mis actividades, me cancelaron ir a botar basura, mirar una simple agua, me tenian pr\u00e1cticamente ahogada, solo me dejaban ir al patio a tomar sol con mi uniforme. Pr\u00e1cticamente me ten\u00edan ahogada ellos\u201d, manifest\u00f3.<\/p>\n\n\n\n<p>La familia de Katherine reconoci\u00f3 que la joven apoy\u00f3 la protesta de los estudiantes de UPOLI, de acuerdo a ellos, les llev\u00f3 comida y agua y participaba en las manifestaciones civiles desde abril para exigir la liberaci\u00f3n de su esposo \u00c1ngel Sequeira Zamora y su primo Jos\u00e9 Gadiel Sequeira, ambos encarcelados por supuestamente ser opositores al gobierno sandinista.<\/p>\n\n\n\n<p>La abogada Mar\u00eda Oviedo, de la Comisi\u00f3n Permanente de Derechos Humanos (CPDH), confirm\u00f3 que entre los liberados est\u00e1 tambi\u00e9n un adolescente de 17 a\u00f1os, de nombre Lesther Renato Ruiz, quien ya ten\u00eda orden de libertad emitida.<\/p>\n\n\n\n<p>La presidenta del Centro Nicarag\u00fcense de Derechos Humanos (CENIDH), Vilma N\u00fa\u00f1ez, aplaudi\u00f3 la libertad de los detenidos, cuyo encarcelamiento dijo que solo muestra la intransigencia del gobierno.&nbsp;<\/p>\n\n\n\n<p>\u201cEs pr\u00e1cticamente evidente que el gobierno no tiene presos que han cometido delitos, sino lo que son&nbsp;rehenes que est\u00e1n en las c\u00e1rceles por capricho de la dictadura\u201d, expres\u00f3 la defensora a la VOA.<\/p>\n\n\n\n<p>Por su parte, el analista pol\u00edtico Jos\u00e9 Antonio Peraza calific\u00f3 el proceso de excarcelaci\u00f3n como una estrategia gubernamental para evadir las sanciones internacionales y avanzar en las negociaciones de las reformas electorales.<\/p>\n\n\n\n<p>Peraza sostiene que, &#8220;lo que pretende es dar una sensaci\u00f3n de apertura para crear el ambiente para negociar las reformas electorales, que \u00e9l pretende hacerlo con la OEA&#8221;<\/p>\n\n\n\n<p>La Alianza C\u00edvica por la Justicia y la Democracia asegur\u00f3 que en total fueron 9 las personas liberadas, que se consideran presos pol\u00edticos, de entre un grupo de mil detenidos.<\/p>\n\n\n\n<p>La ministra de gobernaci\u00f3n, Maria Amelia Coronel dijo a medios oficiales que los detenidos fueron beneficiados con el r\u00e9gimen de convivencia familiar, a\u00f1adi\u00f3 que el gobierno est\u00e1 seguro de que sabr\u00e1n aprovechar este beneficio y que todos merecen una segunda oportunidad.&nbsp;<\/p>\n\n\n\n<p>De igual manera, la alcaldesa de Managua, Reyna Rueda refiri\u00f3 que el&nbsp;gobierno sandinista&nbsp;tiene una alta sensibilidad, principalmente en temas sociales como este y que la excarcelaci\u00f3n de los detenidos se da en v\u00edsperas del D\u00eda del Amor y la Amistad, para que convivan armoniosamente con sus familias.<\/p>\n\n\n\n<p>La \u00faltima excarcelaci\u00f3n que realiz\u00f3 el gobierno de Daniel Ortega fue el 30 de diciembre de 2019. Ese d\u00eda liber\u00f3 a 91 personas consideradas &#8220;presos pol\u00edticos&#8221;, entre ellos los j\u00f3venes de la autonombrada \u201cBanda de los aguadores\u201d, detenidos por brindar asistencia a madres de presos pol\u00edticos que manten\u00edan una huelga de hambre en el departamento de Masaya.<br><br><small>2020 voanoticias \u2013 salastampa.eu, afiliada a la red Broadcasting Board of Governors \u00a9 2020 BBG<\/small><\/p>\n","protected":false},"excerpt":{"rendered":"<p>Managua, 14.02.2020 &#8211; Nueve opositores al gobierno del presidente de Nicaragua, Daniel Ortega, que permanec\u00edan detenidos por protestar contra sus pol\u00edticas, fueron liberados por las autoridades.<\/p>\n","protected":false},"author":1,"featured_media":0,"comment_status":"closed","ping_status":"closed","sticky":false,"template":"","format":"standard","meta":{"footnotes":"","_links_to":"","_links_to_target":""},"categories":[70,10,22,23,25],"tags":[32],"class_list":["post-449","post","type-post","status-publish","format-standard","hentry","category-actualidad","category-america-central","category-justicia","category-politica","category-sociedad","tag-nicaragua","entry","double"],"yoast_head":"<!-- This site is optimized with the Yoast SEO plugin v27.4 - https:\/\/yoast.com\/product\/yoast-seo-wordpress\/ -->\n<title>Gobierno de Nicaragua excarcela a opositores - ElCanillita.Info<\/title>\n<meta name=\"robots\" content=\"index, follow, max-snippet:-1, max-image-preview:large, max-video-preview:-1\" \/>\n<link rel=\"canonical\" href=\"https:\/\/elcanillita.info\/press\/2020\/02\/14\/gobierno-nicaragua-excarcela-opositores\/\" \/>\n<meta property=\"og:locale\" content=\"es_ES\" \/>\n<meta property=\"og:type\" content=\"article\" \/>\n<meta property=\"og:title\" content=\"Gobierno de Nicaragua excarcela a opositores - ElCanillita.Info\" \/>\n<meta property=\"og:description\" content=\"Managua, 14.02.2020 - Nueve opositores al gobierno del presidente de Nicaragua, Daniel Ortega, que permanec\u00edan detenidos por protestar contra sus pol\u00edticas, fueron liberados por las autoridades.\" \/>\n<meta property=\"og:url\" content=\"https:\/\/elcanillita.info\/press\/2020\/02\/14\/gobierno-nicaragua-excarcela-opositores\/\" \/>\n<meta property=\"og:site_name\" content=\"ElCanillita.Info\" \/>\n<meta property=\"article:publisher\" content=\"https:\/\/ar-ar.facebook.com\/ElCanillitainfo-114249515285712\/\" \/>\n<meta property=\"article:published_time\" content=\"2020-02-14T12:34:26+00:00\" \/>\n<meta property=\"article:modified_time\" content=\"2020-02-14T12:34:29+00:00\" \/>\n<meta name=\"author\" content=\"SalaStampa.eu, world press service\" \/>\n<meta name=\"twitter:card\" content=\"summary_large_image\" \/>\n<meta name=\"twitter:label1\" content=\"Escrito por\" \/>\n\t<meta name=\"twitter:data1\" content=\"SalaStampa.eu, world press service\" \/>\n\t<meta name=\"twitter:label2\" content=\"Tiempo de lectura\" \/>\n\t<meta name=\"twitter:data2\" content=\"3 minutos\" \/>\n<script type=\"application\/ld+json\" class=\"yoast-schema-graph\">{\"@context\":\"https:\\\/\\\/schema.org\",\"@graph\":[{\"@type\":\"Article\",\"@id\":\"https:\\\/\\\/elcanillita.info\\\/press\\\/2020\\\/02\\\/14\\\/gobierno-nicaragua-excarcela-opositores\\\/#article\",\"isPartOf\":{\"@id\":\"https:\\\/\\\/elcanillita.info\\\/press\\\/2020\\\/02\\\/14\\\/gobierno-nicaragua-excarcela-opositores\\\/\"},\"author\":{\"name\":\"SalaStampa.eu, world press service\",\"@id\":\"https:\\\/\\\/elcanillita.info\\\/press\\\/#\\\/schema\\\/person\\\/7fcb79f38045700919f7da6d97e71ba0\"},\"headline\":\"Gobierno de Nicaragua excarcela a opositores\",\"datePublished\":\"2020-02-14T12:34:26+00:00\",\"dateModified\":\"2020-02-14T12:34:29+00:00\",\"mainEntityOfPage\":{\"@id\":\"https:\\\/\\\/elcanillita.info\\\/press\\\/2020\\\/02\\\/14\\\/gobierno-nicaragua-excarcela-opositores\\\/\"},\"wordCount\":616,\"publisher\":{\"@id\":\"https:\\\/\\\/elcanillita.info\\\/press\\\/#organization\"},\"keywords\":[\"Nicaragua\"],\"articleSection\":[\"Actualidad\",\"Am\u00e9rica Central\",\"Justicia\",\"Politica\",\"Sociedad\"],\"inLanguage\":\"es-AR\"},{\"@type\":\"WebPage\",\"@id\":\"https:\\\/\\\/elcanillita.info\\\/press\\\/2020\\\/02\\\/14\\\/gobierno-nicaragua-excarcela-opositores\\\/\",\"url\":\"https:\\\/\\\/elcanillita.info\\\/press\\\/2020\\\/02\\\/14\\\/gobierno-nicaragua-excarcela-opositores\\\/\",\"name\":\"Gobierno de Nicaragua excarcela a opositores - ElCanillita.Info\",\"isPartOf\":{\"@id\":\"https:\\\/\\\/elcanillita.info\\\/press\\\/#website\"},\"datePublished\":\"2020-02-14T12:34:26+00:00\",\"dateModified\":\"2020-02-14T12:34:29+00:00\",\"inLanguage\":\"es-AR\",\"potentialAction\":[{\"@type\":\"ReadAction\",\"target\":[\"https:\\\/\\\/elcanillita.info\\\/press\\\/2020\\\/02\\\/14\\\/gobierno-nicaragua-excarcela-opositores\\\/\"]}]},{\"@type\":\"WebSite\",\"@id\":\"https:\\\/\\\/elcanillita.info\\\/press\\\/#website\",\"url\":\"https:\\\/\\\/elcanillita.info\\\/press\\\/\",\"name\":\"ElCanillita.Info\",\"description\":\"desde los Apeninos a los Andes\",\"publisher\":{\"@id\":\"https:\\\/\\\/elcanillita.info\\\/press\\\/#organization\"},\"potentialAction\":[{\"@type\":\"SearchAction\",\"target\":{\"@type\":\"EntryPoint\",\"urlTemplate\":\"https:\\\/\\\/elcanillita.info\\\/press\\\/?s={search_term_string}\"},\"query-input\":{\"@type\":\"PropertyValueSpecification\",\"valueRequired\":true,\"valueName\":\"search_term_string\"}}],\"inLanguage\":\"es-AR\"},{\"@type\":\"Organization\",\"@id\":\"https:\\\/\\\/elcanillita.info\\\/press\\\/#organization\",\"name\":\"Guzzo Photos & Graphic Publications\",\"url\":\"https:\\\/\\\/elcanillita.info\\\/press\\\/\",\"logo\":{\"@type\":\"ImageObject\",\"inLanguage\":\"es-AR\",\"@id\":\"https:\\\/\\\/elcanillita.info\\\/press\\\/#\\\/schema\\\/logo\\\/image\\\/\",\"url\":\"https:\\\/\\\/elcanillita.info\\\/press\\\/images\\\/2020\\\/01\\\/cropped-cropped-cropped-elcanillitainfo.png\",\"contentUrl\":\"https:\\\/\\\/elcanillita.info\\\/press\\\/images\\\/2020\\\/01\\\/cropped-cropped-cropped-elcanillitainfo.png\",\"width\":460,\"height\":50,\"caption\":\"Guzzo Photos & Graphic Publications\"},\"image\":{\"@id\":\"https:\\\/\\\/elcanillita.info\\\/press\\\/#\\\/schema\\\/logo\\\/image\\\/\"},\"sameAs\":[\"https:\\\/\\\/ar-ar.facebook.com\\\/ElCanillitainfo-114249515285712\\\/\"]},{\"@type\":\"Person\",\"@id\":\"https:\\\/\\\/elcanillita.info\\\/press\\\/#\\\/schema\\\/person\\\/7fcb79f38045700919f7da6d97e71ba0\",\"name\":\"SalaStampa.eu, world press service\",\"image\":{\"@type\":\"ImageObject\",\"inLanguage\":\"es-AR\",\"@id\":\"https:\\\/\\\/secure.gravatar.com\\\/avatar\\\/c2f0e0d515a107624234994507816ca4724c7199cef73fc8bedebf6931d73888?s=96&d=mm&r=g\",\"url\":\"https:\\\/\\\/secure.gravatar.com\\\/avatar\\\/c2f0e0d515a107624234994507816ca4724c7199cef73fc8bedebf6931d73888?s=96&d=mm&r=g\",\"contentUrl\":\"https:\\\/\\\/secure.gravatar.com\\\/avatar\\\/c2f0e0d515a107624234994507816ca4724c7199cef73fc8bedebf6931d73888?s=96&d=mm&r=g\",\"caption\":\"SalaStampa.eu, world press service\"}}]}<\/script>\n<!-- \/ Yoast SEO plugin. -->","yoast_head_json":{"title":"Gobierno de Nicaragua excarcela a opositores - ElCanillita.Info","robots":{"index":"index","follow":"follow","max-snippet":"max-snippet:-1","max-image-preview":"max-image-preview:large","max-video-preview":"max-video-preview:-1"},"canonical":"https:\/\/elcanillita.info\/press\/2020\/02\/14\/gobierno-nicaragua-excarcela-opositores\/","og_locale":"es_ES","og_type":"article","og_title":"Gobierno de Nicaragua excarcela a opositores - ElCanillita.Info","og_description":"Managua, 14.02.2020 - Nueve opositores al gobierno del presidente de Nicaragua, Daniel Ortega, que permanec\u00edan detenidos por protestar contra sus pol\u00edticas, fueron liberados por las autoridades.","og_url":"https:\/\/elcanillita.info\/press\/2020\/02\/14\/gobierno-nicaragua-excarcela-opositores\/","og_site_name":"ElCanillita.Info","article_publisher":"https:\/\/ar-ar.facebook.com\/ElCanillitainfo-114249515285712\/","article_published_time":"2020-02-14T12:34:26+00:00","article_modified_time":"2020-02-14T12:34:29+00:00","author":"SalaStampa.eu, world press service","twitter_card":"summary_large_image","twitter_misc":{"Escrito por":"SalaStampa.eu, world press service","Tiempo de lectura":"3 minutos"},"schema":{"@context":"https:\/\/schema.org","@graph":[{"@type":"Article","@id":"https:\/\/elcanillita.info\/press\/2020\/02\/14\/gobierno-nicaragua-excarcela-opositores\/#article","isPartOf":{"@id":"https:\/\/elcanillita.info\/press\/2020\/02\/14\/gobierno-nicaragua-excarcela-opositores\/"},"author":{"name":"SalaStampa.eu, world press service","@id":"https:\/\/elcanillita.info\/press\/#\/schema\/person\/7fcb79f38045700919f7da6d97e71ba0"},"headline":"Gobierno de Nicaragua excarcela a opositores","datePublished":"2020-02-14T12:34:26+00:00","dateModified":"2020-02-14T12:34:29+00:00","mainEntityOfPage":{"@id":"https:\/\/elcanillita.info\/press\/2020\/02\/14\/gobierno-nicaragua-excarcela-opositores\/"},"wordCount":616,"publisher":{"@id":"https:\/\/elcanillita.info\/press\/#organization"},"keywords":["Nicaragua"],"articleSection":["Actualidad","Am\u00e9rica Central","Justicia","Politica","Sociedad"],"inLanguage":"es-AR"},{"@type":"WebPage","@id":"https:\/\/elcanillita.info\/press\/2020\/02\/14\/gobierno-nicaragua-excarcela-opositores\/","url":"https:\/\/elcanillita.info\/press\/2020\/02\/14\/gobierno-nicaragua-excarcela-opositores\/","name":"Gobierno de Nicaragua excarcela a opositores - ElCanillita.Info","isPartOf":{"@id":"https:\/\/elcanillita.info\/press\/#website"},"datePublished":"2020-02-14T12:34:26+00:00","dateModified":"2020-02-14T12:34:29+00:00","inLanguage":"es-AR","potentialAction":[{"@type":"ReadAction","target":["https:\/\/elcanillita.info\/press\/2020\/02\/14\/gobierno-nicaragua-excarcela-opositores\/"]}]},{"@type":"WebSite","@id":"https:\/\/elcanillita.info\/press\/#website","url":"https:\/\/elcanillita.info\/press\/","name":"ElCanillita.Info","description":"desde los Apeninos a los Andes","publisher":{"@id":"https:\/\/elcanillita.info\/press\/#organization"},"potentialAction":[{"@type":"SearchAction","target":{"@type":"EntryPoint","urlTemplate":"https:\/\/elcanillita.info\/press\/?s={search_term_string}"},"query-input":{"@type":"PropertyValueSpecification","valueRequired":true,"valueName":"search_term_string"}}],"inLanguage":"es-AR"},{"@type":"Organization","@id":"https:\/\/elcanillita.info\/press\/#organization","name":"Guzzo Photos & Graphic Publications","url":"https:\/\/elcanillita.info\/press\/","logo":{"@type":"ImageObject","inLanguage":"es-AR","@id":"https:\/\/elcanillita.info\/press\/#\/schema\/logo\/image\/","url":"https:\/\/elcanillita.info\/press\/images\/2020\/01\/cropped-cropped-cropped-elcanillitainfo.png","contentUrl":"https:\/\/elcanillita.info\/press\/images\/2020\/01\/cropped-cropped-cropped-elcanillitainfo.png","width":460,"height":50,"caption":"Guzzo Photos & Graphic Publications"},"image":{"@id":"https:\/\/elcanillita.info\/press\/#\/schema\/logo\/image\/"},"sameAs":["https:\/\/ar-ar.facebook.com\/ElCanillitainfo-114249515285712\/"]},{"@type":"Person","@id":"https:\/\/elcanillita.info\/press\/#\/schema\/person\/7fcb79f38045700919f7da6d97e71ba0","name":"SalaStampa.eu, world press service","image":{"@type":"ImageObject","inLanguage":"es-AR","@id":"https:\/\/secure.gravatar.com\/avatar\/c2f0e0d515a107624234994507816ca4724c7199cef73fc8bedebf6931d73888?s=96&d=mm&r=g","url":"https:\/\/secure.gravatar.com\/avatar\/c2f0e0d515a107624234994507816ca4724c7199cef73fc8bedebf6931d73888?s=96&d=mm&r=g","contentUrl":"https:\/\/secure.gravatar.com\/avatar\/c2f0e0d515a107624234994507816ca4724c7199cef73fc8bedebf6931d73888?s=96&d=mm&r=g","caption":"SalaStampa.eu, world press service"}}]}},"views":791,"_links":{"self":[{"href":"https:\/\/elcanillita.info\/press\/wp-json\/wp\/v2\/posts\/449","targetHints":{"allow":["GET"]}}],"collection":[{"href":"https:\/\/elcanillita.info\/press\/wp-json\/wp\/v2\/posts"}],"about":[{"href":"https:\/\/elcanillita.info\/press\/wp-json\/wp\/v2\/types\/post"}],"author":[{"embeddable":true,"href":"https:\/\/elcanillita.info\/press\/wp-json\/wp\/v2\/users\/1"}],"replies":[{"embeddable":true,"href":"https:\/\/elcanillita.info\/press\/wp-json\/wp\/v2\/comments?post=449"}],"version-history":[{"count":0,"href":"https:\/\/elcanillita.info\/press\/wp-json\/wp\/v2\/posts\/449\/revisions"}],"wp:attachment":[{"href":"https:\/\/elcanillita.info\/press\/wp-json\/wp\/v2\/media?parent=449"}],"wp:term":[{"taxonomy":"category","embeddable":true,"href":"https:\/\/elcanillita.info\/press\/wp-json\/wp\/v2\/categories?post=449"},{"taxonomy":"post_tag","embeddable":true,"href":"https:\/\/elcanillita.info\/press\/wp-json\/wp\/v2\/tags?post=449"}],"curies":[{"name":"wp","href":"https:\/\/api.w.org\/{rel}","templated":true}]}}