{"id":4486,"date":"2025-04-27T20:04:15","date_gmt":"2025-04-27T23:04:15","guid":{"rendered":"https:\/\/elcanillita.info\/press\/?p=4486"},"modified":"2025-04-27T20:10:21","modified_gmt":"2025-04-27T23:10:21","slug":"respuesta-a-conterraneos","status":"publish","type":"post","link":"https:\/\/elcanillita.info\/press\/2025\/04\/27\/respuesta-a-conterraneos\/","title":{"rendered":"Respuesta a conterr\u00e1neos"},"content":{"rendered":"<div class=\"wp-block-image\">\n<figure class=\"alignleft size-full\"><img loading=\"lazy\" decoding=\"async\" width=\"389\" height=\"500\" src=\"https:\/\/elcanillita.info\/press\/images\/2024\/10\/page1_Blog_20241006.jpg\" alt=\"\" class=\"wp-image-4232\" srcset=\"https:\/\/elcanillita.info\/press\/images\/2024\/10\/page1_Blog_20241006.jpg 389w, https:\/\/elcanillita.info\/press\/images\/2024\/10\/page1_Blog_20241006-233x300.jpg 233w\" sizes=\"auto, (max-width: 389px) 100vw, 389px\" \/><\/figure>\n<\/div>\n\n\n<p><small><strong>ElCanillita.info, 28\/04\/2025<\/strong><\/small><br>Apreciada Pecas, entiendo tu inquietud y de otros argentinos respecto a la nota que publiqu\u00e9 de Javier Milei, relativa a sus peores groserias, debilidades y flaquezas con gente que desprecia por pensar diferente a \u00e9l.<\/p>\n\n\n\n<p>Si bien es cierto, que el fil\u00f3sofo Voltaire escribi\u00f3 en su cuento \u201cLa B\u00e9gueule\u201d, tal como se\u00f1alas en tu mensaje, que \u201cLo mejor es enemigo de lo bueno\u201d (\u201cLe mieux est l\u2019ennemi du bien\u201d) para indicar que en Argentina de hoy es \u201ceso\u201d.. lo que hay.<\/p>\n\n\n\n<p>Te recuerdo que el mismo Voltaire (Fran\u00e7ois-Marie Arouet, 1694\u20131778) fue uno de los principales enciclopedistas y un feroz cr\u00edtico del autoritarismo real. Y aunque su estilo era a menudo ir\u00f3nico y c\u00e1ustico, nunca abog\u00f3 por la sumisi\u00f3n acr\u00edtica a un monarca.<\/p>\n\n\n\n<p>Voltaire admiraba ciertas reformas de los \u201cd\u00e9spotas ilustrados\u201d, por ejemplo, Federico II de Prusia o Catalina II de Rusia, cuando promov\u00edan la educaci\u00f3n, la justicia o la modernizaci\u00f3n; sin embargo, no dej\u00f3 de se\u00f1alar sus excesos y contradicciones. Nunca postul\u00f3 que hubiera que aceptar sin cr\u00edtica todas sus decisiones: valoraba la \u201cluz\u201d de la raz\u00f3n por encima de cualquier autoridad heredada.<\/p>\n\n\n\n<p>Su c\u00e9lebre frase \u201cNo estoy de acuerdo con lo que dices, pero defender\u00e9 con mi vida tu derecho a decirlo\u201d (atribuida a su doctrina) muestra que para Voltaire la libertad de cr\u00edtica era un pilar fundamental, incluso frente al Rey. Tanto fu\u00e9 as\u00ed, que denunci\u00f3 la censura, la Inquisici\u00f3n y los privilegios de la nobleza y el clero, apoyando siempre el derecho de cuestionar al poder.<\/p>\n\n\n\n<p>En cartas y s\u00e1tiras atac\u00f3 duramente a Luis XV y a su corte por corrupci\u00f3n y arbitrariedad. En su obra \u201cC\u00e1ndido\u201d ridiculiza la idea de que \u201ctodo est\u00e1 bien en el mejor de los mundos posibles\u201d, un argumento que en la pr\u00e1ctica serv\u00eda para justificar el statu quo de las monarqu\u00edas.<\/p>\n\n\n\n<p>Voltaire no habr\u00eda tolerado una sumisi\u00f3n pasiva ante un rey sin cr\u00edtica. Su proyecto ilustrado persegu\u00eda precisamente que la raz\u00f3n y la libertad de pensamiento sirvieran para cuestionar y limitar el poder absoluto, mon\u00e1rquico o eclesi\u00e1stico.<\/p>\n\n\n\n<p>Claro est\u00e1, yo soy un simple canillita, un editor de diarios, no Voltaire, pero el presidente Milei tampoco es un rey al que haya que tolerar sus insultos por miedo a que, si lo criticamos demasiado, la oposici\u00f3n pueda ganar las pr\u00f3ximas elecciones.<\/p>\n\n\n\n<p>En una democracia, ning\u00fan ciudadano tiene el deber c\u00edvico de soportar insultos o malos tratos, ni siquiera por parte de un presidente. El respeto mutuo es la base de la convivencia civil, incluso cuando se trata de personajes p\u00fablicos. Tolerar insultos s\u00f3lo por conveniencia pol\u00edtica no es un valor democr\u00e1tico.<\/p>\n\n\n\n<p>Nuestra deontolog\u00eda profesional aconseja no responder con dureza a los insultos, para evitar polarizar a\u00fan m\u00e1s la sociedad o reforzar la \u201cmentalidad de v\u00edctima\u201d de un lider o funcionario p\u00fablico, pero aceptar sin reaccionar puede legitimar los insultos y bajar el nivel de un debate p\u00fablico. Desmoralizar a quienes desear\u00edan una pol\u00edtica m\u00e1s respetuosa. Normalizar las conductas agresivas como una parte \u201cnormal\u201d del liderazgo, es un riesgo, tanto para la calidad de la democracia como para el futuro pol\u00edtico del pa\u00eds.<\/p>\n\n\n\n<p>Milei tiene una relaci\u00f3n conflictiva con muchos medios de comunicaci\u00f3n, ha acusado a periodistas de ser \u201coperadores pol\u00edticos\u201d, \u201cmentirosos\u201d o \u201cparte de la casta\u201d. Usa t\u00e9rminos despectivos y muchas veces agresivos en entrevistas y redes sociales. Ha promovido la idea de que los medios forman parte de un \u201csistema corrupto\u201d que busca destruir su imagen.<\/p>\n\n\n\n<p>Cuando Milei recibe cr\u00edticas fuertes, muchas veces se presenta a s\u00ed mismo como v\u00edctima de una persecuci\u00f3n medi\u00e1tica. Dice que los ataques son porque \u201cest\u00e1 cambiando el sistema\u201d o \u201cest\u00e1 enfrentando intereses oscuros\u201d. Construye un relato donde \u00e9l es el h\u00e9roe solitario contra una prensa corrupta. Esto es una estrategia pol\u00edtica cl\u00e1sica en l\u00edderes populistas, atacar para marcar territorio y luego victimizarse para fortalecer la adhesi\u00f3n de sus seguidores, quienes lo ven como alguien \u201catacado por decir la verdad\u201d.<\/p>\n\n\n\n<p>Estimada conterr\u00e1nea, no es ni c\u00edvico ni moralmente correcto tolerar los insultos de un presidente. Pol\u00edticamente puede ser una opci\u00f3n t\u00e1ctica (evitar un enfrentamiento frontal por temor a fortalecer a la oposici\u00f3n), pero a largo plazo perjudicar\u00e1 a\u00fan m\u00e1s la salud enfermiza de la democracia argentina.<br><br><small> Ruben M A Guzzo &#8211; Carnet de Prensa N\u00b0 59120 Turin, Italia<\/small><br><small>Copyright \u00a9 2025 ElCanillita.info \/ SalaStampa.eu, servicio mundial de prensa<\/small><br><small>Guzzo Photos &amp; Graphic Publications &#8211; Registro Editori e Stampatori n. 1441 Torino, Italia<\/small><\/p>\n\n\n\n<p><\/p>\n","protected":false},"excerpt":{"rendered":"<p>El uso pol\u00edtico del conflicto a veces es calculado como parte de una estrategia de comunicaci\u00f3n.<\/p>\n","protected":false},"author":1,"featured_media":4236,"comment_status":"closed","ping_status":"closed","sticky":false,"template":"","format":"standard","meta":{"footnotes":"","_links_to":"","_links_to_target":""},"categories":[108,121,70,123,126,23,25],"tags":[29],"class_list":["post-4486","post","type-post","status-publish","format-standard","has-post-thumbnail","hentry","category-blogdiario","category-dc24","category-actualidad","category-argentina","category-dolores-de-la-press","category-politica","category-sociedad","tag-argentina","entry","double"],"yoast_head":"<!-- This site is optimized with the Yoast SEO plugin v27.5 - https:\/\/yoast.com\/product\/yoast-seo-wordpress\/ -->\n<title>Respuesta a conterr\u00e1neos - ElCanillita.Info<\/title>\n<meta name=\"robots\" content=\"index, follow, max-snippet:-1, max-image-preview:large, max-video-preview:-1\" \/>\n<link rel=\"canonical\" href=\"https:\/\/elcanillita.info\/press\/2025\/04\/27\/respuesta-a-conterraneos\/\" \/>\n<meta property=\"og:locale\" content=\"es_ES\" \/>\n<meta property=\"og:type\" content=\"article\" \/>\n<meta property=\"og:title\" content=\"Respuesta a conterr\u00e1neos - ElCanillita.Info\" \/>\n<meta property=\"og:description\" content=\"El uso pol\u00edtico del conflicto a veces es calculado como parte de una estrategia de comunicaci\u00f3n.\" \/>\n<meta property=\"og:url\" content=\"https:\/\/elcanillita.info\/press\/2025\/04\/27\/respuesta-a-conterraneos\/\" \/>\n<meta property=\"og:site_name\" content=\"ElCanillita.Info\" \/>\n<meta property=\"article:publisher\" content=\"https:\/\/ar-ar.facebook.com\/ElCanillitainfo-114249515285712\/\" \/>\n<meta property=\"article:published_time\" content=\"2025-04-27T23:04:15+00:00\" \/>\n<meta property=\"article:modified_time\" content=\"2025-04-27T23:10:21+00:00\" \/>\n<meta property=\"og:image\" content=\"https:\/\/elcanillita.info\/press\/images\/2024\/10\/cover500_Blog_20241006.jpg\" \/>\n\t<meta property=\"og:image:width\" content=\"500\" \/>\n\t<meta property=\"og:image:height\" content=\"400\" \/>\n\t<meta property=\"og:image:type\" content=\"image\/jpeg\" \/>\n<meta name=\"author\" content=\"SalaStampa.eu, world press service\" \/>\n<meta name=\"twitter:card\" content=\"summary_large_image\" \/>\n<meta name=\"twitter:label1\" content=\"Escrito por\" \/>\n\t<meta name=\"twitter:data1\" content=\"SalaStampa.eu, world press service\" \/>\n\t<meta name=\"twitter:label2\" content=\"Tiempo de lectura\" \/>\n\t<meta name=\"twitter:data2\" content=\"4 minutos\" \/>\n<script type=\"application\/ld+json\" class=\"yoast-schema-graph\">{\"@context\":\"https:\\\/\\\/schema.org\",\"@graph\":[{\"@type\":\"Article\",\"@id\":\"https:\\\/\\\/elcanillita.info\\\/press\\\/2025\\\/04\\\/27\\\/respuesta-a-conterraneos\\\/#article\",\"isPartOf\":{\"@id\":\"https:\\\/\\\/elcanillita.info\\\/press\\\/2025\\\/04\\\/27\\\/respuesta-a-conterraneos\\\/\"},\"author\":{\"name\":\"SalaStampa.eu, world press service\",\"@id\":\"https:\\\/\\\/elcanillita.info\\\/press\\\/#\\\/schema\\\/person\\\/7fcb79f38045700919f7da6d97e71ba0\"},\"headline\":\"Respuesta a conterr\u00e1neos\",\"datePublished\":\"2025-04-27T23:04:15+00:00\",\"dateModified\":\"2025-04-27T23:10:21+00:00\",\"mainEntityOfPage\":{\"@id\":\"https:\\\/\\\/elcanillita.info\\\/press\\\/2025\\\/04\\\/27\\\/respuesta-a-conterraneos\\\/\"},\"wordCount\":801,\"publisher\":{\"@id\":\"https:\\\/\\\/elcanillita.info\\\/press\\\/#organization\"},\"image\":{\"@id\":\"https:\\\/\\\/elcanillita.info\\\/press\\\/2025\\\/04\\\/27\\\/respuesta-a-conterraneos\\\/#primaryimage\"},\"thumbnailUrl\":\"https:\\\/\\\/elcanillita.info\\\/press\\\/images\\\/2024\\\/10\\\/cover500_Blog_20241006.jpg\",\"keywords\":[\"Argentina\"],\"articleSection\":[\".\",\".\",\"Actualidad\",\"Argentina\",\"Dolores de La Press\",\"Politica\",\"Sociedad\"],\"inLanguage\":\"es-AR\"},{\"@type\":\"WebPage\",\"@id\":\"https:\\\/\\\/elcanillita.info\\\/press\\\/2025\\\/04\\\/27\\\/respuesta-a-conterraneos\\\/\",\"url\":\"https:\\\/\\\/elcanillita.info\\\/press\\\/2025\\\/04\\\/27\\\/respuesta-a-conterraneos\\\/\",\"name\":\"Respuesta a conterr\u00e1neos - ElCanillita.Info\",\"isPartOf\":{\"@id\":\"https:\\\/\\\/elcanillita.info\\\/press\\\/#website\"},\"primaryImageOfPage\":{\"@id\":\"https:\\\/\\\/elcanillita.info\\\/press\\\/2025\\\/04\\\/27\\\/respuesta-a-conterraneos\\\/#primaryimage\"},\"image\":{\"@id\":\"https:\\\/\\\/elcanillita.info\\\/press\\\/2025\\\/04\\\/27\\\/respuesta-a-conterraneos\\\/#primaryimage\"},\"thumbnailUrl\":\"https:\\\/\\\/elcanillita.info\\\/press\\\/images\\\/2024\\\/10\\\/cover500_Blog_20241006.jpg\",\"datePublished\":\"2025-04-27T23:04:15+00:00\",\"dateModified\":\"2025-04-27T23:10:21+00:00\",\"inLanguage\":\"es-AR\",\"potentialAction\":[{\"@type\":\"ReadAction\",\"target\":[\"https:\\\/\\\/elcanillita.info\\\/press\\\/2025\\\/04\\\/27\\\/respuesta-a-conterraneos\\\/\"]}]},{\"@type\":\"ImageObject\",\"inLanguage\":\"es-AR\",\"@id\":\"https:\\\/\\\/elcanillita.info\\\/press\\\/2025\\\/04\\\/27\\\/respuesta-a-conterraneos\\\/#primaryimage\",\"url\":\"https:\\\/\\\/elcanillita.info\\\/press\\\/images\\\/2024\\\/10\\\/cover500_Blog_20241006.jpg\",\"contentUrl\":\"https:\\\/\\\/elcanillita.info\\\/press\\\/images\\\/2024\\\/10\\\/cover500_Blog_20241006.jpg\",\"width\":500,\"height\":400},{\"@type\":\"WebSite\",\"@id\":\"https:\\\/\\\/elcanillita.info\\\/press\\\/#website\",\"url\":\"https:\\\/\\\/elcanillita.info\\\/press\\\/\",\"name\":\"ElCanillita.Info\",\"description\":\"desde los Apeninos a los Andes\",\"publisher\":{\"@id\":\"https:\\\/\\\/elcanillita.info\\\/press\\\/#organization\"},\"potentialAction\":[{\"@type\":\"SearchAction\",\"target\":{\"@type\":\"EntryPoint\",\"urlTemplate\":\"https:\\\/\\\/elcanillita.info\\\/press\\\/?s={search_term_string}\"},\"query-input\":{\"@type\":\"PropertyValueSpecification\",\"valueRequired\":true,\"valueName\":\"search_term_string\"}}],\"inLanguage\":\"es-AR\"},{\"@type\":\"Organization\",\"@id\":\"https:\\\/\\\/elcanillita.info\\\/press\\\/#organization\",\"name\":\"Guzzo Photos & Graphic Publications\",\"url\":\"https:\\\/\\\/elcanillita.info\\\/press\\\/\",\"logo\":{\"@type\":\"ImageObject\",\"inLanguage\":\"es-AR\",\"@id\":\"https:\\\/\\\/elcanillita.info\\\/press\\\/#\\\/schema\\\/logo\\\/image\\\/\",\"url\":\"https:\\\/\\\/elcanillita.info\\\/press\\\/images\\\/2020\\\/01\\\/cropped-cropped-cropped-elcanillitainfo.png\",\"contentUrl\":\"https:\\\/\\\/elcanillita.info\\\/press\\\/images\\\/2020\\\/01\\\/cropped-cropped-cropped-elcanillitainfo.png\",\"width\":460,\"height\":50,\"caption\":\"Guzzo Photos & Graphic Publications\"},\"image\":{\"@id\":\"https:\\\/\\\/elcanillita.info\\\/press\\\/#\\\/schema\\\/logo\\\/image\\\/\"},\"sameAs\":[\"https:\\\/\\\/ar-ar.facebook.com\\\/ElCanillitainfo-114249515285712\\\/\"]},{\"@type\":\"Person\",\"@id\":\"https:\\\/\\\/elcanillita.info\\\/press\\\/#\\\/schema\\\/person\\\/7fcb79f38045700919f7da6d97e71ba0\",\"name\":\"SalaStampa.eu, world press service\",\"image\":{\"@type\":\"ImageObject\",\"inLanguage\":\"es-AR\",\"@id\":\"https:\\\/\\\/secure.gravatar.com\\\/avatar\\\/c2f0e0d515a107624234994507816ca4724c7199cef73fc8bedebf6931d73888?s=96&d=mm&r=g\",\"url\":\"https:\\\/\\\/secure.gravatar.com\\\/avatar\\\/c2f0e0d515a107624234994507816ca4724c7199cef73fc8bedebf6931d73888?s=96&d=mm&r=g\",\"contentUrl\":\"https:\\\/\\\/secure.gravatar.com\\\/avatar\\\/c2f0e0d515a107624234994507816ca4724c7199cef73fc8bedebf6931d73888?s=96&d=mm&r=g\",\"caption\":\"SalaStampa.eu, world press service\"}}]}<\/script>\n<!-- \/ Yoast SEO plugin. -->","yoast_head_json":{"title":"Respuesta a conterr\u00e1neos - ElCanillita.Info","robots":{"index":"index","follow":"follow","max-snippet":"max-snippet:-1","max-image-preview":"max-image-preview:large","max-video-preview":"max-video-preview:-1"},"canonical":"https:\/\/elcanillita.info\/press\/2025\/04\/27\/respuesta-a-conterraneos\/","og_locale":"es_ES","og_type":"article","og_title":"Respuesta a conterr\u00e1neos - ElCanillita.Info","og_description":"El uso pol\u00edtico del conflicto a veces es calculado como parte de una estrategia de comunicaci\u00f3n.","og_url":"https:\/\/elcanillita.info\/press\/2025\/04\/27\/respuesta-a-conterraneos\/","og_site_name":"ElCanillita.Info","article_publisher":"https:\/\/ar-ar.facebook.com\/ElCanillitainfo-114249515285712\/","article_published_time":"2025-04-27T23:04:15+00:00","article_modified_time":"2025-04-27T23:10:21+00:00","og_image":[{"width":500,"height":400,"url":"https:\/\/elcanillita.info\/press\/images\/2024\/10\/cover500_Blog_20241006.jpg","type":"image\/jpeg"}],"author":"SalaStampa.eu, world press service","twitter_card":"summary_large_image","twitter_misc":{"Escrito por":"SalaStampa.eu, world press service","Tiempo de lectura":"4 minutos"},"schema":{"@context":"https:\/\/schema.org","@graph":[{"@type":"Article","@id":"https:\/\/elcanillita.info\/press\/2025\/04\/27\/respuesta-a-conterraneos\/#article","isPartOf":{"@id":"https:\/\/elcanillita.info\/press\/2025\/04\/27\/respuesta-a-conterraneos\/"},"author":{"name":"SalaStampa.eu, world press service","@id":"https:\/\/elcanillita.info\/press\/#\/schema\/person\/7fcb79f38045700919f7da6d97e71ba0"},"headline":"Respuesta a conterr\u00e1neos","datePublished":"2025-04-27T23:04:15+00:00","dateModified":"2025-04-27T23:10:21+00:00","mainEntityOfPage":{"@id":"https:\/\/elcanillita.info\/press\/2025\/04\/27\/respuesta-a-conterraneos\/"},"wordCount":801,"publisher":{"@id":"https:\/\/elcanillita.info\/press\/#organization"},"image":{"@id":"https:\/\/elcanillita.info\/press\/2025\/04\/27\/respuesta-a-conterraneos\/#primaryimage"},"thumbnailUrl":"https:\/\/elcanillita.info\/press\/images\/2024\/10\/cover500_Blog_20241006.jpg","keywords":["Argentina"],"articleSection":[".",".","Actualidad","Argentina","Dolores de La Press","Politica","Sociedad"],"inLanguage":"es-AR"},{"@type":"WebPage","@id":"https:\/\/elcanillita.info\/press\/2025\/04\/27\/respuesta-a-conterraneos\/","url":"https:\/\/elcanillita.info\/press\/2025\/04\/27\/respuesta-a-conterraneos\/","name":"Respuesta a conterr\u00e1neos - ElCanillita.Info","isPartOf":{"@id":"https:\/\/elcanillita.info\/press\/#website"},"primaryImageOfPage":{"@id":"https:\/\/elcanillita.info\/press\/2025\/04\/27\/respuesta-a-conterraneos\/#primaryimage"},"image":{"@id":"https:\/\/elcanillita.info\/press\/2025\/04\/27\/respuesta-a-conterraneos\/#primaryimage"},"thumbnailUrl":"https:\/\/elcanillita.info\/press\/images\/2024\/10\/cover500_Blog_20241006.jpg","datePublished":"2025-04-27T23:04:15+00:00","dateModified":"2025-04-27T23:10:21+00:00","inLanguage":"es-AR","potentialAction":[{"@type":"ReadAction","target":["https:\/\/elcanillita.info\/press\/2025\/04\/27\/respuesta-a-conterraneos\/"]}]},{"@type":"ImageObject","inLanguage":"es-AR","@id":"https:\/\/elcanillita.info\/press\/2025\/04\/27\/respuesta-a-conterraneos\/#primaryimage","url":"https:\/\/elcanillita.info\/press\/images\/2024\/10\/cover500_Blog_20241006.jpg","contentUrl":"https:\/\/elcanillita.info\/press\/images\/2024\/10\/cover500_Blog_20241006.jpg","width":500,"height":400},{"@type":"WebSite","@id":"https:\/\/elcanillita.info\/press\/#website","url":"https:\/\/elcanillita.info\/press\/","name":"ElCanillita.Info","description":"desde los Apeninos a los Andes","publisher":{"@id":"https:\/\/elcanillita.info\/press\/#organization"},"potentialAction":[{"@type":"SearchAction","target":{"@type":"EntryPoint","urlTemplate":"https:\/\/elcanillita.info\/press\/?s={search_term_string}"},"query-input":{"@type":"PropertyValueSpecification","valueRequired":true,"valueName":"search_term_string"}}],"inLanguage":"es-AR"},{"@type":"Organization","@id":"https:\/\/elcanillita.info\/press\/#organization","name":"Guzzo Photos & Graphic Publications","url":"https:\/\/elcanillita.info\/press\/","logo":{"@type":"ImageObject","inLanguage":"es-AR","@id":"https:\/\/elcanillita.info\/press\/#\/schema\/logo\/image\/","url":"https:\/\/elcanillita.info\/press\/images\/2020\/01\/cropped-cropped-cropped-elcanillitainfo.png","contentUrl":"https:\/\/elcanillita.info\/press\/images\/2020\/01\/cropped-cropped-cropped-elcanillitainfo.png","width":460,"height":50,"caption":"Guzzo Photos & Graphic Publications"},"image":{"@id":"https:\/\/elcanillita.info\/press\/#\/schema\/logo\/image\/"},"sameAs":["https:\/\/ar-ar.facebook.com\/ElCanillitainfo-114249515285712\/"]},{"@type":"Person","@id":"https:\/\/elcanillita.info\/press\/#\/schema\/person\/7fcb79f38045700919f7da6d97e71ba0","name":"SalaStampa.eu, world press service","image":{"@type":"ImageObject","inLanguage":"es-AR","@id":"https:\/\/secure.gravatar.com\/avatar\/c2f0e0d515a107624234994507816ca4724c7199cef73fc8bedebf6931d73888?s=96&d=mm&r=g","url":"https:\/\/secure.gravatar.com\/avatar\/c2f0e0d515a107624234994507816ca4724c7199cef73fc8bedebf6931d73888?s=96&d=mm&r=g","contentUrl":"https:\/\/secure.gravatar.com\/avatar\/c2f0e0d515a107624234994507816ca4724c7199cef73fc8bedebf6931d73888?s=96&d=mm&r=g","caption":"SalaStampa.eu, world press service"}}]}},"views":224,"_links":{"self":[{"href":"https:\/\/elcanillita.info\/press\/wp-json\/wp\/v2\/posts\/4486","targetHints":{"allow":["GET"]}}],"collection":[{"href":"https:\/\/elcanillita.info\/press\/wp-json\/wp\/v2\/posts"}],"about":[{"href":"https:\/\/elcanillita.info\/press\/wp-json\/wp\/v2\/types\/post"}],"author":[{"embeddable":true,"href":"https:\/\/elcanillita.info\/press\/wp-json\/wp\/v2\/users\/1"}],"replies":[{"embeddable":true,"href":"https:\/\/elcanillita.info\/press\/wp-json\/wp\/v2\/comments?post=4486"}],"version-history":[{"count":0,"href":"https:\/\/elcanillita.info\/press\/wp-json\/wp\/v2\/posts\/4486\/revisions"}],"wp:featuredmedia":[{"embeddable":true,"href":"https:\/\/elcanillita.info\/press\/wp-json\/wp\/v2\/media\/4236"}],"wp:attachment":[{"href":"https:\/\/elcanillita.info\/press\/wp-json\/wp\/v2\/media?parent=4486"}],"wp:term":[{"taxonomy":"category","embeddable":true,"href":"https:\/\/elcanillita.info\/press\/wp-json\/wp\/v2\/categories?post=4486"},{"taxonomy":"post_tag","embeddable":true,"href":"https:\/\/elcanillita.info\/press\/wp-json\/wp\/v2\/tags?post=4486"}],"curies":[{"name":"wp","href":"https:\/\/api.w.org\/{rel}","templated":true}]}}