{"id":4475,"date":"2025-04-21T18:20:29","date_gmt":"2025-04-21T21:20:29","guid":{"rendered":"https:\/\/elcanillita.info\/press\/?p=4475"},"modified":"2025-04-21T18:30:56","modified_gmt":"2025-04-21T21:30:56","slug":"papa-francisco-un-derrame-cerebral-fue-la-causa-de-su-muerte","status":"publish","type":"post","link":"https:\/\/elcanillita.info\/press\/2025\/04\/21\/papa-francisco-un-derrame-cerebral-fue-la-causa-de-su-muerte\/","title":{"rendered":"Papa Francisco: un derrame cerebral fue la causa de su muerte"},"content":{"rendered":"\n<figure class=\"wp-block-image size-full\"><img loading=\"lazy\" decoding=\"async\" width=\"600\" height=\"400\" src=\"https:\/\/elcanillita.info\/press\/images\/2025\/04\/poptapcov_20250421.jpg\" alt=\"\" class=\"wp-image-4479\" srcset=\"https:\/\/elcanillita.info\/press\/images\/2025\/04\/poptapcov_20250421.jpg 600w, https:\/\/elcanillita.info\/press\/images\/2025\/04\/poptapcov_20250421-300x200.jpg 300w\" sizes=\"auto, (max-width: 600px) 100vw, 600px\" \/><\/figure>\n\n\n\n<p>ElCanillita.info, 21\/04\/2025<br>El Papa Francisco falleci\u00f3 a los 88 a\u00f1os tras semanas de problemas de salud. Muri\u00f3 de un derrame cerebral tras caer en coma el lunes de Pascua, seg\u00fan inform\u00f3 el Vaticano.<br><br>El Papa ser\u00e1 enterrado en la Bas\u00edlica de Santa Mar\u00eda la Mayor de Roma a finales de semana. Marca el final de un tumultuoso pontificado de 12 a\u00f1os, en el que el Papa argentino luch\u00f3 por los pobres, revolucion\u00f3 la burocracia de su iglesia y luch\u00f3 contra los cat\u00f3licos.<br><br>En su testamento, el Papa escribi\u00f3 sobre su reciente enfermedad y or\u00f3 por sus allegados. \u201cQue el Se\u00f1or conceda una recompensa digna a todos los que me han deseado bien y siguen rezando por m\u00ed\u201d, escribi\u00f3. \u201cEl sufrimiento que ha marcado el final de mi vida lo ofrezco al Se\u00f1or por la paz en el mundo y por la fraternidad entre los pueblos\u201d.<br><br>El d\u00eda del entierro de Francisco a\u00fan no se ha decidido. Su funeral en el Vaticano tendra lugar la pr\u00f3xima semana, lo que significa que se celebrar\u00e1 un viernes, s\u00e1bado o domingo.<\/p>\n\n\n\n<p>Es probable que una procesi\u00f3n cruce el r\u00edo T\u00edber desde el Vaticano para llevar el f\u00e9retro a Santa Mar\u00eda la Mayor, una de las cuatro bas\u00edlicas papales de Roma, cercana a la estaci\u00f3n central de trenes.<\/p>\n\n\n\n<p>Debe transcurrir un periodo de luto oficial, conocido como Novendiali, (del lat\u00edn &#8220;novem dies&#8221;), que significa \u201cnueve d\u00edas\u201d, antes de que los cardenales reunidos en Roma puedan iniciar su c\u00f3nclave para elegir al sucesor de Francisco.<\/p>\n\n\n\n<p>La tumba de Francisco estar\u00e1 cerca del famoso icono de la Virgen con el Ni\u00f1o Jes\u00fas, que se encuentra en la iglesia y del que se dice que ayud\u00f3 a salvar a Roma de la peste en el a\u00f1o 593 d. C., cuando el Papa Gregorio I lo exhibi\u00f3 por la ciudad.<\/p>\n\n\n\n<p>Desde entonces, se le atribuye al icono haber protegido la capital de la destrucci\u00f3n a manos de los nazis en 1944, antes de que el papa Francisco rezara junto a \u00e9l en 2020, en pleno apogeo de la crisis de la COVID-19 en Italia.<\/p>\n\n\n\n<p>Santa Mar\u00eda la Mayor cuenta con una puerta santa que se abri\u00f3 durante el Jubileo del Vaticano este a\u00f1o, ofreciendo a los peregrinos que pasan por ella un tiempo reducido en el purgatorio.<\/p>\n\n\n\n<p>Desde el siglo IV, los papas han invertido abundantemente en la iglesia. Cuenta con una capilla dise\u00f1ada por Miguel \u00c1ngel, un techo cubierto de oro tra\u00eddo de Am\u00e9rica por Crist\u00f3bal Col\u00f3n y una cripta que, seg\u00fan se dice, contiene madera del pesebre de Jes\u00fas.<\/p>\n\n\n\n<p>Francisco ser\u00e1 el primer papa enterrado en una iglesia depues de siglos. Siete papas han sido enterrados en Santa Mar\u00eda la Mayor, conocida com\u00fanmente por su nombre italiano, Santa Maria Maggiore, pero ninguno ha terminado sus d\u00edas all\u00ed desde Clemente IX en 1669.<\/p>\n\n\n\n<p>&#8220;El lugar ya est\u00e1 preparado&#8221;, declar\u00f3 Francisco en una entrevista en 2023, explicando que ten\u00eda un &#8220;v\u00ednculo muy profundo&#8221; con la Virgen Mar\u00eda y que le hab\u00eda prometido que ser\u00eda enterrado all\u00ed.<\/p>\n\n\n\n<p>Su devoci\u00f3n a la madre de Cristo era tan fuerte que Francisco visit\u00f3 la iglesia 125 veces durante su papado: una vez inmediatamente despu\u00e9s de su elecci\u00f3n en 2013 y otra antes y despu\u00e9s de cada viaje al extranjero, llevando flores en cada ocasi\u00f3n.<\/p>\n\n\n\n<p>Tras su larga hospitalizaci\u00f3n en febrero y marzo, la iglesia fue su primera parada y la visit\u00f3 una segunda vez antes de su fallecimiento el lunes.<\/p>\n\n\n\n<p>El Papa describi\u00f3 el entierro como su \u00fanico deseo. En su testamento, publicado el lunes, el Papa Francisco declar\u00f3 que su \u00fanico deseo al morir era ser enterrado en la iglesia dedicada a la Virgen Mar\u00eda, ubicada en la cima del Esquilino de Roma.<\/p>\n\n\n\n<p>\u201cSiempre confi\u00e9 mi vida y mi ministerio sacerdotal y episcopal a la madre de nuestro Se\u00f1or, Santa Mar\u00eda\u201d, escribi\u00f3. \u201cPor eso, pido que mis restos mortales descansen en la Bas\u00edlica de Santa Mar\u00eda la Mayor, a la espera del d\u00eda de la resurrecci\u00f3n\u201d.<\/p>\n\n\n\n<p>A\u00f1adi\u00f3: \u201cLa tumba debe estar en tierra, ser sencilla, sin ninguna decoraci\u00f3n particular y con una sola inscripci\u00f3n: Franciscus\u201d.<\/p>\n\n\n\n<p>En el testamento, Francisco declar\u00f3 que un benefactor ya hab\u00eda pagado el entierro en la iglesia, seg\u00fan ha informado el Vaticano.<\/p>\n\n\n\n<p>Clemente IX, fallecido en 1669, y Nicol\u00e1s IV, fallecido en 1292, se encuentran entre los papas que han sido enterrados en la iglesia.<\/p>\n\n\n\n<p><small>Copyright \u00a9 2025 ElCanillita.info \/ SalaStampa.eu, servicio mundial de prensa<\/small><br><small>Guzzo Photos &amp; Graphic Publications &#8211; Registro Editori e Stampatori n. 1441 Torino, Italia<\/small><\/p>\n\n\n\n<p><\/p>\n","protected":false},"excerpt":{"rendered":"<p>El Papa Francisco falleci\u00f3 a los 88 a\u00f1os a causa de un derrame cerebral que le provoc\u00f3 una insuficiencia card\u00edaca, pocas horas despu\u00e9s de su aparici\u00f3n en la Plaza de San Pedro el Domingo de Pascua.<\/p>\n","protected":false},"author":1,"featured_media":4478,"comment_status":"closed","ping_status":"closed","sticky":false,"template":"","format":"standard","meta":{"footnotes":"","_links_to":"","_links_to_target":""},"categories":[108,121,70,5],"tags":[50,60],"class_list":["post-4475","post","type-post","status-publish","format-standard","has-post-thumbnail","hentry","category-blogdiario","category-dc24","category-actualidad","category-europa","tag-ciudad-vaticano","tag-italia","entry","double"],"yoast_head":"<!-- This site is optimized with the Yoast SEO plugin v27.5 - https:\/\/yoast.com\/product\/yoast-seo-wordpress\/ -->\n<title>Papa Francisco: un derrame cerebral fue la causa de su muerte - ElCanillita.Info<\/title>\n<meta name=\"robots\" content=\"index, follow, max-snippet:-1, max-image-preview:large, max-video-preview:-1\" \/>\n<link rel=\"canonical\" href=\"https:\/\/elcanillita.info\/press\/2025\/04\/21\/papa-francisco-un-derrame-cerebral-fue-la-causa-de-su-muerte\/\" \/>\n<meta property=\"og:locale\" content=\"es_ES\" \/>\n<meta property=\"og:type\" content=\"article\" \/>\n<meta property=\"og:title\" content=\"Papa Francisco: un derrame cerebral fue la causa de su muerte - ElCanillita.Info\" \/>\n<meta property=\"og:description\" content=\"El Papa Francisco falleci\u00f3 a los 88 a\u00f1os a causa de un derrame cerebral que le provoc\u00f3 una insuficiencia card\u00edaca, pocas horas despu\u00e9s de su aparici\u00f3n en la Plaza de San Pedro el Domingo de Pascua.\" \/>\n<meta property=\"og:url\" content=\"https:\/\/elcanillita.info\/press\/2025\/04\/21\/papa-francisco-un-derrame-cerebral-fue-la-causa-de-su-muerte\/\" \/>\n<meta property=\"og:site_name\" content=\"ElCanillita.Info\" \/>\n<meta property=\"article:publisher\" content=\"https:\/\/ar-ar.facebook.com\/ElCanillitainfo-114249515285712\/\" \/>\n<meta property=\"article:published_time\" content=\"2025-04-21T21:20:29+00:00\" \/>\n<meta property=\"article:modified_time\" content=\"2025-04-21T21:30:56+00:00\" \/>\n<meta property=\"og:image\" content=\"https:\/\/elcanillita.info\/press\/images\/2025\/04\/poptap_20250421.jpg\" \/>\n\t<meta property=\"og:image:width\" content=\"600\" \/>\n\t<meta property=\"og:image:height\" content=\"400\" \/>\n\t<meta property=\"og:image:type\" content=\"image\/jpeg\" \/>\n<meta name=\"author\" content=\"SalaStampa.eu, world press service\" \/>\n<meta name=\"twitter:card\" content=\"summary_large_image\" \/>\n<meta name=\"twitter:label1\" content=\"Escrito por\" \/>\n\t<meta name=\"twitter:data1\" content=\"SalaStampa.eu, world press service\" \/>\n\t<meta name=\"twitter:label2\" content=\"Tiempo de lectura\" \/>\n\t<meta name=\"twitter:data2\" content=\"4 minutos\" \/>\n<script type=\"application\/ld+json\" class=\"yoast-schema-graph\">{\"@context\":\"https:\\\/\\\/schema.org\",\"@graph\":[{\"@type\":\"Article\",\"@id\":\"https:\\\/\\\/elcanillita.info\\\/press\\\/2025\\\/04\\\/21\\\/papa-francisco-un-derrame-cerebral-fue-la-causa-de-su-muerte\\\/#article\",\"isPartOf\":{\"@id\":\"https:\\\/\\\/elcanillita.info\\\/press\\\/2025\\\/04\\\/21\\\/papa-francisco-un-derrame-cerebral-fue-la-causa-de-su-muerte\\\/\"},\"author\":{\"name\":\"SalaStampa.eu, world press service\",\"@id\":\"https:\\\/\\\/elcanillita.info\\\/press\\\/#\\\/schema\\\/person\\\/7fcb79f38045700919f7da6d97e71ba0\"},\"headline\":\"Papa Francisco: un derrame cerebral fue la causa de su muerte\",\"datePublished\":\"2025-04-21T21:20:29+00:00\",\"dateModified\":\"2025-04-21T21:30:56+00:00\",\"mainEntityOfPage\":{\"@id\":\"https:\\\/\\\/elcanillita.info\\\/press\\\/2025\\\/04\\\/21\\\/papa-francisco-un-derrame-cerebral-fue-la-causa-de-su-muerte\\\/\"},\"wordCount\":801,\"publisher\":{\"@id\":\"https:\\\/\\\/elcanillita.info\\\/press\\\/#organization\"},\"image\":{\"@id\":\"https:\\\/\\\/elcanillita.info\\\/press\\\/2025\\\/04\\\/21\\\/papa-francisco-un-derrame-cerebral-fue-la-causa-de-su-muerte\\\/#primaryimage\"},\"thumbnailUrl\":\"https:\\\/\\\/elcanillita.info\\\/press\\\/images\\\/2025\\\/04\\\/poptap_20250421.jpg\",\"keywords\":[\"Ciudad del Vaticano\",\"Italia\"],\"articleSection\":[\".\",\".\",\"Actualidad\",\"Europa\"],\"inLanguage\":\"es-AR\"},{\"@type\":\"WebPage\",\"@id\":\"https:\\\/\\\/elcanillita.info\\\/press\\\/2025\\\/04\\\/21\\\/papa-francisco-un-derrame-cerebral-fue-la-causa-de-su-muerte\\\/\",\"url\":\"https:\\\/\\\/elcanillita.info\\\/press\\\/2025\\\/04\\\/21\\\/papa-francisco-un-derrame-cerebral-fue-la-causa-de-su-muerte\\\/\",\"name\":\"Papa Francisco: un derrame cerebral fue la causa de su muerte - ElCanillita.Info\",\"isPartOf\":{\"@id\":\"https:\\\/\\\/elcanillita.info\\\/press\\\/#website\"},\"primaryImageOfPage\":{\"@id\":\"https:\\\/\\\/elcanillita.info\\\/press\\\/2025\\\/04\\\/21\\\/papa-francisco-un-derrame-cerebral-fue-la-causa-de-su-muerte\\\/#primaryimage\"},\"image\":{\"@id\":\"https:\\\/\\\/elcanillita.info\\\/press\\\/2025\\\/04\\\/21\\\/papa-francisco-un-derrame-cerebral-fue-la-causa-de-su-muerte\\\/#primaryimage\"},\"thumbnailUrl\":\"https:\\\/\\\/elcanillita.info\\\/press\\\/images\\\/2025\\\/04\\\/poptap_20250421.jpg\",\"datePublished\":\"2025-04-21T21:20:29+00:00\",\"dateModified\":\"2025-04-21T21:30:56+00:00\",\"inLanguage\":\"es-AR\",\"potentialAction\":[{\"@type\":\"ReadAction\",\"target\":[\"https:\\\/\\\/elcanillita.info\\\/press\\\/2025\\\/04\\\/21\\\/papa-francisco-un-derrame-cerebral-fue-la-causa-de-su-muerte\\\/\"]}]},{\"@type\":\"ImageObject\",\"inLanguage\":\"es-AR\",\"@id\":\"https:\\\/\\\/elcanillita.info\\\/press\\\/2025\\\/04\\\/21\\\/papa-francisco-un-derrame-cerebral-fue-la-causa-de-su-muerte\\\/#primaryimage\",\"url\":\"https:\\\/\\\/elcanillita.info\\\/press\\\/images\\\/2025\\\/04\\\/poptap_20250421.jpg\",\"contentUrl\":\"https:\\\/\\\/elcanillita.info\\\/press\\\/images\\\/2025\\\/04\\\/poptap_20250421.jpg\",\"width\":600,\"height\":400},{\"@type\":\"WebSite\",\"@id\":\"https:\\\/\\\/elcanillita.info\\\/press\\\/#website\",\"url\":\"https:\\\/\\\/elcanillita.info\\\/press\\\/\",\"name\":\"ElCanillita.Info\",\"description\":\"desde los Apeninos a los Andes\",\"publisher\":{\"@id\":\"https:\\\/\\\/elcanillita.info\\\/press\\\/#organization\"},\"potentialAction\":[{\"@type\":\"SearchAction\",\"target\":{\"@type\":\"EntryPoint\",\"urlTemplate\":\"https:\\\/\\\/elcanillita.info\\\/press\\\/?s={search_term_string}\"},\"query-input\":{\"@type\":\"PropertyValueSpecification\",\"valueRequired\":true,\"valueName\":\"search_term_string\"}}],\"inLanguage\":\"es-AR\"},{\"@type\":\"Organization\",\"@id\":\"https:\\\/\\\/elcanillita.info\\\/press\\\/#organization\",\"name\":\"Guzzo Photos & Graphic Publications\",\"url\":\"https:\\\/\\\/elcanillita.info\\\/press\\\/\",\"logo\":{\"@type\":\"ImageObject\",\"inLanguage\":\"es-AR\",\"@id\":\"https:\\\/\\\/elcanillita.info\\\/press\\\/#\\\/schema\\\/logo\\\/image\\\/\",\"url\":\"https:\\\/\\\/elcanillita.info\\\/press\\\/images\\\/2020\\\/01\\\/cropped-cropped-cropped-elcanillitainfo.png\",\"contentUrl\":\"https:\\\/\\\/elcanillita.info\\\/press\\\/images\\\/2020\\\/01\\\/cropped-cropped-cropped-elcanillitainfo.png\",\"width\":460,\"height\":50,\"caption\":\"Guzzo Photos & Graphic Publications\"},\"image\":{\"@id\":\"https:\\\/\\\/elcanillita.info\\\/press\\\/#\\\/schema\\\/logo\\\/image\\\/\"},\"sameAs\":[\"https:\\\/\\\/ar-ar.facebook.com\\\/ElCanillitainfo-114249515285712\\\/\"]},{\"@type\":\"Person\",\"@id\":\"https:\\\/\\\/elcanillita.info\\\/press\\\/#\\\/schema\\\/person\\\/7fcb79f38045700919f7da6d97e71ba0\",\"name\":\"SalaStampa.eu, world press service\",\"image\":{\"@type\":\"ImageObject\",\"inLanguage\":\"es-AR\",\"@id\":\"https:\\\/\\\/secure.gravatar.com\\\/avatar\\\/c2f0e0d515a107624234994507816ca4724c7199cef73fc8bedebf6931d73888?s=96&d=mm&r=g\",\"url\":\"https:\\\/\\\/secure.gravatar.com\\\/avatar\\\/c2f0e0d515a107624234994507816ca4724c7199cef73fc8bedebf6931d73888?s=96&d=mm&r=g\",\"contentUrl\":\"https:\\\/\\\/secure.gravatar.com\\\/avatar\\\/c2f0e0d515a107624234994507816ca4724c7199cef73fc8bedebf6931d73888?s=96&d=mm&r=g\",\"caption\":\"SalaStampa.eu, world press service\"}}]}<\/script>\n<!-- \/ Yoast SEO plugin. -->","yoast_head_json":{"title":"Papa Francisco: un derrame cerebral fue la causa de su muerte - ElCanillita.Info","robots":{"index":"index","follow":"follow","max-snippet":"max-snippet:-1","max-image-preview":"max-image-preview:large","max-video-preview":"max-video-preview:-1"},"canonical":"https:\/\/elcanillita.info\/press\/2025\/04\/21\/papa-francisco-un-derrame-cerebral-fue-la-causa-de-su-muerte\/","og_locale":"es_ES","og_type":"article","og_title":"Papa Francisco: un derrame cerebral fue la causa de su muerte - ElCanillita.Info","og_description":"El Papa Francisco falleci\u00f3 a los 88 a\u00f1os a causa de un derrame cerebral que le provoc\u00f3 una insuficiencia card\u00edaca, pocas horas despu\u00e9s de su aparici\u00f3n en la Plaza de San Pedro el Domingo de Pascua.","og_url":"https:\/\/elcanillita.info\/press\/2025\/04\/21\/papa-francisco-un-derrame-cerebral-fue-la-causa-de-su-muerte\/","og_site_name":"ElCanillita.Info","article_publisher":"https:\/\/ar-ar.facebook.com\/ElCanillitainfo-114249515285712\/","article_published_time":"2025-04-21T21:20:29+00:00","article_modified_time":"2025-04-21T21:30:56+00:00","og_image":[{"width":600,"height":400,"url":"https:\/\/elcanillita.info\/press\/images\/2025\/04\/poptap_20250421.jpg","type":"image\/jpeg"}],"author":"SalaStampa.eu, world press service","twitter_card":"summary_large_image","twitter_misc":{"Escrito por":"SalaStampa.eu, world press service","Tiempo de lectura":"4 minutos"},"schema":{"@context":"https:\/\/schema.org","@graph":[{"@type":"Article","@id":"https:\/\/elcanillita.info\/press\/2025\/04\/21\/papa-francisco-un-derrame-cerebral-fue-la-causa-de-su-muerte\/#article","isPartOf":{"@id":"https:\/\/elcanillita.info\/press\/2025\/04\/21\/papa-francisco-un-derrame-cerebral-fue-la-causa-de-su-muerte\/"},"author":{"name":"SalaStampa.eu, world press service","@id":"https:\/\/elcanillita.info\/press\/#\/schema\/person\/7fcb79f38045700919f7da6d97e71ba0"},"headline":"Papa Francisco: un derrame cerebral fue la causa de su muerte","datePublished":"2025-04-21T21:20:29+00:00","dateModified":"2025-04-21T21:30:56+00:00","mainEntityOfPage":{"@id":"https:\/\/elcanillita.info\/press\/2025\/04\/21\/papa-francisco-un-derrame-cerebral-fue-la-causa-de-su-muerte\/"},"wordCount":801,"publisher":{"@id":"https:\/\/elcanillita.info\/press\/#organization"},"image":{"@id":"https:\/\/elcanillita.info\/press\/2025\/04\/21\/papa-francisco-un-derrame-cerebral-fue-la-causa-de-su-muerte\/#primaryimage"},"thumbnailUrl":"https:\/\/elcanillita.info\/press\/images\/2025\/04\/poptap_20250421.jpg","keywords":["Ciudad del Vaticano","Italia"],"articleSection":[".",".","Actualidad","Europa"],"inLanguage":"es-AR"},{"@type":"WebPage","@id":"https:\/\/elcanillita.info\/press\/2025\/04\/21\/papa-francisco-un-derrame-cerebral-fue-la-causa-de-su-muerte\/","url":"https:\/\/elcanillita.info\/press\/2025\/04\/21\/papa-francisco-un-derrame-cerebral-fue-la-causa-de-su-muerte\/","name":"Papa Francisco: un derrame cerebral fue la causa de su muerte - ElCanillita.Info","isPartOf":{"@id":"https:\/\/elcanillita.info\/press\/#website"},"primaryImageOfPage":{"@id":"https:\/\/elcanillita.info\/press\/2025\/04\/21\/papa-francisco-un-derrame-cerebral-fue-la-causa-de-su-muerte\/#primaryimage"},"image":{"@id":"https:\/\/elcanillita.info\/press\/2025\/04\/21\/papa-francisco-un-derrame-cerebral-fue-la-causa-de-su-muerte\/#primaryimage"},"thumbnailUrl":"https:\/\/elcanillita.info\/press\/images\/2025\/04\/poptap_20250421.jpg","datePublished":"2025-04-21T21:20:29+00:00","dateModified":"2025-04-21T21:30:56+00:00","inLanguage":"es-AR","potentialAction":[{"@type":"ReadAction","target":["https:\/\/elcanillita.info\/press\/2025\/04\/21\/papa-francisco-un-derrame-cerebral-fue-la-causa-de-su-muerte\/"]}]},{"@type":"ImageObject","inLanguage":"es-AR","@id":"https:\/\/elcanillita.info\/press\/2025\/04\/21\/papa-francisco-un-derrame-cerebral-fue-la-causa-de-su-muerte\/#primaryimage","url":"https:\/\/elcanillita.info\/press\/images\/2025\/04\/poptap_20250421.jpg","contentUrl":"https:\/\/elcanillita.info\/press\/images\/2025\/04\/poptap_20250421.jpg","width":600,"height":400},{"@type":"WebSite","@id":"https:\/\/elcanillita.info\/press\/#website","url":"https:\/\/elcanillita.info\/press\/","name":"ElCanillita.Info","description":"desde los Apeninos a los Andes","publisher":{"@id":"https:\/\/elcanillita.info\/press\/#organization"},"potentialAction":[{"@type":"SearchAction","target":{"@type":"EntryPoint","urlTemplate":"https:\/\/elcanillita.info\/press\/?s={search_term_string}"},"query-input":{"@type":"PropertyValueSpecification","valueRequired":true,"valueName":"search_term_string"}}],"inLanguage":"es-AR"},{"@type":"Organization","@id":"https:\/\/elcanillita.info\/press\/#organization","name":"Guzzo Photos & Graphic Publications","url":"https:\/\/elcanillita.info\/press\/","logo":{"@type":"ImageObject","inLanguage":"es-AR","@id":"https:\/\/elcanillita.info\/press\/#\/schema\/logo\/image\/","url":"https:\/\/elcanillita.info\/press\/images\/2020\/01\/cropped-cropped-cropped-elcanillitainfo.png","contentUrl":"https:\/\/elcanillita.info\/press\/images\/2020\/01\/cropped-cropped-cropped-elcanillitainfo.png","width":460,"height":50,"caption":"Guzzo Photos & Graphic Publications"},"image":{"@id":"https:\/\/elcanillita.info\/press\/#\/schema\/logo\/image\/"},"sameAs":["https:\/\/ar-ar.facebook.com\/ElCanillitainfo-114249515285712\/"]},{"@type":"Person","@id":"https:\/\/elcanillita.info\/press\/#\/schema\/person\/7fcb79f38045700919f7da6d97e71ba0","name":"SalaStampa.eu, world press service","image":{"@type":"ImageObject","inLanguage":"es-AR","@id":"https:\/\/secure.gravatar.com\/avatar\/c2f0e0d515a107624234994507816ca4724c7199cef73fc8bedebf6931d73888?s=96&d=mm&r=g","url":"https:\/\/secure.gravatar.com\/avatar\/c2f0e0d515a107624234994507816ca4724c7199cef73fc8bedebf6931d73888?s=96&d=mm&r=g","contentUrl":"https:\/\/secure.gravatar.com\/avatar\/c2f0e0d515a107624234994507816ca4724c7199cef73fc8bedebf6931d73888?s=96&d=mm&r=g","caption":"SalaStampa.eu, world press service"}}]}},"views":261,"_links":{"self":[{"href":"https:\/\/elcanillita.info\/press\/wp-json\/wp\/v2\/posts\/4475","targetHints":{"allow":["GET"]}}],"collection":[{"href":"https:\/\/elcanillita.info\/press\/wp-json\/wp\/v2\/posts"}],"about":[{"href":"https:\/\/elcanillita.info\/press\/wp-json\/wp\/v2\/types\/post"}],"author":[{"embeddable":true,"href":"https:\/\/elcanillita.info\/press\/wp-json\/wp\/v2\/users\/1"}],"replies":[{"embeddable":true,"href":"https:\/\/elcanillita.info\/press\/wp-json\/wp\/v2\/comments?post=4475"}],"version-history":[{"count":0,"href":"https:\/\/elcanillita.info\/press\/wp-json\/wp\/v2\/posts\/4475\/revisions"}],"wp:featuredmedia":[{"embeddable":true,"href":"https:\/\/elcanillita.info\/press\/wp-json\/wp\/v2\/media\/4478"}],"wp:attachment":[{"href":"https:\/\/elcanillita.info\/press\/wp-json\/wp\/v2\/media?parent=4475"}],"wp:term":[{"taxonomy":"category","embeddable":true,"href":"https:\/\/elcanillita.info\/press\/wp-json\/wp\/v2\/categories?post=4475"},{"taxonomy":"post_tag","embeddable":true,"href":"https:\/\/elcanillita.info\/press\/wp-json\/wp\/v2\/tags?post=4475"}],"curies":[{"name":"wp","href":"https:\/\/api.w.org\/{rel}","templated":true}]}}