{"id":4461,"date":"2025-04-19T10:50:00","date_gmt":"2025-04-19T13:50:00","guid":{"rendered":"https:\/\/elcanillita.info\/press\/?p=4461"},"modified":"2025-04-19T11:32:35","modified_gmt":"2025-04-19T14:32:35","slug":"jesus-nazareno-rey-de-los-judios-juan-1919-22","status":"publish","type":"post","link":"https:\/\/elcanillita.info\/press\/2025\/04\/19\/jesus-nazareno-rey-de-los-judios-juan-1919-22\/","title":{"rendered":"&#8220;Jes\u00fas Nazareno, Rey de los jud\u00edos&#8221; &#8211; (Juan 19:19-22)"},"content":{"rendered":"<div class=\"wp-block-image\">\n<figure class=\"aligncenter size-full is-resized\"><img loading=\"lazy\" decoding=\"async\" width=\"221\" height=\"600\" src=\"https:\/\/elcanillita.info\/press\/images\/2025\/04\/sindII_20250419.jpg\" alt=\"\" class=\"wp-image-4462\" style=\"width:212px;height:auto\" srcset=\"https:\/\/elcanillita.info\/press\/images\/2025\/04\/sindII_20250419.jpg 221w, https:\/\/elcanillita.info\/press\/images\/2025\/04\/sindII_20250419-111x300.jpg 111w\" sizes=\"auto, (max-width: 221px) 100vw, 221px\" \/><\/figure>\n<\/div>\n\n\n<p><strong>El Sudario de Turin, 19\/04\/2025<\/strong><br>El estudio de un documento tiene credibilidad, cuando se realiza con la mente libre de opiniones, evitando falsas consideraciones que planteen dudas y den escaso valor a la informaci\u00f3n.<\/p>\n\n\n\n<p>Esto es particularmente importante cuando se observa un objeto tal cual es el sudario de Torino, por su naturaleza y por los problemas religiosos que contiene.<\/p>\n\n\n\n<p>El presente reportaje, est\u00e1 basado en estudios y ex\u00e1menes realizados sobre fotograf\u00edas del sudario de Torino, tomadas en 1931, ampliadas en tama\u00f1o natural, unido a notas de m\u00e9dicos y cient\u00edficos que han escrito los resultados de sus investigaciones.<br><br>El informe que se detalla a continuaci\u00f3n, no es un an\u00e1lisis de la historia del sudario de Torino, en tal sentido numerosas publicaciones ya se han ocupado del tema.<br><br>Fundamentalmente para el ex\u00e1men, las improntas de la sabana f\u00fanebre delinean un cuerpo masculino adulto de 1,80 mts de alto y 77 kilos de peso. El origen de las huellas son a\u00fan objeto de estudio, pero la mayor parte de los investigadores confirman que las manchas representan sangre.<br><br>Las im\u00e1genes de los brazos y de las piernas aparecen r\u00edgidas, dejando as\u00ed suponer que ya hab\u00eda sobrevenido la rigidez cadav\u00e9rica. Para los investigadores m\u00e9dicos, las diferentes huellas indican la existencia de heridas que son del m\u00e1ximo inter\u00e9s. Una parte de estas tienen caracter\u00edsticas suficientes para permitir una interpretaci\u00f3n sobre sus posibles causas.<\/p>\n\n\n\n<p>Existen marcas que reflejan abrasiones y contusiones y otras que indican derrames de sangre de amplia cavidad. Las marcas dejadas por el uso del flagelo son el mejor ejemplo de heridas correspondientes a un modelo escol\u00e1stico.<\/p>\n\n\n\n<p>Las heridas sobre el cuerpo pueden dividirse en 5 grupos: excoriaciones sobre la piel, particularmente en la espalda, profundas perforaciones en las mu\u00f1ecas y an\u00e1logas en los pies, heridas sobre la cabeza y heridas en el abdomen.<\/p>\n\n\n\n<p>Las marcas sobre la piel, que se retiene hayan sido provocadas por el flagelo, aparecen sobre la parte anterior y posterior del cuerpo, pero son de mayor relieve sobre el dorso, extendi\u00e9ndose desde la espalda hasta las pantorrillas. No existen heridas correspondientes en los brazos ni en los antebrazos y de este hecho es l\u00edcito deducir que los brazos fueron alzados durante la flagelaci\u00f3n.<\/p>\n\n\n\n<p>En el dorso, surgen hacia abajo manchas de sangre que trazan l\u00edneas tras las espaldas: cada una de las improntas est\u00e1n formadas por dos partes, lo que lleva a suponer que el instrumento utilizado para el flagelo fuese b\u00edfido. Las im\u00e1genes detallan hendiduras sangrantes en cada una de las zonas.<\/p>\n\n\n\n<p>Hist\u00f3ricamente, est\u00e1 comprobado que era costumbre de los romanos, flagelar con un l\u00e1tigo constituido de un mango y correas, en cuya extremidad, fijaban peque\u00f1os trozos de huesos o metales (flagrum taxillatum) en modo de poder arrancar peque\u00f1os trozos de carne durante la punici\u00f3n. Es dif\u00edcil hacer una cuenta exacta del n\u00famero de excoriaciones, pero son m\u00e1s de cien.<\/p>\n\n\n\n<p>Como complemento del examen de heridas producidas en la espalda por flagelaci\u00f3n, aparecen evidentes dos amplias zonas decoloradas sobre el v\u00e9rtice de la espalda, constituida por heridas causadas por abrasi\u00f3n superficial. Es probable que el elevado peso del brazo horizontal de la cruz haya sido sostenido por el dorso de la v\u00edctima y que dicho material haya producido las abrasiones sobre los om\u00f3platos.<\/p>\n\n\n\n<figure class=\"wp-block-image size-full\"><img loading=\"lazy\" decoding=\"async\" width=\"2283\" height=\"579\" src=\"https:\/\/elcanillita.info\/press\/images\/2025\/04\/sindH_20250419-1.jpg\" alt=\"\" class=\"wp-image-4465\" srcset=\"https:\/\/elcanillita.info\/press\/images\/2025\/04\/sindH_20250419-1.jpg 2283w, https:\/\/elcanillita.info\/press\/images\/2025\/04\/sindH_20250419-1-300x76.jpg 300w, https:\/\/elcanillita.info\/press\/images\/2025\/04\/sindH_20250419-1-1024x260.jpg 1024w, https:\/\/elcanillita.info\/press\/images\/2025\/04\/sindH_20250419-1-768x195.jpg 768w, https:\/\/elcanillita.info\/press\/images\/2025\/04\/sindH_20250419-1-1536x390.jpg 1536w, https:\/\/elcanillita.info\/press\/images\/2025\/04\/sindH_20250419-1-2048x519.jpg 2048w\" sizes=\"auto, (max-width: 2283px) 100vw, 2283px\" \/><\/figure>\n\n\n\n<p>La mayor parte de las pinturas de inspiraci\u00f3n religiosa, muestran la cruz portada sobre una espalda, pero de las im\u00e1genes del sudario de Torino, es posible revelar que las zonas de las abrasiones se encuentran tanto en la parte derecha como en la izquierda.<\/p>\n\n\n\n<p>Las huellas de las manos, muestran claramente las improntas de cuatro dedos, pero no existen huellas dejadas por los pulgares. Las manos est\u00e1n cruzadas, la izquierda cubre la mu\u00f1eca derecha. En la regi\u00f3n de la mu\u00f1eca derecha, hay una huella de sangre compuesta por otras dos distintas que provienen de una surgente central. Son manchas que forman un \u00e1ngulo aproximadamente de 10 grados.<\/p>\n\n\n\n<p>Que esta surgente no est\u00e9 en la palma se demuestra f\u00e1cilmente midiendo simplemente desde el lugar donde se encuentra esa marca a la punta de los dedos. La impronta est\u00e1 demasiado lejos para que la surgente pueda estar en las palmas de la mano.<\/p>\n\n\n\n<p>Desde el punto de visto anat\u00f3mico, es obvio que un objeto punzante como un clavo puede atravesar las palmas de las manos, pero para sostener el peso de un cuerpo no cumplir\u00eda la funci\u00f3n de sost\u00e9n, debido a las caracter\u00edsticas del tejido del que est\u00e1n compuestas las manos, constituidas de huesos, m\u00fasculos y tendones. Es m\u00e1s probable que los clavos hayan sido aplicados en las mu\u00f1ecas, porque servir\u00eda para cumplir tal funci\u00f3n.<\/p>\n\n\n\n<p>Por otra parte se ha demostrado que es f\u00e1cil fijar un clavo entre los huesos de la mu\u00f1eca, separ\u00e1ndolos sin producir fracturas. Experimento realizado por Barbet muchos a\u00f1os atr\u00e1s y repetido por otros estudiosos. En la mu\u00f1eca derecha, por estar cubierta, no es posible ver las manchas de sangre en esta regi\u00f3n.<\/p>\n\n\n\n<p>Tambi\u00e9n se explica que no sean visibles las improntas de los pulgares de las manos, porque si un clavo pasa entre los huesos de las mu\u00f1ecas, atraviesa y estimula el nervio mediano. La funci\u00f3n motriz de \u00e9ste determina la flexi\u00f3n de los pulgares, y al sobrevenir la rigidez cadav\u00e9rica habr\u00eda mantenido tal posici\u00f3n de flexi\u00f3n, sin dejar huellas sobre el sudario. Anat\u00f3micamente la mu\u00f1eca esta considerada parte de la mano, y desde un punto de vista sem\u00e1ntico no es posible distinguir si un clavo esta en la mu\u00f1eca o en la mano, por que son ambos parte de la mano.<\/p>\n\n\n\n<p>Desde el \u00e1ngulo de las manchas en la mu\u00f1eca, como de la direcci\u00f3n del escurrimiento de la sangre sobre ambos antebrazos, es posible determinar la posici\u00f3n aproximada de la v\u00edctima sobre la cruz. El escurrimiento de la sangre sigue la ley de gravedad y si el sujeto hubiere alargado los brazos lateralmente hasta donde las manchas aparecen verticales, la extensi\u00f3n quedar\u00eda en la posici\u00f3n de 65 grados de la l\u00ednea horizontal.<\/p>\n\n\n\n<p>La divergencia del escurrimiento de sangre es muy indicativa de dos posiciones mantenidas por la victima durante su agon\u00eda. La diferencia de angulaci\u00f3n es de cerca diez grados y puede explicarse con el hecho que la victima elevaba el cuerpo disminuyendo el peso sobre los pies y cambiaba la posici\u00f3n permitiendo que el peso entero del cuerpo fuese sostenido por las mu\u00f1ecas.<\/p>\n\n\n\n<p>Sobre el sudario existen dos huellas que representan los rastros dejados por los pies cubiertos de sangre. Una de estas, la huella del pie izquierdo, es una huella casi completa del pie sobre el cual se puede ver el contorno del tal\u00f3n y de los dedos.<\/p>\n\n\n\n<p>En el centro hay una impronta cuadrada circundada de una p\u00e1lida mancha que representa el punto donde el pie fue enclavado. La huella dejada por el pie izquierdo es mucho menos clara y no asemeja de hecho a la huella de un pie.<\/p>\n\n\n\n<p>El examen de las pantorrillas, en la visi\u00f3n dorsal del sudario, muestra que la extremidad inferior derecha ha dejado una huella bien definida y en la cual es posible ver las huellas dejadas por la flagelaci\u00f3n. Las huellas de la pantorrilla izquierda son notablemente menos n\u00edtidas. Esta constataci\u00f3n, junto con el hecho de que el tal\u00f3n izquierdo esta alzado sobre el derecho lleva a la conclusi\u00f3n de que existe un cierto grado de flexi\u00f3n a la rodilla de la pierna izquierda y que la rigidez cadav\u00e9rica la ha dejado en esa posici\u00f3n.<\/p>\n\n\n\n<p>Es evidente que el pie derecho se encontraba directamente en contacto con la superficie de la cruz, la pierna izquierda levemente flexionada en la rodilla, el pie rotado en modo tal que el izquierdo apoyase sobre el derecho, motivo por el cual \u00e9ste qued\u00f3 completamente cubierto de sangre, y el izquierdo no.<\/p>\n\n\n\n<p>Un solo clavo fue usado para fijar la posici\u00f3n de los dos pies, pasando entre los huesos del metatarso. La Historia refiere que frecuentemente los crucificados viv\u00edan un largo periodo, y para acelerar su muerte se les fracturaban las piernas. Tal trauma quitaba a las victimas la posibilidad de sostenerse, produciendo cambios fisiol\u00f3gicos que terminaban con la asfixia y la muerte.<\/p>\n\n\n\n<p>El cuarto grupo de heridas es el de la cabeza, en la parte frontal hay muchas huellas de sangre, una de ellas aparece como la figura de un n\u00famero tres y es la frente arrugada por el dolor.<\/p>\n\n\n\n<p>Alrededor del cr\u00e1neo, en la parte posterior hay una fila de improntas de sangre y otras similares en el v\u00e9rtice. Sabemos perfectamente que cualquier lesi\u00f3n sobre el cuero cabelludo produce una elevada perdida de sangre por la lesi\u00f3n de los vasos lacerados. Contando todas las manchas de sangre de la cabeza, es posible deducir que se haya usado un casco de clavos como corona.<\/p>\n\n\n\n<p>Sobre el rostro, en correspondencia a la cara, de la parte derecha y en la regi\u00f3n de prominencia \u00f3sea hay una tumefacci\u00f3n que ha determinado el cierre parcial del ojo derecho, y e una ligera desviaci\u00f3n de la nariz.<\/p>\n\n\n\n<p>Probablemente la herida m\u00e1s discutida y de mayor relieve impresa sobre el sudario de Torino es aquella del t\u00f3rax. Esta se encuentra situada a la derecha, con el margen m\u00e1s bajo interno, a dos cent\u00edmetros y medio del estern\u00f3n y aquella superior, y m\u00e1s externa a 15 cent\u00edmetros del mismo. La herida recubre el \u00e1rea de la quinta y sexta costilla.<\/p>\n\n\n\n<p>San Juan observ\u00f3 que, como resultado de una herida de lanza, de aquella herida sali\u00f3 \u201csangre y agua\u201d y precisamente fue la emanaci\u00f3n de sangre y agua que origino tal observaci\u00f3n. Los primeros investigadores, incluidos Barbet y Cordiglia, retuvieron que la sangre habr\u00eda brotado de la parte derecha del coraz\u00f3n y el agua del saco peric\u00e1rdico. De este sabemos que contiene una peque\u00f1a cantidad de l\u00edquido, raramente m\u00e1s de 30 o 50 cent\u00edmetros c\u00fabicos. Es dif\u00edcil imaginar que tal cantidad de l\u00edquido haya sido visible y separada de la sangre, saliendo del abdomen debido a una herida de lanza.<\/p>\n\n\n\n<p>Seg\u00fan el profesor Robert Bucklin es com\u00fan la acumulaci\u00f3n de l\u00edquido claro en el espacio pleural. Es muy frecuente y se verifica en varias ocasiones, causado por una simple irritaci\u00f3n de la pleura y probablemente por congesti\u00f3n relacionada a una insuficiencia del sistema cardiovascular. Teniendo en cuenta la posici\u00f3n de la victima suspendida y, en el \u00e1mbito de las probabilidades, de un cierto grado de insuficiencia cardiaca por congesti\u00f3n, uno de los primeros signos de este hecho es la acumulaci\u00f3n de liquido claro en la cavidad pleural, como en el saco peric\u00e1rdico.<\/p>\n\n\n\n<p>Si la lanza aplicada sobre el abdomen penetr\u00f3 en la caja tor\u00e1cica y entr\u00f3 en la zona pleural, habr\u00eda producido una inmediata salida de l\u00edquido claro. Si la lanza hubiese tocado la parte derecha del coraz\u00f3n, habr\u00eda hecho correr sangre. Y la secuencia habr\u00eda sido \u201cagua y sangre\u201d.<\/p>\n\n\n\n<p>Es interesante observar que las primeras traducciones de los evangelios escritos en griego, indican que \u00e9sta fue la secuencia, en lugar de sangre y agua.<\/p>\n\n\n\n<p>La teor\u00eda m\u00e1s aceptada de la causa de la muerte, es aquella de asfixia, relacionada con una insuficiencia del sistema cardiovascular, de shock y de dolor. La posici\u00f3n de la victima, la duraci\u00f3n de la suspensi\u00f3n, la falta de apoyo del peso del cuerpo, todo contribuye para provocar una condici\u00f3n de disminuci\u00f3n de la capacidad respiratoria, con el resultado de la insuficiencia cardiaca y la sucesiva acumulaci\u00f3n de liquido en la cavidad del cuerpo.<\/p>\n\n\n\n<p>Existen otras teor\u00edas conectadas a la causa de la muerte que son del todo insostenibles de un punto de vista m\u00e9dico y patol\u00f3gico. Se ha supuesto que Cristo muri\u00f3 de un infarto. Eso supone que existi\u00f3 una laceraci\u00f3n en el m\u00fasculo cardiaco con emanaci\u00f3n de sangre en la cavidad pleural. Si se excluye el trauma, la \u00fanica causa razonable de laceraci\u00f3n cardiaca es un infarto, causado por una obstrucci\u00f3n de la arteria coronaria y sucesiva muerte del m\u00fasculo cardiaco, provocado por la perforaci\u00f3n de la pared del ventr\u00edculo con hemorragia peric\u00e1rdica.<\/p>\n\n\n\n<p>Para que este concepto pueda tener credibilidad, es necesario suponer que Cristo sufr\u00eda de una enfermedad a la arteria coronaria. Repetidas veces se ha afirmado que cualquier estudio cient\u00edfico debe asumir la responsabilidad de separar el hecho concreto de la imaginaci\u00f3n, y la emoci\u00f3n de la realidad.<\/p>\n\n\n\n<p>En particular, tras las formas fant\u00e1sticas en el afrontar el examen de la muerte de Cristo, va recordada la opera de John Reban, alias Kurt Berna: sus teor\u00edas han sido refutadas y descartadas por Willis.<\/p>\n\n\n\n<p>Resumiendo, este es un resumen de los an\u00e1lisis de las improntas del sudario de Torino, considerado significativo desde un punto de vista cient\u00edfico con indicaciones de las probables causas. Correlacionado con el evento de la pasi\u00f3n y muerte de Cristo, est\u00e1 convencido el autor de \u00e9sta nota que las improntas del cuerpo del Sudario de Torino, corresponden a las del m\u00e1rtir que narra la Historia de Jesucristo.<\/p>\n\n\n\n<p><small>Copyright \u00a9 2025 ElCanillita.info \/ SalaStampa.Eu, world press service<\/small><br><small>Guzzo Photos &amp; Graphic Publications &#8211; Registro Editori e Stampatori n. 1441 Torino, Italia<\/small><\/p>\n\n\n\n<p><\/p>\n","protected":false},"excerpt":{"rendered":"<p>A\u00fan cuando los lideres judios protestaron, Pilato se neg\u00f3 a cambiar la inscripci\u00f3n que mando a escribir sobre la cruz, hecho que reforz\u00f3 la idea de realeza de Jes\u00fas.<\/p>\n","protected":false},"author":1,"featured_media":4463,"comment_status":"closed","ping_status":"closed","sticky":false,"template":"","format":"standard","meta":{"footnotes":"","_links_to":"","_links_to_target":""},"categories":[121,108,19,47,15,25],"tags":[35],"class_list":["post-4461","post","type-post","status-publish","format-standard","has-post-thumbnail","hentry","category-dc24","category-blogdiario","category-cultura","category-etiologia","category-medio-oriente","category-sociedad","tag-mundo","entry","double"],"yoast_head":"<!-- This site is optimized with the Yoast SEO plugin v27.5 - https:\/\/yoast.com\/product\/yoast-seo-wordpress\/ -->\n<title>&quot;Jes\u00fas Nazareno, Rey de los jud\u00edos&quot; - (Juan 19:19-22) - ElCanillita.Info<\/title>\n<meta name=\"robots\" content=\"index, follow, max-snippet:-1, max-image-preview:large, max-video-preview:-1\" \/>\n<link rel=\"canonical\" href=\"https:\/\/elcanillita.info\/press\/2025\/04\/19\/jesus-nazareno-rey-de-los-judios-juan-1919-22\/\" \/>\n<meta property=\"og:locale\" content=\"es_ES\" \/>\n<meta property=\"og:type\" content=\"article\" \/>\n<meta property=\"og:title\" content=\"&quot;Jes\u00fas Nazareno, Rey de los jud\u00edos&quot; - (Juan 19:19-22) - ElCanillita.Info\" \/>\n<meta property=\"og:description\" content=\"A\u00fan cuando los lideres judios protestaron, Pilato se neg\u00f3 a cambiar la inscripci\u00f3n que mando a escribir sobre la cruz, hecho que reforz\u00f3 la idea de realeza de Jes\u00fas.\" \/>\n<meta property=\"og:url\" content=\"https:\/\/elcanillita.info\/press\/2025\/04\/19\/jesus-nazareno-rey-de-los-judios-juan-1919-22\/\" \/>\n<meta property=\"og:site_name\" content=\"ElCanillita.Info\" \/>\n<meta property=\"article:publisher\" content=\"https:\/\/ar-ar.facebook.com\/ElCanillitainfo-114249515285712\/\" \/>\n<meta property=\"article:published_time\" content=\"2025-04-19T13:50:00+00:00\" \/>\n<meta property=\"article:modified_time\" content=\"2025-04-19T14:32:35+00:00\" \/>\n<meta property=\"og:image\" content=\"https:\/\/elcanillita.info\/press\/images\/2025\/04\/sindI_20250419.jpg\" \/>\n\t<meta property=\"og:image:width\" content=\"600\" \/>\n\t<meta property=\"og:image:height\" content=\"395\" \/>\n\t<meta property=\"og:image:type\" content=\"image\/jpeg\" \/>\n<meta name=\"author\" content=\"SalaStampa.eu, world press service\" \/>\n<meta name=\"twitter:card\" content=\"summary_large_image\" \/>\n<meta name=\"twitter:label1\" content=\"Escrito por\" \/>\n\t<meta name=\"twitter:data1\" content=\"SalaStampa.eu, world press service\" \/>\n\t<meta name=\"twitter:label2\" content=\"Tiempo de lectura\" \/>\n\t<meta name=\"twitter:data2\" content=\"11 minutos\" \/>\n<script type=\"application\/ld+json\" class=\"yoast-schema-graph\">{\"@context\":\"https:\\\/\\\/schema.org\",\"@graph\":[{\"@type\":\"Article\",\"@id\":\"https:\\\/\\\/elcanillita.info\\\/press\\\/2025\\\/04\\\/19\\\/jesus-nazareno-rey-de-los-judios-juan-1919-22\\\/#article\",\"isPartOf\":{\"@id\":\"https:\\\/\\\/elcanillita.info\\\/press\\\/2025\\\/04\\\/19\\\/jesus-nazareno-rey-de-los-judios-juan-1919-22\\\/\"},\"author\":{\"name\":\"SalaStampa.eu, world press service\",\"@id\":\"https:\\\/\\\/elcanillita.info\\\/press\\\/#\\\/schema\\\/person\\\/7fcb79f38045700919f7da6d97e71ba0\"},\"headline\":\"&#8220;Jes\u00fas Nazareno, Rey de los jud\u00edos&#8221; &#8211; (Juan 19:19-22)\",\"datePublished\":\"2025-04-19T13:50:00+00:00\",\"dateModified\":\"2025-04-19T14:32:35+00:00\",\"mainEntityOfPage\":{\"@id\":\"https:\\\/\\\/elcanillita.info\\\/press\\\/2025\\\/04\\\/19\\\/jesus-nazareno-rey-de-los-judios-juan-1919-22\\\/\"},\"wordCount\":2319,\"publisher\":{\"@id\":\"https:\\\/\\\/elcanillita.info\\\/press\\\/#organization\"},\"image\":{\"@id\":\"https:\\\/\\\/elcanillita.info\\\/press\\\/2025\\\/04\\\/19\\\/jesus-nazareno-rey-de-los-judios-juan-1919-22\\\/#primaryimage\"},\"thumbnailUrl\":\"https:\\\/\\\/elcanillita.info\\\/press\\\/images\\\/2025\\\/04\\\/sindI_20250419.jpg\",\"keywords\":[\"MUNDO\"],\"articleSection\":[\".\",\".\",\"Cultura\",\"Etiologia\",\"Medio Oriente\",\"Sociedad\"],\"inLanguage\":\"es-AR\"},{\"@type\":\"WebPage\",\"@id\":\"https:\\\/\\\/elcanillita.info\\\/press\\\/2025\\\/04\\\/19\\\/jesus-nazareno-rey-de-los-judios-juan-1919-22\\\/\",\"url\":\"https:\\\/\\\/elcanillita.info\\\/press\\\/2025\\\/04\\\/19\\\/jesus-nazareno-rey-de-los-judios-juan-1919-22\\\/\",\"name\":\"\\\"Jes\u00fas Nazareno, Rey de los jud\u00edos\\\" - (Juan 19:19-22) - ElCanillita.Info\",\"isPartOf\":{\"@id\":\"https:\\\/\\\/elcanillita.info\\\/press\\\/#website\"},\"primaryImageOfPage\":{\"@id\":\"https:\\\/\\\/elcanillita.info\\\/press\\\/2025\\\/04\\\/19\\\/jesus-nazareno-rey-de-los-judios-juan-1919-22\\\/#primaryimage\"},\"image\":{\"@id\":\"https:\\\/\\\/elcanillita.info\\\/press\\\/2025\\\/04\\\/19\\\/jesus-nazareno-rey-de-los-judios-juan-1919-22\\\/#primaryimage\"},\"thumbnailUrl\":\"https:\\\/\\\/elcanillita.info\\\/press\\\/images\\\/2025\\\/04\\\/sindI_20250419.jpg\",\"datePublished\":\"2025-04-19T13:50:00+00:00\",\"dateModified\":\"2025-04-19T14:32:35+00:00\",\"inLanguage\":\"es-AR\",\"potentialAction\":[{\"@type\":\"ReadAction\",\"target\":[\"https:\\\/\\\/elcanillita.info\\\/press\\\/2025\\\/04\\\/19\\\/jesus-nazareno-rey-de-los-judios-juan-1919-22\\\/\"]}]},{\"@type\":\"ImageObject\",\"inLanguage\":\"es-AR\",\"@id\":\"https:\\\/\\\/elcanillita.info\\\/press\\\/2025\\\/04\\\/19\\\/jesus-nazareno-rey-de-los-judios-juan-1919-22\\\/#primaryimage\",\"url\":\"https:\\\/\\\/elcanillita.info\\\/press\\\/images\\\/2025\\\/04\\\/sindI_20250419.jpg\",\"contentUrl\":\"https:\\\/\\\/elcanillita.info\\\/press\\\/images\\\/2025\\\/04\\\/sindI_20250419.jpg\",\"width\":600,\"height\":395,\"caption\":\"CREATOR: gd-jpeg v1.0 (using IJG JPEG v62), quality = 60\"},{\"@type\":\"WebSite\",\"@id\":\"https:\\\/\\\/elcanillita.info\\\/press\\\/#website\",\"url\":\"https:\\\/\\\/elcanillita.info\\\/press\\\/\",\"name\":\"ElCanillita.Info\",\"description\":\"desde los Apeninos a los Andes\",\"publisher\":{\"@id\":\"https:\\\/\\\/elcanillita.info\\\/press\\\/#organization\"},\"potentialAction\":[{\"@type\":\"SearchAction\",\"target\":{\"@type\":\"EntryPoint\",\"urlTemplate\":\"https:\\\/\\\/elcanillita.info\\\/press\\\/?s={search_term_string}\"},\"query-input\":{\"@type\":\"PropertyValueSpecification\",\"valueRequired\":true,\"valueName\":\"search_term_string\"}}],\"inLanguage\":\"es-AR\"},{\"@type\":\"Organization\",\"@id\":\"https:\\\/\\\/elcanillita.info\\\/press\\\/#organization\",\"name\":\"Guzzo Photos & Graphic Publications\",\"url\":\"https:\\\/\\\/elcanillita.info\\\/press\\\/\",\"logo\":{\"@type\":\"ImageObject\",\"inLanguage\":\"es-AR\",\"@id\":\"https:\\\/\\\/elcanillita.info\\\/press\\\/#\\\/schema\\\/logo\\\/image\\\/\",\"url\":\"https:\\\/\\\/elcanillita.info\\\/press\\\/images\\\/2020\\\/01\\\/cropped-cropped-cropped-elcanillitainfo.png\",\"contentUrl\":\"https:\\\/\\\/elcanillita.info\\\/press\\\/images\\\/2020\\\/01\\\/cropped-cropped-cropped-elcanillitainfo.png\",\"width\":460,\"height\":50,\"caption\":\"Guzzo Photos & Graphic Publications\"},\"image\":{\"@id\":\"https:\\\/\\\/elcanillita.info\\\/press\\\/#\\\/schema\\\/logo\\\/image\\\/\"},\"sameAs\":[\"https:\\\/\\\/ar-ar.facebook.com\\\/ElCanillitainfo-114249515285712\\\/\"]},{\"@type\":\"Person\",\"@id\":\"https:\\\/\\\/elcanillita.info\\\/press\\\/#\\\/schema\\\/person\\\/7fcb79f38045700919f7da6d97e71ba0\",\"name\":\"SalaStampa.eu, world press service\",\"image\":{\"@type\":\"ImageObject\",\"inLanguage\":\"es-AR\",\"@id\":\"https:\\\/\\\/secure.gravatar.com\\\/avatar\\\/c2f0e0d515a107624234994507816ca4724c7199cef73fc8bedebf6931d73888?s=96&d=mm&r=g\",\"url\":\"https:\\\/\\\/secure.gravatar.com\\\/avatar\\\/c2f0e0d515a107624234994507816ca4724c7199cef73fc8bedebf6931d73888?s=96&d=mm&r=g\",\"contentUrl\":\"https:\\\/\\\/secure.gravatar.com\\\/avatar\\\/c2f0e0d515a107624234994507816ca4724c7199cef73fc8bedebf6931d73888?s=96&d=mm&r=g\",\"caption\":\"SalaStampa.eu, world press service\"}}]}<\/script>\n<!-- \/ Yoast SEO plugin. -->","yoast_head_json":{"title":"\"Jes\u00fas Nazareno, Rey de los jud\u00edos\" - (Juan 19:19-22) - ElCanillita.Info","robots":{"index":"index","follow":"follow","max-snippet":"max-snippet:-1","max-image-preview":"max-image-preview:large","max-video-preview":"max-video-preview:-1"},"canonical":"https:\/\/elcanillita.info\/press\/2025\/04\/19\/jesus-nazareno-rey-de-los-judios-juan-1919-22\/","og_locale":"es_ES","og_type":"article","og_title":"\"Jes\u00fas Nazareno, Rey de los jud\u00edos\" - (Juan 19:19-22) - ElCanillita.Info","og_description":"A\u00fan cuando los lideres judios protestaron, Pilato se neg\u00f3 a cambiar la inscripci\u00f3n que mando a escribir sobre la cruz, hecho que reforz\u00f3 la idea de realeza de Jes\u00fas.","og_url":"https:\/\/elcanillita.info\/press\/2025\/04\/19\/jesus-nazareno-rey-de-los-judios-juan-1919-22\/","og_site_name":"ElCanillita.Info","article_publisher":"https:\/\/ar-ar.facebook.com\/ElCanillitainfo-114249515285712\/","article_published_time":"2025-04-19T13:50:00+00:00","article_modified_time":"2025-04-19T14:32:35+00:00","og_image":[{"width":600,"height":395,"url":"https:\/\/elcanillita.info\/press\/images\/2025\/04\/sindI_20250419.jpg","type":"image\/jpeg"}],"author":"SalaStampa.eu, world press service","twitter_card":"summary_large_image","twitter_misc":{"Escrito por":"SalaStampa.eu, world press service","Tiempo de lectura":"11 minutos"},"schema":{"@context":"https:\/\/schema.org","@graph":[{"@type":"Article","@id":"https:\/\/elcanillita.info\/press\/2025\/04\/19\/jesus-nazareno-rey-de-los-judios-juan-1919-22\/#article","isPartOf":{"@id":"https:\/\/elcanillita.info\/press\/2025\/04\/19\/jesus-nazareno-rey-de-los-judios-juan-1919-22\/"},"author":{"name":"SalaStampa.eu, world press service","@id":"https:\/\/elcanillita.info\/press\/#\/schema\/person\/7fcb79f38045700919f7da6d97e71ba0"},"headline":"&#8220;Jes\u00fas Nazareno, Rey de los jud\u00edos&#8221; &#8211; (Juan 19:19-22)","datePublished":"2025-04-19T13:50:00+00:00","dateModified":"2025-04-19T14:32:35+00:00","mainEntityOfPage":{"@id":"https:\/\/elcanillita.info\/press\/2025\/04\/19\/jesus-nazareno-rey-de-los-judios-juan-1919-22\/"},"wordCount":2319,"publisher":{"@id":"https:\/\/elcanillita.info\/press\/#organization"},"image":{"@id":"https:\/\/elcanillita.info\/press\/2025\/04\/19\/jesus-nazareno-rey-de-los-judios-juan-1919-22\/#primaryimage"},"thumbnailUrl":"https:\/\/elcanillita.info\/press\/images\/2025\/04\/sindI_20250419.jpg","keywords":["MUNDO"],"articleSection":[".",".","Cultura","Etiologia","Medio Oriente","Sociedad"],"inLanguage":"es-AR"},{"@type":"WebPage","@id":"https:\/\/elcanillita.info\/press\/2025\/04\/19\/jesus-nazareno-rey-de-los-judios-juan-1919-22\/","url":"https:\/\/elcanillita.info\/press\/2025\/04\/19\/jesus-nazareno-rey-de-los-judios-juan-1919-22\/","name":"\"Jes\u00fas Nazareno, Rey de los jud\u00edos\" - (Juan 19:19-22) - ElCanillita.Info","isPartOf":{"@id":"https:\/\/elcanillita.info\/press\/#website"},"primaryImageOfPage":{"@id":"https:\/\/elcanillita.info\/press\/2025\/04\/19\/jesus-nazareno-rey-de-los-judios-juan-1919-22\/#primaryimage"},"image":{"@id":"https:\/\/elcanillita.info\/press\/2025\/04\/19\/jesus-nazareno-rey-de-los-judios-juan-1919-22\/#primaryimage"},"thumbnailUrl":"https:\/\/elcanillita.info\/press\/images\/2025\/04\/sindI_20250419.jpg","datePublished":"2025-04-19T13:50:00+00:00","dateModified":"2025-04-19T14:32:35+00:00","inLanguage":"es-AR","potentialAction":[{"@type":"ReadAction","target":["https:\/\/elcanillita.info\/press\/2025\/04\/19\/jesus-nazareno-rey-de-los-judios-juan-1919-22\/"]}]},{"@type":"ImageObject","inLanguage":"es-AR","@id":"https:\/\/elcanillita.info\/press\/2025\/04\/19\/jesus-nazareno-rey-de-los-judios-juan-1919-22\/#primaryimage","url":"https:\/\/elcanillita.info\/press\/images\/2025\/04\/sindI_20250419.jpg","contentUrl":"https:\/\/elcanillita.info\/press\/images\/2025\/04\/sindI_20250419.jpg","width":600,"height":395,"caption":"CREATOR: gd-jpeg v1.0 (using IJG JPEG v62), quality = 60"},{"@type":"WebSite","@id":"https:\/\/elcanillita.info\/press\/#website","url":"https:\/\/elcanillita.info\/press\/","name":"ElCanillita.Info","description":"desde los Apeninos a los Andes","publisher":{"@id":"https:\/\/elcanillita.info\/press\/#organization"},"potentialAction":[{"@type":"SearchAction","target":{"@type":"EntryPoint","urlTemplate":"https:\/\/elcanillita.info\/press\/?s={search_term_string}"},"query-input":{"@type":"PropertyValueSpecification","valueRequired":true,"valueName":"search_term_string"}}],"inLanguage":"es-AR"},{"@type":"Organization","@id":"https:\/\/elcanillita.info\/press\/#organization","name":"Guzzo Photos & Graphic Publications","url":"https:\/\/elcanillita.info\/press\/","logo":{"@type":"ImageObject","inLanguage":"es-AR","@id":"https:\/\/elcanillita.info\/press\/#\/schema\/logo\/image\/","url":"https:\/\/elcanillita.info\/press\/images\/2020\/01\/cropped-cropped-cropped-elcanillitainfo.png","contentUrl":"https:\/\/elcanillita.info\/press\/images\/2020\/01\/cropped-cropped-cropped-elcanillitainfo.png","width":460,"height":50,"caption":"Guzzo Photos & Graphic Publications"},"image":{"@id":"https:\/\/elcanillita.info\/press\/#\/schema\/logo\/image\/"},"sameAs":["https:\/\/ar-ar.facebook.com\/ElCanillitainfo-114249515285712\/"]},{"@type":"Person","@id":"https:\/\/elcanillita.info\/press\/#\/schema\/person\/7fcb79f38045700919f7da6d97e71ba0","name":"SalaStampa.eu, world press service","image":{"@type":"ImageObject","inLanguage":"es-AR","@id":"https:\/\/secure.gravatar.com\/avatar\/c2f0e0d515a107624234994507816ca4724c7199cef73fc8bedebf6931d73888?s=96&d=mm&r=g","url":"https:\/\/secure.gravatar.com\/avatar\/c2f0e0d515a107624234994507816ca4724c7199cef73fc8bedebf6931d73888?s=96&d=mm&r=g","contentUrl":"https:\/\/secure.gravatar.com\/avatar\/c2f0e0d515a107624234994507816ca4724c7199cef73fc8bedebf6931d73888?s=96&d=mm&r=g","caption":"SalaStampa.eu, world press service"}}]}},"views":251,"_links":{"self":[{"href":"https:\/\/elcanillita.info\/press\/wp-json\/wp\/v2\/posts\/4461","targetHints":{"allow":["GET"]}}],"collection":[{"href":"https:\/\/elcanillita.info\/press\/wp-json\/wp\/v2\/posts"}],"about":[{"href":"https:\/\/elcanillita.info\/press\/wp-json\/wp\/v2\/types\/post"}],"author":[{"embeddable":true,"href":"https:\/\/elcanillita.info\/press\/wp-json\/wp\/v2\/users\/1"}],"replies":[{"embeddable":true,"href":"https:\/\/elcanillita.info\/press\/wp-json\/wp\/v2\/comments?post=4461"}],"version-history":[{"count":0,"href":"https:\/\/elcanillita.info\/press\/wp-json\/wp\/v2\/posts\/4461\/revisions"}],"wp:featuredmedia":[{"embeddable":true,"href":"https:\/\/elcanillita.info\/press\/wp-json\/wp\/v2\/media\/4463"}],"wp:attachment":[{"href":"https:\/\/elcanillita.info\/press\/wp-json\/wp\/v2\/media?parent=4461"}],"wp:term":[{"taxonomy":"category","embeddable":true,"href":"https:\/\/elcanillita.info\/press\/wp-json\/wp\/v2\/categories?post=4461"},{"taxonomy":"post_tag","embeddable":true,"href":"https:\/\/elcanillita.info\/press\/wp-json\/wp\/v2\/tags?post=4461"}],"curies":[{"name":"wp","href":"https:\/\/api.w.org\/{rel}","templated":true}]}}