{"id":4456,"date":"2025-04-07T11:17:19","date_gmt":"2025-04-07T14:17:19","guid":{"rendered":"https:\/\/elcanillita.info\/press\/?p=4456"},"modified":"2025-04-08T06:01:42","modified_gmt":"2025-04-08T09:01:42","slug":"yira-yira","status":"publish","type":"post","link":"https:\/\/elcanillita.info\/press\/2025\/04\/07\/yira-yira\/","title":{"rendered":"Yira .. yira !"},"content":{"rendered":"<div class=\"wp-block-image\">\n<figure class=\"alignleft size-full is-resized\"><img loading=\"lazy\" decoding=\"async\" width=\"441\" height=\"600\" src=\"https:\/\/elcanillita.info\/press\/images\/2025\/04\/ESD_1_20250407.jpg\" alt=\"\" class=\"wp-image-4457\" style=\"width:347px;height:auto\" srcset=\"https:\/\/elcanillita.info\/press\/images\/2025\/04\/ESD_1_20250407.jpg 441w, https:\/\/elcanillita.info\/press\/images\/2025\/04\/ESD_1_20250407-221x300.jpg 221w\" sizes=\"auto, (max-width: 441px) 100vw, 441px\" \/><figcaption class=\"wp-element-caption\"><strong>Enrique Santos Disc\u00e9polo, tambi\u00e9n recordado como &#8220;Discepol\u00edn&#8221; es el autor de &#8220;tangos fundamentales&#8221; como es &#8220;Yira..yira&#8221; (onomatopeya del lat\u00edn tard\u00edo &#8211; italiano-&#8220;gyrare&#8221;) &#8220;gira..gira&#8221;<\/strong><\/figcaption><\/figure>\n<\/div>\n\n\n<p><strong>&#8220;Cuando la suerte qu\u2019es grela, fayando y fayando..te largue parao&#8221;<\/strong>\u2026habria escuchado decir, Javier Milei, del compositor Enrique Santos Disc\u00e9polo, durante su asunci\u00f3n presidencial, en el Teatro Col\u00f3n, oportunidad para la que eligi\u00f3 el tango &#8220;Balada para un loco\u201d, indicando tal preferencia, dado que frecuentemente lo llamaban \u201cloco\u201d\u2026tal vez pensando ser &#8220;Genial&#8221;.<br><br>Que cosa sucede cuando &#8220;No hay Plata&#8221;, lo viene diciendo Santos Disc\u00e9polo a los argentinos desde hace casi un siglo: &#8230;<br><br>&#8220;Cuando raj\u00e9s los tamangos, buscando ese mango, que te haga morfar\u2026la indiferencia del mundo, que es sordo y es mudo reci\u00e9n sentir\u00e1s&#8221;.<br><br>Ante grandes dificultades econ\u00f3micas, la pregunta es:..\u00bfpara que continuar a malgastar y endeudar a\u00fan m\u00e1s al pa\u00eds, en lugar de trabajar y hacer realmente algo para reconstruirlo?<\/p>\n\n\n\n<p>La \u00faltima reuni\u00f3n entre el presidente argentino, Javier Milei, y el presidente del Banco Mundial, Ajay Banga, tuvo lugar durante la Cumbre del G20 en R\u00edo de Janeiro, Brasil, en noviembre de 2024. En este encuentro, Milei detall\u00f3 los avances econ\u00f3micos de Argentina, y se discuti\u00f3 la aceleraci\u00f3n de pr\u00e9stamos por un total de 2.000 millones de d\u00f3lares acordados previamente en octubre. <br><br>Dichos pr\u00e9stamos deb\u00edan ser divididos en cuatro proyectos, destac\u00e1ndose dos relacionados con subsidios al transporte y la racionalizaci\u00f3n de tarifas el\u00e9ctricas, cada uno por 500 millones de d\u00f3lares. Se esperaba que el Directorio del Banco Mundial tratara estos proyectos en esa semana, lo que permitir\u00eda a Argentina acceder a 1.000 millones de d\u00f3lares en el corto plazo.<\/p>\n\n\n\n<p>Adem\u00e1s, se planific\u00f3 presentar al Directorio proyectos vinculados al Compromiso Federal por la Alfabetizaci\u00f3n y un programa de nutrici\u00f3n para apoyar a madres durante los primeros mil d\u00edas de vida de sus hijos.<\/p>\n\n\n\n<p>En una reuni\u00f3n anterior, en junio de 2024 durante la Cumbre del G7 en Italia, Ajay Banga elogi\u00f3 los logros de la administraci\u00f3n de Milei, resaltando la reducci\u00f3n de la inflaci\u00f3n y el avance en la disminuci\u00f3n del d\u00e9ficit fiscal.<\/p>\n\n\n\n<p>Sin embargo, tras la reuni\u00f3n entre el presidente argentino Javier Milei y el presidente del Banco Mundial, Ajay Banga, durante la Cumbre del G20 en noviembre de 2024, si bien se acord\u00f3 acelerar pr\u00e9stamos por un total de 2.000 millones de d\u00f3lares para Argentina, hasta abril de 2025, tales desembolsos a\u00fan no se han concretado.<\/p>\n\n\n\n<p>Una de las principales razones de ese retraso radica en la demora en la ejecuci\u00f3n de los programas comprometidos por parte del Gobierno argentino. Fuentes oficiales reconocen que, aunque los fondos est\u00e1n disponibles, las demoras internas debido a cuestiones burocr\u00e1ticas han impedido recibir el dinero de manera oportuna. Estas demoras en la ejecuci\u00f3n de proyectos han sido un problema recurrente, afectando la llegada de financiamiento internacional en el pasado.<\/p>\n\n\n\n<p>Adem\u00e1s, la situaci\u00f3n econ\u00f3mica de Argentina, marcada por restricciones al financiamiento del sector p\u00fablico y desaf\u00edos en la reestructuraci\u00f3n de su deuda, ha generado incertidumbre en los organismos multilaterales. Por ejemplo, en ocasiones anteriores, el Banco Interamericano de Desarrollo (BID) suspendi\u00f3 desembolsos debido a atrasos en los pagos por parte de Argentina.<\/p>\n\n\n\n<p>Cabe destacar que, aunque existen retrasos, el Banco Mundial ha desmentido en el pasado la suspensi\u00f3n de desembolsos para Argentina, indicando que las operaciones vigentes contin\u00faan bajo par\u00e1metros normales.<\/p>\n\n\n\n<p>En resumen, los principales motivos que han impedido la concreci\u00f3n de los pr\u00e9stamos acordados con el Banco Mundial son las demoras internas en la ejecuci\u00f3n de proyectos por parte del Gobierno argentino y la compleja situaci\u00f3n econ\u00f3mica del pa\u00eds, que afecta su relaci\u00f3n con los organismos multilaterales.<br><a href=\"https:\/\/creativecommons.org\/licenses\/by-nc-nd\/4.0\"><br><small>Copyright \u00a9 2025 ElCanillita.info<\/small><\/a><small> \/   <a href=\"https:\/\/salastampa.eu\">SalaStampa.Eu, world press service<\/a> <\/small><br><small>Guzzo Photos &amp; Graphic Publications &#8211; Registro Editori e Stampatori n. 1441 Torino, Italia<\/small><br><br><br><br><br><\/p>\n\n\n<\/p>\n<p><!-- \/wp:post-content --><\/p>\n<p><!-- wp:paragraph --><\/p>\n<p><!-- \/wp:paragraph --><\/p>","protected":false},"excerpt":{"rendered":"<p>Enrique Santos Disc\u00e9polo, tambi\u00e9n recordado como &#8220;Discepol\u00edn&#8221; es el autor de &#8220;tangos fundamentales&#8221; como es &#8220;Yira..yira&#8221; (onomatopeya del lat\u00edn tard\u00edo &#8211; italiano-&#8220;gyrare&#8221;) &#8220;gira..gira&#8221;<\/p>\n","protected":false},"author":1,"featured_media":4458,"comment_status":"closed","ping_status":"closed","sticky":false,"template":"","format":"standard","meta":{"footnotes":"","_links_to":"","_links_to_target":""},"categories":[108,121,70,123,126,20,23,25],"tags":[29,35],"class_list":["post-4456","post","type-post","status-publish","format-standard","has-post-thumbnail","hentry","category-blogdiario","category-dc24","category-actualidad","category-argentina","category-dolores-de-la-press","category-economia","category-politica","category-sociedad","tag-argentina","tag-mundo","entry","double"],"yoast_head":"<!-- This site is optimized with the Yoast SEO plugin v27.5 - https:\/\/yoast.com\/product\/yoast-seo-wordpress\/ -->\n<title>Yira .. yira ! - ElCanillita.Info<\/title>\n<meta name=\"robots\" content=\"index, follow, max-snippet:-1, max-image-preview:large, max-video-preview:-1\" \/>\n<link rel=\"canonical\" href=\"https:\/\/elcanillita.info\/press\/2025\/04\/07\/yira-yira\/\" \/>\n<meta property=\"og:locale\" content=\"es_ES\" \/>\n<meta property=\"og:type\" content=\"article\" \/>\n<meta property=\"og:title\" content=\"Yira .. yira ! - ElCanillita.Info\" \/>\n<meta property=\"og:description\" content=\"Enrique Santos Disc\u00e9polo, tambi\u00e9n recordado como &quot;Discepol\u00edn&quot; es el autor de &quot;tangos fundamentales&quot; como es &quot;Yira..yira&quot; (onomatopeya del lat\u00edn tard\u00edo - italiano-&quot;gyrare&quot;) &quot;gira..gira&quot;\" \/>\n<meta property=\"og:url\" content=\"https:\/\/elcanillita.info\/press\/2025\/04\/07\/yira-yira\/\" \/>\n<meta property=\"og:site_name\" content=\"ElCanillita.Info\" \/>\n<meta property=\"article:publisher\" content=\"https:\/\/ar-ar.facebook.com\/ElCanillitainfo-114249515285712\/\" \/>\n<meta property=\"article:published_time\" content=\"2025-04-07T14:17:19+00:00\" \/>\n<meta property=\"article:modified_time\" content=\"2025-04-08T09:01:42+00:00\" \/>\n<meta property=\"og:image\" content=\"https:\/\/elcanillita.info\/press\/images\/2025\/04\/mil_fest_20250407.jpg\" \/>\n\t<meta property=\"og:image:width\" content=\"1600\" \/>\n\t<meta property=\"og:image:height\" content=\"1414\" \/>\n\t<meta property=\"og:image:type\" content=\"image\/jpeg\" \/>\n<meta name=\"author\" content=\"SalaStampa.eu, world press service\" \/>\n<meta name=\"twitter:card\" content=\"summary_large_image\" \/>\n<meta name=\"twitter:label1\" content=\"Escrito por\" \/>\n\t<meta name=\"twitter:data1\" content=\"SalaStampa.eu, world press service\" \/>\n\t<meta name=\"twitter:label2\" content=\"Tiempo de lectura\" \/>\n\t<meta name=\"twitter:data2\" content=\"4 minutos\" \/>\n<script type=\"application\/ld+json\" class=\"yoast-schema-graph\">{\"@context\":\"https:\\\/\\\/schema.org\",\"@graph\":[{\"@type\":\"Article\",\"@id\":\"https:\\\/\\\/elcanillita.info\\\/press\\\/2025\\\/04\\\/07\\\/yira-yira\\\/#article\",\"isPartOf\":{\"@id\":\"https:\\\/\\\/elcanillita.info\\\/press\\\/2025\\\/04\\\/07\\\/yira-yira\\\/\"},\"author\":{\"name\":\"SalaStampa.eu, world press service\",\"@id\":\"https:\\\/\\\/elcanillita.info\\\/press\\\/#\\\/schema\\\/person\\\/7fcb79f38045700919f7da6d97e71ba0\"},\"headline\":\"Yira .. yira !\",\"datePublished\":\"2025-04-07T14:17:19+00:00\",\"dateModified\":\"2025-04-08T09:01:42+00:00\",\"mainEntityOfPage\":{\"@id\":\"https:\\\/\\\/elcanillita.info\\\/press\\\/2025\\\/04\\\/07\\\/yira-yira\\\/\"},\"wordCount\":675,\"publisher\":{\"@id\":\"https:\\\/\\\/elcanillita.info\\\/press\\\/#organization\"},\"image\":{\"@id\":\"https:\\\/\\\/elcanillita.info\\\/press\\\/2025\\\/04\\\/07\\\/yira-yira\\\/#primaryimage\"},\"thumbnailUrl\":\"https:\\\/\\\/elcanillita.info\\\/press\\\/images\\\/2025\\\/04\\\/mil_fest_20250407.jpg\",\"keywords\":[\"Argentina\",\"MUNDO\"],\"articleSection\":[\".\",\".\",\"Actualidad\",\"Argentina\",\"Dolores de La Press\",\"Economia\",\"Politica\",\"Sociedad\"],\"inLanguage\":\"es-AR\"},{\"@type\":\"WebPage\",\"@id\":\"https:\\\/\\\/elcanillita.info\\\/press\\\/2025\\\/04\\\/07\\\/yira-yira\\\/\",\"url\":\"https:\\\/\\\/elcanillita.info\\\/press\\\/2025\\\/04\\\/07\\\/yira-yira\\\/\",\"name\":\"Yira .. yira ! - ElCanillita.Info\",\"isPartOf\":{\"@id\":\"https:\\\/\\\/elcanillita.info\\\/press\\\/#website\"},\"primaryImageOfPage\":{\"@id\":\"https:\\\/\\\/elcanillita.info\\\/press\\\/2025\\\/04\\\/07\\\/yira-yira\\\/#primaryimage\"},\"image\":{\"@id\":\"https:\\\/\\\/elcanillita.info\\\/press\\\/2025\\\/04\\\/07\\\/yira-yira\\\/#primaryimage\"},\"thumbnailUrl\":\"https:\\\/\\\/elcanillita.info\\\/press\\\/images\\\/2025\\\/04\\\/mil_fest_20250407.jpg\",\"datePublished\":\"2025-04-07T14:17:19+00:00\",\"dateModified\":\"2025-04-08T09:01:42+00:00\",\"inLanguage\":\"es-AR\",\"potentialAction\":[{\"@type\":\"ReadAction\",\"target\":[\"https:\\\/\\\/elcanillita.info\\\/press\\\/2025\\\/04\\\/07\\\/yira-yira\\\/\"]}]},{\"@type\":\"ImageObject\",\"inLanguage\":\"es-AR\",\"@id\":\"https:\\\/\\\/elcanillita.info\\\/press\\\/2025\\\/04\\\/07\\\/yira-yira\\\/#primaryimage\",\"url\":\"https:\\\/\\\/elcanillita.info\\\/press\\\/images\\\/2025\\\/04\\\/mil_fest_20250407.jpg\",\"contentUrl\":\"https:\\\/\\\/elcanillita.info\\\/press\\\/images\\\/2025\\\/04\\\/mil_fest_20250407.jpg\",\"width\":1600,\"height\":1414},{\"@type\":\"WebSite\",\"@id\":\"https:\\\/\\\/elcanillita.info\\\/press\\\/#website\",\"url\":\"https:\\\/\\\/elcanillita.info\\\/press\\\/\",\"name\":\"ElCanillita.Info\",\"description\":\"desde los Apeninos a los Andes\",\"publisher\":{\"@id\":\"https:\\\/\\\/elcanillita.info\\\/press\\\/#organization\"},\"potentialAction\":[{\"@type\":\"SearchAction\",\"target\":{\"@type\":\"EntryPoint\",\"urlTemplate\":\"https:\\\/\\\/elcanillita.info\\\/press\\\/?s={search_term_string}\"},\"query-input\":{\"@type\":\"PropertyValueSpecification\",\"valueRequired\":true,\"valueName\":\"search_term_string\"}}],\"inLanguage\":\"es-AR\"},{\"@type\":\"Organization\",\"@id\":\"https:\\\/\\\/elcanillita.info\\\/press\\\/#organization\",\"name\":\"Guzzo Photos & Graphic Publications\",\"url\":\"https:\\\/\\\/elcanillita.info\\\/press\\\/\",\"logo\":{\"@type\":\"ImageObject\",\"inLanguage\":\"es-AR\",\"@id\":\"https:\\\/\\\/elcanillita.info\\\/press\\\/#\\\/schema\\\/logo\\\/image\\\/\",\"url\":\"https:\\\/\\\/elcanillita.info\\\/press\\\/images\\\/2020\\\/01\\\/cropped-cropped-cropped-elcanillitainfo.png\",\"contentUrl\":\"https:\\\/\\\/elcanillita.info\\\/press\\\/images\\\/2020\\\/01\\\/cropped-cropped-cropped-elcanillitainfo.png\",\"width\":460,\"height\":50,\"caption\":\"Guzzo Photos & Graphic Publications\"},\"image\":{\"@id\":\"https:\\\/\\\/elcanillita.info\\\/press\\\/#\\\/schema\\\/logo\\\/image\\\/\"},\"sameAs\":[\"https:\\\/\\\/ar-ar.facebook.com\\\/ElCanillitainfo-114249515285712\\\/\"]},{\"@type\":\"Person\",\"@id\":\"https:\\\/\\\/elcanillita.info\\\/press\\\/#\\\/schema\\\/person\\\/7fcb79f38045700919f7da6d97e71ba0\",\"name\":\"SalaStampa.eu, world press service\",\"image\":{\"@type\":\"ImageObject\",\"inLanguage\":\"es-AR\",\"@id\":\"https:\\\/\\\/secure.gravatar.com\\\/avatar\\\/c2f0e0d515a107624234994507816ca4724c7199cef73fc8bedebf6931d73888?s=96&d=mm&r=g\",\"url\":\"https:\\\/\\\/secure.gravatar.com\\\/avatar\\\/c2f0e0d515a107624234994507816ca4724c7199cef73fc8bedebf6931d73888?s=96&d=mm&r=g\",\"contentUrl\":\"https:\\\/\\\/secure.gravatar.com\\\/avatar\\\/c2f0e0d515a107624234994507816ca4724c7199cef73fc8bedebf6931d73888?s=96&d=mm&r=g\",\"caption\":\"SalaStampa.eu, world press service\"}}]}<\/script>\n<!-- \/ Yoast SEO plugin. -->","yoast_head_json":{"title":"Yira .. yira ! - ElCanillita.Info","robots":{"index":"index","follow":"follow","max-snippet":"max-snippet:-1","max-image-preview":"max-image-preview:large","max-video-preview":"max-video-preview:-1"},"canonical":"https:\/\/elcanillita.info\/press\/2025\/04\/07\/yira-yira\/","og_locale":"es_ES","og_type":"article","og_title":"Yira .. yira ! - ElCanillita.Info","og_description":"Enrique Santos Disc\u00e9polo, tambi\u00e9n recordado como \"Discepol\u00edn\" es el autor de \"tangos fundamentales\" como es \"Yira..yira\" (onomatopeya del lat\u00edn tard\u00edo - italiano-\"gyrare\") \"gira..gira\"","og_url":"https:\/\/elcanillita.info\/press\/2025\/04\/07\/yira-yira\/","og_site_name":"ElCanillita.Info","article_publisher":"https:\/\/ar-ar.facebook.com\/ElCanillitainfo-114249515285712\/","article_published_time":"2025-04-07T14:17:19+00:00","article_modified_time":"2025-04-08T09:01:42+00:00","og_image":[{"width":1600,"height":1414,"url":"https:\/\/elcanillita.info\/press\/images\/2025\/04\/mil_fest_20250407.jpg","type":"image\/jpeg"}],"author":"SalaStampa.eu, world press service","twitter_card":"summary_large_image","twitter_misc":{"Escrito por":"SalaStampa.eu, world press service","Tiempo de lectura":"4 minutos"},"schema":{"@context":"https:\/\/schema.org","@graph":[{"@type":"Article","@id":"https:\/\/elcanillita.info\/press\/2025\/04\/07\/yira-yira\/#article","isPartOf":{"@id":"https:\/\/elcanillita.info\/press\/2025\/04\/07\/yira-yira\/"},"author":{"name":"SalaStampa.eu, world press service","@id":"https:\/\/elcanillita.info\/press\/#\/schema\/person\/7fcb79f38045700919f7da6d97e71ba0"},"headline":"Yira .. yira !","datePublished":"2025-04-07T14:17:19+00:00","dateModified":"2025-04-08T09:01:42+00:00","mainEntityOfPage":{"@id":"https:\/\/elcanillita.info\/press\/2025\/04\/07\/yira-yira\/"},"wordCount":675,"publisher":{"@id":"https:\/\/elcanillita.info\/press\/#organization"},"image":{"@id":"https:\/\/elcanillita.info\/press\/2025\/04\/07\/yira-yira\/#primaryimage"},"thumbnailUrl":"https:\/\/elcanillita.info\/press\/images\/2025\/04\/mil_fest_20250407.jpg","keywords":["Argentina","MUNDO"],"articleSection":[".",".","Actualidad","Argentina","Dolores de La Press","Economia","Politica","Sociedad"],"inLanguage":"es-AR"},{"@type":"WebPage","@id":"https:\/\/elcanillita.info\/press\/2025\/04\/07\/yira-yira\/","url":"https:\/\/elcanillita.info\/press\/2025\/04\/07\/yira-yira\/","name":"Yira .. yira ! - ElCanillita.Info","isPartOf":{"@id":"https:\/\/elcanillita.info\/press\/#website"},"primaryImageOfPage":{"@id":"https:\/\/elcanillita.info\/press\/2025\/04\/07\/yira-yira\/#primaryimage"},"image":{"@id":"https:\/\/elcanillita.info\/press\/2025\/04\/07\/yira-yira\/#primaryimage"},"thumbnailUrl":"https:\/\/elcanillita.info\/press\/images\/2025\/04\/mil_fest_20250407.jpg","datePublished":"2025-04-07T14:17:19+00:00","dateModified":"2025-04-08T09:01:42+00:00","inLanguage":"es-AR","potentialAction":[{"@type":"ReadAction","target":["https:\/\/elcanillita.info\/press\/2025\/04\/07\/yira-yira\/"]}]},{"@type":"ImageObject","inLanguage":"es-AR","@id":"https:\/\/elcanillita.info\/press\/2025\/04\/07\/yira-yira\/#primaryimage","url":"https:\/\/elcanillita.info\/press\/images\/2025\/04\/mil_fest_20250407.jpg","contentUrl":"https:\/\/elcanillita.info\/press\/images\/2025\/04\/mil_fest_20250407.jpg","width":1600,"height":1414},{"@type":"WebSite","@id":"https:\/\/elcanillita.info\/press\/#website","url":"https:\/\/elcanillita.info\/press\/","name":"ElCanillita.Info","description":"desde los Apeninos a los Andes","publisher":{"@id":"https:\/\/elcanillita.info\/press\/#organization"},"potentialAction":[{"@type":"SearchAction","target":{"@type":"EntryPoint","urlTemplate":"https:\/\/elcanillita.info\/press\/?s={search_term_string}"},"query-input":{"@type":"PropertyValueSpecification","valueRequired":true,"valueName":"search_term_string"}}],"inLanguage":"es-AR"},{"@type":"Organization","@id":"https:\/\/elcanillita.info\/press\/#organization","name":"Guzzo Photos & Graphic Publications","url":"https:\/\/elcanillita.info\/press\/","logo":{"@type":"ImageObject","inLanguage":"es-AR","@id":"https:\/\/elcanillita.info\/press\/#\/schema\/logo\/image\/","url":"https:\/\/elcanillita.info\/press\/images\/2020\/01\/cropped-cropped-cropped-elcanillitainfo.png","contentUrl":"https:\/\/elcanillita.info\/press\/images\/2020\/01\/cropped-cropped-cropped-elcanillitainfo.png","width":460,"height":50,"caption":"Guzzo Photos & Graphic Publications"},"image":{"@id":"https:\/\/elcanillita.info\/press\/#\/schema\/logo\/image\/"},"sameAs":["https:\/\/ar-ar.facebook.com\/ElCanillitainfo-114249515285712\/"]},{"@type":"Person","@id":"https:\/\/elcanillita.info\/press\/#\/schema\/person\/7fcb79f38045700919f7da6d97e71ba0","name":"SalaStampa.eu, world press service","image":{"@type":"ImageObject","inLanguage":"es-AR","@id":"https:\/\/secure.gravatar.com\/avatar\/c2f0e0d515a107624234994507816ca4724c7199cef73fc8bedebf6931d73888?s=96&d=mm&r=g","url":"https:\/\/secure.gravatar.com\/avatar\/c2f0e0d515a107624234994507816ca4724c7199cef73fc8bedebf6931d73888?s=96&d=mm&r=g","contentUrl":"https:\/\/secure.gravatar.com\/avatar\/c2f0e0d515a107624234994507816ca4724c7199cef73fc8bedebf6931d73888?s=96&d=mm&r=g","caption":"SalaStampa.eu, world press service"}}]}},"views":238,"_links":{"self":[{"href":"https:\/\/elcanillita.info\/press\/wp-json\/wp\/v2\/posts\/4456","targetHints":{"allow":["GET"]}}],"collection":[{"href":"https:\/\/elcanillita.info\/press\/wp-json\/wp\/v2\/posts"}],"about":[{"href":"https:\/\/elcanillita.info\/press\/wp-json\/wp\/v2\/types\/post"}],"author":[{"embeddable":true,"href":"https:\/\/elcanillita.info\/press\/wp-json\/wp\/v2\/users\/1"}],"replies":[{"embeddable":true,"href":"https:\/\/elcanillita.info\/press\/wp-json\/wp\/v2\/comments?post=4456"}],"version-history":[{"count":0,"href":"https:\/\/elcanillita.info\/press\/wp-json\/wp\/v2\/posts\/4456\/revisions"}],"wp:featuredmedia":[{"embeddable":true,"href":"https:\/\/elcanillita.info\/press\/wp-json\/wp\/v2\/media\/4458"}],"wp:attachment":[{"href":"https:\/\/elcanillita.info\/press\/wp-json\/wp\/v2\/media?parent=4456"}],"wp:term":[{"taxonomy":"category","embeddable":true,"href":"https:\/\/elcanillita.info\/press\/wp-json\/wp\/v2\/categories?post=4456"},{"taxonomy":"post_tag","embeddable":true,"href":"https:\/\/elcanillita.info\/press\/wp-json\/wp\/v2\/tags?post=4456"}],"curies":[{"name":"wp","href":"https:\/\/api.w.org\/{rel}","templated":true}]}}