{"id":4451,"date":"2025-04-05T16:46:25","date_gmt":"2025-04-05T19:46:25","guid":{"rendered":"https:\/\/elcanillita.info\/press\/?p=4451"},"modified":"2025-04-05T16:46:26","modified_gmt":"2025-04-05T19:46:26","slug":"quien-no-aprende-de-los-errores-del-pasado-esta-condenado-a-repetirlos","status":"publish","type":"post","link":"https:\/\/elcanillita.info\/press\/2025\/04\/05\/quien-no-aprende-de-los-errores-del-pasado-esta-condenado-a-repetirlos\/","title":{"rendered":"\u00a0Qui\u00e9n no aprende de los errores del pasado, est\u00e1 condenado a repetirlos\u00a0"},"content":{"rendered":"\n<figure class=\"wp-block-image size-full is-resized\"><img loading=\"lazy\" decoding=\"async\" width=\"400\" height=\"400\" src=\"https:\/\/elcanillita.info\/press\/images\/2025\/04\/payaso-J3.jpg\" alt=\"\" class=\"wp-image-4453\" style=\"width:486px;height:auto\" srcset=\"https:\/\/elcanillita.info\/press\/images\/2025\/04\/payaso-J3.jpg 400w, https:\/\/elcanillita.info\/press\/images\/2025\/04\/payaso-J3-300x300.jpg 300w, https:\/\/elcanillita.info\/press\/images\/2025\/04\/payaso-J3-150x150.jpg 150w\" sizes=\"auto, (max-width: 400px) 100vw, 400px\" \/><\/figure>\n\n\n\n<p><small>Buenos Aires,  5\/04\/2025<\/small><br><em><strong>Por Enrique Guillermo Avogadro<\/strong><\/em><br>Los grav\u00edsimos errores que comete con excesiva frecuencia Javier Milei, impulsado por su entorno, no parecen haber dejado ense\u00f1anza alguna a quien hemos encomendado, por cuatro a\u00f1os, sacarnos del infierno en que nos hab\u00eda metido el gobierno de Fern\u00e1ndez\u00b2 + Aceitoso Massa.<br>No hay duda alguna acerca de la clara divisi\u00f3n de roles que rige en el \u201ctri\u00e1ngulo de hierro\u201d: el Presidente s\u00f3lo se ocupa de la macroeconom\u00eda, \u201cEl Jefe\u201d Karina Milei funciona como acompa\u00f1ante terap\u00e9utica de su hermano y encabeza el armado de La Libertad Avanza, y Cast\u00edn Caputo gerencia el d\u00eda a d\u00eda de toda la administraci\u00f3n del pa\u00eds; por ello, lo hago directamente responsable de esos traspi\u00e9s, sea en forma directa, sea \u201cvendiendo\u201d sus m\u00e1s locas jugadas a la Secretaria General de la Presidencia.<br><br>El drama es que, entre esas arriesgadas apuestas del super-asesor no oficializado est\u00e1 llevarse puestos al PRO y a media UCR, que tanto contribuyeron a la gobernabilidad en los catorce meses que lleva Milei en la Casa Rosada \u2013 algo que muchos dirigentes macristas y radicales facilitan enormemente al cruzarse a la vereda del sol libertario \u2013 y esa actitud, traducida en una divisi\u00f3n artificial entre quienes piensan parecido, habilita una gran probabilidad de un doble triunfo del kirchnerismo, tanto en la Ciudad Aut\u00f3noma cuanto en la Provincia de Buenos Aires.<br>Y si esto ocurriera, comenzar\u00e1 un nuevo derrumbe de la esperanza ciudadana en un futuro de prosperidad y estabilidad, y se perder\u00e1 todo el inmenso sacrificio social realizado hasta ahora en pos del equilibrio fiscal y el control de la inflaci\u00f3n.<br><br>Esta lecci\u00f3n de la historia pol\u00edtica reciente \u2013 porque marc\u00f3 el principio del fin del gobierno de Mauricio Macri- hubiera debido ser la principal que deb\u00edan aprender por los libertarios.<br>Entre otros errores, algunos de los cuales quiz\u00e1s se revelen como m\u00e1s costosos en poco tiempo, adjudico a Cast\u00edn la responsabilidad de la humillante derrota que sufri\u00f3 el jueves el Ejecutivo en el Senado. Result\u00f3 inexplicable para todo el mundo informado la insistencia del Gobierno en intentar entronizar al impresentable y sospechado Ariel Lijo en la Corte.<br><br>Pero me congratulo porque, desde el jueves la atm\u00f3sfera nacional se ha purificado con el fuerte rechazo que impidi\u00f3 tama\u00f1o dislate; seguramente, veremos la reacci\u00f3n de venganza del damnificado cuando vuelva a sentarse en el Juzgado Federal que tiene tan inmerecidamente a cargo, empu\u00f1ando una espada (las causas por corrupci\u00f3n que ten\u00eda encajonadas) contra aqu\u00e9llos que le cerraron el camino.<br>Si bien el caso de Manuel Jos\u00e9 Garc\u00eda Mansilla es diferente, este catedr\u00e1tico dej\u00f3 un flanco muy abierto para recibir el ataque de quienes lo detestan por sus posiciones conservadoras (por ejemplo, contrarias al aborto) cuando se contradijo flagrantemente al responder, ante la Comisi\u00f3n de Acuerdos del Senado, que no correspond\u00eda la designaci\u00f3n de miembros de la Corte por decreto presidencial.<br>Ambos, \u00e9ste y Lijo aceptaron este nombramiento transitorio, aunque el segundo no pudo jurar por negarse a renunciar a su cargo de Juez, tan vitalicio como poderoso.<br><br>Todo esto gener\u00f3 un conflicto institucional de gigantesca magnitud, pues si Garc\u00eda Mansilla accede al deseo de la Casa Rosada de permanecer en la Corte hasta el 30 de noviembre, todos los fallos que firme ser\u00e1n cuestionados por quienes resulten perjudicados por ellos, en especial si se vinculan a hechos de corrupci\u00f3n.<br>La gran beneficiaria de este tr\u00e1gico sainete es, sin ninguna duda, Cristina Fern\u00e1ndez porque, salga pato o gallareta, demorar\u00e1 indefinidamente la resoluci\u00f3n final sobre su condena.<\/p>\n\n\n\n<p>El viernes por la noche, China reaccion\u00f3 con fuerza contra Washington, al imponer iguales aranceles a los productos norteamericanos; cuando esa contra-medida se extienda a otras latitudes \u2013 Canad\u00e1, Uni\u00f3n Europea, Extremo Oriente, Australia, etc. \u2013 el razonable pron\u00f3stico de una recesi\u00f3n global se ver\u00e1 probablemente verificado, y la inflaci\u00f3n global, que siempre produce pobreza, volver\u00e1n a golpear a toda la humanidad.<br>Tambi\u00e9n Donald Trump, como Milei, se ha abstenido de explicar a propios y ajenos por qu\u00e9 excluy\u00f3 de sus medidas proteccionistas nada menos que a Rusia, Ir\u00e1n, Corea del Norte y Cuba, mientras impon\u00eda luchar en el barro a tantos amigos y aliados tradicionales de su pa\u00eds.<br><br>El rol que ha cumplido EEUU desde el fin de la II Guerra Mundial, encabezando un sistema de comercio globalizado y ejerciendo el papel de polic\u00eda bueno, ha resultado fundamental para el monumental desarrollo, en un ambiente generalizado de paz, que ha experimentado la humanidad desde entonces.<br>Y el abandono de esas meritorias funciones \u2013 y su renuncia a participar de organismos multilaterales, por muy caros que \u00e9stos hayan resultado &#8211; por Trump traer\u00e1 consecuencias graves para el mundo entero, la principal de las cuales ser\u00e1 un fortalecimiento de China, mucho m\u00e1s extractiva y belicosa, en todos los continentes.<br><br>En lo que a la Argentina preocupa, es decir, que el FMI acelere el tr\u00e1mite del nuevo acuerdo \u2013 con fondos frescos en alguna proporci\u00f3n \u2013 para aliviar la coyuntura y comenzar a liberar el cepo, esta revoluci\u00f3n que ha producido Trump har\u00e1 que su influencia disminuya en el Directorio del organismo, pues Jap\u00f3n y Alemania ahora no seguir\u00e1n con presteza sus recomendaciones, significar\u00e1 una ralentizaci\u00f3n del proceso, poniendo m\u00e1s angustia en la evoluci\u00f3n diaria de las diferentes cotizaciones del d\u00f3lar y del riesgo-pa\u00eds, complicando m\u00e1s, si cabe, la posibilidad de recurrir a los mercados voluntarios de cr\u00e9dito internacional.<\/p>\n\n\n\n<p>Como se ve, no podremos dormir tranquilos por mucho tiempo, al menos hasta tanto sepamos c\u00f3mo movernos, como individuos y como pa\u00edses, en un universo cuyas caracter\u00edsticas desconocemos todav\u00eda.<br>Hasta el  proximo s\u00e1bado, cuando estaremos tan preocupados como hoy, si no m\u00e1s a\u00fan.<\/p>\n\n\n\n<p><small>Copyright \u00a9 2025 ElCanillita.info \/ SalaStampa.Eu, world press service<\/small><br><small>Guzzo Photos &amp; Graphic Publications &#8211; Registro Editori e Stampatori n. 1441 Torino, Italia<\/small><\/p>\n","protected":false},"excerpt":{"rendered":"<p>Los grav\u00edsimos errores que comete con excesiva frecuencia Javier Milei, impulsado por su entorno, no parecen haber dejado ense\u00f1anza alguna a quien hemos encomendado, por cuatro a\u00f1os, sacarnos del infierno en que nos hab\u00eda metido el gobierno de Fern\u00e1ndez\u00b2 + Aceitoso Massa.<\/p>\n","protected":false},"author":1,"featured_media":4454,"comment_status":"closed","ping_status":"closed","sticky":false,"template":"","format":"standard","meta":{"footnotes":"","_links_to":"","_links_to_target":""},"categories":[108,121,70,11,23,13],"tags":[29],"class_list":["post-4451","post","type-post","status-publish","format-standard","has-post-thumbnail","hentry","category-blogdiario","category-dc24","category-actualidad","category-america-del-sur","category-politica","category-resto-del-mundo","tag-argentina","entry","double"],"yoast_head":"<!-- This site is optimized with the Yoast SEO plugin v27.4 - https:\/\/yoast.com\/product\/yoast-seo-wordpress\/ -->\n<title>\u00a0Qui\u00e9n no aprende de los errores del pasado, est\u00e1 condenado a repetirlos\u00a0 - ElCanillita.Info<\/title>\n<meta name=\"robots\" content=\"index, follow, max-snippet:-1, max-image-preview:large, max-video-preview:-1\" \/>\n<link rel=\"canonical\" href=\"https:\/\/elcanillita.info\/press\/2025\/04\/05\/quien-no-aprende-de-los-errores-del-pasado-esta-condenado-a-repetirlos\/\" \/>\n<meta property=\"og:locale\" content=\"es_ES\" \/>\n<meta property=\"og:type\" content=\"article\" \/>\n<meta property=\"og:title\" content=\"\u00a0Qui\u00e9n no aprende de los errores del pasado, est\u00e1 condenado a repetirlos\u00a0 - ElCanillita.Info\" \/>\n<meta property=\"og:description\" content=\"Los grav\u00edsimos errores que comete con excesiva frecuencia Javier Milei, impulsado por su entorno, no parecen haber dejado ense\u00f1anza alguna a quien hemos encomendado, por cuatro a\u00f1os, sacarnos del infierno en que nos hab\u00eda metido el gobierno de Fern\u00e1ndez\u00b2 + Aceitoso Massa.\" \/>\n<meta property=\"og:url\" content=\"https:\/\/elcanillita.info\/press\/2025\/04\/05\/quien-no-aprende-de-los-errores-del-pasado-esta-condenado-a-repetirlos\/\" \/>\n<meta property=\"og:site_name\" content=\"ElCanillita.Info\" \/>\n<meta property=\"article:publisher\" content=\"https:\/\/ar-ar.facebook.com\/ElCanillitainfo-114249515285712\/\" \/>\n<meta property=\"article:published_time\" content=\"2025-04-05T19:46:25+00:00\" \/>\n<meta property=\"article:modified_time\" content=\"2025-04-05T19:46:26+00:00\" \/>\n<meta property=\"og:image\" content=\"https:\/\/elcanillita.info\/press\/images\/2025\/04\/payaso-2.jpg\" \/>\n\t<meta property=\"og:image:width\" content=\"600\" \/>\n\t<meta property=\"og:image:height\" content=\"400\" \/>\n\t<meta property=\"og:image:type\" content=\"image\/jpeg\" \/>\n<meta name=\"author\" content=\"SalaStampa.eu, world press service\" \/>\n<meta name=\"twitter:card\" content=\"summary_large_image\" \/>\n<meta name=\"twitter:label1\" content=\"Escrito por\" \/>\n\t<meta name=\"twitter:data1\" content=\"SalaStampa.eu, world press service\" \/>\n\t<meta name=\"twitter:label2\" content=\"Tiempo de lectura\" \/>\n\t<meta name=\"twitter:data2\" content=\"5 minutos\" \/>\n<script type=\"application\/ld+json\" class=\"yoast-schema-graph\">{\"@context\":\"https:\\\/\\\/schema.org\",\"@graph\":[{\"@type\":\"Article\",\"@id\":\"https:\\\/\\\/elcanillita.info\\\/press\\\/2025\\\/04\\\/05\\\/quien-no-aprende-de-los-errores-del-pasado-esta-condenado-a-repetirlos\\\/#article\",\"isPartOf\":{\"@id\":\"https:\\\/\\\/elcanillita.info\\\/press\\\/2025\\\/04\\\/05\\\/quien-no-aprende-de-los-errores-del-pasado-esta-condenado-a-repetirlos\\\/\"},\"author\":{\"name\":\"SalaStampa.eu, world press service\",\"@id\":\"https:\\\/\\\/elcanillita.info\\\/press\\\/#\\\/schema\\\/person\\\/7fcb79f38045700919f7da6d97e71ba0\"},\"headline\":\"\u00a0Qui\u00e9n no aprende de los errores del pasado, est\u00e1 condenado a repetirlos\u00a0\",\"datePublished\":\"2025-04-05T19:46:25+00:00\",\"dateModified\":\"2025-04-05T19:46:26+00:00\",\"mainEntityOfPage\":{\"@id\":\"https:\\\/\\\/elcanillita.info\\\/press\\\/2025\\\/04\\\/05\\\/quien-no-aprende-de-los-errores-del-pasado-esta-condenado-a-repetirlos\\\/\"},\"wordCount\":1027,\"publisher\":{\"@id\":\"https:\\\/\\\/elcanillita.info\\\/press\\\/#organization\"},\"image\":{\"@id\":\"https:\\\/\\\/elcanillita.info\\\/press\\\/2025\\\/04\\\/05\\\/quien-no-aprende-de-los-errores-del-pasado-esta-condenado-a-repetirlos\\\/#primaryimage\"},\"thumbnailUrl\":\"https:\\\/\\\/elcanillita.info\\\/press\\\/images\\\/2025\\\/04\\\/payaso-2.jpg\",\"keywords\":[\"Argentina\"],\"articleSection\":[\".\",\".\",\"Actualidad\",\"Am\u00e9rica del Sur\",\"Politica\",\"Resto del Mundo\"],\"inLanguage\":\"es-AR\"},{\"@type\":\"WebPage\",\"@id\":\"https:\\\/\\\/elcanillita.info\\\/press\\\/2025\\\/04\\\/05\\\/quien-no-aprende-de-los-errores-del-pasado-esta-condenado-a-repetirlos\\\/\",\"url\":\"https:\\\/\\\/elcanillita.info\\\/press\\\/2025\\\/04\\\/05\\\/quien-no-aprende-de-los-errores-del-pasado-esta-condenado-a-repetirlos\\\/\",\"name\":\"\u00a0Qui\u00e9n no aprende de los errores del pasado, est\u00e1 condenado a repetirlos\u00a0 - ElCanillita.Info\",\"isPartOf\":{\"@id\":\"https:\\\/\\\/elcanillita.info\\\/press\\\/#website\"},\"primaryImageOfPage\":{\"@id\":\"https:\\\/\\\/elcanillita.info\\\/press\\\/2025\\\/04\\\/05\\\/quien-no-aprende-de-los-errores-del-pasado-esta-condenado-a-repetirlos\\\/#primaryimage\"},\"image\":{\"@id\":\"https:\\\/\\\/elcanillita.info\\\/press\\\/2025\\\/04\\\/05\\\/quien-no-aprende-de-los-errores-del-pasado-esta-condenado-a-repetirlos\\\/#primaryimage\"},\"thumbnailUrl\":\"https:\\\/\\\/elcanillita.info\\\/press\\\/images\\\/2025\\\/04\\\/payaso-2.jpg\",\"datePublished\":\"2025-04-05T19:46:25+00:00\",\"dateModified\":\"2025-04-05T19:46:26+00:00\",\"inLanguage\":\"es-AR\",\"potentialAction\":[{\"@type\":\"ReadAction\",\"target\":[\"https:\\\/\\\/elcanillita.info\\\/press\\\/2025\\\/04\\\/05\\\/quien-no-aprende-de-los-errores-del-pasado-esta-condenado-a-repetirlos\\\/\"]}]},{\"@type\":\"ImageObject\",\"inLanguage\":\"es-AR\",\"@id\":\"https:\\\/\\\/elcanillita.info\\\/press\\\/2025\\\/04\\\/05\\\/quien-no-aprende-de-los-errores-del-pasado-esta-condenado-a-repetirlos\\\/#primaryimage\",\"url\":\"https:\\\/\\\/elcanillita.info\\\/press\\\/images\\\/2025\\\/04\\\/payaso-2.jpg\",\"contentUrl\":\"https:\\\/\\\/elcanillita.info\\\/press\\\/images\\\/2025\\\/04\\\/payaso-2.jpg\",\"width\":600,\"height\":400},{\"@type\":\"WebSite\",\"@id\":\"https:\\\/\\\/elcanillita.info\\\/press\\\/#website\",\"url\":\"https:\\\/\\\/elcanillita.info\\\/press\\\/\",\"name\":\"ElCanillita.Info\",\"description\":\"desde los Apeninos a los Andes\",\"publisher\":{\"@id\":\"https:\\\/\\\/elcanillita.info\\\/press\\\/#organization\"},\"potentialAction\":[{\"@type\":\"SearchAction\",\"target\":{\"@type\":\"EntryPoint\",\"urlTemplate\":\"https:\\\/\\\/elcanillita.info\\\/press\\\/?s={search_term_string}\"},\"query-input\":{\"@type\":\"PropertyValueSpecification\",\"valueRequired\":true,\"valueName\":\"search_term_string\"}}],\"inLanguage\":\"es-AR\"},{\"@type\":\"Organization\",\"@id\":\"https:\\\/\\\/elcanillita.info\\\/press\\\/#organization\",\"name\":\"Guzzo Photos & Graphic Publications\",\"url\":\"https:\\\/\\\/elcanillita.info\\\/press\\\/\",\"logo\":{\"@type\":\"ImageObject\",\"inLanguage\":\"es-AR\",\"@id\":\"https:\\\/\\\/elcanillita.info\\\/press\\\/#\\\/schema\\\/logo\\\/image\\\/\",\"url\":\"https:\\\/\\\/elcanillita.info\\\/press\\\/images\\\/2020\\\/01\\\/cropped-cropped-cropped-elcanillitainfo.png\",\"contentUrl\":\"https:\\\/\\\/elcanillita.info\\\/press\\\/images\\\/2020\\\/01\\\/cropped-cropped-cropped-elcanillitainfo.png\",\"width\":460,\"height\":50,\"caption\":\"Guzzo Photos & Graphic Publications\"},\"image\":{\"@id\":\"https:\\\/\\\/elcanillita.info\\\/press\\\/#\\\/schema\\\/logo\\\/image\\\/\"},\"sameAs\":[\"https:\\\/\\\/ar-ar.facebook.com\\\/ElCanillitainfo-114249515285712\\\/\"]},{\"@type\":\"Person\",\"@id\":\"https:\\\/\\\/elcanillita.info\\\/press\\\/#\\\/schema\\\/person\\\/7fcb79f38045700919f7da6d97e71ba0\",\"name\":\"SalaStampa.eu, world press service\",\"image\":{\"@type\":\"ImageObject\",\"inLanguage\":\"es-AR\",\"@id\":\"https:\\\/\\\/secure.gravatar.com\\\/avatar\\\/c2f0e0d515a107624234994507816ca4724c7199cef73fc8bedebf6931d73888?s=96&d=mm&r=g\",\"url\":\"https:\\\/\\\/secure.gravatar.com\\\/avatar\\\/c2f0e0d515a107624234994507816ca4724c7199cef73fc8bedebf6931d73888?s=96&d=mm&r=g\",\"contentUrl\":\"https:\\\/\\\/secure.gravatar.com\\\/avatar\\\/c2f0e0d515a107624234994507816ca4724c7199cef73fc8bedebf6931d73888?s=96&d=mm&r=g\",\"caption\":\"SalaStampa.eu, world press service\"}}]}<\/script>\n<!-- \/ Yoast SEO plugin. -->","yoast_head_json":{"title":"\u00a0Qui\u00e9n no aprende de los errores del pasado, est\u00e1 condenado a repetirlos\u00a0 - ElCanillita.Info","robots":{"index":"index","follow":"follow","max-snippet":"max-snippet:-1","max-image-preview":"max-image-preview:large","max-video-preview":"max-video-preview:-1"},"canonical":"https:\/\/elcanillita.info\/press\/2025\/04\/05\/quien-no-aprende-de-los-errores-del-pasado-esta-condenado-a-repetirlos\/","og_locale":"es_ES","og_type":"article","og_title":"\u00a0Qui\u00e9n no aprende de los errores del pasado, est\u00e1 condenado a repetirlos\u00a0 - ElCanillita.Info","og_description":"Los grav\u00edsimos errores que comete con excesiva frecuencia Javier Milei, impulsado por su entorno, no parecen haber dejado ense\u00f1anza alguna a quien hemos encomendado, por cuatro a\u00f1os, sacarnos del infierno en que nos hab\u00eda metido el gobierno de Fern\u00e1ndez\u00b2 + Aceitoso Massa.","og_url":"https:\/\/elcanillita.info\/press\/2025\/04\/05\/quien-no-aprende-de-los-errores-del-pasado-esta-condenado-a-repetirlos\/","og_site_name":"ElCanillita.Info","article_publisher":"https:\/\/ar-ar.facebook.com\/ElCanillitainfo-114249515285712\/","article_published_time":"2025-04-05T19:46:25+00:00","article_modified_time":"2025-04-05T19:46:26+00:00","og_image":[{"width":600,"height":400,"url":"https:\/\/elcanillita.info\/press\/images\/2025\/04\/payaso-2.jpg","type":"image\/jpeg"}],"author":"SalaStampa.eu, world press service","twitter_card":"summary_large_image","twitter_misc":{"Escrito por":"SalaStampa.eu, world press service","Tiempo de lectura":"5 minutos"},"schema":{"@context":"https:\/\/schema.org","@graph":[{"@type":"Article","@id":"https:\/\/elcanillita.info\/press\/2025\/04\/05\/quien-no-aprende-de-los-errores-del-pasado-esta-condenado-a-repetirlos\/#article","isPartOf":{"@id":"https:\/\/elcanillita.info\/press\/2025\/04\/05\/quien-no-aprende-de-los-errores-del-pasado-esta-condenado-a-repetirlos\/"},"author":{"name":"SalaStampa.eu, world press service","@id":"https:\/\/elcanillita.info\/press\/#\/schema\/person\/7fcb79f38045700919f7da6d97e71ba0"},"headline":"\u00a0Qui\u00e9n no aprende de los errores del pasado, est\u00e1 condenado a repetirlos\u00a0","datePublished":"2025-04-05T19:46:25+00:00","dateModified":"2025-04-05T19:46:26+00:00","mainEntityOfPage":{"@id":"https:\/\/elcanillita.info\/press\/2025\/04\/05\/quien-no-aprende-de-los-errores-del-pasado-esta-condenado-a-repetirlos\/"},"wordCount":1027,"publisher":{"@id":"https:\/\/elcanillita.info\/press\/#organization"},"image":{"@id":"https:\/\/elcanillita.info\/press\/2025\/04\/05\/quien-no-aprende-de-los-errores-del-pasado-esta-condenado-a-repetirlos\/#primaryimage"},"thumbnailUrl":"https:\/\/elcanillita.info\/press\/images\/2025\/04\/payaso-2.jpg","keywords":["Argentina"],"articleSection":[".",".","Actualidad","Am\u00e9rica del Sur","Politica","Resto del Mundo"],"inLanguage":"es-AR"},{"@type":"WebPage","@id":"https:\/\/elcanillita.info\/press\/2025\/04\/05\/quien-no-aprende-de-los-errores-del-pasado-esta-condenado-a-repetirlos\/","url":"https:\/\/elcanillita.info\/press\/2025\/04\/05\/quien-no-aprende-de-los-errores-del-pasado-esta-condenado-a-repetirlos\/","name":"\u00a0Qui\u00e9n no aprende de los errores del pasado, est\u00e1 condenado a repetirlos\u00a0 - ElCanillita.Info","isPartOf":{"@id":"https:\/\/elcanillita.info\/press\/#website"},"primaryImageOfPage":{"@id":"https:\/\/elcanillita.info\/press\/2025\/04\/05\/quien-no-aprende-de-los-errores-del-pasado-esta-condenado-a-repetirlos\/#primaryimage"},"image":{"@id":"https:\/\/elcanillita.info\/press\/2025\/04\/05\/quien-no-aprende-de-los-errores-del-pasado-esta-condenado-a-repetirlos\/#primaryimage"},"thumbnailUrl":"https:\/\/elcanillita.info\/press\/images\/2025\/04\/payaso-2.jpg","datePublished":"2025-04-05T19:46:25+00:00","dateModified":"2025-04-05T19:46:26+00:00","inLanguage":"es-AR","potentialAction":[{"@type":"ReadAction","target":["https:\/\/elcanillita.info\/press\/2025\/04\/05\/quien-no-aprende-de-los-errores-del-pasado-esta-condenado-a-repetirlos\/"]}]},{"@type":"ImageObject","inLanguage":"es-AR","@id":"https:\/\/elcanillita.info\/press\/2025\/04\/05\/quien-no-aprende-de-los-errores-del-pasado-esta-condenado-a-repetirlos\/#primaryimage","url":"https:\/\/elcanillita.info\/press\/images\/2025\/04\/payaso-2.jpg","contentUrl":"https:\/\/elcanillita.info\/press\/images\/2025\/04\/payaso-2.jpg","width":600,"height":400},{"@type":"WebSite","@id":"https:\/\/elcanillita.info\/press\/#website","url":"https:\/\/elcanillita.info\/press\/","name":"ElCanillita.Info","description":"desde los Apeninos a los Andes","publisher":{"@id":"https:\/\/elcanillita.info\/press\/#organization"},"potentialAction":[{"@type":"SearchAction","target":{"@type":"EntryPoint","urlTemplate":"https:\/\/elcanillita.info\/press\/?s={search_term_string}"},"query-input":{"@type":"PropertyValueSpecification","valueRequired":true,"valueName":"search_term_string"}}],"inLanguage":"es-AR"},{"@type":"Organization","@id":"https:\/\/elcanillita.info\/press\/#organization","name":"Guzzo Photos & Graphic Publications","url":"https:\/\/elcanillita.info\/press\/","logo":{"@type":"ImageObject","inLanguage":"es-AR","@id":"https:\/\/elcanillita.info\/press\/#\/schema\/logo\/image\/","url":"https:\/\/elcanillita.info\/press\/images\/2020\/01\/cropped-cropped-cropped-elcanillitainfo.png","contentUrl":"https:\/\/elcanillita.info\/press\/images\/2020\/01\/cropped-cropped-cropped-elcanillitainfo.png","width":460,"height":50,"caption":"Guzzo Photos & Graphic Publications"},"image":{"@id":"https:\/\/elcanillita.info\/press\/#\/schema\/logo\/image\/"},"sameAs":["https:\/\/ar-ar.facebook.com\/ElCanillitainfo-114249515285712\/"]},{"@type":"Person","@id":"https:\/\/elcanillita.info\/press\/#\/schema\/person\/7fcb79f38045700919f7da6d97e71ba0","name":"SalaStampa.eu, world press service","image":{"@type":"ImageObject","inLanguage":"es-AR","@id":"https:\/\/secure.gravatar.com\/avatar\/c2f0e0d515a107624234994507816ca4724c7199cef73fc8bedebf6931d73888?s=96&d=mm&r=g","url":"https:\/\/secure.gravatar.com\/avatar\/c2f0e0d515a107624234994507816ca4724c7199cef73fc8bedebf6931d73888?s=96&d=mm&r=g","contentUrl":"https:\/\/secure.gravatar.com\/avatar\/c2f0e0d515a107624234994507816ca4724c7199cef73fc8bedebf6931d73888?s=96&d=mm&r=g","caption":"SalaStampa.eu, world press service"}}]}},"views":251,"_links":{"self":[{"href":"https:\/\/elcanillita.info\/press\/wp-json\/wp\/v2\/posts\/4451","targetHints":{"allow":["GET"]}}],"collection":[{"href":"https:\/\/elcanillita.info\/press\/wp-json\/wp\/v2\/posts"}],"about":[{"href":"https:\/\/elcanillita.info\/press\/wp-json\/wp\/v2\/types\/post"}],"author":[{"embeddable":true,"href":"https:\/\/elcanillita.info\/press\/wp-json\/wp\/v2\/users\/1"}],"replies":[{"embeddable":true,"href":"https:\/\/elcanillita.info\/press\/wp-json\/wp\/v2\/comments?post=4451"}],"version-history":[{"count":0,"href":"https:\/\/elcanillita.info\/press\/wp-json\/wp\/v2\/posts\/4451\/revisions"}],"wp:featuredmedia":[{"embeddable":true,"href":"https:\/\/elcanillita.info\/press\/wp-json\/wp\/v2\/media\/4454"}],"wp:attachment":[{"href":"https:\/\/elcanillita.info\/press\/wp-json\/wp\/v2\/media?parent=4451"}],"wp:term":[{"taxonomy":"category","embeddable":true,"href":"https:\/\/elcanillita.info\/press\/wp-json\/wp\/v2\/categories?post=4451"},{"taxonomy":"post_tag","embeddable":true,"href":"https:\/\/elcanillita.info\/press\/wp-json\/wp\/v2\/tags?post=4451"}],"curies":[{"name":"wp","href":"https:\/\/api.w.org\/{rel}","templated":true}]}}