{"id":445,"date":"2020-02-13T09:19:00","date_gmt":"2020-02-13T12:19:00","guid":{"rendered":"https:\/\/elcanillita.info\/press\/?p=445"},"modified":"2020-02-14T09:23:24","modified_gmt":"2020-02-14T12:23:24","slug":"aumentan-15-casos-coronavirus-usa","status":"publish","type":"post","link":"https:\/\/elcanillita.info\/press\/2020\/02\/13\/aumentan-15-casos-coronavirus-usa\/","title":{"rendered":"Aumentan a 15 los casos de coronavirus en EE.UU."},"content":{"rendered":"\n<p>Texas, 13.02.2020 &#8211; Los Centros para el Control y Prevenci\u00f3n de Enfermedades (CDC, por sus siglas en ingl\u00e9s) confirmaron este jueves del d\u00e9cimo quinto caso positivo por coronavirus o COVID-19, en Estados Unidos, entre el grupo que se encuentra en cuarentena en la base de la Fuerza A\u00e9rea Lackland en San Antonio, Texas.<\/p>\n\n\n\n<p>Seg\u00fan los CDC el paciente fue el tercer evacuado de China y el primero en Lackland en dar positivo al nuevo virus.<br>\n&#8220;La persona actualmente est\u00e1 aislada y recibe atenci\u00f3n m\u00e9dica en un hospital designado cercano&#8221;, indicaron por medio de un comunicado de prensa las autoridades de salud, lo que convierte a Texas en el s\u00e9ptimo estado con un caso reportado.<\/p>\n\n\n\n<p>Todas las personas que viv\u00edan o viajaban a la provincia de Hubei, China son consideradas como de alto riesgo por haber estado expuestas al coronavirus, indica el documento, explicando que es la raz\u00f3n por la que fueron colocadas en aislamiento de 14 d\u00edas desde su entrada a Estados Unidos.<\/p>\n\n\n\n<p>Tal como se inform\u00f3, se anticipa que surjan m\u00e1s casos entre las cerca de 600 personas que regresaron en vuelos fletados desde Wuhan, China, epicentro de la enfermedad.<\/p>\n\n\n\n<p>El virus ha causado la muerte&nbsp;a cerca de1.370 personas e infectado a unas 60.000, casi todas en China, lo que limita la segunda econom\u00eda m\u00e1s grande del mundo y pone a prueba a su gobierno.<\/p>\n\n\n\n<p>En la provincia central china de Hubei, las autoridades dijeron que 242 personas murieron el mi\u00e9rcoles, el mayor aumento diario de decesos desde que el virus surgi\u00f3 en Wuhan en diciembre.<\/p>\n\n\n\n<p>Casa Blanca critica la respuesta de China<\/p>\n\n\n\n<p>&#8220;Estamos un poco decepcionados por la falta de transparencia proveniente de los chinos, estos n\u00fameros est\u00e1n subiendo \u2026 Hubo alguna sorpresa&#8221;, dijo el principal asesor econ\u00f3mico de la Casa Blanca, Larry Kudlow, a periodistas en Washington.<\/p>\n\n\n\n<p>El aumento repentino parece deberse en gran medida a un cambio en la forma en que los funcionarios chinos confirmaban los casos. Hubei previamente permiti\u00f3 que las infecciones se confirmaran solo mediante una prueba espec\u00edfica que escaseaba. Ahora ha comenzado a identificar casos utilizando exploraciones pulmonares m\u00e1s comunes.<\/p>\n\n\n\n<p>Como resultado, el jueves se reportaron otros 14.840 casos nuevos en la provincia, frente a los 2.015 casos nuevos en todo el pa\u00eds el d\u00eda anterior.<\/p>\n\n\n\n<p>El gobierno de Trump tambi\u00e9n estaba sorprendido de que Beijing no hubiera aceptado una invitaci\u00f3n de Estados Unidos para enviar un equipo de expertos de los CDC a China para ayudar, dijo Kudlow.<\/p>\n\n\n\n<p>Sin embargo el presidente Donald Trump, tambi\u00e9n repiti\u00f3 sus elogios p\u00fablicos por la respuesta del presidente chino, Xi Jinping.<\/p>\n\n\n\n<p>&#8220;Creo que lo han manejado profesionalmente, y creo que son extremadamente capaces&#8221;, dijo Trump en una entrevista en iHeart Radio.<\/p>\n\n\n\n<p>Cuando se le pregunt\u00f3 si China estaba diciendo la verdad sobre el virus, Trump apunt\u00f3: &#8220;Bueno, nunca se sabe. Creo que quieren ponerle la mejor cara&#8221;.<br> (Con informaci\u00f3n de Reuters)<br><small>2020 voanoticias \u2013 salastampa.eu, afiliada a la red Broadcasting Board of Governors \u00a9 2020 BBG<\/small><\/p>\n","protected":false},"excerpt":{"rendered":"<p>Texas, 13.02.2020 &#8211; Los Centros para el Control y Prevenci\u00f3n de Enfermedades (CDC, por sus siglas en ingl\u00e9s) confirmaron este jueves del d\u00e9cimo quinto caso positivo por coronavirus o COVID-19, en Estados Unidos, entre el grupo que se encuentra en cuarentena en la base de la Fuerza A\u00e9rea Lackland en San Antonio, Texas.<\/p>\n","protected":false},"author":1,"featured_media":0,"comment_status":"closed","ping_status":"closed","sticky":false,"template":"","format":"standard","meta":{"footnotes":"","_links_to":"","_links_to_target":""},"categories":[70,9,78,25],"tags":[34],"class_list":["post-445","post","type-post","status-publish","format-standard","hentry","category-actualidad","category-america-del-norte","category-sanidad","category-sociedad","tag-estados-unidos","entry","double"],"yoast_head":"<!-- This site is optimized with the Yoast SEO plugin v27.4 - https:\/\/yoast.com\/product\/yoast-seo-wordpress\/ -->\n<title>Aumentan a 15 los casos de coronavirus en EE.UU. - ElCanillita.Info<\/title>\n<meta name=\"robots\" content=\"index, follow, max-snippet:-1, max-image-preview:large, max-video-preview:-1\" \/>\n<link rel=\"canonical\" href=\"https:\/\/elcanillita.info\/press\/2020\/02\/13\/aumentan-15-casos-coronavirus-usa\/\" \/>\n<meta property=\"og:locale\" content=\"es_ES\" \/>\n<meta property=\"og:type\" content=\"article\" \/>\n<meta property=\"og:title\" content=\"Aumentan a 15 los casos de coronavirus en EE.UU. - ElCanillita.Info\" \/>\n<meta property=\"og:description\" content=\"Texas, 13.02.2020 - Los Centros para el Control y Prevenci\u00f3n de Enfermedades (CDC, por sus siglas en ingl\u00e9s) confirmaron este jueves del d\u00e9cimo quinto caso positivo por coronavirus o COVID-19, en Estados Unidos, entre el grupo que se encuentra en cuarentena en la base de la Fuerza A\u00e9rea Lackland en San Antonio, Texas.\" \/>\n<meta property=\"og:url\" content=\"https:\/\/elcanillita.info\/press\/2020\/02\/13\/aumentan-15-casos-coronavirus-usa\/\" \/>\n<meta property=\"og:site_name\" content=\"ElCanillita.Info\" \/>\n<meta property=\"article:publisher\" content=\"https:\/\/ar-ar.facebook.com\/ElCanillitainfo-114249515285712\/\" \/>\n<meta property=\"article:published_time\" content=\"2020-02-13T12:19:00+00:00\" \/>\n<meta property=\"article:modified_time\" content=\"2020-02-14T12:23:24+00:00\" \/>\n<meta name=\"author\" content=\"SalaStampa.eu, world press service\" \/>\n<meta name=\"twitter:card\" content=\"summary_large_image\" \/>\n<meta name=\"twitter:label1\" content=\"Escrito por\" \/>\n\t<meta name=\"twitter:data1\" content=\"SalaStampa.eu, world press service\" \/>\n\t<meta name=\"twitter:label2\" content=\"Tiempo de lectura\" \/>\n\t<meta name=\"twitter:data2\" content=\"3 minutos\" \/>\n<script type=\"application\/ld+json\" class=\"yoast-schema-graph\">{\"@context\":\"https:\\\/\\\/schema.org\",\"@graph\":[{\"@type\":\"Article\",\"@id\":\"https:\\\/\\\/elcanillita.info\\\/press\\\/2020\\\/02\\\/13\\\/aumentan-15-casos-coronavirus-usa\\\/#article\",\"isPartOf\":{\"@id\":\"https:\\\/\\\/elcanillita.info\\\/press\\\/2020\\\/02\\\/13\\\/aumentan-15-casos-coronavirus-usa\\\/\"},\"author\":{\"name\":\"SalaStampa.eu, world press service\",\"@id\":\"https:\\\/\\\/elcanillita.info\\\/press\\\/#\\\/schema\\\/person\\\/7fcb79f38045700919f7da6d97e71ba0\"},\"headline\":\"Aumentan a 15 los casos de coronavirus en EE.UU.\",\"datePublished\":\"2020-02-13T12:19:00+00:00\",\"dateModified\":\"2020-02-14T12:23:24+00:00\",\"mainEntityOfPage\":{\"@id\":\"https:\\\/\\\/elcanillita.info\\\/press\\\/2020\\\/02\\\/13\\\/aumentan-15-casos-coronavirus-usa\\\/\"},\"wordCount\":518,\"publisher\":{\"@id\":\"https:\\\/\\\/elcanillita.info\\\/press\\\/#organization\"},\"keywords\":[\"Estados Unidos\"],\"articleSection\":[\"Actualidad\",\"Am\u00e9rica del Norte\",\"Sanidad\",\"Sociedad\"],\"inLanguage\":\"es-AR\"},{\"@type\":\"WebPage\",\"@id\":\"https:\\\/\\\/elcanillita.info\\\/press\\\/2020\\\/02\\\/13\\\/aumentan-15-casos-coronavirus-usa\\\/\",\"url\":\"https:\\\/\\\/elcanillita.info\\\/press\\\/2020\\\/02\\\/13\\\/aumentan-15-casos-coronavirus-usa\\\/\",\"name\":\"Aumentan a 15 los casos de coronavirus en EE.UU. - ElCanillita.Info\",\"isPartOf\":{\"@id\":\"https:\\\/\\\/elcanillita.info\\\/press\\\/#website\"},\"datePublished\":\"2020-02-13T12:19:00+00:00\",\"dateModified\":\"2020-02-14T12:23:24+00:00\",\"inLanguage\":\"es-AR\",\"potentialAction\":[{\"@type\":\"ReadAction\",\"target\":[\"https:\\\/\\\/elcanillita.info\\\/press\\\/2020\\\/02\\\/13\\\/aumentan-15-casos-coronavirus-usa\\\/\"]}]},{\"@type\":\"WebSite\",\"@id\":\"https:\\\/\\\/elcanillita.info\\\/press\\\/#website\",\"url\":\"https:\\\/\\\/elcanillita.info\\\/press\\\/\",\"name\":\"ElCanillita.Info\",\"description\":\"desde los Apeninos a los Andes\",\"publisher\":{\"@id\":\"https:\\\/\\\/elcanillita.info\\\/press\\\/#organization\"},\"potentialAction\":[{\"@type\":\"SearchAction\",\"target\":{\"@type\":\"EntryPoint\",\"urlTemplate\":\"https:\\\/\\\/elcanillita.info\\\/press\\\/?s={search_term_string}\"},\"query-input\":{\"@type\":\"PropertyValueSpecification\",\"valueRequired\":true,\"valueName\":\"search_term_string\"}}],\"inLanguage\":\"es-AR\"},{\"@type\":\"Organization\",\"@id\":\"https:\\\/\\\/elcanillita.info\\\/press\\\/#organization\",\"name\":\"Guzzo Photos & Graphic Publications\",\"url\":\"https:\\\/\\\/elcanillita.info\\\/press\\\/\",\"logo\":{\"@type\":\"ImageObject\",\"inLanguage\":\"es-AR\",\"@id\":\"https:\\\/\\\/elcanillita.info\\\/press\\\/#\\\/schema\\\/logo\\\/image\\\/\",\"url\":\"https:\\\/\\\/elcanillita.info\\\/press\\\/images\\\/2020\\\/01\\\/cropped-cropped-cropped-elcanillitainfo.png\",\"contentUrl\":\"https:\\\/\\\/elcanillita.info\\\/press\\\/images\\\/2020\\\/01\\\/cropped-cropped-cropped-elcanillitainfo.png\",\"width\":460,\"height\":50,\"caption\":\"Guzzo Photos & Graphic Publications\"},\"image\":{\"@id\":\"https:\\\/\\\/elcanillita.info\\\/press\\\/#\\\/schema\\\/logo\\\/image\\\/\"},\"sameAs\":[\"https:\\\/\\\/ar-ar.facebook.com\\\/ElCanillitainfo-114249515285712\\\/\"]},{\"@type\":\"Person\",\"@id\":\"https:\\\/\\\/elcanillita.info\\\/press\\\/#\\\/schema\\\/person\\\/7fcb79f38045700919f7da6d97e71ba0\",\"name\":\"SalaStampa.eu, world press service\",\"image\":{\"@type\":\"ImageObject\",\"inLanguage\":\"es-AR\",\"@id\":\"https:\\\/\\\/secure.gravatar.com\\\/avatar\\\/c2f0e0d515a107624234994507816ca4724c7199cef73fc8bedebf6931d73888?s=96&d=mm&r=g\",\"url\":\"https:\\\/\\\/secure.gravatar.com\\\/avatar\\\/c2f0e0d515a107624234994507816ca4724c7199cef73fc8bedebf6931d73888?s=96&d=mm&r=g\",\"contentUrl\":\"https:\\\/\\\/secure.gravatar.com\\\/avatar\\\/c2f0e0d515a107624234994507816ca4724c7199cef73fc8bedebf6931d73888?s=96&d=mm&r=g\",\"caption\":\"SalaStampa.eu, world press service\"}}]}<\/script>\n<!-- \/ Yoast SEO plugin. -->","yoast_head_json":{"title":"Aumentan a 15 los casos de coronavirus en EE.UU. - ElCanillita.Info","robots":{"index":"index","follow":"follow","max-snippet":"max-snippet:-1","max-image-preview":"max-image-preview:large","max-video-preview":"max-video-preview:-1"},"canonical":"https:\/\/elcanillita.info\/press\/2020\/02\/13\/aumentan-15-casos-coronavirus-usa\/","og_locale":"es_ES","og_type":"article","og_title":"Aumentan a 15 los casos de coronavirus en EE.UU. - ElCanillita.Info","og_description":"Texas, 13.02.2020 - Los Centros para el Control y Prevenci\u00f3n de Enfermedades (CDC, por sus siglas en ingl\u00e9s) confirmaron este jueves del d\u00e9cimo quinto caso positivo por coronavirus o COVID-19, en Estados Unidos, entre el grupo que se encuentra en cuarentena en la base de la Fuerza A\u00e9rea Lackland en San Antonio, Texas.","og_url":"https:\/\/elcanillita.info\/press\/2020\/02\/13\/aumentan-15-casos-coronavirus-usa\/","og_site_name":"ElCanillita.Info","article_publisher":"https:\/\/ar-ar.facebook.com\/ElCanillitainfo-114249515285712\/","article_published_time":"2020-02-13T12:19:00+00:00","article_modified_time":"2020-02-14T12:23:24+00:00","author":"SalaStampa.eu, world press service","twitter_card":"summary_large_image","twitter_misc":{"Escrito por":"SalaStampa.eu, world press service","Tiempo de lectura":"3 minutos"},"schema":{"@context":"https:\/\/schema.org","@graph":[{"@type":"Article","@id":"https:\/\/elcanillita.info\/press\/2020\/02\/13\/aumentan-15-casos-coronavirus-usa\/#article","isPartOf":{"@id":"https:\/\/elcanillita.info\/press\/2020\/02\/13\/aumentan-15-casos-coronavirus-usa\/"},"author":{"name":"SalaStampa.eu, world press service","@id":"https:\/\/elcanillita.info\/press\/#\/schema\/person\/7fcb79f38045700919f7da6d97e71ba0"},"headline":"Aumentan a 15 los casos de coronavirus en EE.UU.","datePublished":"2020-02-13T12:19:00+00:00","dateModified":"2020-02-14T12:23:24+00:00","mainEntityOfPage":{"@id":"https:\/\/elcanillita.info\/press\/2020\/02\/13\/aumentan-15-casos-coronavirus-usa\/"},"wordCount":518,"publisher":{"@id":"https:\/\/elcanillita.info\/press\/#organization"},"keywords":["Estados Unidos"],"articleSection":["Actualidad","Am\u00e9rica del Norte","Sanidad","Sociedad"],"inLanguage":"es-AR"},{"@type":"WebPage","@id":"https:\/\/elcanillita.info\/press\/2020\/02\/13\/aumentan-15-casos-coronavirus-usa\/","url":"https:\/\/elcanillita.info\/press\/2020\/02\/13\/aumentan-15-casos-coronavirus-usa\/","name":"Aumentan a 15 los casos de coronavirus en EE.UU. - ElCanillita.Info","isPartOf":{"@id":"https:\/\/elcanillita.info\/press\/#website"},"datePublished":"2020-02-13T12:19:00+00:00","dateModified":"2020-02-14T12:23:24+00:00","inLanguage":"es-AR","potentialAction":[{"@type":"ReadAction","target":["https:\/\/elcanillita.info\/press\/2020\/02\/13\/aumentan-15-casos-coronavirus-usa\/"]}]},{"@type":"WebSite","@id":"https:\/\/elcanillita.info\/press\/#website","url":"https:\/\/elcanillita.info\/press\/","name":"ElCanillita.Info","description":"desde los Apeninos a los Andes","publisher":{"@id":"https:\/\/elcanillita.info\/press\/#organization"},"potentialAction":[{"@type":"SearchAction","target":{"@type":"EntryPoint","urlTemplate":"https:\/\/elcanillita.info\/press\/?s={search_term_string}"},"query-input":{"@type":"PropertyValueSpecification","valueRequired":true,"valueName":"search_term_string"}}],"inLanguage":"es-AR"},{"@type":"Organization","@id":"https:\/\/elcanillita.info\/press\/#organization","name":"Guzzo Photos & Graphic Publications","url":"https:\/\/elcanillita.info\/press\/","logo":{"@type":"ImageObject","inLanguage":"es-AR","@id":"https:\/\/elcanillita.info\/press\/#\/schema\/logo\/image\/","url":"https:\/\/elcanillita.info\/press\/images\/2020\/01\/cropped-cropped-cropped-elcanillitainfo.png","contentUrl":"https:\/\/elcanillita.info\/press\/images\/2020\/01\/cropped-cropped-cropped-elcanillitainfo.png","width":460,"height":50,"caption":"Guzzo Photos & Graphic Publications"},"image":{"@id":"https:\/\/elcanillita.info\/press\/#\/schema\/logo\/image\/"},"sameAs":["https:\/\/ar-ar.facebook.com\/ElCanillitainfo-114249515285712\/"]},{"@type":"Person","@id":"https:\/\/elcanillita.info\/press\/#\/schema\/person\/7fcb79f38045700919f7da6d97e71ba0","name":"SalaStampa.eu, world press service","image":{"@type":"ImageObject","inLanguage":"es-AR","@id":"https:\/\/secure.gravatar.com\/avatar\/c2f0e0d515a107624234994507816ca4724c7199cef73fc8bedebf6931d73888?s=96&d=mm&r=g","url":"https:\/\/secure.gravatar.com\/avatar\/c2f0e0d515a107624234994507816ca4724c7199cef73fc8bedebf6931d73888?s=96&d=mm&r=g","contentUrl":"https:\/\/secure.gravatar.com\/avatar\/c2f0e0d515a107624234994507816ca4724c7199cef73fc8bedebf6931d73888?s=96&d=mm&r=g","caption":"SalaStampa.eu, world press service"}}]}},"views":728,"_links":{"self":[{"href":"https:\/\/elcanillita.info\/press\/wp-json\/wp\/v2\/posts\/445","targetHints":{"allow":["GET"]}}],"collection":[{"href":"https:\/\/elcanillita.info\/press\/wp-json\/wp\/v2\/posts"}],"about":[{"href":"https:\/\/elcanillita.info\/press\/wp-json\/wp\/v2\/types\/post"}],"author":[{"embeddable":true,"href":"https:\/\/elcanillita.info\/press\/wp-json\/wp\/v2\/users\/1"}],"replies":[{"embeddable":true,"href":"https:\/\/elcanillita.info\/press\/wp-json\/wp\/v2\/comments?post=445"}],"version-history":[{"count":0,"href":"https:\/\/elcanillita.info\/press\/wp-json\/wp\/v2\/posts\/445\/revisions"}],"wp:attachment":[{"href":"https:\/\/elcanillita.info\/press\/wp-json\/wp\/v2\/media?parent=445"}],"wp:term":[{"taxonomy":"category","embeddable":true,"href":"https:\/\/elcanillita.info\/press\/wp-json\/wp\/v2\/categories?post=445"},{"taxonomy":"post_tag","embeddable":true,"href":"https:\/\/elcanillita.info\/press\/wp-json\/wp\/v2\/tags?post=445"}],"curies":[{"name":"wp","href":"https:\/\/api.w.org\/{rel}","templated":true}]}}