{"id":4441,"date":"2025-03-31T06:52:59","date_gmt":"2025-03-31T09:52:59","guid":{"rendered":"https:\/\/elcanillita.info\/press\/?p=4441"},"modified":"2025-03-31T07:08:50","modified_gmt":"2025-03-31T10:08:50","slug":"roma-no-paga-a-los-traidores","status":"publish","type":"post","link":"https:\/\/elcanillita.info\/press\/2025\/03\/31\/roma-no-paga-a-los-traidores\/","title":{"rendered":"Roma no paga a los traidores"},"content":{"rendered":"\n<figure class=\"wp-block-image size-full\"><img loading=\"lazy\" decoding=\"async\" width=\"600\" height=\"376\" src=\"https:\/\/elcanillita.info\/press\/images\/2023\/10\/mass_20231023.jpeg\" alt=\"\" class=\"wp-image-3797\" srcset=\"https:\/\/elcanillita.info\/press\/images\/2023\/10\/mass_20231023.jpeg 600w, https:\/\/elcanillita.info\/press\/images\/2023\/10\/mass_20231023-300x188.jpeg 300w\" sizes=\"auto, (max-width: 600px) 100vw, 600px\" \/><\/figure>\n\n\n\n<p><small>Buenos Aires, 31\/03\/2025<\/small><br><em><strong>Por Enrique Guillermo Avogadro<\/strong><\/em><br>Evidentemente, Javier Milei y su equipo econ\u00f3mico \u2013 y con ellos, todos nosotros \u2013 se encuentra bajo fuego graneado, tal como demuestra el casi nulo impacto en las cotizaciones, los bonos y las acciones argentinas \u2013 y con ellos, el riesgo-pa\u00eds- que tuvo la confirmaci\u00f3n, por parte del FMI, de la magnitud del cr\u00e9dito que la Argentina recibir\u00eda en el corto plazo.<br><br>Hay mucha gente jugando fuerte en el mercado cambiario a favor de una devaluaci\u00f3n inmediata y, por eso, los dem\u00e1s deber\u00edamos estar prendiendo velas para que el desembolso se concrete lo antes posible porque, si se demorara otras tres semanas, las reservas del Banco Central seguir\u00e1n y\u00e9ndose a un ritmo alarmante y creciente.<br>Y ojal\u00e1 lleguen en el entretiempo los cr\u00e9dito-puente que hemos pedido al Banco Mundial, a la CAF y al BID, porque dar\u00edan fortaleza a esas asediadas reservas y calmar\u00edan a los especuladores.<br><br>Seguramente, a partir de mayo tambi\u00e9n veremos el ingreso de divisas provenientes del campo y de las exportaciones de energ\u00eda, y permitir\u00e1n tranquilizar las aguas, comenzar a levantar gradualmente el cepo, mejorar la microeconom\u00eda y dar soporte pol\u00edtico al Gobierno de cara a las elecciones legislativas. Pero no s\u00f3lo se trata de ataques enemigos, sino que el fuego amigo est\u00e1 da\u00f1ando seriamente la imagen de La Libertad Avanza.<br><br>Los papelones protagonizados, con tono de follet\u00edn berreta, por sus legisladores en la C\u00e1mara de Diputados, no son gratuitos as\u00ed como tampoco lo son las expulsiones de algunas figuras originarias y sus reemplazos por tr\u00e1nsfugas provenientes de otras fuerzas a los que, como juran lealtad eterna mientras cruzan los dedos a la espalda, se recibe con los brazos abiertos bajo la consigna \u201clos que la vieron\u201d.<br><br>Pero sucede que, en su mayor\u00eda, esos neo creyentes provienen de las filas del Aceitoso Massa, cuando no directamente de La C\u00e1mpora, con todo lo que ello implica para el futuro de sus nuevas lealtades. Tambi\u00e9n Karina Milei y Santiago Caputo deber\u00edan respetar aquella vieja m\u00e1xima: <a href=\"#Roma\">Roma no paga traidores<\/a>, puesto que as\u00ed se cubrir\u00edan mejor las espaldas.<br>Lamentablemente, la pelea a fondo entre LLA y PRO \u2013 que podr\u00eda traducirse como entre Mauricio Macri y Santiago Caputo \u2013 da cuenta del empecinamiento de este \u00faltimo en perseverar en el error y negarse a sellar una positiva alianza que permitiera desalojar al pero-kirchnerismo de la tan crucial Provincia de Buenos Aires, donde tiene su dirimente basti\u00f3n electoral en la tercera secci\u00f3n electoral.<br><br>Pero Javier Milei sigue teniendo suerte en el terreno pol\u00edtico, puesto que enfrente no hay nadie significativo.<br>Al innegable, aunque lento, eclipse del poder de Cristina Fern\u00e1ndez al interior del pero-kirchnerismo, probado por la permanente sangr\u00eda de gobernadores e intendentes que sufre, le impide \u2013 al menos, por ahora \u2013 imponer el liderazgo de su hijo M\u00e1ximo ante un Axel Kiciloff envalentonado e injustificadamente esperanzado en asumir roles mayores a nivel nacional.<br><br>El radicalismo tambi\u00e9n atraviesa una crisis terminal, a la que sin duda se puede atribuir el origen en la ins\u00f3lita designaci\u00f3n de Mart\u00edn Lousteau como Presidente de su Convenci\u00f3n Nacional; se trata de un personaje al que ni los propios miembros de sus bloques parlamentarios respetan ni, menos a\u00fan, obedecen.<br>El Frente Renovador del Aceitoso Sergio Massa, carga con la inolvidable y pesada mochila de la nefasta gesti\u00f3n de su jefe como Ministro de Econom\u00eda del gobierno de los Fern\u00e1ndez\u00b2y de su performance como fallido candidato a presidente por ese espacio. Como lo tiene bien presente, ha optado por desaparecer del escenario principal y s\u00f3lo se ofrece &#8211; \u00bfcu\u00e1ndo no? \u2013 como gran pacificador y reorganizador del peronismo bonaerense.<br><br>Y el PRO se desgaja diariamente tanto por la fuga personal de algunos dirigentes de peso hacia el soleado campamento libertario cuanto por la rebeli\u00f3n que Horacio Rodr\u00edguez Larreta, montado sobre la buena imagen de su gesti\u00f3n como Jefe de Gobierno porte\u00f1o, encabeza contra el fundador del partido. <\/p>\n\n\n\n<p><small>Copyright \u00a9 2025 ElCanillita.info \/ SalaStampa.Eu, world press service<\/small><br><small>Guzzo Photos &amp; Graphic Publications &#8211; Registro Editori e Stampatori n. 1441 Torino, Italia<\/small><br><\/p>\n\n\n\n<div style=\"width:90%; padding-left:50px; font-size:0.8em; text-align: justify;\">\n<b><br><a name=\"Roma\"><\/a>Roma no paga traidores<\/b><br>\nEsta frase, atribuida a la historia romana, &#8220;Roma no paga traidores&#8221;. Se utiliza a menudo para enfatizar la integridad y lealtad de la antigua Roma, que prefer\u00eda enfrentar a los enemigos con honor en lugar de recompensar a quienes traicionaban a su pa\u00eds o a sus aliados..<br>\n<br>\n\nUno de los episodios m\u00e1s famosos vinculados a esta frase se refiere a la Segunda Guerra P\u00fanica, cuando un ciudadano ib\u00e9rico ofreci\u00f3 a Roma la oportunidad de traicionar y capturar al general cartagin\u00e9s An\u00edbal. Se dice que los romanos se negaron, declarando que nunca recompensar\u00edan a un traidor..<br>\n<br> \nLa m\u00e1xima &#8220;Roma no paga traidores&#8221; era una expresi\u00f3n usada como s\u00edmbolo de la justicia y la integridad moral romanas. Aunque Roma no dudaba en recurrir a estrategias pol\u00edticas sin escr\u00fapulos, la traici\u00f3n directa y personal era vista con desprecio.\n<br><br><\/div>\n","protected":false},"excerpt":{"rendered":"<p>La m\u00e1xima &#8220;Roma no paga a los traidores&#8221; era una expresi\u00f3n usada como s\u00edmbolo de la justicia y la integridad moral romanas. Aunque Roma no dudaba en recurrir a estrategias pol\u00edticas sin escr\u00fapulos, la traici\u00f3n directa y personal era vista con desprecio.<\/p>\n","protected":false},"author":1,"featured_media":3799,"comment_status":"closed","ping_status":"closed","sticky":false,"template":"","format":"standard","meta":{"footnotes":"","_links_to":"","_links_to_target":""},"categories":[121,108,70,11,118,23],"tags":[29],"class_list":["post-4441","post","type-post","status-publish","format-standard","has-post-thumbnail","hentry","category-dc24","category-blogdiario","category-actualidad","category-america-del-sur","category-corrupcion","category-politica","tag-argentina","entry","double"],"yoast_head":"<!-- This site is optimized with the Yoast SEO plugin v27.4 - https:\/\/yoast.com\/product\/yoast-seo-wordpress\/ -->\n<title>Roma no paga a los traidores - ElCanillita.Info<\/title>\n<meta name=\"robots\" content=\"index, follow, max-snippet:-1, max-image-preview:large, max-video-preview:-1\" \/>\n<link rel=\"canonical\" href=\"https:\/\/elcanillita.info\/press\/2025\/03\/31\/roma-no-paga-a-los-traidores\/\" \/>\n<meta property=\"og:locale\" content=\"es_ES\" \/>\n<meta property=\"og:type\" content=\"article\" \/>\n<meta property=\"og:title\" content=\"Roma no paga a los traidores - ElCanillita.Info\" \/>\n<meta property=\"og:description\" content=\"La m\u00e1xima &quot;Roma no paga a los traidores&quot; era una expresi\u00f3n usada como s\u00edmbolo de la justicia y la integridad moral romanas. Aunque Roma no dudaba en recurrir a estrategias pol\u00edticas sin escr\u00fapulos, la traici\u00f3n directa y personal era vista con desprecio.\" \/>\n<meta property=\"og:url\" content=\"https:\/\/elcanillita.info\/press\/2025\/03\/31\/roma-no-paga-a-los-traidores\/\" \/>\n<meta property=\"og:site_name\" content=\"ElCanillita.Info\" \/>\n<meta property=\"article:publisher\" content=\"https:\/\/ar-ar.facebook.com\/ElCanillitainfo-114249515285712\/\" \/>\n<meta property=\"article:published_time\" content=\"2025-03-31T09:52:59+00:00\" \/>\n<meta property=\"article:modified_time\" content=\"2025-03-31T10:08:50+00:00\" \/>\n<meta property=\"og:image\" content=\"https:\/\/elcanillita.info\/press\/images\/2023\/10\/mass_cov_20231023.jpeg\" \/>\n\t<meta property=\"og:image:width\" content=\"600\" \/>\n\t<meta property=\"og:image:height\" content=\"400\" \/>\n\t<meta property=\"og:image:type\" content=\"image\/jpeg\" \/>\n<meta name=\"author\" content=\"SalaStampa.eu, world press service\" \/>\n<meta name=\"twitter:card\" content=\"summary_large_image\" \/>\n<meta name=\"twitter:label1\" content=\"Escrito por\" \/>\n\t<meta name=\"twitter:data1\" content=\"SalaStampa.eu, world press service\" \/>\n\t<meta name=\"twitter:label2\" content=\"Tiempo de lectura\" \/>\n\t<meta name=\"twitter:data2\" content=\"5 minutos\" \/>\n<script type=\"application\/ld+json\" class=\"yoast-schema-graph\">{\"@context\":\"https:\\\/\\\/schema.org\",\"@graph\":[{\"@type\":\"Article\",\"@id\":\"https:\\\/\\\/elcanillita.info\\\/press\\\/2025\\\/03\\\/31\\\/roma-no-paga-a-los-traidores\\\/#article\",\"isPartOf\":{\"@id\":\"https:\\\/\\\/elcanillita.info\\\/press\\\/2025\\\/03\\\/31\\\/roma-no-paga-a-los-traidores\\\/\"},\"author\":{\"name\":\"SalaStampa.eu, world press service\",\"@id\":\"https:\\\/\\\/elcanillita.info\\\/press\\\/#\\\/schema\\\/person\\\/7fcb79f38045700919f7da6d97e71ba0\"},\"headline\":\"Roma no paga a los traidores\",\"datePublished\":\"2025-03-31T09:52:59+00:00\",\"dateModified\":\"2025-03-31T10:08:50+00:00\",\"mainEntityOfPage\":{\"@id\":\"https:\\\/\\\/elcanillita.info\\\/press\\\/2025\\\/03\\\/31\\\/roma-no-paga-a-los-traidores\\\/\"},\"wordCount\":872,\"publisher\":{\"@id\":\"https:\\\/\\\/elcanillita.info\\\/press\\\/#organization\"},\"image\":{\"@id\":\"https:\\\/\\\/elcanillita.info\\\/press\\\/2025\\\/03\\\/31\\\/roma-no-paga-a-los-traidores\\\/#primaryimage\"},\"thumbnailUrl\":\"https:\\\/\\\/elcanillita.info\\\/press\\\/images\\\/2023\\\/10\\\/mass_cov_20231023.jpeg\",\"keywords\":[\"Argentina\"],\"articleSection\":[\".\",\".\",\"Actualidad\",\"Am\u00e9rica del Sur\",\"Corrupci\u00f3n\",\"Politica\"],\"inLanguage\":\"es-AR\"},{\"@type\":\"WebPage\",\"@id\":\"https:\\\/\\\/elcanillita.info\\\/press\\\/2025\\\/03\\\/31\\\/roma-no-paga-a-los-traidores\\\/\",\"url\":\"https:\\\/\\\/elcanillita.info\\\/press\\\/2025\\\/03\\\/31\\\/roma-no-paga-a-los-traidores\\\/\",\"name\":\"Roma no paga a los traidores - ElCanillita.Info\",\"isPartOf\":{\"@id\":\"https:\\\/\\\/elcanillita.info\\\/press\\\/#website\"},\"primaryImageOfPage\":{\"@id\":\"https:\\\/\\\/elcanillita.info\\\/press\\\/2025\\\/03\\\/31\\\/roma-no-paga-a-los-traidores\\\/#primaryimage\"},\"image\":{\"@id\":\"https:\\\/\\\/elcanillita.info\\\/press\\\/2025\\\/03\\\/31\\\/roma-no-paga-a-los-traidores\\\/#primaryimage\"},\"thumbnailUrl\":\"https:\\\/\\\/elcanillita.info\\\/press\\\/images\\\/2023\\\/10\\\/mass_cov_20231023.jpeg\",\"datePublished\":\"2025-03-31T09:52:59+00:00\",\"dateModified\":\"2025-03-31T10:08:50+00:00\",\"inLanguage\":\"es-AR\",\"potentialAction\":[{\"@type\":\"ReadAction\",\"target\":[\"https:\\\/\\\/elcanillita.info\\\/press\\\/2025\\\/03\\\/31\\\/roma-no-paga-a-los-traidores\\\/\"]}]},{\"@type\":\"ImageObject\",\"inLanguage\":\"es-AR\",\"@id\":\"https:\\\/\\\/elcanillita.info\\\/press\\\/2025\\\/03\\\/31\\\/roma-no-paga-a-los-traidores\\\/#primaryimage\",\"url\":\"https:\\\/\\\/elcanillita.info\\\/press\\\/images\\\/2023\\\/10\\\/mass_cov_20231023.jpeg\",\"contentUrl\":\"https:\\\/\\\/elcanillita.info\\\/press\\\/images\\\/2023\\\/10\\\/mass_cov_20231023.jpeg\",\"width\":600,\"height\":400},{\"@type\":\"WebSite\",\"@id\":\"https:\\\/\\\/elcanillita.info\\\/press\\\/#website\",\"url\":\"https:\\\/\\\/elcanillita.info\\\/press\\\/\",\"name\":\"ElCanillita.Info\",\"description\":\"desde los Apeninos a los Andes\",\"publisher\":{\"@id\":\"https:\\\/\\\/elcanillita.info\\\/press\\\/#organization\"},\"potentialAction\":[{\"@type\":\"SearchAction\",\"target\":{\"@type\":\"EntryPoint\",\"urlTemplate\":\"https:\\\/\\\/elcanillita.info\\\/press\\\/?s={search_term_string}\"},\"query-input\":{\"@type\":\"PropertyValueSpecification\",\"valueRequired\":true,\"valueName\":\"search_term_string\"}}],\"inLanguage\":\"es-AR\"},{\"@type\":\"Organization\",\"@id\":\"https:\\\/\\\/elcanillita.info\\\/press\\\/#organization\",\"name\":\"Guzzo Photos & Graphic Publications\",\"url\":\"https:\\\/\\\/elcanillita.info\\\/press\\\/\",\"logo\":{\"@type\":\"ImageObject\",\"inLanguage\":\"es-AR\",\"@id\":\"https:\\\/\\\/elcanillita.info\\\/press\\\/#\\\/schema\\\/logo\\\/image\\\/\",\"url\":\"https:\\\/\\\/elcanillita.info\\\/press\\\/images\\\/2020\\\/01\\\/cropped-cropped-cropped-elcanillitainfo.png\",\"contentUrl\":\"https:\\\/\\\/elcanillita.info\\\/press\\\/images\\\/2020\\\/01\\\/cropped-cropped-cropped-elcanillitainfo.png\",\"width\":460,\"height\":50,\"caption\":\"Guzzo Photos & Graphic Publications\"},\"image\":{\"@id\":\"https:\\\/\\\/elcanillita.info\\\/press\\\/#\\\/schema\\\/logo\\\/image\\\/\"},\"sameAs\":[\"https:\\\/\\\/ar-ar.facebook.com\\\/ElCanillitainfo-114249515285712\\\/\"]},{\"@type\":\"Person\",\"@id\":\"https:\\\/\\\/elcanillita.info\\\/press\\\/#\\\/schema\\\/person\\\/7fcb79f38045700919f7da6d97e71ba0\",\"name\":\"SalaStampa.eu, world press service\",\"image\":{\"@type\":\"ImageObject\",\"inLanguage\":\"es-AR\",\"@id\":\"https:\\\/\\\/secure.gravatar.com\\\/avatar\\\/c2f0e0d515a107624234994507816ca4724c7199cef73fc8bedebf6931d73888?s=96&d=mm&r=g\",\"url\":\"https:\\\/\\\/secure.gravatar.com\\\/avatar\\\/c2f0e0d515a107624234994507816ca4724c7199cef73fc8bedebf6931d73888?s=96&d=mm&r=g\",\"contentUrl\":\"https:\\\/\\\/secure.gravatar.com\\\/avatar\\\/c2f0e0d515a107624234994507816ca4724c7199cef73fc8bedebf6931d73888?s=96&d=mm&r=g\",\"caption\":\"SalaStampa.eu, world press service\"}}]}<\/script>\n<!-- \/ Yoast SEO plugin. -->","yoast_head_json":{"title":"Roma no paga a los traidores - ElCanillita.Info","robots":{"index":"index","follow":"follow","max-snippet":"max-snippet:-1","max-image-preview":"max-image-preview:large","max-video-preview":"max-video-preview:-1"},"canonical":"https:\/\/elcanillita.info\/press\/2025\/03\/31\/roma-no-paga-a-los-traidores\/","og_locale":"es_ES","og_type":"article","og_title":"Roma no paga a los traidores - ElCanillita.Info","og_description":"La m\u00e1xima \"Roma no paga a los traidores\" era una expresi\u00f3n usada como s\u00edmbolo de la justicia y la integridad moral romanas. Aunque Roma no dudaba en recurrir a estrategias pol\u00edticas sin escr\u00fapulos, la traici\u00f3n directa y personal era vista con desprecio.","og_url":"https:\/\/elcanillita.info\/press\/2025\/03\/31\/roma-no-paga-a-los-traidores\/","og_site_name":"ElCanillita.Info","article_publisher":"https:\/\/ar-ar.facebook.com\/ElCanillitainfo-114249515285712\/","article_published_time":"2025-03-31T09:52:59+00:00","article_modified_time":"2025-03-31T10:08:50+00:00","og_image":[{"width":600,"height":400,"url":"https:\/\/elcanillita.info\/press\/images\/2023\/10\/mass_cov_20231023.jpeg","type":"image\/jpeg"}],"author":"SalaStampa.eu, world press service","twitter_card":"summary_large_image","twitter_misc":{"Escrito por":"SalaStampa.eu, world press service","Tiempo de lectura":"5 minutos"},"schema":{"@context":"https:\/\/schema.org","@graph":[{"@type":"Article","@id":"https:\/\/elcanillita.info\/press\/2025\/03\/31\/roma-no-paga-a-los-traidores\/#article","isPartOf":{"@id":"https:\/\/elcanillita.info\/press\/2025\/03\/31\/roma-no-paga-a-los-traidores\/"},"author":{"name":"SalaStampa.eu, world press service","@id":"https:\/\/elcanillita.info\/press\/#\/schema\/person\/7fcb79f38045700919f7da6d97e71ba0"},"headline":"Roma no paga a los traidores","datePublished":"2025-03-31T09:52:59+00:00","dateModified":"2025-03-31T10:08:50+00:00","mainEntityOfPage":{"@id":"https:\/\/elcanillita.info\/press\/2025\/03\/31\/roma-no-paga-a-los-traidores\/"},"wordCount":872,"publisher":{"@id":"https:\/\/elcanillita.info\/press\/#organization"},"image":{"@id":"https:\/\/elcanillita.info\/press\/2025\/03\/31\/roma-no-paga-a-los-traidores\/#primaryimage"},"thumbnailUrl":"https:\/\/elcanillita.info\/press\/images\/2023\/10\/mass_cov_20231023.jpeg","keywords":["Argentina"],"articleSection":[".",".","Actualidad","Am\u00e9rica del Sur","Corrupci\u00f3n","Politica"],"inLanguage":"es-AR"},{"@type":"WebPage","@id":"https:\/\/elcanillita.info\/press\/2025\/03\/31\/roma-no-paga-a-los-traidores\/","url":"https:\/\/elcanillita.info\/press\/2025\/03\/31\/roma-no-paga-a-los-traidores\/","name":"Roma no paga a los traidores - ElCanillita.Info","isPartOf":{"@id":"https:\/\/elcanillita.info\/press\/#website"},"primaryImageOfPage":{"@id":"https:\/\/elcanillita.info\/press\/2025\/03\/31\/roma-no-paga-a-los-traidores\/#primaryimage"},"image":{"@id":"https:\/\/elcanillita.info\/press\/2025\/03\/31\/roma-no-paga-a-los-traidores\/#primaryimage"},"thumbnailUrl":"https:\/\/elcanillita.info\/press\/images\/2023\/10\/mass_cov_20231023.jpeg","datePublished":"2025-03-31T09:52:59+00:00","dateModified":"2025-03-31T10:08:50+00:00","inLanguage":"es-AR","potentialAction":[{"@type":"ReadAction","target":["https:\/\/elcanillita.info\/press\/2025\/03\/31\/roma-no-paga-a-los-traidores\/"]}]},{"@type":"ImageObject","inLanguage":"es-AR","@id":"https:\/\/elcanillita.info\/press\/2025\/03\/31\/roma-no-paga-a-los-traidores\/#primaryimage","url":"https:\/\/elcanillita.info\/press\/images\/2023\/10\/mass_cov_20231023.jpeg","contentUrl":"https:\/\/elcanillita.info\/press\/images\/2023\/10\/mass_cov_20231023.jpeg","width":600,"height":400},{"@type":"WebSite","@id":"https:\/\/elcanillita.info\/press\/#website","url":"https:\/\/elcanillita.info\/press\/","name":"ElCanillita.Info","description":"desde los Apeninos a los Andes","publisher":{"@id":"https:\/\/elcanillita.info\/press\/#organization"},"potentialAction":[{"@type":"SearchAction","target":{"@type":"EntryPoint","urlTemplate":"https:\/\/elcanillita.info\/press\/?s={search_term_string}"},"query-input":{"@type":"PropertyValueSpecification","valueRequired":true,"valueName":"search_term_string"}}],"inLanguage":"es-AR"},{"@type":"Organization","@id":"https:\/\/elcanillita.info\/press\/#organization","name":"Guzzo Photos & Graphic Publications","url":"https:\/\/elcanillita.info\/press\/","logo":{"@type":"ImageObject","inLanguage":"es-AR","@id":"https:\/\/elcanillita.info\/press\/#\/schema\/logo\/image\/","url":"https:\/\/elcanillita.info\/press\/images\/2020\/01\/cropped-cropped-cropped-elcanillitainfo.png","contentUrl":"https:\/\/elcanillita.info\/press\/images\/2020\/01\/cropped-cropped-cropped-elcanillitainfo.png","width":460,"height":50,"caption":"Guzzo Photos & Graphic Publications"},"image":{"@id":"https:\/\/elcanillita.info\/press\/#\/schema\/logo\/image\/"},"sameAs":["https:\/\/ar-ar.facebook.com\/ElCanillitainfo-114249515285712\/"]},{"@type":"Person","@id":"https:\/\/elcanillita.info\/press\/#\/schema\/person\/7fcb79f38045700919f7da6d97e71ba0","name":"SalaStampa.eu, world press service","image":{"@type":"ImageObject","inLanguage":"es-AR","@id":"https:\/\/secure.gravatar.com\/avatar\/c2f0e0d515a107624234994507816ca4724c7199cef73fc8bedebf6931d73888?s=96&d=mm&r=g","url":"https:\/\/secure.gravatar.com\/avatar\/c2f0e0d515a107624234994507816ca4724c7199cef73fc8bedebf6931d73888?s=96&d=mm&r=g","contentUrl":"https:\/\/secure.gravatar.com\/avatar\/c2f0e0d515a107624234994507816ca4724c7199cef73fc8bedebf6931d73888?s=96&d=mm&r=g","caption":"SalaStampa.eu, world press service"}}]}},"views":295,"_links":{"self":[{"href":"https:\/\/elcanillita.info\/press\/wp-json\/wp\/v2\/posts\/4441","targetHints":{"allow":["GET"]}}],"collection":[{"href":"https:\/\/elcanillita.info\/press\/wp-json\/wp\/v2\/posts"}],"about":[{"href":"https:\/\/elcanillita.info\/press\/wp-json\/wp\/v2\/types\/post"}],"author":[{"embeddable":true,"href":"https:\/\/elcanillita.info\/press\/wp-json\/wp\/v2\/users\/1"}],"replies":[{"embeddable":true,"href":"https:\/\/elcanillita.info\/press\/wp-json\/wp\/v2\/comments?post=4441"}],"version-history":[{"count":0,"href":"https:\/\/elcanillita.info\/press\/wp-json\/wp\/v2\/posts\/4441\/revisions"}],"wp:featuredmedia":[{"embeddable":true,"href":"https:\/\/elcanillita.info\/press\/wp-json\/wp\/v2\/media\/3799"}],"wp:attachment":[{"href":"https:\/\/elcanillita.info\/press\/wp-json\/wp\/v2\/media?parent=4441"}],"wp:term":[{"taxonomy":"category","embeddable":true,"href":"https:\/\/elcanillita.info\/press\/wp-json\/wp\/v2\/categories?post=4441"},{"taxonomy":"post_tag","embeddable":true,"href":"https:\/\/elcanillita.info\/press\/wp-json\/wp\/v2\/tags?post=4441"}],"curies":[{"name":"wp","href":"https:\/\/api.w.org\/{rel}","templated":true}]}}