{"id":4433,"date":"2025-03-18T23:30:00","date_gmt":"2025-03-19T02:30:00","guid":{"rendered":"https:\/\/elcanillita.info\/press\/?p=4433"},"modified":"2025-03-19T10:12:50","modified_gmt":"2025-03-19T13:12:50","slug":"la-nasa-desmiente-las-afirmaciones-de-trump-musk","status":"publish","type":"post","link":"https:\/\/elcanillita.info\/press\/2025\/03\/18\/la-nasa-desmiente-las-afirmaciones-de-trump-musk\/","title":{"rendered":"La NASA desmiente las afirmaciones de Trump &amp; Musk"},"content":{"rendered":"\n<figure class=\"wp-block-image size-full\"><img loading=\"lazy\" decoding=\"async\" width=\"600\" height=\"335\" src=\"https:\/\/elcanillita.info\/press\/images\/2025\/03\/capsula-Crew-Dragon_1.jpg\" alt=\"\" class=\"wp-image-4435\" srcset=\"https:\/\/elcanillita.info\/press\/images\/2025\/03\/capsula-Crew-Dragon_1.jpg 600w, https:\/\/elcanillita.info\/press\/images\/2025\/03\/capsula-Crew-Dragon_1-300x168.jpg 300w\" sizes=\"auto, (max-width: 600px) 100vw, 600px\" \/><figcaption class=\"wp-element-caption\">Astronautas de la NASA son recibidos por delfines al amerizar.<\/figcaption><\/figure>\n\n\n\n<p>ElCanillita.info, 18\/03\/2025<br>Dos astronautas, Suni Williams y Butch Wilmore, cuya misi\u00f3n de ocho d\u00edas en la Estaci\u00f3n Espacial Internacional (EEI) termin\u00f3 en una odisea de nueve meses envuelta en propaganda pol\u00edtica, finalmente regresaron a Tierra.<br><br>Butch Wilmore y Suni Williams, junto con sus colegas de la NASA, Nick Hague, y el cosmonauta Aleksandr Gorbunov \u2014conocidos colectivamente como la Tripulaci\u00f3n 9\u2014 amerizaron en Florida justo antes de las 18:00 ET (22:00 GMT) del martes, tras un viaje de 17 horas a bordo de la c\u00e1psula Crew Dragon de SpaceX.<br><br>Wilmore y Williams respiraron aire fresco por primera vez desde el 5 de junio del a\u00f1o pasado cuando los ingenieros abrieron la escotilla lateral de la c\u00e1psula 41 minutos despu\u00e9s del amerizaje, tras izarla a bordo de una nave de recuperaci\u00f3n. Una manada de delfines jugaba alrededor de la c\u00e1psula mientras el equipo de recuperaci\u00f3n trabajaba para cargarla sobre la nave.<br><br>La tripulaci\u00f3n fue extra\u00edda de la c\u00e1psula en camillas y llevada a revisiones m\u00e9dicas, un procedimiento est\u00e1ndar despu\u00e9s de misiones de larga duraci\u00f3n, debido a los meses pasados \u200b\u200ben condiciones de microgravedad. Williams y Wilmore sonrieron ampliamente, conversaron con los miembros del equipo de SpaceX, saludaron con la mano y mostraron sus pulgares hacia arriba. Fueron trasladados a tierra en helic\u00f3ptero y luego hacia Houston, Texas, sede del Centro Espacial Johnson de la NASA.<br><br>Wilmore, de 62 a\u00f1os, y Williams, de 59, partieron en una Boeing Starliner el pasado junio para lo que se supon\u00eda ser\u00eda un vuelo de prueba de ida por ocho d\u00edas a la EEI y vuelta, para certificar la nueva nave espacial proyectada para servicios operativos de rutina.<br><br>Cuando la capsula espacial Starliner, desarrollada por la Boeing para transportar astronautas y carga hacia la Estacion Espacial, present\u00f3 problemas t\u00e9cnicos, los directivos de la NASA decidieron que regresara a Tierra sin tripulaci\u00f3n, por motivos de seguridad. Motivo por el cual se prolong\u00f3 la misi\u00f3n de la pareja, asign\u00e1ndolos a unirse a sus colegas en la EEI, donde se realizan investigaciones cient\u00edficas y tecnol\u00f3gicas.<\/p>\n\n\n\n<p><br>El regreso a casa de Wilmore y Williams forma parte de un intercambio rutinario de tripulaci\u00f3n planeado el a\u00f1o pasado \u2014utilizando una c\u00e1psula Crew Dragon que ha estado acoplada a la estaci\u00f3n desde septiembre\u2014 y pone fin a una estancia de 286 d\u00edas en el espacio. Siete astronautas de Estados Unidos, Rusia y Jap\u00f3n permanecen a bordo de la EEI.<br>A fin de este mes, otros dos astronautas, un estadounidense y un ruso, se lanzar\u00e1n a la EEI y se intercambiar\u00e1n con Don Pettit, astronauta de la NASA, y dos colegas rusos.<\/p>\n\n\n\n<p>La tripulaci\u00f3n suele pasar cuatro meses y hasta m\u00e1s de un a\u00f1o a bordo de la EEI, utilizando c\u00e1psulas Crew Dragon o Soyuz para el transporte de ida y vuelta.<\/p>\n\n\n\n<p>Pero la estancia de Wilmore y Williams cobr\u00f3 mayor relevancia despu\u00e9s de que el presidente Trump y Elon Musk, fundador de SpaceX, lanzaran afirmaciones infundadas de que el presidente Biden los hab\u00eda &#8220;abandonado&#8221; all\u00ed por &#8220;razones pol\u00edticas&#8221;.<\/p>\n\n\n\n<p>Los altos mandos de la NASA han desmentido las afirmaciones de Musk de que ofreci\u00f3 enviar una c\u00e1psula para recoger a Wilmore y Williams el a\u00f1o pasado, pero que Biden la rechaz\u00f3. &#8220;No se discuti\u00f3 en absoluto&#8221;, declar\u00f3 Bill Nelson, exadministrador de la NASA, al Washington Post. Wilmore y Williams tambi\u00e9n han rechazado repetidamente los rumores de que alguna vez estuvieron varados.<\/p>\n\n\n\n<p>&#8220;Esa ha sido la narrativa desde el primer d\u00eda: &#8216;varados&#8217;, &#8216;abandonados&#8217; o &#8216;atrapados&#8217;, y lo entiendo. Ambos lo entendemos. Ay\u00fadennos a cambiar la narrativa. Cambi\u00e9mosla a &#8216;preparados y comprometidos a pesar de lo que han estado escuchando&#8217;. Eso es lo que preferimos&#8221;, apel\u00f3 Wilmore en febrero.<\/p>\n\n\n\n<p>Karen Nyberg, quien se retir\u00f3 de la NASA hace cinco a\u00f1os, afirm\u00f3 que hubo &#8220;malentendidos y desinformaci\u00f3n flagrante&#8221; en torno a la misi\u00f3n. \u201cNo existe una misi\u00f3n de &#8216;rescate&#8217; para traer a Butch Wilmore y Suni Williams a casa\u201d, enfatiz\u00f3 en una publicaci\u00f3n en redes sociales, refutando las afirmaciones de Trump de que ambos se encontraban en el centro de una audaz y peligrosa misi\u00f3n de extracci\u00f3n.<\/p>\n\n\n\n<p>\u201cHemos tenido gente viviendo en la EEI sin parar desde noviembre del 2000, as\u00ed que Butch y Suni no eran en una situaci\u00f3n &#8216;aterradora&#8217; ni peligrosa o diferente a la de cualquiera de los 300 astronautas y cosmonautas que han pasado all\u00ed anteriormente\u201d, dijo Nyberg.<\/p>\n\n\n\n<p>A\u00f1adi\u00f3: \u201cAunque s\u00e9 que Butch y Suni tuvieron que hacer un gran ajuste mental cuando el plan cambi\u00f3 de una misi\u00f3n de ocho d\u00edas a una de varios meses; hacer esos ajustes suele ser parte del trabajo\u201d. EE.UU.<\/p>\n\n\n<p><iframe loading=\"lazy\" src=\"https:\/\/elcanillita.info\/press\/images\/2025\/03\/Crew Dragon\" name=\"ElCanillita.info\" scrolling=\"no\" width=\"100%\" height=\"600px\" frameborder=\"0\"><br \/><noframes><body>ElCanillita.info<\/body><\/noframes><\/iframe><small>Copyright \u00a9 2025 ElCanillita.info \/ SalaStampa.Eu, servicio mundial de prensa<\/small><br \/><small>Guzzo Photos &amp; Graphic Publications &#8211; Registro Editori e Stampatori n. 1441 Torino, Italia<\/small><\/small><\/p>\n\n\n<p><\/p>\n","protected":false},"excerpt":{"rendered":"<p>Astronautas de la NASA regresan a casa tras nueve meses de permanencia en el espacio<\/p>\n","protected":false},"author":1,"featured_media":4434,"comment_status":"closed","ping_status":"closed","sticky":false,"template":"","format":"standard","meta":{"footnotes":"","_links_to":"","_links_to_target":""},"categories":[108,121,70,9,24,23],"tags":[],"class_list":["post-4433","post","type-post","status-publish","format-standard","has-post-thumbnail","hentry","category-blogdiario","category-dc24","category-actualidad","category-america-del-norte","category-ciencia-tecnologia","category-politica","entry","double"],"yoast_head":"<!-- This site is optimized with the Yoast SEO plugin v27.5 - https:\/\/yoast.com\/product\/yoast-seo-wordpress\/ -->\n<title>La NASA desmiente las afirmaciones de Trump &amp; Musk - ElCanillita.Info<\/title>\n<meta name=\"robots\" content=\"index, follow, max-snippet:-1, max-image-preview:large, max-video-preview:-1\" \/>\n<link rel=\"canonical\" href=\"https:\/\/elcanillita.info\/press\/2025\/03\/18\/la-nasa-desmiente-las-afirmaciones-de-trump-musk\/\" \/>\n<meta property=\"og:locale\" content=\"es_ES\" \/>\n<meta property=\"og:type\" content=\"article\" \/>\n<meta property=\"og:title\" content=\"La NASA desmiente las afirmaciones de Trump &amp; Musk - ElCanillita.Info\" \/>\n<meta property=\"og:description\" content=\"Astronautas de la NASA regresan a casa tras nueve meses de permanencia en el espacio\" \/>\n<meta property=\"og:url\" content=\"https:\/\/elcanillita.info\/press\/2025\/03\/18\/la-nasa-desmiente-las-afirmaciones-de-trump-musk\/\" \/>\n<meta property=\"og:site_name\" content=\"ElCanillita.Info\" \/>\n<meta property=\"article:publisher\" content=\"https:\/\/ar-ar.facebook.com\/ElCanillitainfo-114249515285712\/\" \/>\n<meta property=\"article:published_time\" content=\"2025-03-19T02:30:00+00:00\" \/>\n<meta property=\"article:modified_time\" content=\"2025-03-19T13:12:50+00:00\" \/>\n<meta property=\"og:image\" content=\"https:\/\/elcanillita.info\/press\/images\/2025\/03\/capsula-Crew-Dragon_12.jpg\" \/>\n\t<meta property=\"og:image:width\" content=\"600\" \/>\n\t<meta property=\"og:image:height\" content=\"323\" \/>\n\t<meta property=\"og:image:type\" content=\"image\/jpeg\" \/>\n<meta name=\"author\" content=\"SalaStampa.eu, world press service\" \/>\n<meta name=\"twitter:card\" content=\"summary_large_image\" \/>\n<meta name=\"twitter:label1\" content=\"Escrito por\" \/>\n\t<meta name=\"twitter:data1\" content=\"SalaStampa.eu, world press service\" \/>\n\t<meta name=\"twitter:label2\" content=\"Tiempo de lectura\" \/>\n\t<meta name=\"twitter:data2\" content=\"5 minutos\" \/>\n<script type=\"application\/ld+json\" class=\"yoast-schema-graph\">{\"@context\":\"https:\\\/\\\/schema.org\",\"@graph\":[{\"@type\":\"Article\",\"@id\":\"https:\\\/\\\/elcanillita.info\\\/press\\\/2025\\\/03\\\/18\\\/la-nasa-desmiente-las-afirmaciones-de-trump-musk\\\/#article\",\"isPartOf\":{\"@id\":\"https:\\\/\\\/elcanillita.info\\\/press\\\/2025\\\/03\\\/18\\\/la-nasa-desmiente-las-afirmaciones-de-trump-musk\\\/\"},\"author\":{\"name\":\"SalaStampa.eu, world press service\",\"@id\":\"https:\\\/\\\/elcanillita.info\\\/press\\\/#\\\/schema\\\/person\\\/7fcb79f38045700919f7da6d97e71ba0\"},\"headline\":\"La NASA desmiente las afirmaciones de Trump &amp; Musk\",\"datePublished\":\"2025-03-19T02:30:00+00:00\",\"dateModified\":\"2025-03-19T13:12:50+00:00\",\"mainEntityOfPage\":{\"@id\":\"https:\\\/\\\/elcanillita.info\\\/press\\\/2025\\\/03\\\/18\\\/la-nasa-desmiente-las-afirmaciones-de-trump-musk\\\/\"},\"wordCount\":847,\"publisher\":{\"@id\":\"https:\\\/\\\/elcanillita.info\\\/press\\\/#organization\"},\"image\":{\"@id\":\"https:\\\/\\\/elcanillita.info\\\/press\\\/2025\\\/03\\\/18\\\/la-nasa-desmiente-las-afirmaciones-de-trump-musk\\\/#primaryimage\"},\"thumbnailUrl\":\"https:\\\/\\\/elcanillita.info\\\/press\\\/images\\\/2025\\\/03\\\/capsula-Crew-Dragon_12.jpg\",\"articleSection\":[\".\",\".\",\"Actualidad\",\"Am\u00e9rica del Norte\",\"Ciencia y Tecnologia\",\"Politica\"],\"inLanguage\":\"es-AR\"},{\"@type\":\"WebPage\",\"@id\":\"https:\\\/\\\/elcanillita.info\\\/press\\\/2025\\\/03\\\/18\\\/la-nasa-desmiente-las-afirmaciones-de-trump-musk\\\/\",\"url\":\"https:\\\/\\\/elcanillita.info\\\/press\\\/2025\\\/03\\\/18\\\/la-nasa-desmiente-las-afirmaciones-de-trump-musk\\\/\",\"name\":\"La NASA desmiente las afirmaciones de Trump &amp; Musk - ElCanillita.Info\",\"isPartOf\":{\"@id\":\"https:\\\/\\\/elcanillita.info\\\/press\\\/#website\"},\"primaryImageOfPage\":{\"@id\":\"https:\\\/\\\/elcanillita.info\\\/press\\\/2025\\\/03\\\/18\\\/la-nasa-desmiente-las-afirmaciones-de-trump-musk\\\/#primaryimage\"},\"image\":{\"@id\":\"https:\\\/\\\/elcanillita.info\\\/press\\\/2025\\\/03\\\/18\\\/la-nasa-desmiente-las-afirmaciones-de-trump-musk\\\/#primaryimage\"},\"thumbnailUrl\":\"https:\\\/\\\/elcanillita.info\\\/press\\\/images\\\/2025\\\/03\\\/capsula-Crew-Dragon_12.jpg\",\"datePublished\":\"2025-03-19T02:30:00+00:00\",\"dateModified\":\"2025-03-19T13:12:50+00:00\",\"inLanguage\":\"es-AR\",\"potentialAction\":[{\"@type\":\"ReadAction\",\"target\":[\"https:\\\/\\\/elcanillita.info\\\/press\\\/2025\\\/03\\\/18\\\/la-nasa-desmiente-las-afirmaciones-de-trump-musk\\\/\"]}]},{\"@type\":\"ImageObject\",\"inLanguage\":\"es-AR\",\"@id\":\"https:\\\/\\\/elcanillita.info\\\/press\\\/2025\\\/03\\\/18\\\/la-nasa-desmiente-las-afirmaciones-de-trump-musk\\\/#primaryimage\",\"url\":\"https:\\\/\\\/elcanillita.info\\\/press\\\/images\\\/2025\\\/03\\\/capsula-Crew-Dragon_12.jpg\",\"contentUrl\":\"https:\\\/\\\/elcanillita.info\\\/press\\\/images\\\/2025\\\/03\\\/capsula-Crew-Dragon_12.jpg\",\"width\":600,\"height\":323},{\"@type\":\"WebSite\",\"@id\":\"https:\\\/\\\/elcanillita.info\\\/press\\\/#website\",\"url\":\"https:\\\/\\\/elcanillita.info\\\/press\\\/\",\"name\":\"ElCanillita.Info\",\"description\":\"desde los Apeninos a los Andes\",\"publisher\":{\"@id\":\"https:\\\/\\\/elcanillita.info\\\/press\\\/#organization\"},\"potentialAction\":[{\"@type\":\"SearchAction\",\"target\":{\"@type\":\"EntryPoint\",\"urlTemplate\":\"https:\\\/\\\/elcanillita.info\\\/press\\\/?s={search_term_string}\"},\"query-input\":{\"@type\":\"PropertyValueSpecification\",\"valueRequired\":true,\"valueName\":\"search_term_string\"}}],\"inLanguage\":\"es-AR\"},{\"@type\":\"Organization\",\"@id\":\"https:\\\/\\\/elcanillita.info\\\/press\\\/#organization\",\"name\":\"Guzzo Photos & Graphic Publications\",\"url\":\"https:\\\/\\\/elcanillita.info\\\/press\\\/\",\"logo\":{\"@type\":\"ImageObject\",\"inLanguage\":\"es-AR\",\"@id\":\"https:\\\/\\\/elcanillita.info\\\/press\\\/#\\\/schema\\\/logo\\\/image\\\/\",\"url\":\"https:\\\/\\\/elcanillita.info\\\/press\\\/images\\\/2020\\\/01\\\/cropped-cropped-cropped-elcanillitainfo.png\",\"contentUrl\":\"https:\\\/\\\/elcanillita.info\\\/press\\\/images\\\/2020\\\/01\\\/cropped-cropped-cropped-elcanillitainfo.png\",\"width\":460,\"height\":50,\"caption\":\"Guzzo Photos & Graphic Publications\"},\"image\":{\"@id\":\"https:\\\/\\\/elcanillita.info\\\/press\\\/#\\\/schema\\\/logo\\\/image\\\/\"},\"sameAs\":[\"https:\\\/\\\/ar-ar.facebook.com\\\/ElCanillitainfo-114249515285712\\\/\"]},{\"@type\":\"Person\",\"@id\":\"https:\\\/\\\/elcanillita.info\\\/press\\\/#\\\/schema\\\/person\\\/7fcb79f38045700919f7da6d97e71ba0\",\"name\":\"SalaStampa.eu, world press service\",\"image\":{\"@type\":\"ImageObject\",\"inLanguage\":\"es-AR\",\"@id\":\"https:\\\/\\\/secure.gravatar.com\\\/avatar\\\/c2f0e0d515a107624234994507816ca4724c7199cef73fc8bedebf6931d73888?s=96&d=mm&r=g\",\"url\":\"https:\\\/\\\/secure.gravatar.com\\\/avatar\\\/c2f0e0d515a107624234994507816ca4724c7199cef73fc8bedebf6931d73888?s=96&d=mm&r=g\",\"contentUrl\":\"https:\\\/\\\/secure.gravatar.com\\\/avatar\\\/c2f0e0d515a107624234994507816ca4724c7199cef73fc8bedebf6931d73888?s=96&d=mm&r=g\",\"caption\":\"SalaStampa.eu, world press service\"}}]}<\/script>\n<!-- \/ Yoast SEO plugin. -->","yoast_head_json":{"title":"La NASA desmiente las afirmaciones de Trump &amp; Musk - ElCanillita.Info","robots":{"index":"index","follow":"follow","max-snippet":"max-snippet:-1","max-image-preview":"max-image-preview:large","max-video-preview":"max-video-preview:-1"},"canonical":"https:\/\/elcanillita.info\/press\/2025\/03\/18\/la-nasa-desmiente-las-afirmaciones-de-trump-musk\/","og_locale":"es_ES","og_type":"article","og_title":"La NASA desmiente las afirmaciones de Trump &amp; Musk - ElCanillita.Info","og_description":"Astronautas de la NASA regresan a casa tras nueve meses de permanencia en el espacio","og_url":"https:\/\/elcanillita.info\/press\/2025\/03\/18\/la-nasa-desmiente-las-afirmaciones-de-trump-musk\/","og_site_name":"ElCanillita.Info","article_publisher":"https:\/\/ar-ar.facebook.com\/ElCanillitainfo-114249515285712\/","article_published_time":"2025-03-19T02:30:00+00:00","article_modified_time":"2025-03-19T13:12:50+00:00","og_image":[{"width":600,"height":323,"url":"https:\/\/elcanillita.info\/press\/images\/2025\/03\/capsula-Crew-Dragon_12.jpg","type":"image\/jpeg"}],"author":"SalaStampa.eu, world press service","twitter_card":"summary_large_image","twitter_misc":{"Escrito por":"SalaStampa.eu, world press service","Tiempo de lectura":"5 minutos"},"schema":{"@context":"https:\/\/schema.org","@graph":[{"@type":"Article","@id":"https:\/\/elcanillita.info\/press\/2025\/03\/18\/la-nasa-desmiente-las-afirmaciones-de-trump-musk\/#article","isPartOf":{"@id":"https:\/\/elcanillita.info\/press\/2025\/03\/18\/la-nasa-desmiente-las-afirmaciones-de-trump-musk\/"},"author":{"name":"SalaStampa.eu, world press service","@id":"https:\/\/elcanillita.info\/press\/#\/schema\/person\/7fcb79f38045700919f7da6d97e71ba0"},"headline":"La NASA desmiente las afirmaciones de Trump &amp; Musk","datePublished":"2025-03-19T02:30:00+00:00","dateModified":"2025-03-19T13:12:50+00:00","mainEntityOfPage":{"@id":"https:\/\/elcanillita.info\/press\/2025\/03\/18\/la-nasa-desmiente-las-afirmaciones-de-trump-musk\/"},"wordCount":847,"publisher":{"@id":"https:\/\/elcanillita.info\/press\/#organization"},"image":{"@id":"https:\/\/elcanillita.info\/press\/2025\/03\/18\/la-nasa-desmiente-las-afirmaciones-de-trump-musk\/#primaryimage"},"thumbnailUrl":"https:\/\/elcanillita.info\/press\/images\/2025\/03\/capsula-Crew-Dragon_12.jpg","articleSection":[".",".","Actualidad","Am\u00e9rica del Norte","Ciencia y Tecnologia","Politica"],"inLanguage":"es-AR"},{"@type":"WebPage","@id":"https:\/\/elcanillita.info\/press\/2025\/03\/18\/la-nasa-desmiente-las-afirmaciones-de-trump-musk\/","url":"https:\/\/elcanillita.info\/press\/2025\/03\/18\/la-nasa-desmiente-las-afirmaciones-de-trump-musk\/","name":"La NASA desmiente las afirmaciones de Trump &amp; Musk - ElCanillita.Info","isPartOf":{"@id":"https:\/\/elcanillita.info\/press\/#website"},"primaryImageOfPage":{"@id":"https:\/\/elcanillita.info\/press\/2025\/03\/18\/la-nasa-desmiente-las-afirmaciones-de-trump-musk\/#primaryimage"},"image":{"@id":"https:\/\/elcanillita.info\/press\/2025\/03\/18\/la-nasa-desmiente-las-afirmaciones-de-trump-musk\/#primaryimage"},"thumbnailUrl":"https:\/\/elcanillita.info\/press\/images\/2025\/03\/capsula-Crew-Dragon_12.jpg","datePublished":"2025-03-19T02:30:00+00:00","dateModified":"2025-03-19T13:12:50+00:00","inLanguage":"es-AR","potentialAction":[{"@type":"ReadAction","target":["https:\/\/elcanillita.info\/press\/2025\/03\/18\/la-nasa-desmiente-las-afirmaciones-de-trump-musk\/"]}]},{"@type":"ImageObject","inLanguage":"es-AR","@id":"https:\/\/elcanillita.info\/press\/2025\/03\/18\/la-nasa-desmiente-las-afirmaciones-de-trump-musk\/#primaryimage","url":"https:\/\/elcanillita.info\/press\/images\/2025\/03\/capsula-Crew-Dragon_12.jpg","contentUrl":"https:\/\/elcanillita.info\/press\/images\/2025\/03\/capsula-Crew-Dragon_12.jpg","width":600,"height":323},{"@type":"WebSite","@id":"https:\/\/elcanillita.info\/press\/#website","url":"https:\/\/elcanillita.info\/press\/","name":"ElCanillita.Info","description":"desde los Apeninos a los Andes","publisher":{"@id":"https:\/\/elcanillita.info\/press\/#organization"},"potentialAction":[{"@type":"SearchAction","target":{"@type":"EntryPoint","urlTemplate":"https:\/\/elcanillita.info\/press\/?s={search_term_string}"},"query-input":{"@type":"PropertyValueSpecification","valueRequired":true,"valueName":"search_term_string"}}],"inLanguage":"es-AR"},{"@type":"Organization","@id":"https:\/\/elcanillita.info\/press\/#organization","name":"Guzzo Photos & Graphic Publications","url":"https:\/\/elcanillita.info\/press\/","logo":{"@type":"ImageObject","inLanguage":"es-AR","@id":"https:\/\/elcanillita.info\/press\/#\/schema\/logo\/image\/","url":"https:\/\/elcanillita.info\/press\/images\/2020\/01\/cropped-cropped-cropped-elcanillitainfo.png","contentUrl":"https:\/\/elcanillita.info\/press\/images\/2020\/01\/cropped-cropped-cropped-elcanillitainfo.png","width":460,"height":50,"caption":"Guzzo Photos & Graphic Publications"},"image":{"@id":"https:\/\/elcanillita.info\/press\/#\/schema\/logo\/image\/"},"sameAs":["https:\/\/ar-ar.facebook.com\/ElCanillitainfo-114249515285712\/"]},{"@type":"Person","@id":"https:\/\/elcanillita.info\/press\/#\/schema\/person\/7fcb79f38045700919f7da6d97e71ba0","name":"SalaStampa.eu, world press service","image":{"@type":"ImageObject","inLanguage":"es-AR","@id":"https:\/\/secure.gravatar.com\/avatar\/c2f0e0d515a107624234994507816ca4724c7199cef73fc8bedebf6931d73888?s=96&d=mm&r=g","url":"https:\/\/secure.gravatar.com\/avatar\/c2f0e0d515a107624234994507816ca4724c7199cef73fc8bedebf6931d73888?s=96&d=mm&r=g","contentUrl":"https:\/\/secure.gravatar.com\/avatar\/c2f0e0d515a107624234994507816ca4724c7199cef73fc8bedebf6931d73888?s=96&d=mm&r=g","caption":"SalaStampa.eu, world press service"}}]}},"views":270,"_links":{"self":[{"href":"https:\/\/elcanillita.info\/press\/wp-json\/wp\/v2\/posts\/4433","targetHints":{"allow":["GET"]}}],"collection":[{"href":"https:\/\/elcanillita.info\/press\/wp-json\/wp\/v2\/posts"}],"about":[{"href":"https:\/\/elcanillita.info\/press\/wp-json\/wp\/v2\/types\/post"}],"author":[{"embeddable":true,"href":"https:\/\/elcanillita.info\/press\/wp-json\/wp\/v2\/users\/1"}],"replies":[{"embeddable":true,"href":"https:\/\/elcanillita.info\/press\/wp-json\/wp\/v2\/comments?post=4433"}],"version-history":[{"count":0,"href":"https:\/\/elcanillita.info\/press\/wp-json\/wp\/v2\/posts\/4433\/revisions"}],"wp:featuredmedia":[{"embeddable":true,"href":"https:\/\/elcanillita.info\/press\/wp-json\/wp\/v2\/media\/4434"}],"wp:attachment":[{"href":"https:\/\/elcanillita.info\/press\/wp-json\/wp\/v2\/media?parent=4433"}],"wp:term":[{"taxonomy":"category","embeddable":true,"href":"https:\/\/elcanillita.info\/press\/wp-json\/wp\/v2\/categories?post=4433"},{"taxonomy":"post_tag","embeddable":true,"href":"https:\/\/elcanillita.info\/press\/wp-json\/wp\/v2\/tags?post=4433"}],"curies":[{"name":"wp","href":"https:\/\/api.w.org\/{rel}","templated":true}]}}