{"id":4416,"date":"2025-03-05T07:17:53","date_gmt":"2025-03-05T10:17:53","guid":{"rendered":"https:\/\/elcanillita.info\/press\/?p=4416"},"modified":"2025-03-05T07:27:31","modified_gmt":"2025-03-05T10:27:31","slug":"trump-hace-mofa-del-acuerdo-con-ucrania","status":"publish","type":"post","link":"https:\/\/elcanillita.info\/press\/2025\/03\/05\/trump-hace-mofa-del-acuerdo-con-ucrania\/","title":{"rendered":"Trump hace mofa del acuerdo con Ucrania"},"content":{"rendered":"\n<figure class=\"wp-block-image size-full\"><img loading=\"lazy\" decoding=\"async\" width=\"600\" height=\"400\" src=\"https:\/\/elcanillita.info\/press\/images\/2025\/03\/congr_cover_20250304.jpg\" alt=\"\" class=\"wp-image-4417\" srcset=\"https:\/\/elcanillita.info\/press\/images\/2025\/03\/congr_cover_20250304.jpg 600w, https:\/\/elcanillita.info\/press\/images\/2025\/03\/congr_cover_20250304-300x200.jpg 300w\" sizes=\"auto, (max-width: 600px) 100vw, 600px\" \/><\/figure>\n\n\n\n<p><small><strong>ElCanillita.info, Washington 05\/03\/2025<\/strong><\/small><br>El presidente Trump dijo que trabajar\u00eda incansablemente para poner fin a la guerra en Ucrania despu\u00e9s de recibir una carta positiva del presidente Zelensky y &#8220;fuertes se\u00f1ales&#8221; de Rusia de que &#8220;est\u00e1n listos para la paz&#8221;.<\/p>\n\n\n\n<p>Trump aprovech\u00f3 su discurso anual en el Congreso para arreglar las relaciones con Zelenski despu\u00e9s de su dram\u00e1tico enfrentamiento en la Oficina Oval el viernes pasado, que dej\u00f3 las conversaciones de paz en el limbo y sumi\u00f3 a Europa en el p\u00e1nico.<\/p>\n\n\n\n<p>El discurso se produjo despu\u00e9s de dos d\u00edas de caos en los mercados burs\u00e1tiles causados \u200b\u200bpor los aranceles de Trump a Canad\u00e1, M\u00e9xico y China, pero no dio se\u00f1ales de dar marcha atr\u00e1s. Insisti\u00f3 en que &#8220;obtendr\u00eda billones y billones de d\u00f3lares&#8221; para Estados Unidos imponiendo m\u00e1s aranceles a otros pa\u00edses el mes pr\u00f3ximo, destacando a la Uni\u00f3n Europea, Brasil, India y Corea del Sur.<\/p>\n\n\n\n<p>El discurso de Trump estuvo marcado por v\u00edtores y una serie de ovaciones de pie de los republicanos, pero con abucheos, risas burlonas y principalmente silencio de los dem\u00f3cratas sedentarios.<\/p>\n\n\n\n<p>Agitaban peque\u00f1os carteles redondos con la palabra &#8220;falso&#8221; en un lado y &#8220;Musk roba&#8221; o &#8220;Salven Medicaid&#8221; en el otro, que se convirtieron en tema de memes instant\u00e1neos en las redes sociales.<\/p>\n\n\n\n<p>Un dem\u00f3crata, Al Green, fue escoltado fuera de la c\u00e1mara por sermonear persistentemente al presidente.<\/p>\n\n\n\n<figure class=\"wp-block-image size-full\"><img loading=\"lazy\" decoding=\"async\" width=\"600\" height=\"400\" src=\"https:\/\/elcanillita.info\/press\/images\/2025\/03\/congr_2_20250304.jpg\" alt=\"\" class=\"wp-image-4418\" srcset=\"https:\/\/elcanillita.info\/press\/images\/2025\/03\/congr_2_20250304.jpg 600w, https:\/\/elcanillita.info\/press\/images\/2025\/03\/congr_2_20250304-300x200.jpg 300w\" sizes=\"auto, (max-width: 600px) 100vw, 600px\" \/><figcaption class=\"wp-element-caption\">Congresistas dem\u00f3cratas con carteles que dec\u00edan &#8220;Salven a Medicaid&#8221; y &#8220;Protejan a los veteranos&#8221; durante un discurso presidencial.<\/figcaption><\/figure>\n\n\n\n<p>No obstante haber pasado solo seis semanas desde que Trump regres\u00f3 al cargo, no toc\u00f3 el tema de la &#8220;unidad nacional&#8221; en su discurso inaugural, sino que volvi\u00f3 a la ret\u00f3rica agresiva de la campa\u00f1a electoral y llam\u00f3 a su predecesor, Joe Biden, &#8220;el peor presidente de la historia estadounidense&#8221;.<\/p>\n\n\n\n<p>Promocion\u00f3 su gobierno diciendo que su &#8220;acci\u00f3n r\u00e1pida e implacable marca el comienzo de la era m\u00e1s grande y exitosa en la historia de EEUU\u2026 y que apenas ha comenzando&#8221;.<\/p>\n\n\n\n<p>Trump dio una larga lista de logros, desde imponer &#8220;una congelaci\u00f3n de la contrataci\u00f3n federal, las regulaciones y toda la ayuda exterior&#8221; hasta retirarse del acuerdo clim\u00e1tico de Par\u00eds y de la &#8220;corrupta&#8221; Organizaci\u00f3n Mundial de la Salud y poner fin a &#8220;todas las restricciones ambientales de Biden que estaban haciendo que este pa\u00eds fuera inseguro&#8221;.<\/p>\n\n\n\n<p>Cuando Trump afirm\u00f3 que \u201cmuchos han dicho que el primer mes es el m\u00e1s exitoso en la historia de nuestra naci\u00f3n\u201d, numerosos participantes dem\u00f3cratas levantaron peque\u00f1os carteles escritos: \u201cfalso\u201d.<\/p>\n\n\n\n<p>Trump repiti\u00f3 su cifra enormemente exagerada de 350 mil millones de d\u00f3lares para la ayuda estadounidense a Ucrania en contraste con el gasto europeo (EE.UU. vot\u00f3 a favor de la mitad de esa cantidad bajo el presidente Biden), pero sin embargo elogi\u00f3 una carta de Zelensky que dec\u00eda que quer\u00eda firmar el acuerdo sobre minerales que qued\u00f3 sobre la mesa en la Casa Blanca el viernes pasado.<\/p>\n\n\n\n<p><strong>Trump dice que Zelensky est\u00e1 listo para negociar<\/strong><\/p>\n\n\n\n<p>\u201cHoy temprano recib\u00ed una carta muy importante del presidente Zelensky de Ucrania\u201d, dijo Trump. \u201cLa carta dice: \u2018Ucrania est\u00e1 lista para sentarse a la mesa de negociaciones lo antes posible para acercar una paz duradera. Nadie quiere la paz m\u00e1s que los ucranianos\u2019\u201d.<\/p>\n\n\n\n<p>La carta tambi\u00e9n se refer\u00eda al \u201cfuerte liderazgo\u201d de Trump y dec\u00eda que los ucranianos \u201crealmente valoran lo mucho que Estados Unidos ha hecho para ayudar a Ucrania a mantener su soberan\u00eda e independencia\u201d. Trump agreg\u00f3: \u201cAprecio que haya enviado esta carta\u2026 hemos tenido conversaciones serias con Rusia y hemos recibido fuertes se\u00f1ales de que est\u00e1n listos para la paz. \u00bfNo ser\u00eda hermoso?\u201d<\/p>\n\n\n\n<p>En respuesta a los cr\u00edticos que lo acusan de estar demasiado dispuesto a confiar en el presidente Putin despu\u00e9s de que Ucrania fuera excluida de las conversaciones iniciales de Estados Unidos con Rusia, dijo: \u201cEs hora de poner fin a esta guerra sin sentido. Si quieres poner fin a las guerras, tienes que hablar con ambos lados\u201d.<\/p>\n\n\n\n<p>El discurso tuvo todos los adornos de un \u201cestado de la uni\u00f3n\u201d tradicional, con varios invitados en el balc\u00f3n elegidos para resaltar cuestiones partidistas, incluidos familiares de varias mujeres asesinadas por inmigrantes ilegales, y Trump pronunci\u00f3 una frase que provoc\u00f3 un gran aplauso para los republicanos por sus medidas para reducir los cruces fronterizos a un nuevo m\u00ednimo el mes pasado.<\/p>\n\n\n\n<p>\u201cLos medios y nuestros amigos del Partido Dem\u00f3crata dijeron que necesit\u00e1bamos una nueva legislaci\u00f3n, pero result\u00f3 que todo lo que realmente necesit\u00e1bamos era un nuevo presidente\u201d, dijo.<\/p>\n\n\n\n<figure class=\"wp-block-image size-full\"><img loading=\"lazy\" decoding=\"async\" width=\"600\" height=\"400\" src=\"https:\/\/elcanillita.info\/press\/images\/2025\/03\/congr_1_20250304.jpg\" alt=\"\" class=\"wp-image-4419\" srcset=\"https:\/\/elcanillita.info\/press\/images\/2025\/03\/congr_1_20250304.jpg 600w, https:\/\/elcanillita.info\/press\/images\/2025\/03\/congr_1_20250304-300x200.jpg 300w\" sizes=\"auto, (max-width: 600px) 100vw, 600px\" \/><\/figure>\n\n\n\n<p>Uno de los que Trump mencion\u00f3 entre el p\u00fablico fue Elon Musk, inusualmente vestido con camisa, corbata y chaqueta en lugar de su camiseta habitual, tal vez como reacci\u00f3n al debate sobre el atuendo negro sin cuello de Zelensky.<br><br>Horas antes del discurso, Howard Lutnick, el secretario de Comercio, dijo que era probable que el mi\u00e9rcoles se llegara a un acuerdo para &#8220;resolver algo&#8221; con Canad\u00e1 y M\u00e9xico y &#8220;encontrarse en el medio&#8221; sobre los aranceles del 25 por ciento que Trump impuso a la medianoche del lunes.<\/p>\n\n\n\n<p>Pero Trump parec\u00eda decidido a seguir adelante en su discurso. &#8220;Otros pa\u00edses han utilizado aranceles contra nosotros durante d\u00e9cadas y ahora es nuestro turno de comenzar a usarlos contra esos otros pa\u00edses&#8221;, dijo. &#8220;En promedio, la Uni\u00f3n Europea, China, Brasil, India, M\u00e9xico y Canad\u00e1 &#8211; \u00bfha o\u00eddo hablar de ellos? &#8211; y un sinn\u00famero de otras naciones nos cobran aranceles tremendamente m\u00e1s altos que los que les cobramos a ellos. Es muy injusto.<\/p>\n\n\n\n<p>&#8220;As\u00ed que el 2 de abril, quer\u00eda que fuera el 1 de abril, pero no quer\u00eda que me acusaran de ser el d\u00eda de los inocentes\u2026 Soy una persona muy supersticiosa. El 2 de abril entran en vigor los aranceles rec\u00edprocos\u2026 Recibiremos billones y billones de d\u00f3lares y crearemos empleos como nunca antes hemos visto\u201d.<\/p>\n\n\n\n<ul class=\"wp-block-list\">\n<li>\u00bfC\u00f3mo afectar\u00e1 la guerra arancelaria de Trump a China, Canad\u00e1 y M\u00e9xico?<\/li>\n<\/ul>\n\n\n\n<p>Dijo que Estados Unidos \u201cpaga subsidios a Canad\u00e1 y M\u00e9xico por cientos de miles de millones de d\u00f3lares y Estados Unidos ya no lo har\u00e1. Ya no lo vamos a hacer\u201d.<\/p>\n\n\n\n<p>Trump se ha rodeado de asesores que creen que su agenda arancelaria no solo recaudar\u00e1 dinero, sino que tambi\u00e9n respaldar\u00e1 profundos recortes impositivos y posiblemente alg\u00fan d\u00eda podr\u00eda significar el fin de los impuestos personales, e insiste en que penalizan a los pa\u00edses que est\u00e1n \u201cestafando\u201d a Estados Unidos al socavar a los productores nacionales. Su punto de vista desaf\u00eda la teor\u00eda econ\u00f3mica convencional de que los consumidores terminan pagando la mayor parte de los cargos, lo que alimenta la inflaci\u00f3n, pero reconoci\u00f3 que al menos algunos problemas iniciales se avecinan.<\/p>\n\n\n\n<p>\u201cLos aranceles tienen como objetivo hacer que Estados Unidos vuelva a ser rico y grande, y est\u00e1 sucediendo y suceder\u00e1 bastante r\u00e1pido. Habr\u00e1 un peque\u00f1o disturbio, pero estamos bien con eso. No ser\u00e1 mucho\u201d, dijo Trump.<\/p>\n\n\n\n<ul class=\"wp-block-list\">\n<li>Trump cree que los aranceles crear\u00e1n empleos en el pa\u00eds&#8230;<\/li>\n<\/ul>\n\n\n\n<p>Aunque esto delat\u00f3 cierto nerviosismo por la reacci\u00f3n de los votantes y los mercados, se minimiz\u00f3 en parte con los agricultores, a quienes Trump tuvo que rescatar con $ 28 mil millones en subsidios en su primer mandato despu\u00e9s de iniciar una guerra comercial con China.<\/p>\n\n\n\n<p>\u201cNuestra nueva pol\u00edtica comercial tambi\u00e9n ser\u00e1 excelente para el agricultor estadounidense\u201d, dijo. \u201cAmo al agricultor que ahora vender\u00e1 en nuestro mercado interno. Puede ser un peque\u00f1o per\u00edodo de ajuste. Tuvimos eso antes cuando hice el trato con China\u2026 Dije, solo tengan paciencia conmigo, y lo hicieron. Probablemente tuvieron que tener paciencia conmigo nuevamente, y esto ser\u00e1 a\u00fan mejor\u201d.<\/p>\n\n\n\n<p>Trump tambi\u00e9n se refiri\u00f3 nuevamente a sus ambiciones territoriales. \u201cMi administraci\u00f3n recuperar\u00e1 el canal de Panam\u00e1\u201d, dijo, y agreg\u00f3 que le dir\u00eda a Groenlandia \u201capoyamos firmemente su derecho a determinar su propio futuro\u201d, pero que \u201ccreo que lo lograremos de una manera u otra\u201d. Lo vamos a conseguir. Te mantendremos a salvo\u201d. <\/p>\n\n\n\n<p><small>Copyright \u00a9 2025 ElCanillita.info \/ SalaStampa.Eu, servicio mundial de prensa<\/small><br><small>Guzzo Photos &amp; Graphic Publications &#8211; Registro Editori e Stampatori n. 1441 Torino, Italia<\/small><\/p>\n","protected":false},"excerpt":{"rendered":"<p>En un discurso conjunto ante el Congreso, el presidente se jact\u00f3 de su historial, amenaz\u00f3 al mundo con m\u00e1s grav\u00e1menes a las importaciones y ley\u00f3 una carta &#8220;muy importante&#8221; de Zelensky<\/p>\n","protected":false},"author":1,"featured_media":4420,"comment_status":"closed","ping_status":"closed","sticky":false,"template":"","format":"standard","meta":{"footnotes":"","_links_to":"","_links_to_target":""},"categories":[70,9,7,119,23],"tags":[34,35,52],"class_list":["post-4416","post","type-post","status-publish","format-standard","has-post-thumbnail","hentry","category-actualidad","category-america-del-norte","category-eurasia","category-guerra","category-politica","tag-estados-unidos","tag-mundo","tag-ucrania","entry","double"],"yoast_head":"<!-- This site is optimized with the Yoast SEO plugin v27.4 - https:\/\/yoast.com\/product\/yoast-seo-wordpress\/ -->\n<title>Trump hace mofa del acuerdo con Ucrania - ElCanillita.Info<\/title>\n<meta name=\"robots\" content=\"index, follow, max-snippet:-1, max-image-preview:large, max-video-preview:-1\" \/>\n<link rel=\"canonical\" href=\"https:\/\/elcanillita.info\/press\/2025\/03\/05\/trump-hace-mofa-del-acuerdo-con-ucrania\/\" \/>\n<meta property=\"og:locale\" content=\"es_ES\" \/>\n<meta property=\"og:type\" content=\"article\" \/>\n<meta property=\"og:title\" content=\"Trump hace mofa del acuerdo con Ucrania - ElCanillita.Info\" \/>\n<meta property=\"og:description\" content=\"En un discurso conjunto ante el Congreso, el presidente se jact\u00f3 de su historial, amenaz\u00f3 al mundo con m\u00e1s grav\u00e1menes a las importaciones y ley\u00f3 una carta &quot;muy importante&quot; de Zelensky\" \/>\n<meta property=\"og:url\" content=\"https:\/\/elcanillita.info\/press\/2025\/03\/05\/trump-hace-mofa-del-acuerdo-con-ucrania\/\" \/>\n<meta property=\"og:site_name\" content=\"ElCanillita.Info\" \/>\n<meta property=\"article:publisher\" content=\"https:\/\/ar-ar.facebook.com\/ElCanillitainfo-114249515285712\/\" \/>\n<meta property=\"article:published_time\" content=\"2025-03-05T10:17:53+00:00\" \/>\n<meta property=\"article:modified_time\" content=\"2025-03-05T10:27:31+00:00\" \/>\n<meta property=\"og:image\" content=\"https:\/\/elcanillita.info\/press\/images\/2025\/03\/congr_0_20250304.jpg\" \/>\n\t<meta property=\"og:image:width\" content=\"600\" \/>\n\t<meta property=\"og:image:height\" content=\"337\" \/>\n\t<meta property=\"og:image:type\" content=\"image\/jpeg\" \/>\n<meta name=\"author\" content=\"SalaStampa.eu, world press service\" \/>\n<meta name=\"twitter:card\" content=\"summary_large_image\" \/>\n<meta name=\"twitter:label1\" content=\"Escrito por\" \/>\n\t<meta name=\"twitter:data1\" content=\"SalaStampa.eu, world press service\" \/>\n\t<meta name=\"twitter:label2\" content=\"Tiempo de lectura\" \/>\n\t<meta name=\"twitter:data2\" content=\"7 minutos\" \/>\n<script type=\"application\/ld+json\" class=\"yoast-schema-graph\">{\"@context\":\"https:\\\/\\\/schema.org\",\"@graph\":[{\"@type\":\"Article\",\"@id\":\"https:\\\/\\\/elcanillita.info\\\/press\\\/2025\\\/03\\\/05\\\/trump-hace-mofa-del-acuerdo-con-ucrania\\\/#article\",\"isPartOf\":{\"@id\":\"https:\\\/\\\/elcanillita.info\\\/press\\\/2025\\\/03\\\/05\\\/trump-hace-mofa-del-acuerdo-con-ucrania\\\/\"},\"author\":{\"name\":\"SalaStampa.eu, world press service\",\"@id\":\"https:\\\/\\\/elcanillita.info\\\/press\\\/#\\\/schema\\\/person\\\/7fcb79f38045700919f7da6d97e71ba0\"},\"headline\":\"Trump hace mofa del acuerdo con Ucrania\",\"datePublished\":\"2025-03-05T10:17:53+00:00\",\"dateModified\":\"2025-03-05T10:27:31+00:00\",\"mainEntityOfPage\":{\"@id\":\"https:\\\/\\\/elcanillita.info\\\/press\\\/2025\\\/03\\\/05\\\/trump-hace-mofa-del-acuerdo-con-ucrania\\\/\"},\"wordCount\":1415,\"publisher\":{\"@id\":\"https:\\\/\\\/elcanillita.info\\\/press\\\/#organization\"},\"image\":{\"@id\":\"https:\\\/\\\/elcanillita.info\\\/press\\\/2025\\\/03\\\/05\\\/trump-hace-mofa-del-acuerdo-con-ucrania\\\/#primaryimage\"},\"thumbnailUrl\":\"https:\\\/\\\/elcanillita.info\\\/press\\\/images\\\/2025\\\/03\\\/congr_0_20250304.jpg\",\"keywords\":[\"Estados Unidos\",\"MUNDO\",\"Ucrania\"],\"articleSection\":[\"Actualidad\",\"Am\u00e9rica del Norte\",\"Eurasia\",\"Guerra\",\"Politica\"],\"inLanguage\":\"es-AR\"},{\"@type\":\"WebPage\",\"@id\":\"https:\\\/\\\/elcanillita.info\\\/press\\\/2025\\\/03\\\/05\\\/trump-hace-mofa-del-acuerdo-con-ucrania\\\/\",\"url\":\"https:\\\/\\\/elcanillita.info\\\/press\\\/2025\\\/03\\\/05\\\/trump-hace-mofa-del-acuerdo-con-ucrania\\\/\",\"name\":\"Trump hace mofa del acuerdo con Ucrania - ElCanillita.Info\",\"isPartOf\":{\"@id\":\"https:\\\/\\\/elcanillita.info\\\/press\\\/#website\"},\"primaryImageOfPage\":{\"@id\":\"https:\\\/\\\/elcanillita.info\\\/press\\\/2025\\\/03\\\/05\\\/trump-hace-mofa-del-acuerdo-con-ucrania\\\/#primaryimage\"},\"image\":{\"@id\":\"https:\\\/\\\/elcanillita.info\\\/press\\\/2025\\\/03\\\/05\\\/trump-hace-mofa-del-acuerdo-con-ucrania\\\/#primaryimage\"},\"thumbnailUrl\":\"https:\\\/\\\/elcanillita.info\\\/press\\\/images\\\/2025\\\/03\\\/congr_0_20250304.jpg\",\"datePublished\":\"2025-03-05T10:17:53+00:00\",\"dateModified\":\"2025-03-05T10:27:31+00:00\",\"inLanguage\":\"es-AR\",\"potentialAction\":[{\"@type\":\"ReadAction\",\"target\":[\"https:\\\/\\\/elcanillita.info\\\/press\\\/2025\\\/03\\\/05\\\/trump-hace-mofa-del-acuerdo-con-ucrania\\\/\"]}]},{\"@type\":\"ImageObject\",\"inLanguage\":\"es-AR\",\"@id\":\"https:\\\/\\\/elcanillita.info\\\/press\\\/2025\\\/03\\\/05\\\/trump-hace-mofa-del-acuerdo-con-ucrania\\\/#primaryimage\",\"url\":\"https:\\\/\\\/elcanillita.info\\\/press\\\/images\\\/2025\\\/03\\\/congr_0_20250304.jpg\",\"contentUrl\":\"https:\\\/\\\/elcanillita.info\\\/press\\\/images\\\/2025\\\/03\\\/congr_0_20250304.jpg\",\"width\":600,\"height\":337},{\"@type\":\"WebSite\",\"@id\":\"https:\\\/\\\/elcanillita.info\\\/press\\\/#website\",\"url\":\"https:\\\/\\\/elcanillita.info\\\/press\\\/\",\"name\":\"ElCanillita.Info\",\"description\":\"desde los Apeninos a los Andes\",\"publisher\":{\"@id\":\"https:\\\/\\\/elcanillita.info\\\/press\\\/#organization\"},\"potentialAction\":[{\"@type\":\"SearchAction\",\"target\":{\"@type\":\"EntryPoint\",\"urlTemplate\":\"https:\\\/\\\/elcanillita.info\\\/press\\\/?s={search_term_string}\"},\"query-input\":{\"@type\":\"PropertyValueSpecification\",\"valueRequired\":true,\"valueName\":\"search_term_string\"}}],\"inLanguage\":\"es-AR\"},{\"@type\":\"Organization\",\"@id\":\"https:\\\/\\\/elcanillita.info\\\/press\\\/#organization\",\"name\":\"Guzzo Photos & Graphic Publications\",\"url\":\"https:\\\/\\\/elcanillita.info\\\/press\\\/\",\"logo\":{\"@type\":\"ImageObject\",\"inLanguage\":\"es-AR\",\"@id\":\"https:\\\/\\\/elcanillita.info\\\/press\\\/#\\\/schema\\\/logo\\\/image\\\/\",\"url\":\"https:\\\/\\\/elcanillita.info\\\/press\\\/images\\\/2020\\\/01\\\/cropped-cropped-cropped-elcanillitainfo.png\",\"contentUrl\":\"https:\\\/\\\/elcanillita.info\\\/press\\\/images\\\/2020\\\/01\\\/cropped-cropped-cropped-elcanillitainfo.png\",\"width\":460,\"height\":50,\"caption\":\"Guzzo Photos & Graphic Publications\"},\"image\":{\"@id\":\"https:\\\/\\\/elcanillita.info\\\/press\\\/#\\\/schema\\\/logo\\\/image\\\/\"},\"sameAs\":[\"https:\\\/\\\/ar-ar.facebook.com\\\/ElCanillitainfo-114249515285712\\\/\"]},{\"@type\":\"Person\",\"@id\":\"https:\\\/\\\/elcanillita.info\\\/press\\\/#\\\/schema\\\/person\\\/7fcb79f38045700919f7da6d97e71ba0\",\"name\":\"SalaStampa.eu, world press service\",\"image\":{\"@type\":\"ImageObject\",\"inLanguage\":\"es-AR\",\"@id\":\"https:\\\/\\\/secure.gravatar.com\\\/avatar\\\/c2f0e0d515a107624234994507816ca4724c7199cef73fc8bedebf6931d73888?s=96&d=mm&r=g\",\"url\":\"https:\\\/\\\/secure.gravatar.com\\\/avatar\\\/c2f0e0d515a107624234994507816ca4724c7199cef73fc8bedebf6931d73888?s=96&d=mm&r=g\",\"contentUrl\":\"https:\\\/\\\/secure.gravatar.com\\\/avatar\\\/c2f0e0d515a107624234994507816ca4724c7199cef73fc8bedebf6931d73888?s=96&d=mm&r=g\",\"caption\":\"SalaStampa.eu, world press service\"}}]}<\/script>\n<!-- \/ Yoast SEO plugin. -->","yoast_head_json":{"title":"Trump hace mofa del acuerdo con Ucrania - ElCanillita.Info","robots":{"index":"index","follow":"follow","max-snippet":"max-snippet:-1","max-image-preview":"max-image-preview:large","max-video-preview":"max-video-preview:-1"},"canonical":"https:\/\/elcanillita.info\/press\/2025\/03\/05\/trump-hace-mofa-del-acuerdo-con-ucrania\/","og_locale":"es_ES","og_type":"article","og_title":"Trump hace mofa del acuerdo con Ucrania - ElCanillita.Info","og_description":"En un discurso conjunto ante el Congreso, el presidente se jact\u00f3 de su historial, amenaz\u00f3 al mundo con m\u00e1s grav\u00e1menes a las importaciones y ley\u00f3 una carta \"muy importante\" de Zelensky","og_url":"https:\/\/elcanillita.info\/press\/2025\/03\/05\/trump-hace-mofa-del-acuerdo-con-ucrania\/","og_site_name":"ElCanillita.Info","article_publisher":"https:\/\/ar-ar.facebook.com\/ElCanillitainfo-114249515285712\/","article_published_time":"2025-03-05T10:17:53+00:00","article_modified_time":"2025-03-05T10:27:31+00:00","og_image":[{"width":600,"height":337,"url":"https:\/\/elcanillita.info\/press\/images\/2025\/03\/congr_0_20250304.jpg","type":"image\/jpeg"}],"author":"SalaStampa.eu, world press service","twitter_card":"summary_large_image","twitter_misc":{"Escrito por":"SalaStampa.eu, world press service","Tiempo de lectura":"7 minutos"},"schema":{"@context":"https:\/\/schema.org","@graph":[{"@type":"Article","@id":"https:\/\/elcanillita.info\/press\/2025\/03\/05\/trump-hace-mofa-del-acuerdo-con-ucrania\/#article","isPartOf":{"@id":"https:\/\/elcanillita.info\/press\/2025\/03\/05\/trump-hace-mofa-del-acuerdo-con-ucrania\/"},"author":{"name":"SalaStampa.eu, world press service","@id":"https:\/\/elcanillita.info\/press\/#\/schema\/person\/7fcb79f38045700919f7da6d97e71ba0"},"headline":"Trump hace mofa del acuerdo con Ucrania","datePublished":"2025-03-05T10:17:53+00:00","dateModified":"2025-03-05T10:27:31+00:00","mainEntityOfPage":{"@id":"https:\/\/elcanillita.info\/press\/2025\/03\/05\/trump-hace-mofa-del-acuerdo-con-ucrania\/"},"wordCount":1415,"publisher":{"@id":"https:\/\/elcanillita.info\/press\/#organization"},"image":{"@id":"https:\/\/elcanillita.info\/press\/2025\/03\/05\/trump-hace-mofa-del-acuerdo-con-ucrania\/#primaryimage"},"thumbnailUrl":"https:\/\/elcanillita.info\/press\/images\/2025\/03\/congr_0_20250304.jpg","keywords":["Estados Unidos","MUNDO","Ucrania"],"articleSection":["Actualidad","Am\u00e9rica del Norte","Eurasia","Guerra","Politica"],"inLanguage":"es-AR"},{"@type":"WebPage","@id":"https:\/\/elcanillita.info\/press\/2025\/03\/05\/trump-hace-mofa-del-acuerdo-con-ucrania\/","url":"https:\/\/elcanillita.info\/press\/2025\/03\/05\/trump-hace-mofa-del-acuerdo-con-ucrania\/","name":"Trump hace mofa del acuerdo con Ucrania - ElCanillita.Info","isPartOf":{"@id":"https:\/\/elcanillita.info\/press\/#website"},"primaryImageOfPage":{"@id":"https:\/\/elcanillita.info\/press\/2025\/03\/05\/trump-hace-mofa-del-acuerdo-con-ucrania\/#primaryimage"},"image":{"@id":"https:\/\/elcanillita.info\/press\/2025\/03\/05\/trump-hace-mofa-del-acuerdo-con-ucrania\/#primaryimage"},"thumbnailUrl":"https:\/\/elcanillita.info\/press\/images\/2025\/03\/congr_0_20250304.jpg","datePublished":"2025-03-05T10:17:53+00:00","dateModified":"2025-03-05T10:27:31+00:00","inLanguage":"es-AR","potentialAction":[{"@type":"ReadAction","target":["https:\/\/elcanillita.info\/press\/2025\/03\/05\/trump-hace-mofa-del-acuerdo-con-ucrania\/"]}]},{"@type":"ImageObject","inLanguage":"es-AR","@id":"https:\/\/elcanillita.info\/press\/2025\/03\/05\/trump-hace-mofa-del-acuerdo-con-ucrania\/#primaryimage","url":"https:\/\/elcanillita.info\/press\/images\/2025\/03\/congr_0_20250304.jpg","contentUrl":"https:\/\/elcanillita.info\/press\/images\/2025\/03\/congr_0_20250304.jpg","width":600,"height":337},{"@type":"WebSite","@id":"https:\/\/elcanillita.info\/press\/#website","url":"https:\/\/elcanillita.info\/press\/","name":"ElCanillita.Info","description":"desde los Apeninos a los Andes","publisher":{"@id":"https:\/\/elcanillita.info\/press\/#organization"},"potentialAction":[{"@type":"SearchAction","target":{"@type":"EntryPoint","urlTemplate":"https:\/\/elcanillita.info\/press\/?s={search_term_string}"},"query-input":{"@type":"PropertyValueSpecification","valueRequired":true,"valueName":"search_term_string"}}],"inLanguage":"es-AR"},{"@type":"Organization","@id":"https:\/\/elcanillita.info\/press\/#organization","name":"Guzzo Photos & Graphic Publications","url":"https:\/\/elcanillita.info\/press\/","logo":{"@type":"ImageObject","inLanguage":"es-AR","@id":"https:\/\/elcanillita.info\/press\/#\/schema\/logo\/image\/","url":"https:\/\/elcanillita.info\/press\/images\/2020\/01\/cropped-cropped-cropped-elcanillitainfo.png","contentUrl":"https:\/\/elcanillita.info\/press\/images\/2020\/01\/cropped-cropped-cropped-elcanillitainfo.png","width":460,"height":50,"caption":"Guzzo Photos & Graphic Publications"},"image":{"@id":"https:\/\/elcanillita.info\/press\/#\/schema\/logo\/image\/"},"sameAs":["https:\/\/ar-ar.facebook.com\/ElCanillitainfo-114249515285712\/"]},{"@type":"Person","@id":"https:\/\/elcanillita.info\/press\/#\/schema\/person\/7fcb79f38045700919f7da6d97e71ba0","name":"SalaStampa.eu, world press service","image":{"@type":"ImageObject","inLanguage":"es-AR","@id":"https:\/\/secure.gravatar.com\/avatar\/c2f0e0d515a107624234994507816ca4724c7199cef73fc8bedebf6931d73888?s=96&d=mm&r=g","url":"https:\/\/secure.gravatar.com\/avatar\/c2f0e0d515a107624234994507816ca4724c7199cef73fc8bedebf6931d73888?s=96&d=mm&r=g","contentUrl":"https:\/\/secure.gravatar.com\/avatar\/c2f0e0d515a107624234994507816ca4724c7199cef73fc8bedebf6931d73888?s=96&d=mm&r=g","caption":"SalaStampa.eu, world press service"}}]}},"views":364,"_links":{"self":[{"href":"https:\/\/elcanillita.info\/press\/wp-json\/wp\/v2\/posts\/4416","targetHints":{"allow":["GET"]}}],"collection":[{"href":"https:\/\/elcanillita.info\/press\/wp-json\/wp\/v2\/posts"}],"about":[{"href":"https:\/\/elcanillita.info\/press\/wp-json\/wp\/v2\/types\/post"}],"author":[{"embeddable":true,"href":"https:\/\/elcanillita.info\/press\/wp-json\/wp\/v2\/users\/1"}],"replies":[{"embeddable":true,"href":"https:\/\/elcanillita.info\/press\/wp-json\/wp\/v2\/comments?post=4416"}],"version-history":[{"count":0,"href":"https:\/\/elcanillita.info\/press\/wp-json\/wp\/v2\/posts\/4416\/revisions"}],"wp:featuredmedia":[{"embeddable":true,"href":"https:\/\/elcanillita.info\/press\/wp-json\/wp\/v2\/media\/4420"}],"wp:attachment":[{"href":"https:\/\/elcanillita.info\/press\/wp-json\/wp\/v2\/media?parent=4416"}],"wp:term":[{"taxonomy":"category","embeddable":true,"href":"https:\/\/elcanillita.info\/press\/wp-json\/wp\/v2\/categories?post=4416"},{"taxonomy":"post_tag","embeddable":true,"href":"https:\/\/elcanillita.info\/press\/wp-json\/wp\/v2\/tags?post=4416"}],"curies":[{"name":"wp","href":"https:\/\/api.w.org\/{rel}","templated":true}]}}