{"id":440,"date":"2020-02-11T19:26:37","date_gmt":"2020-02-11T22:26:37","guid":{"rendered":"https:\/\/elcanillita.info\/press\/?p=440"},"modified":"2020-02-14T09:04:04","modified_gmt":"2020-02-14T12:04:04","slug":"viaje-evo-morales-cuba-genera-reacciones-bolivia","status":"publish","type":"post","link":"https:\/\/elcanillita.info\/press\/2020\/02\/11\/viaje-evo-morales-cuba-genera-reacciones-bolivia\/","title":{"rendered":"Viaje de Evo Morales a Cuba genera reacciones en Bolivia"},"content":{"rendered":"\n<p>La Paz, 11.02.2020 &#8211; La visita del expresidente Evo Morales a Cuba esta semana por motivos de salud no pas\u00f3 inadvertida en Bolivia, donde sus movimientos y comentarios son observados por adversarios y simpatizantes, mientras su figura sigue ensombreciendo la pol\u00edtica nacional.<\/p>\n\n\n\n<p>La noticia fue informada el lunes por el presidente argentino, Alberto Fern\u00e1ndez, y luego confirmada por un portavoz de Morales, quien dijo a la agencia Reuters que el expresidente hizo \u201cun viaje no programado a Cuba por motivos de salud\u201d.<\/p>\n\n\n\n<p>Miembros de su partido, Movimiento Al Socialismo, MAS, consideraron que Morales tiene todos los derechos para hacer el viaje a pesar de su condici\u00f3n de asilado pol\u00edtico en Argentina.<\/p>\n\n\n\n<p>La exministra de Comunicaci\u00f3n y militante del MAS, Marianela Paco, dijo que \u201cde acuerdo al reglamento de la agencia mundial de polic\u00eda Interpol o sus estatutos (\u2026) no tiene restricci\u00f3n alguna para movilizarse\u201d.<\/p>\n\n\n\n<p>Evo Morales viaja a Cuba por motivos de salud<\/p>\n\n\n\n<p>A pesar de que el portavoz de Morales dijo que \u201csu retorno a Argentina est\u00e1 previsto para este fin de semana con el fin de cumplir la agenda programada&#8221;, el expresidente y candidato a las nuevas elecciones de Bolivia Jorge \u201cTuto\u201d Quiroga, piensa otra cosa.<\/p>\n\n\n\n<p>Seg\u00fan Quiroga, el viaje no es fortuito y se trata de una excusa que responde a presiones pol\u00edticas.<\/p>\n\n\n\n<p>\u201cEvo Morales es t\u00f3xico y Argentina ten\u00eda que escoger entre financiamiento internacional con apoyo de Europa, Estados Unidos y organismos y proteger a Evo Morales, comercio con Brasil o proteger a Evo Morales\u201d, dijo Quiroga.<\/p>\n\n\n\n<p>\u201cTiene que escoger gas en el invierno de mayo, junio, julio o Evo Morales (\u2026) Est\u00e1 clara de que esa ha sido la decisi\u00f3n\u201d, a\u00f1adi\u00f3.<\/p>\n\n\n\n<p>La propia condici\u00f3n m\u00e9dica de Morales no fue revelada, pero en 2017 fue sometido en La Habana a una operaci\u00f3n de la laringe en la que se le extirp\u00f3 un tumor benigno de la cuerda vocal izquierda.<\/p>\n\n\n\n<p>En su condici\u00f3n de refugiado desde Buenos Aires, Morales conduce la campa\u00f1a de su partido para las elecciones generales de Bolivia del 3 de mayo.<\/p>\n\n\n\n<p>El expresidente aspira a ser senador por el departamento de Cochabamba, pero el Tribunal Supremo Electoral de Bolivia desestim\u00f3 su candidatura porque no cumple algunos requisitos.<\/p>\n\n\n\n<p>Bolivia: Gobierno rechaza posible candidatura de Morales y buscar\u00e1 impugnarla<br><br>\n<small>2020 voanoticias \u2013 salastampa.eu, afiliada a la red Broadcasting Board of Governors \u00a9 2020 BBG<\/small><\/p>\n","protected":false},"excerpt":{"rendered":"<p>La Paz, 11.02.2020 &#8211; La visita del expresidente Evo Morales a Cuba esta semana por motivos de salud no pas\u00f3 inadvertida en Bolivia, donde sus movimientos y comentarios son observados por adversarios y simpatizantes, mientras su figura sigue ensombreciendo la pol\u00edtica nacional.<\/p>\n","protected":false},"author":1,"featured_media":0,"comment_status":"closed","ping_status":"closed","sticky":false,"template":"","format":"standard","meta":{"footnotes":"","_links_to":"","_links_to_target":""},"categories":[70,11,22,23,25],"tags":[30],"class_list":["post-440","post","type-post","status-publish","format-standard","hentry","category-actualidad","category-america-del-sur","category-justicia","category-politica","category-sociedad","tag-bolivia","entry","double"],"yoast_head":"<!-- This site is optimized with the Yoast SEO plugin v27.4 - https:\/\/yoast.com\/product\/yoast-seo-wordpress\/ -->\n<title>Viaje de Evo Morales a Cuba genera reacciones en Bolivia - ElCanillita.Info<\/title>\n<meta name=\"robots\" content=\"index, follow, max-snippet:-1, max-image-preview:large, max-video-preview:-1\" \/>\n<link rel=\"canonical\" href=\"https:\/\/elcanillita.info\/press\/2020\/02\/11\/viaje-evo-morales-cuba-genera-reacciones-bolivia\/\" \/>\n<meta property=\"og:locale\" content=\"es_ES\" \/>\n<meta property=\"og:type\" content=\"article\" \/>\n<meta property=\"og:title\" content=\"Viaje de Evo Morales a Cuba genera reacciones en Bolivia - ElCanillita.Info\" \/>\n<meta property=\"og:description\" content=\"La Paz, 11.02.2020 - La visita del expresidente Evo Morales a Cuba esta semana por motivos de salud no pas\u00f3 inadvertida en Bolivia, donde sus movimientos y comentarios son observados por adversarios y simpatizantes, mientras su figura sigue ensombreciendo la pol\u00edtica nacional.\" \/>\n<meta property=\"og:url\" content=\"https:\/\/elcanillita.info\/press\/2020\/02\/11\/viaje-evo-morales-cuba-genera-reacciones-bolivia\/\" \/>\n<meta property=\"og:site_name\" content=\"ElCanillita.Info\" \/>\n<meta property=\"article:publisher\" content=\"https:\/\/ar-ar.facebook.com\/ElCanillitainfo-114249515285712\/\" \/>\n<meta property=\"article:published_time\" content=\"2020-02-11T22:26:37+00:00\" \/>\n<meta property=\"article:modified_time\" content=\"2020-02-14T12:04:04+00:00\" \/>\n<meta name=\"author\" content=\"SalaStampa.eu, world press service\" \/>\n<meta name=\"twitter:card\" content=\"summary_large_image\" \/>\n<meta name=\"twitter:label1\" content=\"Escrito por\" \/>\n\t<meta name=\"twitter:data1\" content=\"SalaStampa.eu, world press service\" \/>\n\t<meta name=\"twitter:label2\" content=\"Tiempo de lectura\" \/>\n\t<meta name=\"twitter:data2\" content=\"2 minutos\" \/>\n<script type=\"application\/ld+json\" class=\"yoast-schema-graph\">{\"@context\":\"https:\\\/\\\/schema.org\",\"@graph\":[{\"@type\":\"Article\",\"@id\":\"https:\\\/\\\/elcanillita.info\\\/press\\\/2020\\\/02\\\/11\\\/viaje-evo-morales-cuba-genera-reacciones-bolivia\\\/#article\",\"isPartOf\":{\"@id\":\"https:\\\/\\\/elcanillita.info\\\/press\\\/2020\\\/02\\\/11\\\/viaje-evo-morales-cuba-genera-reacciones-bolivia\\\/\"},\"author\":{\"name\":\"SalaStampa.eu, world press service\",\"@id\":\"https:\\\/\\\/elcanillita.info\\\/press\\\/#\\\/schema\\\/person\\\/7fcb79f38045700919f7da6d97e71ba0\"},\"headline\":\"Viaje de Evo Morales a Cuba genera reacciones en Bolivia\",\"datePublished\":\"2020-02-11T22:26:37+00:00\",\"dateModified\":\"2020-02-14T12:04:04+00:00\",\"mainEntityOfPage\":{\"@id\":\"https:\\\/\\\/elcanillita.info\\\/press\\\/2020\\\/02\\\/11\\\/viaje-evo-morales-cuba-genera-reacciones-bolivia\\\/\"},\"wordCount\":409,\"publisher\":{\"@id\":\"https:\\\/\\\/elcanillita.info\\\/press\\\/#organization\"},\"keywords\":[\"Bolivia\"],\"articleSection\":[\"Actualidad\",\"Am\u00e9rica del Sur\",\"Justicia\",\"Politica\",\"Sociedad\"],\"inLanguage\":\"es-AR\"},{\"@type\":\"WebPage\",\"@id\":\"https:\\\/\\\/elcanillita.info\\\/press\\\/2020\\\/02\\\/11\\\/viaje-evo-morales-cuba-genera-reacciones-bolivia\\\/\",\"url\":\"https:\\\/\\\/elcanillita.info\\\/press\\\/2020\\\/02\\\/11\\\/viaje-evo-morales-cuba-genera-reacciones-bolivia\\\/\",\"name\":\"Viaje de Evo Morales a Cuba genera reacciones en Bolivia - ElCanillita.Info\",\"isPartOf\":{\"@id\":\"https:\\\/\\\/elcanillita.info\\\/press\\\/#website\"},\"datePublished\":\"2020-02-11T22:26:37+00:00\",\"dateModified\":\"2020-02-14T12:04:04+00:00\",\"inLanguage\":\"es-AR\",\"potentialAction\":[{\"@type\":\"ReadAction\",\"target\":[\"https:\\\/\\\/elcanillita.info\\\/press\\\/2020\\\/02\\\/11\\\/viaje-evo-morales-cuba-genera-reacciones-bolivia\\\/\"]}]},{\"@type\":\"WebSite\",\"@id\":\"https:\\\/\\\/elcanillita.info\\\/press\\\/#website\",\"url\":\"https:\\\/\\\/elcanillita.info\\\/press\\\/\",\"name\":\"ElCanillita.Info\",\"description\":\"desde los Apeninos a los Andes\",\"publisher\":{\"@id\":\"https:\\\/\\\/elcanillita.info\\\/press\\\/#organization\"},\"potentialAction\":[{\"@type\":\"SearchAction\",\"target\":{\"@type\":\"EntryPoint\",\"urlTemplate\":\"https:\\\/\\\/elcanillita.info\\\/press\\\/?s={search_term_string}\"},\"query-input\":{\"@type\":\"PropertyValueSpecification\",\"valueRequired\":true,\"valueName\":\"search_term_string\"}}],\"inLanguage\":\"es-AR\"},{\"@type\":\"Organization\",\"@id\":\"https:\\\/\\\/elcanillita.info\\\/press\\\/#organization\",\"name\":\"Guzzo Photos & Graphic Publications\",\"url\":\"https:\\\/\\\/elcanillita.info\\\/press\\\/\",\"logo\":{\"@type\":\"ImageObject\",\"inLanguage\":\"es-AR\",\"@id\":\"https:\\\/\\\/elcanillita.info\\\/press\\\/#\\\/schema\\\/logo\\\/image\\\/\",\"url\":\"https:\\\/\\\/elcanillita.info\\\/press\\\/images\\\/2020\\\/01\\\/cropped-cropped-cropped-elcanillitainfo.png\",\"contentUrl\":\"https:\\\/\\\/elcanillita.info\\\/press\\\/images\\\/2020\\\/01\\\/cropped-cropped-cropped-elcanillitainfo.png\",\"width\":460,\"height\":50,\"caption\":\"Guzzo Photos & Graphic Publications\"},\"image\":{\"@id\":\"https:\\\/\\\/elcanillita.info\\\/press\\\/#\\\/schema\\\/logo\\\/image\\\/\"},\"sameAs\":[\"https:\\\/\\\/ar-ar.facebook.com\\\/ElCanillitainfo-114249515285712\\\/\"]},{\"@type\":\"Person\",\"@id\":\"https:\\\/\\\/elcanillita.info\\\/press\\\/#\\\/schema\\\/person\\\/7fcb79f38045700919f7da6d97e71ba0\",\"name\":\"SalaStampa.eu, world press service\",\"image\":{\"@type\":\"ImageObject\",\"inLanguage\":\"es-AR\",\"@id\":\"https:\\\/\\\/secure.gravatar.com\\\/avatar\\\/c2f0e0d515a107624234994507816ca4724c7199cef73fc8bedebf6931d73888?s=96&d=mm&r=g\",\"url\":\"https:\\\/\\\/secure.gravatar.com\\\/avatar\\\/c2f0e0d515a107624234994507816ca4724c7199cef73fc8bedebf6931d73888?s=96&d=mm&r=g\",\"contentUrl\":\"https:\\\/\\\/secure.gravatar.com\\\/avatar\\\/c2f0e0d515a107624234994507816ca4724c7199cef73fc8bedebf6931d73888?s=96&d=mm&r=g\",\"caption\":\"SalaStampa.eu, world press service\"}}]}<\/script>\n<!-- \/ Yoast SEO plugin. -->","yoast_head_json":{"title":"Viaje de Evo Morales a Cuba genera reacciones en Bolivia - ElCanillita.Info","robots":{"index":"index","follow":"follow","max-snippet":"max-snippet:-1","max-image-preview":"max-image-preview:large","max-video-preview":"max-video-preview:-1"},"canonical":"https:\/\/elcanillita.info\/press\/2020\/02\/11\/viaje-evo-morales-cuba-genera-reacciones-bolivia\/","og_locale":"es_ES","og_type":"article","og_title":"Viaje de Evo Morales a Cuba genera reacciones en Bolivia - ElCanillita.Info","og_description":"La Paz, 11.02.2020 - La visita del expresidente Evo Morales a Cuba esta semana por motivos de salud no pas\u00f3 inadvertida en Bolivia, donde sus movimientos y comentarios son observados por adversarios y simpatizantes, mientras su figura sigue ensombreciendo la pol\u00edtica nacional.","og_url":"https:\/\/elcanillita.info\/press\/2020\/02\/11\/viaje-evo-morales-cuba-genera-reacciones-bolivia\/","og_site_name":"ElCanillita.Info","article_publisher":"https:\/\/ar-ar.facebook.com\/ElCanillitainfo-114249515285712\/","article_published_time":"2020-02-11T22:26:37+00:00","article_modified_time":"2020-02-14T12:04:04+00:00","author":"SalaStampa.eu, world press service","twitter_card":"summary_large_image","twitter_misc":{"Escrito por":"SalaStampa.eu, world press service","Tiempo de lectura":"2 minutos"},"schema":{"@context":"https:\/\/schema.org","@graph":[{"@type":"Article","@id":"https:\/\/elcanillita.info\/press\/2020\/02\/11\/viaje-evo-morales-cuba-genera-reacciones-bolivia\/#article","isPartOf":{"@id":"https:\/\/elcanillita.info\/press\/2020\/02\/11\/viaje-evo-morales-cuba-genera-reacciones-bolivia\/"},"author":{"name":"SalaStampa.eu, world press service","@id":"https:\/\/elcanillita.info\/press\/#\/schema\/person\/7fcb79f38045700919f7da6d97e71ba0"},"headline":"Viaje de Evo Morales a Cuba genera reacciones en Bolivia","datePublished":"2020-02-11T22:26:37+00:00","dateModified":"2020-02-14T12:04:04+00:00","mainEntityOfPage":{"@id":"https:\/\/elcanillita.info\/press\/2020\/02\/11\/viaje-evo-morales-cuba-genera-reacciones-bolivia\/"},"wordCount":409,"publisher":{"@id":"https:\/\/elcanillita.info\/press\/#organization"},"keywords":["Bolivia"],"articleSection":["Actualidad","Am\u00e9rica del Sur","Justicia","Politica","Sociedad"],"inLanguage":"es-AR"},{"@type":"WebPage","@id":"https:\/\/elcanillita.info\/press\/2020\/02\/11\/viaje-evo-morales-cuba-genera-reacciones-bolivia\/","url":"https:\/\/elcanillita.info\/press\/2020\/02\/11\/viaje-evo-morales-cuba-genera-reacciones-bolivia\/","name":"Viaje de Evo Morales a Cuba genera reacciones en Bolivia - ElCanillita.Info","isPartOf":{"@id":"https:\/\/elcanillita.info\/press\/#website"},"datePublished":"2020-02-11T22:26:37+00:00","dateModified":"2020-02-14T12:04:04+00:00","inLanguage":"es-AR","potentialAction":[{"@type":"ReadAction","target":["https:\/\/elcanillita.info\/press\/2020\/02\/11\/viaje-evo-morales-cuba-genera-reacciones-bolivia\/"]}]},{"@type":"WebSite","@id":"https:\/\/elcanillita.info\/press\/#website","url":"https:\/\/elcanillita.info\/press\/","name":"ElCanillita.Info","description":"desde los Apeninos a los Andes","publisher":{"@id":"https:\/\/elcanillita.info\/press\/#organization"},"potentialAction":[{"@type":"SearchAction","target":{"@type":"EntryPoint","urlTemplate":"https:\/\/elcanillita.info\/press\/?s={search_term_string}"},"query-input":{"@type":"PropertyValueSpecification","valueRequired":true,"valueName":"search_term_string"}}],"inLanguage":"es-AR"},{"@type":"Organization","@id":"https:\/\/elcanillita.info\/press\/#organization","name":"Guzzo Photos & Graphic Publications","url":"https:\/\/elcanillita.info\/press\/","logo":{"@type":"ImageObject","inLanguage":"es-AR","@id":"https:\/\/elcanillita.info\/press\/#\/schema\/logo\/image\/","url":"https:\/\/elcanillita.info\/press\/images\/2020\/01\/cropped-cropped-cropped-elcanillitainfo.png","contentUrl":"https:\/\/elcanillita.info\/press\/images\/2020\/01\/cropped-cropped-cropped-elcanillitainfo.png","width":460,"height":50,"caption":"Guzzo Photos & Graphic Publications"},"image":{"@id":"https:\/\/elcanillita.info\/press\/#\/schema\/logo\/image\/"},"sameAs":["https:\/\/ar-ar.facebook.com\/ElCanillitainfo-114249515285712\/"]},{"@type":"Person","@id":"https:\/\/elcanillita.info\/press\/#\/schema\/person\/7fcb79f38045700919f7da6d97e71ba0","name":"SalaStampa.eu, world press service","image":{"@type":"ImageObject","inLanguage":"es-AR","@id":"https:\/\/secure.gravatar.com\/avatar\/c2f0e0d515a107624234994507816ca4724c7199cef73fc8bedebf6931d73888?s=96&d=mm&r=g","url":"https:\/\/secure.gravatar.com\/avatar\/c2f0e0d515a107624234994507816ca4724c7199cef73fc8bedebf6931d73888?s=96&d=mm&r=g","contentUrl":"https:\/\/secure.gravatar.com\/avatar\/c2f0e0d515a107624234994507816ca4724c7199cef73fc8bedebf6931d73888?s=96&d=mm&r=g","caption":"SalaStampa.eu, world press service"}}]}},"views":884,"_links":{"self":[{"href":"https:\/\/elcanillita.info\/press\/wp-json\/wp\/v2\/posts\/440","targetHints":{"allow":["GET"]}}],"collection":[{"href":"https:\/\/elcanillita.info\/press\/wp-json\/wp\/v2\/posts"}],"about":[{"href":"https:\/\/elcanillita.info\/press\/wp-json\/wp\/v2\/types\/post"}],"author":[{"embeddable":true,"href":"https:\/\/elcanillita.info\/press\/wp-json\/wp\/v2\/users\/1"}],"replies":[{"embeddable":true,"href":"https:\/\/elcanillita.info\/press\/wp-json\/wp\/v2\/comments?post=440"}],"version-history":[{"count":0,"href":"https:\/\/elcanillita.info\/press\/wp-json\/wp\/v2\/posts\/440\/revisions"}],"wp:attachment":[{"href":"https:\/\/elcanillita.info\/press\/wp-json\/wp\/v2\/media?parent=440"}],"wp:term":[{"taxonomy":"category","embeddable":true,"href":"https:\/\/elcanillita.info\/press\/wp-json\/wp\/v2\/categories?post=440"},{"taxonomy":"post_tag","embeddable":true,"href":"https:\/\/elcanillita.info\/press\/wp-json\/wp\/v2\/tags?post=440"}],"curies":[{"name":"wp","href":"https:\/\/api.w.org\/{rel}","templated":true}]}}