{"id":4391,"date":"2025-02-19T16:50:49","date_gmt":"2025-02-19T19:50:49","guid":{"rendered":"https:\/\/elcanillita.info\/press\/?p=4391"},"modified":"2025-02-20T08:18:32","modified_gmt":"2025-02-20T11:18:32","slug":"elecciones-en-ucrania","status":"publish","type":"post","link":"https:\/\/elcanillita.info\/press\/2025\/02\/19\/elecciones-en-ucrania\/","title":{"rendered":"Elecciones en Ucrania"},"content":{"rendered":"\n<figure class=\"wp-block-image size-full\"><img loading=\"lazy\" decoding=\"async\" width=\"600\" height=\"337\" src=\"https:\/\/elcanillita.info\/press\/images\/2025\/02\/bor3_20250219-1.jpeg\" alt=\"\" class=\"wp-image-4401\" srcset=\"https:\/\/elcanillita.info\/press\/images\/2025\/02\/bor3_20250219-1.jpeg 600w, https:\/\/elcanillita.info\/press\/images\/2025\/02\/bor3_20250219-1-300x169.jpeg 300w\" sizes=\"auto, (max-width: 600px) 100vw, 600px\" \/><\/figure>\n\n\n\n<p><strong><small> ElCanillita.info, 19\/12\/2025<\/small><\/strong><br>Segun el peri\u00f3dico Ukrainska Pravda (La verdad ucraniana) Oleh Didenko, presidente de la Comisi\u00f3n Electoral Central (CEC) de Ucrania, ha declarado que las elecciones en Ucrania son &#8220;te\u00f3ricamente posibles&#8221; este a\u00f1o, aunque requerir\u00edan el fin de la guerra y el levantamiento de la ley marcial.<\/p>\n\n\n\n<p><strong>Fuente:<\/strong> Didenko en una entrevista con Servicio ucraniano de Radio Liberty<\/p>\n\n\n\n<p><strong>Cita:<\/strong> &#8220;\u00bfSon te\u00f3ricamente posibles elecciones en Ucrania el 26 de octubre?&#8221;? En teor\u00eda, s\u00ed. \u00bfPero qu\u00e9 es necesario para esto? Esto requerir\u00eda paz en Ucrania, el fin de la ley marcial y tiempo suficiente para modificar la legislaci\u00f3n y organizar adecuadamente el proceso electoral<\/p>\n\n\n\n<p>Didenko cree que tal escenario es poco probable en las circunstancias actuales:<\/p>\n\n\n\n<p>&#8220;Si hablamos de si estamos tomando medidas concretas para prepararnos para las elecciones del 26 de octubre de este a\u00f1o, definitivamente no es as\u00ed. Por el momento, no tenemos motivos f\u00e1cticos ni legales para hablar de elecciones. Todav\u00eda estamos bajo la ley marcial. Durante la ley marcial no se pueden organizar ni celebrar elecciones&#8221;, a\u00f1adi\u00f3 el presidente de la CCA.<\/p>\n\n\n\n<p>Didenko sugiri\u00f3 que las discusiones sobre las elecciones en Ucrania beneficiar\u00edan principalmente a Rusia, ya que podr\u00edan utilizarlas para desestabilizar la situaci\u00f3n y socavar la legitimidad del gobierno actual.<\/p>\n\n\n\n<p>Didenko respondi\u00f3 a las declaraciones del quinto presidente de Ucrania, Petro Poroshenko, acerca de que la imprenta de Ucrania ten\u00eda la tarea de estimar el costo de imprimir las papeletas. El presidente de la CCA sostuvo que esto no constituye preparativos electorales.<\/p>\n\n\n\n<p>&#8220;La CCA presenta peri\u00f3dicamente este tipo de solicitudes a la imprenta de Ucrania como parte del proceso rutinario de planificaci\u00f3n presupuestaria&#8221;, afirm\u00f3.&#8221;Por ejemplo, en 2022 est\u00e1bamos preparando una solicitud de presupuesto para 2023 y, para estimar el costo aproximado de las elecciones, necesit\u00e1bamos determinar el costo de las papeletas. Este es un procedimiento est\u00e1ndar y no indica nada.&#8221;<\/p>\n\n\n\n<p>A\u00f1adi\u00f3 que la CCA cuenta con grupos de trabajo para preparar las elecciones de posguerra. Estos grupos est\u00e1n explorando varias formas de simplificar la votaci\u00f3n, incluido &#8220;cambiar la forma de la votaci\u00f3n&#8221;. Las solicitudes pueden estar relacionadas con aclarar el costo de estos cambios.<\/p>\n\n\n\n<p>Adem\u00e1s, Didenko mencion\u00f3 que se ha preguntado si la imprenta de Ucrania podr\u00eda producir papeletas en Braille para hacerlas m\u00e1s accesibles a los votantes con discapacidad visual.<\/p>\n\n\n\n<p>Tambi\u00e9n explic\u00f3 la reapertura del Registro Estatal de Votantes, que hab\u00eda estado cerrado desde el inicio de la invasi\u00f3n a gran escala.<\/p>\n\n\n\n<p>Didenko se\u00f1al\u00f3 que el trabajo del registro se detuvo para evitar que los datos de los votantes y empleados de la CCA &#8220;caigan en manos del enemigo, particularmente a trav\u00e9s de los departamentos de registro ubicados en territorios que r\u00e1pidamente cayeron bajo ocupaci\u00f3n&#8221;. Esta decisi\u00f3n tambi\u00e9n se tom\u00f3 por motivos de ciberseguridad.<\/p>\n\n\n\n<p>&#8220;Cuando la Comisi\u00f3n Electoral Central decidi\u00f3 restaurar el registro actualizando los datos, se comenz\u00f3 a trabajar para ingresar esta informaci\u00f3n en el registro. Este proceso dur\u00f3 m\u00e1s de seis meses y se complet\u00f3. Posteriormente, se tom\u00f3 la decisi\u00f3n de actualizar la informaci\u00f3n de la direcci\u00f3n. Los nombres de las calles y los n\u00fameros de las casas hab\u00edan cambiado. Adem\u00e1s, algunas casas hab\u00edan desaparecido, mientras que otras fueron a\u00f1adidas&#8221;, se\u00f1al\u00f3.<\/p>\n\n\n\n<p>A\u00f1adi\u00f3 que el registro de votantes se utiliza no s\u00f3lo durante las elecciones sino tambi\u00e9n en el per\u00edodo interelectoral, lo que significa que &#8220;siempre debe estar actualizado&#8221;.<\/p>\n\n\n\n<p>&#8220;Por lo tanto, es incorrecto sugerir que las elecciones son inminentes simplemente porque la Comisi\u00f3n Electoral Central est\u00e1 trabajando para mantener actualizado el registro de votantes&#8221;, concluy\u00f3 el presidente de la CCA.<\/p>\n\n\n\n<p><strong>Antecedentes:<\/strong><br>Keith Kellogg, enviado especial de Trump para Ucrania y Rusia, afirm\u00f3 que Ucrania deber\u00eda estar preparada para celebrar elecciones durante la guerra, ya que la capacidad para hacerlo es &#8220;un signo de una democracia sana&#8221;.<\/p>\n\n\n\n<p>El presidente Volodymyr Zelenskyy subray\u00f3 que las elecciones en Ucrania son cruciales pero s\u00f3lo pueden ocurrir una vez que haya terminado la fase activa de la guerra y se haya levantado la ley marcial.<\/p>\n\n\n\n<p>En una entrevista con Ukrainska Pravda, Petro Poroshenko, quinto presidente de Ucrania, diputado y l\u00edder del partido Solidaridad Europea, afirmado que los preparativos para las elecciones hab\u00edan comenzado en Ucrania, citando como prueba varios hechos espec\u00edficos.<\/p>\n\n\n\n<p>Davyd Arakhamiia, jefe de la facci\u00f3n gobernante Siervo del Pueblo, refut\u00f3 las afirmaciones de que el gobierno se estaba preparando para las elecciones en Ucrania.<br><br>El presidente estadounidense, Donald Trump, calific\u00f3 de &#8220;dictador&#8221; al l\u00edder ucraniano Volodymyr Zelenskyy acus\u00e1ndolo de negarse a celebrar elecciones en el pa\u00eds.<\/p>\n\n\n\n<p><small>Copyright \u00a9 2025 ElCanillita.info \/ SalaStampa.Eu, servicio mundial de prensa<\/small><br><small>Guzzo Photos &amp; Graphic Publications \u2013 Registro Editori e Stampatori n. 1441 Torino, Italia<\/small><\/p>\n","protected":false},"excerpt":{"rendered":"<p>Las elecciones en Ucrania son &#8220;te\u00f3ricamente posibles&#8221; este a\u00f1o, pero la guerra debe terminar primero, dice el presidente de la Comisi\u00f3n Electoral Central de Ucrania<\/p>\n","protected":false},"author":1,"featured_media":4401,"comment_status":"closed","ping_status":"closed","sticky":false,"template":"","format":"standard","meta":{"footnotes":"","_links_to":"","_links_to_target":""},"categories":[121,108,70,7,119,23],"tags":[52],"class_list":["post-4391","post","type-post","status-publish","format-standard","has-post-thumbnail","hentry","category-dc24","category-blogdiario","category-actualidad","category-eurasia","category-guerra","category-politica","tag-ucrania","entry","double"],"yoast_head":"<!-- This site is optimized with the Yoast SEO plugin v27.4 - https:\/\/yoast.com\/product\/yoast-seo-wordpress\/ -->\n<title>Elecciones en Ucrania - ElCanillita.Info<\/title>\n<meta name=\"robots\" content=\"index, follow, max-snippet:-1, max-image-preview:large, max-video-preview:-1\" \/>\n<link rel=\"canonical\" href=\"https:\/\/elcanillita.info\/press\/2025\/02\/19\/elecciones-en-ucrania\/\" \/>\n<meta property=\"og:locale\" content=\"es_ES\" \/>\n<meta property=\"og:type\" content=\"article\" \/>\n<meta property=\"og:title\" content=\"Elecciones en Ucrania - ElCanillita.Info\" \/>\n<meta property=\"og:description\" content=\"Las elecciones en Ucrania son &quot;te\u00f3ricamente posibles&quot; este a\u00f1o, pero la guerra debe terminar primero, dice el presidente de la Comisi\u00f3n Electoral Central de Ucrania\" \/>\n<meta property=\"og:url\" content=\"https:\/\/elcanillita.info\/press\/2025\/02\/19\/elecciones-en-ucrania\/\" \/>\n<meta property=\"og:site_name\" content=\"ElCanillita.Info\" \/>\n<meta property=\"article:publisher\" content=\"https:\/\/ar-ar.facebook.com\/ElCanillitainfo-114249515285712\/\" \/>\n<meta property=\"article:published_time\" content=\"2025-02-19T19:50:49+00:00\" \/>\n<meta property=\"article:modified_time\" content=\"2025-02-20T11:18:32+00:00\" \/>\n<meta property=\"og:image\" content=\"https:\/\/elcanillita.info\/press\/images\/2025\/02\/bor3_20250219-1.jpeg\" \/>\n\t<meta property=\"og:image:width\" content=\"600\" \/>\n\t<meta property=\"og:image:height\" content=\"337\" \/>\n\t<meta property=\"og:image:type\" content=\"image\/jpeg\" \/>\n<meta name=\"author\" content=\"SalaStampa.eu, world press service\" \/>\n<meta name=\"twitter:card\" content=\"summary_large_image\" \/>\n<meta name=\"twitter:label1\" content=\"Escrito por\" \/>\n\t<meta name=\"twitter:data1\" content=\"SalaStampa.eu, world press service\" \/>\n\t<meta name=\"twitter:label2\" content=\"Tiempo de lectura\" \/>\n\t<meta name=\"twitter:data2\" content=\"4 minutos\" \/>\n<script type=\"application\/ld+json\" class=\"yoast-schema-graph\">{\"@context\":\"https:\\\/\\\/schema.org\",\"@graph\":[{\"@type\":\"Article\",\"@id\":\"https:\\\/\\\/elcanillita.info\\\/press\\\/2025\\\/02\\\/19\\\/elecciones-en-ucrania\\\/#article\",\"isPartOf\":{\"@id\":\"https:\\\/\\\/elcanillita.info\\\/press\\\/2025\\\/02\\\/19\\\/elecciones-en-ucrania\\\/\"},\"author\":{\"name\":\"SalaStampa.eu, world press service\",\"@id\":\"https:\\\/\\\/elcanillita.info\\\/press\\\/#\\\/schema\\\/person\\\/7fcb79f38045700919f7da6d97e71ba0\"},\"headline\":\"Elecciones en Ucrania\",\"datePublished\":\"2025-02-19T19:50:49+00:00\",\"dateModified\":\"2025-02-20T11:18:32+00:00\",\"mainEntityOfPage\":{\"@id\":\"https:\\\/\\\/elcanillita.info\\\/press\\\/2025\\\/02\\\/19\\\/elecciones-en-ucrania\\\/\"},\"wordCount\":814,\"publisher\":{\"@id\":\"https:\\\/\\\/elcanillita.info\\\/press\\\/#organization\"},\"image\":{\"@id\":\"https:\\\/\\\/elcanillita.info\\\/press\\\/2025\\\/02\\\/19\\\/elecciones-en-ucrania\\\/#primaryimage\"},\"thumbnailUrl\":\"https:\\\/\\\/elcanillita.info\\\/press\\\/images\\\/2025\\\/02\\\/bor3_20250219-1.jpeg\",\"keywords\":[\"Ucrania\"],\"articleSection\":[\".\",\".\",\"Actualidad\",\"Eurasia\",\"Guerra\",\"Politica\"],\"inLanguage\":\"es-AR\"},{\"@type\":\"WebPage\",\"@id\":\"https:\\\/\\\/elcanillita.info\\\/press\\\/2025\\\/02\\\/19\\\/elecciones-en-ucrania\\\/\",\"url\":\"https:\\\/\\\/elcanillita.info\\\/press\\\/2025\\\/02\\\/19\\\/elecciones-en-ucrania\\\/\",\"name\":\"Elecciones en Ucrania - ElCanillita.Info\",\"isPartOf\":{\"@id\":\"https:\\\/\\\/elcanillita.info\\\/press\\\/#website\"},\"primaryImageOfPage\":{\"@id\":\"https:\\\/\\\/elcanillita.info\\\/press\\\/2025\\\/02\\\/19\\\/elecciones-en-ucrania\\\/#primaryimage\"},\"image\":{\"@id\":\"https:\\\/\\\/elcanillita.info\\\/press\\\/2025\\\/02\\\/19\\\/elecciones-en-ucrania\\\/#primaryimage\"},\"thumbnailUrl\":\"https:\\\/\\\/elcanillita.info\\\/press\\\/images\\\/2025\\\/02\\\/bor3_20250219-1.jpeg\",\"datePublished\":\"2025-02-19T19:50:49+00:00\",\"dateModified\":\"2025-02-20T11:18:32+00:00\",\"inLanguage\":\"es-AR\",\"potentialAction\":[{\"@type\":\"ReadAction\",\"target\":[\"https:\\\/\\\/elcanillita.info\\\/press\\\/2025\\\/02\\\/19\\\/elecciones-en-ucrania\\\/\"]}]},{\"@type\":\"ImageObject\",\"inLanguage\":\"es-AR\",\"@id\":\"https:\\\/\\\/elcanillita.info\\\/press\\\/2025\\\/02\\\/19\\\/elecciones-en-ucrania\\\/#primaryimage\",\"url\":\"https:\\\/\\\/elcanillita.info\\\/press\\\/images\\\/2025\\\/02\\\/bor3_20250219-1.jpeg\",\"contentUrl\":\"https:\\\/\\\/elcanillita.info\\\/press\\\/images\\\/2025\\\/02\\\/bor3_20250219-1.jpeg\",\"width\":600,\"height\":337},{\"@type\":\"WebSite\",\"@id\":\"https:\\\/\\\/elcanillita.info\\\/press\\\/#website\",\"url\":\"https:\\\/\\\/elcanillita.info\\\/press\\\/\",\"name\":\"ElCanillita.Info\",\"description\":\"desde los Apeninos a los Andes\",\"publisher\":{\"@id\":\"https:\\\/\\\/elcanillita.info\\\/press\\\/#organization\"},\"potentialAction\":[{\"@type\":\"SearchAction\",\"target\":{\"@type\":\"EntryPoint\",\"urlTemplate\":\"https:\\\/\\\/elcanillita.info\\\/press\\\/?s={search_term_string}\"},\"query-input\":{\"@type\":\"PropertyValueSpecification\",\"valueRequired\":true,\"valueName\":\"search_term_string\"}}],\"inLanguage\":\"es-AR\"},{\"@type\":\"Organization\",\"@id\":\"https:\\\/\\\/elcanillita.info\\\/press\\\/#organization\",\"name\":\"Guzzo Photos & Graphic Publications\",\"url\":\"https:\\\/\\\/elcanillita.info\\\/press\\\/\",\"logo\":{\"@type\":\"ImageObject\",\"inLanguage\":\"es-AR\",\"@id\":\"https:\\\/\\\/elcanillita.info\\\/press\\\/#\\\/schema\\\/logo\\\/image\\\/\",\"url\":\"https:\\\/\\\/elcanillita.info\\\/press\\\/images\\\/2020\\\/01\\\/cropped-cropped-cropped-elcanillitainfo.png\",\"contentUrl\":\"https:\\\/\\\/elcanillita.info\\\/press\\\/images\\\/2020\\\/01\\\/cropped-cropped-cropped-elcanillitainfo.png\",\"width\":460,\"height\":50,\"caption\":\"Guzzo Photos & Graphic Publications\"},\"image\":{\"@id\":\"https:\\\/\\\/elcanillita.info\\\/press\\\/#\\\/schema\\\/logo\\\/image\\\/\"},\"sameAs\":[\"https:\\\/\\\/ar-ar.facebook.com\\\/ElCanillitainfo-114249515285712\\\/\"]},{\"@type\":\"Person\",\"@id\":\"https:\\\/\\\/elcanillita.info\\\/press\\\/#\\\/schema\\\/person\\\/7fcb79f38045700919f7da6d97e71ba0\",\"name\":\"SalaStampa.eu, world press service\",\"image\":{\"@type\":\"ImageObject\",\"inLanguage\":\"es-AR\",\"@id\":\"https:\\\/\\\/secure.gravatar.com\\\/avatar\\\/c2f0e0d515a107624234994507816ca4724c7199cef73fc8bedebf6931d73888?s=96&d=mm&r=g\",\"url\":\"https:\\\/\\\/secure.gravatar.com\\\/avatar\\\/c2f0e0d515a107624234994507816ca4724c7199cef73fc8bedebf6931d73888?s=96&d=mm&r=g\",\"contentUrl\":\"https:\\\/\\\/secure.gravatar.com\\\/avatar\\\/c2f0e0d515a107624234994507816ca4724c7199cef73fc8bedebf6931d73888?s=96&d=mm&r=g\",\"caption\":\"SalaStampa.eu, world press service\"}}]}<\/script>\n<!-- \/ Yoast SEO plugin. -->","yoast_head_json":{"title":"Elecciones en Ucrania - ElCanillita.Info","robots":{"index":"index","follow":"follow","max-snippet":"max-snippet:-1","max-image-preview":"max-image-preview:large","max-video-preview":"max-video-preview:-1"},"canonical":"https:\/\/elcanillita.info\/press\/2025\/02\/19\/elecciones-en-ucrania\/","og_locale":"es_ES","og_type":"article","og_title":"Elecciones en Ucrania - ElCanillita.Info","og_description":"Las elecciones en Ucrania son \"te\u00f3ricamente posibles\" este a\u00f1o, pero la guerra debe terminar primero, dice el presidente de la Comisi\u00f3n Electoral Central de Ucrania","og_url":"https:\/\/elcanillita.info\/press\/2025\/02\/19\/elecciones-en-ucrania\/","og_site_name":"ElCanillita.Info","article_publisher":"https:\/\/ar-ar.facebook.com\/ElCanillitainfo-114249515285712\/","article_published_time":"2025-02-19T19:50:49+00:00","article_modified_time":"2025-02-20T11:18:32+00:00","og_image":[{"width":600,"height":337,"url":"https:\/\/elcanillita.info\/press\/images\/2025\/02\/bor3_20250219-1.jpeg","type":"image\/jpeg"}],"author":"SalaStampa.eu, world press service","twitter_card":"summary_large_image","twitter_misc":{"Escrito por":"SalaStampa.eu, world press service","Tiempo de lectura":"4 minutos"},"schema":{"@context":"https:\/\/schema.org","@graph":[{"@type":"Article","@id":"https:\/\/elcanillita.info\/press\/2025\/02\/19\/elecciones-en-ucrania\/#article","isPartOf":{"@id":"https:\/\/elcanillita.info\/press\/2025\/02\/19\/elecciones-en-ucrania\/"},"author":{"name":"SalaStampa.eu, world press service","@id":"https:\/\/elcanillita.info\/press\/#\/schema\/person\/7fcb79f38045700919f7da6d97e71ba0"},"headline":"Elecciones en Ucrania","datePublished":"2025-02-19T19:50:49+00:00","dateModified":"2025-02-20T11:18:32+00:00","mainEntityOfPage":{"@id":"https:\/\/elcanillita.info\/press\/2025\/02\/19\/elecciones-en-ucrania\/"},"wordCount":814,"publisher":{"@id":"https:\/\/elcanillita.info\/press\/#organization"},"image":{"@id":"https:\/\/elcanillita.info\/press\/2025\/02\/19\/elecciones-en-ucrania\/#primaryimage"},"thumbnailUrl":"https:\/\/elcanillita.info\/press\/images\/2025\/02\/bor3_20250219-1.jpeg","keywords":["Ucrania"],"articleSection":[".",".","Actualidad","Eurasia","Guerra","Politica"],"inLanguage":"es-AR"},{"@type":"WebPage","@id":"https:\/\/elcanillita.info\/press\/2025\/02\/19\/elecciones-en-ucrania\/","url":"https:\/\/elcanillita.info\/press\/2025\/02\/19\/elecciones-en-ucrania\/","name":"Elecciones en Ucrania - ElCanillita.Info","isPartOf":{"@id":"https:\/\/elcanillita.info\/press\/#website"},"primaryImageOfPage":{"@id":"https:\/\/elcanillita.info\/press\/2025\/02\/19\/elecciones-en-ucrania\/#primaryimage"},"image":{"@id":"https:\/\/elcanillita.info\/press\/2025\/02\/19\/elecciones-en-ucrania\/#primaryimage"},"thumbnailUrl":"https:\/\/elcanillita.info\/press\/images\/2025\/02\/bor3_20250219-1.jpeg","datePublished":"2025-02-19T19:50:49+00:00","dateModified":"2025-02-20T11:18:32+00:00","inLanguage":"es-AR","potentialAction":[{"@type":"ReadAction","target":["https:\/\/elcanillita.info\/press\/2025\/02\/19\/elecciones-en-ucrania\/"]}]},{"@type":"ImageObject","inLanguage":"es-AR","@id":"https:\/\/elcanillita.info\/press\/2025\/02\/19\/elecciones-en-ucrania\/#primaryimage","url":"https:\/\/elcanillita.info\/press\/images\/2025\/02\/bor3_20250219-1.jpeg","contentUrl":"https:\/\/elcanillita.info\/press\/images\/2025\/02\/bor3_20250219-1.jpeg","width":600,"height":337},{"@type":"WebSite","@id":"https:\/\/elcanillita.info\/press\/#website","url":"https:\/\/elcanillita.info\/press\/","name":"ElCanillita.Info","description":"desde los Apeninos a los Andes","publisher":{"@id":"https:\/\/elcanillita.info\/press\/#organization"},"potentialAction":[{"@type":"SearchAction","target":{"@type":"EntryPoint","urlTemplate":"https:\/\/elcanillita.info\/press\/?s={search_term_string}"},"query-input":{"@type":"PropertyValueSpecification","valueRequired":true,"valueName":"search_term_string"}}],"inLanguage":"es-AR"},{"@type":"Organization","@id":"https:\/\/elcanillita.info\/press\/#organization","name":"Guzzo Photos & Graphic Publications","url":"https:\/\/elcanillita.info\/press\/","logo":{"@type":"ImageObject","inLanguage":"es-AR","@id":"https:\/\/elcanillita.info\/press\/#\/schema\/logo\/image\/","url":"https:\/\/elcanillita.info\/press\/images\/2020\/01\/cropped-cropped-cropped-elcanillitainfo.png","contentUrl":"https:\/\/elcanillita.info\/press\/images\/2020\/01\/cropped-cropped-cropped-elcanillitainfo.png","width":460,"height":50,"caption":"Guzzo Photos & Graphic Publications"},"image":{"@id":"https:\/\/elcanillita.info\/press\/#\/schema\/logo\/image\/"},"sameAs":["https:\/\/ar-ar.facebook.com\/ElCanillitainfo-114249515285712\/"]},{"@type":"Person","@id":"https:\/\/elcanillita.info\/press\/#\/schema\/person\/7fcb79f38045700919f7da6d97e71ba0","name":"SalaStampa.eu, world press service","image":{"@type":"ImageObject","inLanguage":"es-AR","@id":"https:\/\/secure.gravatar.com\/avatar\/c2f0e0d515a107624234994507816ca4724c7199cef73fc8bedebf6931d73888?s=96&d=mm&r=g","url":"https:\/\/secure.gravatar.com\/avatar\/c2f0e0d515a107624234994507816ca4724c7199cef73fc8bedebf6931d73888?s=96&d=mm&r=g","contentUrl":"https:\/\/secure.gravatar.com\/avatar\/c2f0e0d515a107624234994507816ca4724c7199cef73fc8bedebf6931d73888?s=96&d=mm&r=g","caption":"SalaStampa.eu, world press service"}}]}},"views":526,"_links":{"self":[{"href":"https:\/\/elcanillita.info\/press\/wp-json\/wp\/v2\/posts\/4391","targetHints":{"allow":["GET"]}}],"collection":[{"href":"https:\/\/elcanillita.info\/press\/wp-json\/wp\/v2\/posts"}],"about":[{"href":"https:\/\/elcanillita.info\/press\/wp-json\/wp\/v2\/types\/post"}],"author":[{"embeddable":true,"href":"https:\/\/elcanillita.info\/press\/wp-json\/wp\/v2\/users\/1"}],"replies":[{"embeddable":true,"href":"https:\/\/elcanillita.info\/press\/wp-json\/wp\/v2\/comments?post=4391"}],"version-history":[{"count":0,"href":"https:\/\/elcanillita.info\/press\/wp-json\/wp\/v2\/posts\/4391\/revisions"}],"wp:featuredmedia":[{"embeddable":true,"href":"https:\/\/elcanillita.info\/press\/wp-json\/wp\/v2\/media\/4401"}],"wp:attachment":[{"href":"https:\/\/elcanillita.info\/press\/wp-json\/wp\/v2\/media?parent=4391"}],"wp:term":[{"taxonomy":"category","embeddable":true,"href":"https:\/\/elcanillita.info\/press\/wp-json\/wp\/v2\/categories?post=4391"},{"taxonomy":"post_tag","embeddable":true,"href":"https:\/\/elcanillita.info\/press\/wp-json\/wp\/v2\/tags?post=4391"}],"curies":[{"name":"wp","href":"https:\/\/api.w.org\/{rel}","templated":true}]}}