{"id":4373,"date":"2025-02-17T08:21:55","date_gmt":"2025-02-17T11:21:55","guid":{"rendered":"https:\/\/elcanillita.info\/press\/?p=4373"},"modified":"2025-02-17T09:00:34","modified_gmt":"2025-02-17T12:00:34","slug":"macron-llama-a-las-potencias-europeas-a-reunirse-en-paris","status":"publish","type":"post","link":"https:\/\/elcanillita.info\/press\/2025\/02\/17\/macron-llama-a-las-potencias-europeas-a-reunirse-en-paris\/","title":{"rendered":"Macron llama a las potencias europeas a reunirse en Par\u00eds"},"content":{"rendered":"\n<figure class=\"wp-block-image size-full\"><img loading=\"lazy\" decoding=\"async\" width=\"600\" height=\"375\" src=\"https:\/\/elcanillita.info\/press\/images\/2025\/02\/macr_20250217.jpg\" alt=\"\" class=\"wp-image-4374\" srcset=\"https:\/\/elcanillita.info\/press\/images\/2025\/02\/macr_20250217.jpg 600w, https:\/\/elcanillita.info\/press\/images\/2025\/02\/macr_20250217-300x188.jpg 300w\" sizes=\"auto, (max-width: 600px) 100vw, 600px\" \/><\/figure>\n\n\n\n<p><smal><strong><small>ElCanillita.info, 17\/02\/2025<\/small><\/strong><br>Emmanuel Macron llama a las potencias europeas a reunirse en Par\u00eds para un encuentro que ser\u00e1 &#8220;informal&#8221; pero crucial para transformar lo que hasta ahora ha sido un pas de deux ruso-estadounidense en un plan compartido con Europa en el camino hacia un alto el fuego en Ucrania.<\/smal><\/p>\n\n\n\n<p>Una reuni\u00f3n entre una delegaci\u00f3n estadounidense y rusa sobre Ucrania est\u00e1 prevista para el martes en Riad, seg\u00fan el respetado diario econ\u00f3mico ruso Kommersant.<\/p>\n\n\n\n<p>Se espera que la delegaci\u00f3n estadounidense incluya al Secretario de Estado Marco Rubio, al Asesor de Seguridad Nacional Mike Walz y al enviado de la Casa Blanca para Oriente Medio, Steve Witkoff, a\u00f1adi\u00f3 el peri\u00f3dico.<\/p>\n\n\n\n<p>No hay informaci\u00f3n sobre qui\u00e9nes ser\u00e1n los representantes rusos, pero &#8220;circula por internet informaci\u00f3n&#8221; sobre una visita a Arabia Saudita del ministro de Asuntos Exteriores, Sergei Lavrov, a\u00f1ade Kommersant.<\/p>\n\n\n\n<p>El presidente de Estados Unidos, Donald Trump, reiter\u00f3 a los periodistas que el presidente ucraniano, Volodymyr Zelensky, &#8220;participar\u00e1&#8221; en las negociaciones de paz para Ucrania.<br>La UE busca encontrar la estrategia adecuada a adoptar para convencer a Washington de que los socios europeos deben contar con el camino hacia la paz. <br><br>Estados Unidos avanza a un ritmo que a Europa le cuesta seguir: seg\u00fan Bloomberg, la administraci\u00f3n Trump aspira a una tregua para Pascua, mientras que una reuni\u00f3n entre una delegaci\u00f3n estadounidense y una rusa est\u00e1 a punto de tener lugar en Riad.<\/p>\n\n\n\n<p>Ucrania podria no estar presente, no es la estrategia de Zelensky tantear el terreno con reuniones preparatorias: el l\u00edder ucraniano de hecho pretende sentarse a la mesa s\u00f3lo con Putin y con un plan elaborado entre EEUU, Ucrania y la UE. Pero aunque Kiev y Bruselas presionan para no quedar al margen, las negociaciones de la tregua siguen siendo un di\u00e1logo entre Washington y Mosc\u00fa.<\/p>\n\n\n\n<p>Sobre todo despu\u00e9s de que el enviado estadounidense Keith Kellogg dejara a Europa fuera de la mesa y el Kremlin elogiara al presidente norteamericano -cuyas palabras &#8220;prueban su compromiso con la paz&#8221;- subrayando que el magnate es bienvenido en Rusia en cualquier momento, igual que cualquier otro l\u00edder extranjero ser\u00eda bienvenido si decidiera participar en las celebraciones en Mosc\u00fa el 9 de Mayo por el 80\u00ba &#8220;D\u00eda de la Victoria&#8221;, el aniversario ruso de la derrota del nazismo.<\/p>\n\n\n\n<p>En este contexto, el El\u00edseo, consciente de la necesidad de que los europeos hagan &#8220;m\u00e1s y mejor&#8221; para garantizar su seguridad, ha convocado una reuni\u00f3n, confirmada tras horas de incertidumbre, para encontrar una estrategia que permita a Europa no quedarse fuera de juego. El presidente franc\u00e9s, Emmanuel Macron, recibir\u00e1 a &#8220;los principales pa\u00edses europeos&#8221; para hablar de &#8220;la seguridad europea&#8221;, anunci\u00f3 el ministro franc\u00e9s de Asuntos Exteriores, Jean-No\u00ebl Barrot. Participar\u00e1n los jefes de Gobierno de Alemania, Reino Unido, Italia, Polonia, Espa\u00f1a, Pa\u00edses Bajos y Dinamarca, as\u00ed como el presidente del Consejo Europeo Costa, la presidenta de la Comisi\u00f3n Europea von der Leyen y el secretario general de la OTAN Rutte. <br><br>El l\u00edder podr\u00e1 partir de un punto de fuerza dado por los n\u00fameros: en general, seg\u00fan un an\u00e1lisis del Instituto de Kiel, Europa supera de hecho a EE.UU. en t\u00e9rminos de ayuda a Ucrania.<\/p>\n\n\n\n<p>El primero ha destinado 70.000 millones de euros en ayuda financiera y humanitaria y 62.000 millones de euros en ayuda militar, frente a los 64.000 millones de euros en ayuda militar y los 50.000 millones de euros en asignaciones financieras y humanitarias de los EE.UU. Luego est\u00e1 la cuesti\u00f3n de las sanciones lanzadas por la UE contra Rusia y, por tanto, su influencia para tener voz y voto en las negociaciones.<\/p>\n\n\n\n<p>Pero en la reuni\u00f3n tambi\u00e9n se discutir\u00e1 qu\u00e9 capacidades de defensa podr\u00eda proporcionar Europa para dar a Ucrania garant\u00edas de seguridad cre\u00edbles, incluida la posibilidad de la adhesi\u00f3n autom\u00e1tica de Kiev a la OTAN en caso de una clara violaci\u00f3n del alto el fuego por parte de Rusia. Una idea impulsada por algunos senadores estadounidenses y apoyada por varios l\u00edderes europeos, como el finland\u00e9s Alexander Stubb.<\/p>\n\n\n\n<p>Adem\u00e1s, la cumbre podr\u00eda ser una oportunidad para responder a la petici\u00f3n estadounidense de comprometer tropas en una fuerza de estabilizaci\u00f3n en caso de tregua, una opci\u00f3n que divide a los dirigentes europeos pero que est\u00e1 sobre la mesa, como record\u00f3 Zelenski en M\u00fanich.<\/p>\n\n\n\n<p>Al final de una reuni\u00f3n informal en M\u00fanich con algunos ministros de Asuntos Exteriores de la UE, la Alta Representante, Kaja Kallas, dijo que pronto se anunciar\u00e1n iniciativas. Mientras tanto, en v\u00edsperas de la cumbre de Par\u00eds, Barrot se declar\u00f3 convencido de que &#8220;los europeos participar\u00e1n de una manera u otra en las discusiones&#8221; para poner fin a la guerra.<\/p>\n\n\n\n<p>&#8220;El papel de Estados Unidos es convencer a Putin de negociar&#8221; y creen que &#8220;pueden hacerlo mediante una mezcla de presi\u00f3n y di\u00e1logo&#8221;. Pero en \u00faltima instancia, &#8220;s\u00f3lo los ucranianos pueden decidir dejar de luchar, y los apoyaremos hasta que tomen esa decisi\u00f3n&#8221;.<\/p>\n\n\n\n<p>Mientras tanto, lejos de las discusiones sobre el Diplomacia La guerra contin\u00faa en Ucrania en detrimento de la poblaci\u00f3n: &#8220;Hoy m\u00e1s de cien mil personas en Mykolaiv se quedaron sin calefacci\u00f3n debido al ataque ruso&#8221;, inform\u00f3 Zelenski. &#8220;Esto no es lo que hacen quienes realmente quieren la paz y se preparan para las negociaciones&#8221;.<br><br><small>Copyright \u00a9 2025 SalaStampa.Eu affiliate with USAGM \/ BBG &#8211; servicio mundial de prensa . Edited by Guzzo Photos &amp; Graphic Publications, Registro Editori e Stampatori n. 1441 Torino, Italia &#8211; Copyright \u00a9 1995-2025 Reprinted by ElCanillita.info \/ BlogDiario.info<\/small><\/p>\n","protected":false},"excerpt":{"rendered":"<p>Una reuni\u00f3n urgente, convocada inmediatamente despu\u00e9s del desastroso resultado de la Conferencia de Munich, para intentar devolver la voz a Europa, expulsada por Estados Unidos<\/p>\n","protected":false},"author":1,"featured_media":4375,"comment_status":"closed","ping_status":"closed","sticky":false,"template":"","format":"standard","meta":{"footnotes":"","_links_to":"","_links_to_target":""},"categories":[108,121,70,5,119,23],"tags":[34,58,49,52,59],"class_list":["post-4373","post","type-post","status-publish","format-standard","has-post-thumbnail","hentry","category-blogdiario","category-dc24","category-actualidad","category-europa","category-guerra","category-politica","tag-estados-unidos","tag-reino-unido","tag-rusia","tag-ucrania","tag-union-europea","entry","double"],"yoast_head":"<!-- This site is optimized with the Yoast SEO plugin v27.4 - https:\/\/yoast.com\/product\/yoast-seo-wordpress\/ -->\n<title>Macron llama a las potencias europeas a reunirse en Par\u00eds - ElCanillita.Info<\/title>\n<meta name=\"robots\" content=\"index, follow, max-snippet:-1, max-image-preview:large, max-video-preview:-1\" \/>\n<link rel=\"canonical\" href=\"https:\/\/elcanillita.info\/press\/2025\/02\/17\/macron-llama-a-las-potencias-europeas-a-reunirse-en-paris\/\" \/>\n<meta property=\"og:locale\" content=\"es_ES\" \/>\n<meta property=\"og:type\" content=\"article\" \/>\n<meta property=\"og:title\" content=\"Macron llama a las potencias europeas a reunirse en Par\u00eds - ElCanillita.Info\" \/>\n<meta property=\"og:description\" content=\"Una reuni\u00f3n urgente, convocada inmediatamente despu\u00e9s del desastroso resultado de la Conferencia de Munich, para intentar devolver la voz a Europa, expulsada por Estados Unidos\" \/>\n<meta property=\"og:url\" content=\"https:\/\/elcanillita.info\/press\/2025\/02\/17\/macron-llama-a-las-potencias-europeas-a-reunirse-en-paris\/\" \/>\n<meta property=\"og:site_name\" content=\"ElCanillita.Info\" \/>\n<meta property=\"article:publisher\" content=\"https:\/\/ar-ar.facebook.com\/ElCanillitainfo-114249515285712\/\" \/>\n<meta property=\"article:published_time\" content=\"2025-02-17T11:21:55+00:00\" \/>\n<meta property=\"article:modified_time\" content=\"2025-02-17T12:00:34+00:00\" \/>\n<meta property=\"og:image\" content=\"https:\/\/elcanillita.info\/press\/images\/2025\/02\/ucra2wb.jpg\" \/>\n\t<meta property=\"og:image:width\" content=\"600\" \/>\n\t<meta property=\"og:image:height\" content=\"437\" \/>\n\t<meta property=\"og:image:type\" content=\"image\/jpeg\" \/>\n<meta name=\"author\" content=\"SalaStampa.eu, world press service\" \/>\n<meta name=\"twitter:card\" content=\"summary_large_image\" \/>\n<meta name=\"twitter:label1\" content=\"Escrito por\" \/>\n\t<meta name=\"twitter:data1\" content=\"SalaStampa.eu, world press service\" \/>\n\t<meta name=\"twitter:label2\" content=\"Tiempo de lectura\" \/>\n\t<meta name=\"twitter:data2\" content=\"5 minutos\" \/>\n<script type=\"application\/ld+json\" class=\"yoast-schema-graph\">{\"@context\":\"https:\\\/\\\/schema.org\",\"@graph\":[{\"@type\":\"Article\",\"@id\":\"https:\\\/\\\/elcanillita.info\\\/press\\\/2025\\\/02\\\/17\\\/macron-llama-a-las-potencias-europeas-a-reunirse-en-paris\\\/#article\",\"isPartOf\":{\"@id\":\"https:\\\/\\\/elcanillita.info\\\/press\\\/2025\\\/02\\\/17\\\/macron-llama-a-las-potencias-europeas-a-reunirse-en-paris\\\/\"},\"author\":{\"name\":\"SalaStampa.eu, world press service\",\"@id\":\"https:\\\/\\\/elcanillita.info\\\/press\\\/#\\\/schema\\\/person\\\/7fcb79f38045700919f7da6d97e71ba0\"},\"headline\":\"Macron llama a las potencias europeas a reunirse en Par\u00eds\",\"datePublished\":\"2025-02-17T11:21:55+00:00\",\"dateModified\":\"2025-02-17T12:00:34+00:00\",\"mainEntityOfPage\":{\"@id\":\"https:\\\/\\\/elcanillita.info\\\/press\\\/2025\\\/02\\\/17\\\/macron-llama-a-las-potencias-europeas-a-reunirse-en-paris\\\/\"},\"wordCount\":970,\"publisher\":{\"@id\":\"https:\\\/\\\/elcanillita.info\\\/press\\\/#organization\"},\"image\":{\"@id\":\"https:\\\/\\\/elcanillita.info\\\/press\\\/2025\\\/02\\\/17\\\/macron-llama-a-las-potencias-europeas-a-reunirse-en-paris\\\/#primaryimage\"},\"thumbnailUrl\":\"https:\\\/\\\/elcanillita.info\\\/press\\\/images\\\/2025\\\/02\\\/ucra2wb.jpg\",\"keywords\":[\"Estados Unidos\",\"Reino Unido\",\"Rusia\",\"Ucrania\",\"Uni\u00f3n Europea\"],\"articleSection\":[\".\",\".\",\"Actualidad\",\"Europa\",\"Guerra\",\"Politica\"],\"inLanguage\":\"es-AR\"},{\"@type\":\"WebPage\",\"@id\":\"https:\\\/\\\/elcanillita.info\\\/press\\\/2025\\\/02\\\/17\\\/macron-llama-a-las-potencias-europeas-a-reunirse-en-paris\\\/\",\"url\":\"https:\\\/\\\/elcanillita.info\\\/press\\\/2025\\\/02\\\/17\\\/macron-llama-a-las-potencias-europeas-a-reunirse-en-paris\\\/\",\"name\":\"Macron llama a las potencias europeas a reunirse en Par\u00eds - ElCanillita.Info\",\"isPartOf\":{\"@id\":\"https:\\\/\\\/elcanillita.info\\\/press\\\/#website\"},\"primaryImageOfPage\":{\"@id\":\"https:\\\/\\\/elcanillita.info\\\/press\\\/2025\\\/02\\\/17\\\/macron-llama-a-las-potencias-europeas-a-reunirse-en-paris\\\/#primaryimage\"},\"image\":{\"@id\":\"https:\\\/\\\/elcanillita.info\\\/press\\\/2025\\\/02\\\/17\\\/macron-llama-a-las-potencias-europeas-a-reunirse-en-paris\\\/#primaryimage\"},\"thumbnailUrl\":\"https:\\\/\\\/elcanillita.info\\\/press\\\/images\\\/2025\\\/02\\\/ucra2wb.jpg\",\"datePublished\":\"2025-02-17T11:21:55+00:00\",\"dateModified\":\"2025-02-17T12:00:34+00:00\",\"inLanguage\":\"es-AR\",\"potentialAction\":[{\"@type\":\"ReadAction\",\"target\":[\"https:\\\/\\\/elcanillita.info\\\/press\\\/2025\\\/02\\\/17\\\/macron-llama-a-las-potencias-europeas-a-reunirse-en-paris\\\/\"]}]},{\"@type\":\"ImageObject\",\"inLanguage\":\"es-AR\",\"@id\":\"https:\\\/\\\/elcanillita.info\\\/press\\\/2025\\\/02\\\/17\\\/macron-llama-a-las-potencias-europeas-a-reunirse-en-paris\\\/#primaryimage\",\"url\":\"https:\\\/\\\/elcanillita.info\\\/press\\\/images\\\/2025\\\/02\\\/ucra2wb.jpg\",\"contentUrl\":\"https:\\\/\\\/elcanillita.info\\\/press\\\/images\\\/2025\\\/02\\\/ucra2wb.jpg\",\"width\":600,\"height\":437},{\"@type\":\"WebSite\",\"@id\":\"https:\\\/\\\/elcanillita.info\\\/press\\\/#website\",\"url\":\"https:\\\/\\\/elcanillita.info\\\/press\\\/\",\"name\":\"ElCanillita.Info\",\"description\":\"desde los Apeninos a los Andes\",\"publisher\":{\"@id\":\"https:\\\/\\\/elcanillita.info\\\/press\\\/#organization\"},\"potentialAction\":[{\"@type\":\"SearchAction\",\"target\":{\"@type\":\"EntryPoint\",\"urlTemplate\":\"https:\\\/\\\/elcanillita.info\\\/press\\\/?s={search_term_string}\"},\"query-input\":{\"@type\":\"PropertyValueSpecification\",\"valueRequired\":true,\"valueName\":\"search_term_string\"}}],\"inLanguage\":\"es-AR\"},{\"@type\":\"Organization\",\"@id\":\"https:\\\/\\\/elcanillita.info\\\/press\\\/#organization\",\"name\":\"Guzzo Photos & Graphic Publications\",\"url\":\"https:\\\/\\\/elcanillita.info\\\/press\\\/\",\"logo\":{\"@type\":\"ImageObject\",\"inLanguage\":\"es-AR\",\"@id\":\"https:\\\/\\\/elcanillita.info\\\/press\\\/#\\\/schema\\\/logo\\\/image\\\/\",\"url\":\"https:\\\/\\\/elcanillita.info\\\/press\\\/images\\\/2020\\\/01\\\/cropped-cropped-cropped-elcanillitainfo.png\",\"contentUrl\":\"https:\\\/\\\/elcanillita.info\\\/press\\\/images\\\/2020\\\/01\\\/cropped-cropped-cropped-elcanillitainfo.png\",\"width\":460,\"height\":50,\"caption\":\"Guzzo Photos & Graphic Publications\"},\"image\":{\"@id\":\"https:\\\/\\\/elcanillita.info\\\/press\\\/#\\\/schema\\\/logo\\\/image\\\/\"},\"sameAs\":[\"https:\\\/\\\/ar-ar.facebook.com\\\/ElCanillitainfo-114249515285712\\\/\"]},{\"@type\":\"Person\",\"@id\":\"https:\\\/\\\/elcanillita.info\\\/press\\\/#\\\/schema\\\/person\\\/7fcb79f38045700919f7da6d97e71ba0\",\"name\":\"SalaStampa.eu, world press service\",\"image\":{\"@type\":\"ImageObject\",\"inLanguage\":\"es-AR\",\"@id\":\"https:\\\/\\\/secure.gravatar.com\\\/avatar\\\/c2f0e0d515a107624234994507816ca4724c7199cef73fc8bedebf6931d73888?s=96&d=mm&r=g\",\"url\":\"https:\\\/\\\/secure.gravatar.com\\\/avatar\\\/c2f0e0d515a107624234994507816ca4724c7199cef73fc8bedebf6931d73888?s=96&d=mm&r=g\",\"contentUrl\":\"https:\\\/\\\/secure.gravatar.com\\\/avatar\\\/c2f0e0d515a107624234994507816ca4724c7199cef73fc8bedebf6931d73888?s=96&d=mm&r=g\",\"caption\":\"SalaStampa.eu, world press service\"}}]}<\/script>\n<!-- \/ Yoast SEO plugin. -->","yoast_head_json":{"title":"Macron llama a las potencias europeas a reunirse en Par\u00eds - ElCanillita.Info","robots":{"index":"index","follow":"follow","max-snippet":"max-snippet:-1","max-image-preview":"max-image-preview:large","max-video-preview":"max-video-preview:-1"},"canonical":"https:\/\/elcanillita.info\/press\/2025\/02\/17\/macron-llama-a-las-potencias-europeas-a-reunirse-en-paris\/","og_locale":"es_ES","og_type":"article","og_title":"Macron llama a las potencias europeas a reunirse en Par\u00eds - ElCanillita.Info","og_description":"Una reuni\u00f3n urgente, convocada inmediatamente despu\u00e9s del desastroso resultado de la Conferencia de Munich, para intentar devolver la voz a Europa, expulsada por Estados Unidos","og_url":"https:\/\/elcanillita.info\/press\/2025\/02\/17\/macron-llama-a-las-potencias-europeas-a-reunirse-en-paris\/","og_site_name":"ElCanillita.Info","article_publisher":"https:\/\/ar-ar.facebook.com\/ElCanillitainfo-114249515285712\/","article_published_time":"2025-02-17T11:21:55+00:00","article_modified_time":"2025-02-17T12:00:34+00:00","og_image":[{"width":600,"height":437,"url":"https:\/\/elcanillita.info\/press\/images\/2025\/02\/ucra2wb.jpg","type":"image\/jpeg"}],"author":"SalaStampa.eu, world press service","twitter_card":"summary_large_image","twitter_misc":{"Escrito por":"SalaStampa.eu, world press service","Tiempo de lectura":"5 minutos"},"schema":{"@context":"https:\/\/schema.org","@graph":[{"@type":"Article","@id":"https:\/\/elcanillita.info\/press\/2025\/02\/17\/macron-llama-a-las-potencias-europeas-a-reunirse-en-paris\/#article","isPartOf":{"@id":"https:\/\/elcanillita.info\/press\/2025\/02\/17\/macron-llama-a-las-potencias-europeas-a-reunirse-en-paris\/"},"author":{"name":"SalaStampa.eu, world press service","@id":"https:\/\/elcanillita.info\/press\/#\/schema\/person\/7fcb79f38045700919f7da6d97e71ba0"},"headline":"Macron llama a las potencias europeas a reunirse en Par\u00eds","datePublished":"2025-02-17T11:21:55+00:00","dateModified":"2025-02-17T12:00:34+00:00","mainEntityOfPage":{"@id":"https:\/\/elcanillita.info\/press\/2025\/02\/17\/macron-llama-a-las-potencias-europeas-a-reunirse-en-paris\/"},"wordCount":970,"publisher":{"@id":"https:\/\/elcanillita.info\/press\/#organization"},"image":{"@id":"https:\/\/elcanillita.info\/press\/2025\/02\/17\/macron-llama-a-las-potencias-europeas-a-reunirse-en-paris\/#primaryimage"},"thumbnailUrl":"https:\/\/elcanillita.info\/press\/images\/2025\/02\/ucra2wb.jpg","keywords":["Estados Unidos","Reino Unido","Rusia","Ucrania","Uni\u00f3n Europea"],"articleSection":[".",".","Actualidad","Europa","Guerra","Politica"],"inLanguage":"es-AR"},{"@type":"WebPage","@id":"https:\/\/elcanillita.info\/press\/2025\/02\/17\/macron-llama-a-las-potencias-europeas-a-reunirse-en-paris\/","url":"https:\/\/elcanillita.info\/press\/2025\/02\/17\/macron-llama-a-las-potencias-europeas-a-reunirse-en-paris\/","name":"Macron llama a las potencias europeas a reunirse en Par\u00eds - ElCanillita.Info","isPartOf":{"@id":"https:\/\/elcanillita.info\/press\/#website"},"primaryImageOfPage":{"@id":"https:\/\/elcanillita.info\/press\/2025\/02\/17\/macron-llama-a-las-potencias-europeas-a-reunirse-en-paris\/#primaryimage"},"image":{"@id":"https:\/\/elcanillita.info\/press\/2025\/02\/17\/macron-llama-a-las-potencias-europeas-a-reunirse-en-paris\/#primaryimage"},"thumbnailUrl":"https:\/\/elcanillita.info\/press\/images\/2025\/02\/ucra2wb.jpg","datePublished":"2025-02-17T11:21:55+00:00","dateModified":"2025-02-17T12:00:34+00:00","inLanguage":"es-AR","potentialAction":[{"@type":"ReadAction","target":["https:\/\/elcanillita.info\/press\/2025\/02\/17\/macron-llama-a-las-potencias-europeas-a-reunirse-en-paris\/"]}]},{"@type":"ImageObject","inLanguage":"es-AR","@id":"https:\/\/elcanillita.info\/press\/2025\/02\/17\/macron-llama-a-las-potencias-europeas-a-reunirse-en-paris\/#primaryimage","url":"https:\/\/elcanillita.info\/press\/images\/2025\/02\/ucra2wb.jpg","contentUrl":"https:\/\/elcanillita.info\/press\/images\/2025\/02\/ucra2wb.jpg","width":600,"height":437},{"@type":"WebSite","@id":"https:\/\/elcanillita.info\/press\/#website","url":"https:\/\/elcanillita.info\/press\/","name":"ElCanillita.Info","description":"desde los Apeninos a los Andes","publisher":{"@id":"https:\/\/elcanillita.info\/press\/#organization"},"potentialAction":[{"@type":"SearchAction","target":{"@type":"EntryPoint","urlTemplate":"https:\/\/elcanillita.info\/press\/?s={search_term_string}"},"query-input":{"@type":"PropertyValueSpecification","valueRequired":true,"valueName":"search_term_string"}}],"inLanguage":"es-AR"},{"@type":"Organization","@id":"https:\/\/elcanillita.info\/press\/#organization","name":"Guzzo Photos & Graphic Publications","url":"https:\/\/elcanillita.info\/press\/","logo":{"@type":"ImageObject","inLanguage":"es-AR","@id":"https:\/\/elcanillita.info\/press\/#\/schema\/logo\/image\/","url":"https:\/\/elcanillita.info\/press\/images\/2020\/01\/cropped-cropped-cropped-elcanillitainfo.png","contentUrl":"https:\/\/elcanillita.info\/press\/images\/2020\/01\/cropped-cropped-cropped-elcanillitainfo.png","width":460,"height":50,"caption":"Guzzo Photos & Graphic Publications"},"image":{"@id":"https:\/\/elcanillita.info\/press\/#\/schema\/logo\/image\/"},"sameAs":["https:\/\/ar-ar.facebook.com\/ElCanillitainfo-114249515285712\/"]},{"@type":"Person","@id":"https:\/\/elcanillita.info\/press\/#\/schema\/person\/7fcb79f38045700919f7da6d97e71ba0","name":"SalaStampa.eu, world press service","image":{"@type":"ImageObject","inLanguage":"es-AR","@id":"https:\/\/secure.gravatar.com\/avatar\/c2f0e0d515a107624234994507816ca4724c7199cef73fc8bedebf6931d73888?s=96&d=mm&r=g","url":"https:\/\/secure.gravatar.com\/avatar\/c2f0e0d515a107624234994507816ca4724c7199cef73fc8bedebf6931d73888?s=96&d=mm&r=g","contentUrl":"https:\/\/secure.gravatar.com\/avatar\/c2f0e0d515a107624234994507816ca4724c7199cef73fc8bedebf6931d73888?s=96&d=mm&r=g","caption":"SalaStampa.eu, world press service"}}]}},"views":270,"_links":{"self":[{"href":"https:\/\/elcanillita.info\/press\/wp-json\/wp\/v2\/posts\/4373","targetHints":{"allow":["GET"]}}],"collection":[{"href":"https:\/\/elcanillita.info\/press\/wp-json\/wp\/v2\/posts"}],"about":[{"href":"https:\/\/elcanillita.info\/press\/wp-json\/wp\/v2\/types\/post"}],"author":[{"embeddable":true,"href":"https:\/\/elcanillita.info\/press\/wp-json\/wp\/v2\/users\/1"}],"replies":[{"embeddable":true,"href":"https:\/\/elcanillita.info\/press\/wp-json\/wp\/v2\/comments?post=4373"}],"version-history":[{"count":0,"href":"https:\/\/elcanillita.info\/press\/wp-json\/wp\/v2\/posts\/4373\/revisions"}],"wp:featuredmedia":[{"embeddable":true,"href":"https:\/\/elcanillita.info\/press\/wp-json\/wp\/v2\/media\/4375"}],"wp:attachment":[{"href":"https:\/\/elcanillita.info\/press\/wp-json\/wp\/v2\/media?parent=4373"}],"wp:term":[{"taxonomy":"category","embeddable":true,"href":"https:\/\/elcanillita.info\/press\/wp-json\/wp\/v2\/categories?post=4373"},{"taxonomy":"post_tag","embeddable":true,"href":"https:\/\/elcanillita.info\/press\/wp-json\/wp\/v2\/tags?post=4373"}],"curies":[{"name":"wp","href":"https:\/\/api.w.org\/{rel}","templated":true}]}}