{"id":4355,"date":"2025-02-13T11:52:26","date_gmt":"2025-02-13T14:52:26","guid":{"rendered":"https:\/\/elcanillita.info\/press\/?p=4355"},"modified":"2025-02-13T12:11:51","modified_gmt":"2025-02-13T15:11:51","slug":"trump-se-niega-a-considerar-a-ucrania-un-participante-igualitario-en-las-negociaciones-de-paz","status":"publish","type":"post","link":"https:\/\/elcanillita.info\/press\/2025\/02\/13\/trump-se-niega-a-considerar-a-ucrania-un-participante-igualitario-en-las-negociaciones-de-paz\/","title":{"rendered":"Trump se niega a considerar a Ucrania un participante igualitario en las negociaciones de paz"},"content":{"rendered":"\n<figure class=\"wp-block-image size-full\"><img loading=\"lazy\" decoding=\"async\" width=\"600\" height=\"337\" src=\"https:\/\/elcanillita.info\/press\/images\/2025\/02\/trmp_IWB_20250213.jpg\" alt=\"Pete Hegseth, el secretario de Defensa de Estados Unidos, en las conversaciones de la OTAN con John Healey, su hom\u00f3logo del Reino Unido\" class=\"wp-image-4356\" srcset=\"https:\/\/elcanillita.info\/press\/images\/2025\/02\/trmp_IWB_20250213.jpg 600w, https:\/\/elcanillita.info\/press\/images\/2025\/02\/trmp_IWB_20250213-300x169.jpg 300w\" sizes=\"auto, (max-width: 600px) 100vw, 600px\" \/><\/figure>\n\n\n\n<p><small><strong>ElCanilita.info, 13\/02\/2025<\/strong><\/small><br>Tras las conversaciones del presidente estadounidense Donald Trump con el l\u00edder ruso Vladimir Putin y el presidente ucraniano Volodymyr Zelenskyy, as\u00ed como las declaraciones del Kremlin, los analistas del Instituto para el Estudio de la Guerra (ISW) han llegado a la conclusi\u00f3n de que &#8220;Putin no est\u00e1 interesado en hacer concesiones durante las futuras negociaciones de paz&#8221;. Fuente: ISW<br><br>Trump dijo el 12 de febrero que discuti\u00f3 la guerra en Ucrania con Putin y que acordaron que sus administraciones comenzar\u00edan las negociaciones &#8220;inmediatamente&#8221;.<\/p>\n\n\n\n<p>El informe oficial del Kremlin sobre la conversaci\u00f3n afirm\u00f3 que Putin subray\u00f3 la necesidad de &#8220;eliminar las causas profundas&#8221; de la guerra y que Putin &#8220;coincidi\u00f3&#8221; con Trump en que &#8220;se podr\u00eda lograr una soluci\u00f3n a largo plazo mediante negociaciones pac\u00edficas&#8221;.<\/p>\n\n\n\n<p>Cita: <em>&#8220;Los funcionarios rusos han definido expl\u00edcitamente las &#8216;causas fundamentales&#8217; de la guerra como la supuesta violaci\u00f3n por parte de la OTAN de los compromisos de no avanzar hacia el este en \u00e1reas cercanas a la frontera de Rusia, lo que indica que el Kremlin sigue comprometido a imponer su voluntad e intereses de seguridad a los Estados Unidos y Europa y no est\u00e1 interesado en comprometer esta demanda&#8221;.<\/em><\/p>\n\n\n\n<p>El informe tambi\u00e9n dice que Trump reconoci\u00f3 su conversaci\u00f3n telef\u00f3nica con Zelenskyy, en la que discutieron la guerra y la inminente reuni\u00f3n de Zelenskyy con el vicepresidente estadounidense JD Vance y el secretario de Estado Marco Rubio en ocasi\u00f3n de la Conferencia de Seguridad de Munich del 14 al 16 de febrero.<\/p>\n\n\n\n<p>Zelenskyy dijo que \u00e9l y Trump discutieron las oportunidades para la paz, la disposici\u00f3n a trabajar juntos y las capacidades tecnol\u00f3gicas de Ucrania, incluidos los drones. Zelenskyy tambi\u00e9n afirm\u00f3 que Trump comparti\u00f3 detalles de su conversaci\u00f3n con Putin y que \u00e9l y Trump acordaron planificar futuras reuniones bilaterales.<\/p>\n\n\n\n<p>El portavoz del Kremlin, Dmitry Peskov, y el vicepresidente del Consejo de Seguridad ruso, Dmitry Medvedev, rechazaron expl\u00edcitamente la propuesta de Zelensky de intercambiar territorio ucraniano ocupado por territorio en poder de las tropas ucranianas en la regi\u00f3n de Kursk durante las futuras conversaciones de paz.<\/p>\n\n\n\n<p>Medvedev dijo que ser\u00eda &#8220;una tonter\u00eda&#8221; intercambiar territorio ruso y ucraniano, mientras que Peskov dijo que Rusia &#8220;nunca discutir\u00eda&#8221; el intercambio de su territorio.<\/p>\n\n\n\n<p>Cita: <em>&#8220;Las declaraciones de Medvedev y Peskov respaldan a\u00fan m\u00e1s la evaluaci\u00f3n de ISW de que el presidente ruso, Vladimir Putin, no est\u00e1 interesado en hacer ning\u00fan compromiso durante las futuras negociaciones de paz y solo cumplir\u00e1 con un acuerdo de paz que cumpla con todas las demandas maximalistas de Putin en Ucrania&#8221;.<\/em><\/p>\n\n\n\n<p><strong>Citaciones Conclusivas del Instituto para el Estudio de la Guerra (ISW) <\/strong>:<br>El presidente de los Estados Unidos, Donald Trump, mantuvo llamadas telef\u00f3nicas bilaterales con el l\u00edder ruso, Vladimir Putin, y el presidente ucraniano, Volodymyr Zelensky, el 12 de febrero. El portavoz del Kremlin, Dmitri Peskov, y el vicepresidente del Consejo de Seguridad ruso, Dmitri Medvedev, rechazaron expl\u00edcitamente la propuesta del presidente ucraniano, Volodymyr Zelensky, de intercambiar territorio ucraniano ocupado por territorio en poder de las fuerzas ucranianas en la regi\u00f3n de Kursk durante las futuras negociaciones de paz<em>.<\/em><\/p>\n\n\n\n<p>El Servicio de Inteligencia de Defensa de Dinamarca (DDIS) evalu\u00f3 que Rusia puede tener la capacidad de lanzar una guerra a gran escala contra la OTAN en los pr\u00f3ximos cinco a\u00f1os, lo que es consistente con las evaluaciones de ISW sobre los esfuerzos rusos para reestructurar y preparar a su ej\u00e9rcito y sociedad para un futuro conflicto con la OTAN en el mediano y largo plazo.<\/p>\n\n\n\n<p>El Ministerio de Defensa de Ucrania lanz\u00f3 recientemente el programa de reclutamiento voluntario &#8220;Contrato 18-24&#8221; destinado a reclutar a ucranianos de entre 18 y 24 a\u00f1os en las Fuerzas Armadas de Ucrania.<\/p>\n\n\n\n<p>El l\u00edder ruso, Vladimir Putin, mantuvo su primera llamada oficial con el presidente interino sirio Ahmed al Shara el 12 de febrero desde la ca\u00edda del ex presidente sirio respaldado por Rusia, Bashar al Assad. <br><br>El 12 de febrero, la Asamblea Nacional de Armenia aprob\u00f3 en primera lectura un proyecto de ley para iniciar el proceso de adhesi\u00f3n a la Uni\u00f3n Europea (UE).<br><em><br><\/em>Las fuerzas ucranianas avanzaron recientemente en la regi\u00f3n de Kursk y cerca de Toretsk, y las fuerzas rusas avanzaron recientemente en la regi\u00f3n de Kursk y cerca de Borova, Siversk, Toretsk, Pokrovsk y Kurakhove.<br><br><small>Copyright \u00a9 2025 ElCanillita.info \/ SalaStampa.Eu, servicio mundial de prensa<\/small><br><small>Guzzo Photos &amp; Graphic Publications &#8211; Registro Editori e Stampatori n. 1441 Torino, Italia<\/small><\/p>\n\n\n\n<p><br><\/p>\n","protected":false},"excerpt":{"rendered":"<p><small>Foto: Pete Hegseth (dr), el secretario de Defensa de Estados Unidos, en las conversaciones de la OTAN con John Healey (iz), su hom\u00f3logo del Reino Unido<\/small><br \/>\nDonald Trump en una conferencia de prensa en la Oficina Oval, seg\u00fan inform\u00f3 European Pravda, cuando se le pregunt\u00f3 si considera a Ucrania un participante igualitario en las negociaciones de paz, Trump dijo: &#8220;Es una pregunta interesante&#8221;. Cuando se le pregunt\u00f3 si Trump apoyaba a Zelenskyy en la cesi\u00f3n de territorio o en el intercambio de territorio para poner fin a la guerra, respondi\u00f3: &#8220;Va a tener que hacer lo que tenga que hacer, pero ya sabes, sus cifras en las encuestas no son especialmente buenas, por decirlo suavemente&#8221;.<\/p>\n","protected":false},"author":1,"featured_media":4357,"comment_status":"closed","ping_status":"closed","sticky":false,"template":"","format":"standard","meta":{"footnotes":"","_links_to":"","_links_to_target":""},"categories":[108,121,7],"tags":[34,49,52],"class_list":["post-4355","post","type-post","status-publish","format-standard","has-post-thumbnail","hentry","category-blogdiario","category-dc24","category-eurasia","tag-estados-unidos","tag-rusia","tag-ucrania","entry","double"],"yoast_head":"<!-- This site is optimized with the Yoast SEO plugin v27.4 - https:\/\/yoast.com\/product\/yoast-seo-wordpress\/ -->\n<title>Trump se niega a considerar a Ucrania un participante igualitario en las negociaciones de paz - ElCanillita.Info<\/title>\n<meta name=\"robots\" content=\"index, follow, max-snippet:-1, max-image-preview:large, max-video-preview:-1\" \/>\n<link rel=\"canonical\" href=\"https:\/\/elcanillita.info\/press\/2025\/02\/13\/trump-se-niega-a-considerar-a-ucrania-un-participante-igualitario-en-las-negociaciones-de-paz\/\" \/>\n<meta property=\"og:locale\" content=\"es_ES\" \/>\n<meta property=\"og:type\" content=\"article\" \/>\n<meta property=\"og:title\" content=\"Trump se niega a considerar a Ucrania un participante igualitario en las negociaciones de paz - ElCanillita.Info\" \/>\n<meta property=\"og:description\" content=\"Foto: Pete Hegseth (dr), el secretario de Defensa de Estados Unidos, en las conversaciones de la OTAN con John Healey (iz), su hom\u00f3logo del Reino Unido Donald Trump en una conferencia de prensa en la Oficina Oval, seg\u00fan inform\u00f3 European Pravda, cuando se le pregunt\u00f3 si considera a Ucrania un participante igualitario en las negociaciones de paz, Trump dijo: &quot;Es una pregunta interesante&quot;. Cuando se le pregunt\u00f3 si Trump apoyaba a Zelenskyy en la cesi\u00f3n de territorio o en el intercambio de territorio para poner fin a la guerra, respondi\u00f3: &quot;Va a tener que hacer lo que tenga que hacer, pero ya sabes, sus cifras en las encuestas no son especialmente buenas, por decirlo suavemente&quot;.\" \/>\n<meta property=\"og:url\" content=\"https:\/\/elcanillita.info\/press\/2025\/02\/13\/trump-se-niega-a-considerar-a-ucrania-un-participante-igualitario-en-las-negociaciones-de-paz\/\" \/>\n<meta property=\"og:site_name\" content=\"ElCanillita.Info\" \/>\n<meta property=\"article:publisher\" content=\"https:\/\/ar-ar.facebook.com\/ElCanillitainfo-114249515285712\/\" \/>\n<meta property=\"article:published_time\" content=\"2025-02-13T14:52:26+00:00\" \/>\n<meta property=\"article:modified_time\" content=\"2025-02-13T15:11:51+00:00\" \/>\n<meta property=\"og:image\" content=\"https:\/\/elcanillita.info\/press\/images\/2025\/02\/trmp_IIWB_20250213.jpg\" \/>\n\t<meta property=\"og:image:width\" content=\"600\" \/>\n\t<meta property=\"og:image:height\" content=\"337\" \/>\n\t<meta property=\"og:image:type\" content=\"image\/jpeg\" \/>\n<meta name=\"author\" content=\"SalaStampa.eu, world press service\" \/>\n<meta name=\"twitter:card\" content=\"summary_large_image\" \/>\n<meta name=\"twitter:label1\" content=\"Escrito por\" \/>\n\t<meta name=\"twitter:data1\" content=\"SalaStampa.eu, world press service\" \/>\n\t<meta name=\"twitter:label2\" content=\"Tiempo de lectura\" \/>\n\t<meta name=\"twitter:data2\" content=\"4 minutos\" \/>\n<script type=\"application\/ld+json\" class=\"yoast-schema-graph\">{\"@context\":\"https:\\\/\\\/schema.org\",\"@graph\":[{\"@type\":\"Article\",\"@id\":\"https:\\\/\\\/elcanillita.info\\\/press\\\/2025\\\/02\\\/13\\\/trump-se-niega-a-considerar-a-ucrania-un-participante-igualitario-en-las-negociaciones-de-paz\\\/#article\",\"isPartOf\":{\"@id\":\"https:\\\/\\\/elcanillita.info\\\/press\\\/2025\\\/02\\\/13\\\/trump-se-niega-a-considerar-a-ucrania-un-participante-igualitario-en-las-negociaciones-de-paz\\\/\"},\"author\":{\"name\":\"SalaStampa.eu, world press service\",\"@id\":\"https:\\\/\\\/elcanillita.info\\\/press\\\/#\\\/schema\\\/person\\\/7fcb79f38045700919f7da6d97e71ba0\"},\"headline\":\"Trump se niega a considerar a Ucrania un participante igualitario en las negociaciones de paz\",\"datePublished\":\"2025-02-13T14:52:26+00:00\",\"dateModified\":\"2025-02-13T15:11:51+00:00\",\"mainEntityOfPage\":{\"@id\":\"https:\\\/\\\/elcanillita.info\\\/press\\\/2025\\\/02\\\/13\\\/trump-se-niega-a-considerar-a-ucrania-un-participante-igualitario-en-las-negociaciones-de-paz\\\/\"},\"wordCount\":771,\"publisher\":{\"@id\":\"https:\\\/\\\/elcanillita.info\\\/press\\\/#organization\"},\"image\":{\"@id\":\"https:\\\/\\\/elcanillita.info\\\/press\\\/2025\\\/02\\\/13\\\/trump-se-niega-a-considerar-a-ucrania-un-participante-igualitario-en-las-negociaciones-de-paz\\\/#primaryimage\"},\"thumbnailUrl\":\"https:\\\/\\\/elcanillita.info\\\/press\\\/images\\\/2025\\\/02\\\/trmp_IIWB_20250213.jpg\",\"keywords\":[\"Estados Unidos\",\"Rusia\",\"Ucrania\"],\"articleSection\":[\".\",\".\",\"Eurasia\"],\"inLanguage\":\"es-AR\"},{\"@type\":\"WebPage\",\"@id\":\"https:\\\/\\\/elcanillita.info\\\/press\\\/2025\\\/02\\\/13\\\/trump-se-niega-a-considerar-a-ucrania-un-participante-igualitario-en-las-negociaciones-de-paz\\\/\",\"url\":\"https:\\\/\\\/elcanillita.info\\\/press\\\/2025\\\/02\\\/13\\\/trump-se-niega-a-considerar-a-ucrania-un-participante-igualitario-en-las-negociaciones-de-paz\\\/\",\"name\":\"Trump se niega a considerar a Ucrania un participante igualitario en las negociaciones de paz - ElCanillita.Info\",\"isPartOf\":{\"@id\":\"https:\\\/\\\/elcanillita.info\\\/press\\\/#website\"},\"primaryImageOfPage\":{\"@id\":\"https:\\\/\\\/elcanillita.info\\\/press\\\/2025\\\/02\\\/13\\\/trump-se-niega-a-considerar-a-ucrania-un-participante-igualitario-en-las-negociaciones-de-paz\\\/#primaryimage\"},\"image\":{\"@id\":\"https:\\\/\\\/elcanillita.info\\\/press\\\/2025\\\/02\\\/13\\\/trump-se-niega-a-considerar-a-ucrania-un-participante-igualitario-en-las-negociaciones-de-paz\\\/#primaryimage\"},\"thumbnailUrl\":\"https:\\\/\\\/elcanillita.info\\\/press\\\/images\\\/2025\\\/02\\\/trmp_IIWB_20250213.jpg\",\"datePublished\":\"2025-02-13T14:52:26+00:00\",\"dateModified\":\"2025-02-13T15:11:51+00:00\",\"inLanguage\":\"es-AR\",\"potentialAction\":[{\"@type\":\"ReadAction\",\"target\":[\"https:\\\/\\\/elcanillita.info\\\/press\\\/2025\\\/02\\\/13\\\/trump-se-niega-a-considerar-a-ucrania-un-participante-igualitario-en-las-negociaciones-de-paz\\\/\"]}]},{\"@type\":\"ImageObject\",\"inLanguage\":\"es-AR\",\"@id\":\"https:\\\/\\\/elcanillita.info\\\/press\\\/2025\\\/02\\\/13\\\/trump-se-niega-a-considerar-a-ucrania-un-participante-igualitario-en-las-negociaciones-de-paz\\\/#primaryimage\",\"url\":\"https:\\\/\\\/elcanillita.info\\\/press\\\/images\\\/2025\\\/02\\\/trmp_IIWB_20250213.jpg\",\"contentUrl\":\"https:\\\/\\\/elcanillita.info\\\/press\\\/images\\\/2025\\\/02\\\/trmp_IIWB_20250213.jpg\",\"width\":600,\"height\":337},{\"@type\":\"WebSite\",\"@id\":\"https:\\\/\\\/elcanillita.info\\\/press\\\/#website\",\"url\":\"https:\\\/\\\/elcanillita.info\\\/press\\\/\",\"name\":\"ElCanillita.Info\",\"description\":\"desde los Apeninos a los Andes\",\"publisher\":{\"@id\":\"https:\\\/\\\/elcanillita.info\\\/press\\\/#organization\"},\"potentialAction\":[{\"@type\":\"SearchAction\",\"target\":{\"@type\":\"EntryPoint\",\"urlTemplate\":\"https:\\\/\\\/elcanillita.info\\\/press\\\/?s={search_term_string}\"},\"query-input\":{\"@type\":\"PropertyValueSpecification\",\"valueRequired\":true,\"valueName\":\"search_term_string\"}}],\"inLanguage\":\"es-AR\"},{\"@type\":\"Organization\",\"@id\":\"https:\\\/\\\/elcanillita.info\\\/press\\\/#organization\",\"name\":\"Guzzo Photos & Graphic Publications\",\"url\":\"https:\\\/\\\/elcanillita.info\\\/press\\\/\",\"logo\":{\"@type\":\"ImageObject\",\"inLanguage\":\"es-AR\",\"@id\":\"https:\\\/\\\/elcanillita.info\\\/press\\\/#\\\/schema\\\/logo\\\/image\\\/\",\"url\":\"https:\\\/\\\/elcanillita.info\\\/press\\\/images\\\/2020\\\/01\\\/cropped-cropped-cropped-elcanillitainfo.png\",\"contentUrl\":\"https:\\\/\\\/elcanillita.info\\\/press\\\/images\\\/2020\\\/01\\\/cropped-cropped-cropped-elcanillitainfo.png\",\"width\":460,\"height\":50,\"caption\":\"Guzzo Photos & Graphic Publications\"},\"image\":{\"@id\":\"https:\\\/\\\/elcanillita.info\\\/press\\\/#\\\/schema\\\/logo\\\/image\\\/\"},\"sameAs\":[\"https:\\\/\\\/ar-ar.facebook.com\\\/ElCanillitainfo-114249515285712\\\/\"]},{\"@type\":\"Person\",\"@id\":\"https:\\\/\\\/elcanillita.info\\\/press\\\/#\\\/schema\\\/person\\\/7fcb79f38045700919f7da6d97e71ba0\",\"name\":\"SalaStampa.eu, world press service\",\"image\":{\"@type\":\"ImageObject\",\"inLanguage\":\"es-AR\",\"@id\":\"https:\\\/\\\/secure.gravatar.com\\\/avatar\\\/c2f0e0d515a107624234994507816ca4724c7199cef73fc8bedebf6931d73888?s=96&d=mm&r=g\",\"url\":\"https:\\\/\\\/secure.gravatar.com\\\/avatar\\\/c2f0e0d515a107624234994507816ca4724c7199cef73fc8bedebf6931d73888?s=96&d=mm&r=g\",\"contentUrl\":\"https:\\\/\\\/secure.gravatar.com\\\/avatar\\\/c2f0e0d515a107624234994507816ca4724c7199cef73fc8bedebf6931d73888?s=96&d=mm&r=g\",\"caption\":\"SalaStampa.eu, world press service\"}}]}<\/script>\n<!-- \/ Yoast SEO plugin. -->","yoast_head_json":{"title":"Trump se niega a considerar a Ucrania un participante igualitario en las negociaciones de paz - ElCanillita.Info","robots":{"index":"index","follow":"follow","max-snippet":"max-snippet:-1","max-image-preview":"max-image-preview:large","max-video-preview":"max-video-preview:-1"},"canonical":"https:\/\/elcanillita.info\/press\/2025\/02\/13\/trump-se-niega-a-considerar-a-ucrania-un-participante-igualitario-en-las-negociaciones-de-paz\/","og_locale":"es_ES","og_type":"article","og_title":"Trump se niega a considerar a Ucrania un participante igualitario en las negociaciones de paz - ElCanillita.Info","og_description":"Foto: Pete Hegseth (dr), el secretario de Defensa de Estados Unidos, en las conversaciones de la OTAN con John Healey (iz), su hom\u00f3logo del Reino Unido Donald Trump en una conferencia de prensa en la Oficina Oval, seg\u00fan inform\u00f3 European Pravda, cuando se le pregunt\u00f3 si considera a Ucrania un participante igualitario en las negociaciones de paz, Trump dijo: \"Es una pregunta interesante\". Cuando se le pregunt\u00f3 si Trump apoyaba a Zelenskyy en la cesi\u00f3n de territorio o en el intercambio de territorio para poner fin a la guerra, respondi\u00f3: \"Va a tener que hacer lo que tenga que hacer, pero ya sabes, sus cifras en las encuestas no son especialmente buenas, por decirlo suavemente\".","og_url":"https:\/\/elcanillita.info\/press\/2025\/02\/13\/trump-se-niega-a-considerar-a-ucrania-un-participante-igualitario-en-las-negociaciones-de-paz\/","og_site_name":"ElCanillita.Info","article_publisher":"https:\/\/ar-ar.facebook.com\/ElCanillitainfo-114249515285712\/","article_published_time":"2025-02-13T14:52:26+00:00","article_modified_time":"2025-02-13T15:11:51+00:00","og_image":[{"width":600,"height":337,"url":"https:\/\/elcanillita.info\/press\/images\/2025\/02\/trmp_IIWB_20250213.jpg","type":"image\/jpeg"}],"author":"SalaStampa.eu, world press service","twitter_card":"summary_large_image","twitter_misc":{"Escrito por":"SalaStampa.eu, world press service","Tiempo de lectura":"4 minutos"},"schema":{"@context":"https:\/\/schema.org","@graph":[{"@type":"Article","@id":"https:\/\/elcanillita.info\/press\/2025\/02\/13\/trump-se-niega-a-considerar-a-ucrania-un-participante-igualitario-en-las-negociaciones-de-paz\/#article","isPartOf":{"@id":"https:\/\/elcanillita.info\/press\/2025\/02\/13\/trump-se-niega-a-considerar-a-ucrania-un-participante-igualitario-en-las-negociaciones-de-paz\/"},"author":{"name":"SalaStampa.eu, world press service","@id":"https:\/\/elcanillita.info\/press\/#\/schema\/person\/7fcb79f38045700919f7da6d97e71ba0"},"headline":"Trump se niega a considerar a Ucrania un participante igualitario en las negociaciones de paz","datePublished":"2025-02-13T14:52:26+00:00","dateModified":"2025-02-13T15:11:51+00:00","mainEntityOfPage":{"@id":"https:\/\/elcanillita.info\/press\/2025\/02\/13\/trump-se-niega-a-considerar-a-ucrania-un-participante-igualitario-en-las-negociaciones-de-paz\/"},"wordCount":771,"publisher":{"@id":"https:\/\/elcanillita.info\/press\/#organization"},"image":{"@id":"https:\/\/elcanillita.info\/press\/2025\/02\/13\/trump-se-niega-a-considerar-a-ucrania-un-participante-igualitario-en-las-negociaciones-de-paz\/#primaryimage"},"thumbnailUrl":"https:\/\/elcanillita.info\/press\/images\/2025\/02\/trmp_IIWB_20250213.jpg","keywords":["Estados Unidos","Rusia","Ucrania"],"articleSection":[".",".","Eurasia"],"inLanguage":"es-AR"},{"@type":"WebPage","@id":"https:\/\/elcanillita.info\/press\/2025\/02\/13\/trump-se-niega-a-considerar-a-ucrania-un-participante-igualitario-en-las-negociaciones-de-paz\/","url":"https:\/\/elcanillita.info\/press\/2025\/02\/13\/trump-se-niega-a-considerar-a-ucrania-un-participante-igualitario-en-las-negociaciones-de-paz\/","name":"Trump se niega a considerar a Ucrania un participante igualitario en las negociaciones de paz - ElCanillita.Info","isPartOf":{"@id":"https:\/\/elcanillita.info\/press\/#website"},"primaryImageOfPage":{"@id":"https:\/\/elcanillita.info\/press\/2025\/02\/13\/trump-se-niega-a-considerar-a-ucrania-un-participante-igualitario-en-las-negociaciones-de-paz\/#primaryimage"},"image":{"@id":"https:\/\/elcanillita.info\/press\/2025\/02\/13\/trump-se-niega-a-considerar-a-ucrania-un-participante-igualitario-en-las-negociaciones-de-paz\/#primaryimage"},"thumbnailUrl":"https:\/\/elcanillita.info\/press\/images\/2025\/02\/trmp_IIWB_20250213.jpg","datePublished":"2025-02-13T14:52:26+00:00","dateModified":"2025-02-13T15:11:51+00:00","inLanguage":"es-AR","potentialAction":[{"@type":"ReadAction","target":["https:\/\/elcanillita.info\/press\/2025\/02\/13\/trump-se-niega-a-considerar-a-ucrania-un-participante-igualitario-en-las-negociaciones-de-paz\/"]}]},{"@type":"ImageObject","inLanguage":"es-AR","@id":"https:\/\/elcanillita.info\/press\/2025\/02\/13\/trump-se-niega-a-considerar-a-ucrania-un-participante-igualitario-en-las-negociaciones-de-paz\/#primaryimage","url":"https:\/\/elcanillita.info\/press\/images\/2025\/02\/trmp_IIWB_20250213.jpg","contentUrl":"https:\/\/elcanillita.info\/press\/images\/2025\/02\/trmp_IIWB_20250213.jpg","width":600,"height":337},{"@type":"WebSite","@id":"https:\/\/elcanillita.info\/press\/#website","url":"https:\/\/elcanillita.info\/press\/","name":"ElCanillita.Info","description":"desde los Apeninos a los Andes","publisher":{"@id":"https:\/\/elcanillita.info\/press\/#organization"},"potentialAction":[{"@type":"SearchAction","target":{"@type":"EntryPoint","urlTemplate":"https:\/\/elcanillita.info\/press\/?s={search_term_string}"},"query-input":{"@type":"PropertyValueSpecification","valueRequired":true,"valueName":"search_term_string"}}],"inLanguage":"es-AR"},{"@type":"Organization","@id":"https:\/\/elcanillita.info\/press\/#organization","name":"Guzzo Photos & Graphic Publications","url":"https:\/\/elcanillita.info\/press\/","logo":{"@type":"ImageObject","inLanguage":"es-AR","@id":"https:\/\/elcanillita.info\/press\/#\/schema\/logo\/image\/","url":"https:\/\/elcanillita.info\/press\/images\/2020\/01\/cropped-cropped-cropped-elcanillitainfo.png","contentUrl":"https:\/\/elcanillita.info\/press\/images\/2020\/01\/cropped-cropped-cropped-elcanillitainfo.png","width":460,"height":50,"caption":"Guzzo Photos & Graphic Publications"},"image":{"@id":"https:\/\/elcanillita.info\/press\/#\/schema\/logo\/image\/"},"sameAs":["https:\/\/ar-ar.facebook.com\/ElCanillitainfo-114249515285712\/"]},{"@type":"Person","@id":"https:\/\/elcanillita.info\/press\/#\/schema\/person\/7fcb79f38045700919f7da6d97e71ba0","name":"SalaStampa.eu, world press service","image":{"@type":"ImageObject","inLanguage":"es-AR","@id":"https:\/\/secure.gravatar.com\/avatar\/c2f0e0d515a107624234994507816ca4724c7199cef73fc8bedebf6931d73888?s=96&d=mm&r=g","url":"https:\/\/secure.gravatar.com\/avatar\/c2f0e0d515a107624234994507816ca4724c7199cef73fc8bedebf6931d73888?s=96&d=mm&r=g","contentUrl":"https:\/\/secure.gravatar.com\/avatar\/c2f0e0d515a107624234994507816ca4724c7199cef73fc8bedebf6931d73888?s=96&d=mm&r=g","caption":"SalaStampa.eu, world press service"}}]}},"views":218,"_links":{"self":[{"href":"https:\/\/elcanillita.info\/press\/wp-json\/wp\/v2\/posts\/4355","targetHints":{"allow":["GET"]}}],"collection":[{"href":"https:\/\/elcanillita.info\/press\/wp-json\/wp\/v2\/posts"}],"about":[{"href":"https:\/\/elcanillita.info\/press\/wp-json\/wp\/v2\/types\/post"}],"author":[{"embeddable":true,"href":"https:\/\/elcanillita.info\/press\/wp-json\/wp\/v2\/users\/1"}],"replies":[{"embeddable":true,"href":"https:\/\/elcanillita.info\/press\/wp-json\/wp\/v2\/comments?post=4355"}],"version-history":[{"count":0,"href":"https:\/\/elcanillita.info\/press\/wp-json\/wp\/v2\/posts\/4355\/revisions"}],"wp:featuredmedia":[{"embeddable":true,"href":"https:\/\/elcanillita.info\/press\/wp-json\/wp\/v2\/media\/4357"}],"wp:attachment":[{"href":"https:\/\/elcanillita.info\/press\/wp-json\/wp\/v2\/media?parent=4355"}],"wp:term":[{"taxonomy":"category","embeddable":true,"href":"https:\/\/elcanillita.info\/press\/wp-json\/wp\/v2\/categories?post=4355"},{"taxonomy":"post_tag","embeddable":true,"href":"https:\/\/elcanillita.info\/press\/wp-json\/wp\/v2\/tags?post=4355"}],"curies":[{"name":"wp","href":"https:\/\/api.w.org\/{rel}","templated":true}]}}