{"id":4333,"date":"2025-01-30T08:12:19","date_gmt":"2025-01-30T11:12:19","guid":{"rendered":"https:\/\/elcanillita.info\/press\/?p=4333"},"modified":"2025-02-08T11:04:42","modified_gmt":"2025-02-08T14:04:42","slug":"el-feminicidio-no-existe","status":"publish","type":"post","link":"https:\/\/elcanillita.info\/press\/2025\/01\/30\/el-feminicidio-no-existe\/","title":{"rendered":"\u201cEl feminicidio no existe\u201d"},"content":{"rendered":"\n<figure class=\"wp-block-image size-full is-resized\"><img loading=\"lazy\" decoding=\"async\" width=\"500\" height=\"500\" src=\"https:\/\/elcanillita.info\/press\/images\/2025\/01\/coverwb_20241014.jpg\" alt=\"\" class=\"wp-image-4334\" style=\"width:567px;height:auto\" srcset=\"https:\/\/elcanillita.info\/press\/images\/2025\/01\/coverwb_20241014.jpg 500w, https:\/\/elcanillita.info\/press\/images\/2025\/01\/coverwb_20241014-300x300.jpg 300w, https:\/\/elcanillita.info\/press\/images\/2025\/01\/coverwb_20241014-150x150.jpg 150w\" sizes=\"auto, (max-width: 500px) 100vw, 500px\" \/><\/figure>\n\n\n\n<p><small><strong>ElCanillita.info, 30\/01\/2025<\/strong><\/small><strong><br>La brutalidad de Milei, Musk y Trump obliga a la izquierda a encontrar su alma<\/strong><br><small><em> Nota: gentileza de Barbara Carnevali<\/em><\/small><br><br>Son palabras que ponen los pelos de punta porque trastocan la realidad con un recurso ret\u00f3rico: el falso silogismo. Si la premisa es que hombres y mujeres son iguales y que la ley es igual para todos, la consecuencia debe ser que ning\u00fan asesinato puede ser m\u00e1s grave que otro. El falso silogismo, sin embargo, como explica Arist\u00f3teles, se basa en una falacia y est\u00e1 construido para manipular a los dem\u00e1s. Es cierto que hombres y mujeres somos iguales, pero tambi\u00e9n es cierto que los delitos se castigan de forma diferente, dependiendo de su gravedad. Y que matar a una persona por ser mujer constituye una circunstancia agravante.<\/p>\n\n\n\n<p>Este solo expediente l\u00f3gico bastar\u00eda para desmontar los sofismas de Milei y sus emisarios. Al igual que las de su hom\u00f3logo estadounidense Trump, quien al mismo tiempo firm\u00f3 una orden ejecutiva para poner fin a los programas de equidad e inclusi\u00f3n del gobierno federal, o las palabras de cualquier exponente de la nueva derecha populista que han inaugurado un modo de comunicaci\u00f3n basado en la paradoja. , sobre el exceso, sobre la hip\u00e9rbole. Si el Gran Hermano de Orwell utilizaba la \u201cneolengua\u201d, las Grandes Cargas de nuestro tiempo utilizan la provocaci\u00f3n como arma ret\u00f3rica para decir lo indecible, para legitimar lo innombrable, para hacer plausible lo inaceptable.<br><br><br><strong>El cicl\u00f3n Milei en Davos: \u201cYa no estoy solo. Musk, Trump y Meloni est\u00e1n conmigo. \u00bfLa ideolog\u00eda despierta? Un c\u00e1ncer\u201d<\/strong><br><small><em> Nota: gentileza de Jos\u00e9 Botero<\/em><\/small><\/p>\n\n\n\n<p>Una provocaci\u00f3n tras otra, d\u00eda tras d\u00eda, con met\u00f3dica sistematicidad. Hacen proclamaciones sin sentido que se extienden como una plaga. Anexo Groenlandia, sancionar lenguaje inclusivo, retirar el patriarcado por decreto, abolir el delito de feminicidio. Medidas anunciadas a viva voz y con arrogancia para desviar el debate de otras cuestiones. No es que esto no sea importante, por supuesto. El delito de feminicidio, por ejemplo, fue introducido en Italia en 2013 y est\u00e1 presente en muchos pa\u00edses del mundo para estigmatizar la violencia de g\u00e9nero y poner fin a una serie de delitos que van desde el acoso, el hostigamiento, las palizas e incluso el asesinato. El feminicidio, como todos saben, no indica el g\u00e9nero de la persona asesinada, sino el motivo: asesinada por ser mujer. Se trata pues de una norma que se hizo necesaria precisamente para condenar un abuso, una desigualdad, una injusticia hist\u00f3rica.<\/p>\n\n\n\n<p>As\u00ed como el feminismo no es una lucha entre bandas, una guerra de mujeres contra hombres que enfrenta a la mitad de la poblaci\u00f3n contra la otra (para citar nuevamente al eminente jurista argentino), sino un movimiento de la sociedad civil que lucha desde hace d\u00e9cadas para superar la discriminaci\u00f3n. Son conceptos que para todos est\u00e1n m\u00e1s o menos claros. Sin embargo, o\u00edr al Presidente de un Estado y a su Ministro de Justicia expresarse en esos t\u00e9rminos crea confusi\u00f3n, insin\u00faa dudas, crea consignas f\u00e1ciles de difundir para arrasar de un empuj\u00f3n razonamientos complejos.<\/p>\n\n\n\n<p><strong>De Milei a Meloni y los ultraderechistas de Afd y Vox: \u00bfqui\u00e9nes estar\u00e1n -y qui\u00e9nes no- en la investidura de Trump..?<\/strong><br><br>No es f\u00e1cil predecir si la norma anunciada se pondr\u00e1 en pr\u00e1ctica, y quiz\u00e1s ese no sea el punto m\u00e1s importante. Lo importante son los anuncios, las proclamas, las pancartas. Lo que no se pod\u00eda decir (quiz\u00e1s s\u00f3lo susurrar) ahora se puede gritar: que el feminismo es discriminatorio puede ser tema de discusi\u00f3n en una c\u00e1mara parlamentaria, en las sedes de un gobierno o tema de charla en un bar. En un pa\u00eds como Argentina, donde cada 35 horas ocurre un femicidio (252 en 2024), el presidente Milei ha cancelado el Ministerio de la Mujer y la Secretar\u00eda de Violencia de G\u00e9nero, recortando fondos para la &#8220;l\u00ednea 144&#8221; (para denuncias de violencia dom\u00e9stica) y para programas Dirigido a las v\u00edctimas.<\/p>\n\n\n\n<p>\u00bfY luego qu\u00e9 m\u00e1s? \u00bfDe qui\u00e9n ser\u00e1 el turno? \u00bfCu\u00e1l ser\u00e1 la pr\u00f3xima oportunidad de propaganda? \u00bfA qui\u00e9n perseguir\u00e1n los garrotes medi\u00e1ticos de la pol\u00edtica populista de extrema derecha? El feminismo, la diversidad, la inclusi\u00f3n, la igualdad, la inmigraci\u00f3n, el aborto, el ecologismo y la ideolog\u00eda de g\u00e9nero son los enemigos a combatir, declar\u00f3 Milei hace unos d\u00edas con motivo del 53\u00ba Foro Econ\u00f3mico Mundial. Y desde Estados Unidos, Trump le hace eco en una especie de concurso para ver qui\u00e9n puede decir la mentira m\u00e1s grande.<\/p>\n\n\n\n<p>\u201cEl sue\u00f1o de la raz\u00f3n produce monstruos\u201d era el t\u00edtulo de un famoso grabado de Francisco Goya de finales del siglo XVIII. S\u00f3lo que los monstruos no son s\u00f3lo aquellos que hacen proclamas al mundo entero. Los monstruos viven dentro de nosotros, por desgracia, en el vientre blando del individualismo obtuso, en el ego\u00edsmo narcisista y so\u00f1oliento, en el miedo a los dem\u00e1s y a los diferentes, en la renuncia al sentido cr\u00edtico y en la ignorancia de la Historia que, por desgracia, se repite. . , no siempre como una farsa.<\/p>\n\n\n\n<p>Y esos monstruos son los que m\u00e1s deber\u00edan asustarnos, aquellos que se sienten solicitados por sus palabras, y que en el fondo se sienten tranquilizados por sus palabras, porque quienes escuchan a otro repetir sus pensamientos m\u00e1s vergonzosos y embarazosos tienen la impresi\u00f3n de ser menos vergonzosos. y menos embarazoso. Y probablemente es por eso que siguen votando por ellos.<br><br><small>Copyright \u00a9 2025 SalaStampa.Eu affiliate with USAGM \/ BBG &#8211; servicio mundial de prensa . Edited by Guzzo Photos &amp; Graphic Publications &#8211; Copyright \u00a9 1995-2025 Reprinted by ElCanillita.info \/ BlogDiario.info<\/small><\/p>\n\n\n\n<p> <br><\/p>\n","protected":false},"excerpt":{"rendered":"<p>El feminicidio distorsiona el concepto de igualdad, crea privilegios, enfrenta a una mitad de la poblaci\u00f3n contra la otra. Estas son las razones por las que Mariano C\u00faneo Libarona, ministro de Justicia de Milei, anuncia la cancelaci\u00f3n del femicidio del C\u00f3digo Penal en Argentina. Todos somos iguales, concluye en un tuit, ninguna vida vale m\u00e1s que otra.<\/p>\n","protected":false},"author":1,"featured_media":4334,"comment_status":"closed","ping_status":"closed","sticky":false,"template":"","format":"standard","meta":{"footnotes":"","_links_to":"","_links_to_target":""},"categories":[108,121,70,123,126,23],"tags":[],"class_list":["post-4333","post","type-post","status-publish","format-standard","has-post-thumbnail","hentry","category-blogdiario","category-dc24","category-actualidad","category-argentina","category-dolores-de-la-press","category-politica","entry","double"],"yoast_head":"<!-- This site is optimized with the Yoast SEO plugin v27.4 - https:\/\/yoast.com\/product\/yoast-seo-wordpress\/ -->\n<title>\u201cEl feminicidio no existe\u201d - ElCanillita.Info<\/title>\n<meta name=\"robots\" content=\"index, follow, max-snippet:-1, max-image-preview:large, max-video-preview:-1\" \/>\n<link rel=\"canonical\" href=\"https:\/\/elcanillita.info\/press\/2025\/01\/30\/el-feminicidio-no-existe\/\" \/>\n<meta property=\"og:locale\" content=\"es_ES\" \/>\n<meta property=\"og:type\" content=\"article\" \/>\n<meta property=\"og:title\" content=\"\u201cEl feminicidio no existe\u201d - ElCanillita.Info\" \/>\n<meta property=\"og:description\" content=\"El feminicidio distorsiona el concepto de igualdad, crea privilegios, enfrenta a una mitad de la poblaci\u00f3n contra la otra. Estas son las razones por las que Mariano C\u00faneo Libarona, ministro de Justicia de Milei, anuncia la cancelaci\u00f3n del femicidio del C\u00f3digo Penal en Argentina. Todos somos iguales, concluye en un tuit, ninguna vida vale m\u00e1s que otra.\" \/>\n<meta property=\"og:url\" content=\"https:\/\/elcanillita.info\/press\/2025\/01\/30\/el-feminicidio-no-existe\/\" \/>\n<meta property=\"og:site_name\" content=\"ElCanillita.Info\" \/>\n<meta property=\"article:publisher\" content=\"https:\/\/ar-ar.facebook.com\/ElCanillitainfo-114249515285712\/\" \/>\n<meta property=\"article:published_time\" content=\"2025-01-30T11:12:19+00:00\" \/>\n<meta property=\"article:modified_time\" content=\"2025-02-08T14:04:42+00:00\" \/>\n<meta property=\"og:image\" content=\"https:\/\/elcanillita.info\/press\/images\/2025\/01\/coverwb_20241014.jpg\" \/>\n\t<meta property=\"og:image:width\" content=\"500\" \/>\n\t<meta property=\"og:image:height\" content=\"500\" \/>\n\t<meta property=\"og:image:type\" content=\"image\/jpeg\" \/>\n<meta name=\"author\" content=\"SalaStampa.eu, world press service\" \/>\n<meta name=\"twitter:card\" content=\"summary_large_image\" \/>\n<meta name=\"twitter:label1\" content=\"Escrito por\" \/>\n\t<meta name=\"twitter:data1\" content=\"SalaStampa.eu, world press service\" \/>\n\t<meta name=\"twitter:label2\" content=\"Tiempo de lectura\" \/>\n\t<meta name=\"twitter:data2\" content=\"5 minutos\" \/>\n<script type=\"application\/ld+json\" class=\"yoast-schema-graph\">{\"@context\":\"https:\\\/\\\/schema.org\",\"@graph\":[{\"@type\":\"Article\",\"@id\":\"https:\\\/\\\/elcanillita.info\\\/press\\\/2025\\\/01\\\/30\\\/el-feminicidio-no-existe\\\/#article\",\"isPartOf\":{\"@id\":\"https:\\\/\\\/elcanillita.info\\\/press\\\/2025\\\/01\\\/30\\\/el-feminicidio-no-existe\\\/\"},\"author\":{\"name\":\"SalaStampa.eu, world press service\",\"@id\":\"https:\\\/\\\/elcanillita.info\\\/press\\\/#\\\/schema\\\/person\\\/7fcb79f38045700919f7da6d97e71ba0\"},\"headline\":\"\u201cEl feminicidio no existe\u201d\",\"datePublished\":\"2025-01-30T11:12:19+00:00\",\"dateModified\":\"2025-02-08T14:04:42+00:00\",\"mainEntityOfPage\":{\"@id\":\"https:\\\/\\\/elcanillita.info\\\/press\\\/2025\\\/01\\\/30\\\/el-feminicidio-no-existe\\\/\"},\"wordCount\":989,\"publisher\":{\"@id\":\"https:\\\/\\\/elcanillita.info\\\/press\\\/#organization\"},\"image\":{\"@id\":\"https:\\\/\\\/elcanillita.info\\\/press\\\/2025\\\/01\\\/30\\\/el-feminicidio-no-existe\\\/#primaryimage\"},\"thumbnailUrl\":\"https:\\\/\\\/elcanillita.info\\\/press\\\/images\\\/2025\\\/01\\\/coverwb_20241014.jpg\",\"articleSection\":[\".\",\".\",\"Actualidad\",\"Argentina\",\"Dolores de La Press\",\"Politica\"],\"inLanguage\":\"es-AR\"},{\"@type\":\"WebPage\",\"@id\":\"https:\\\/\\\/elcanillita.info\\\/press\\\/2025\\\/01\\\/30\\\/el-feminicidio-no-existe\\\/\",\"url\":\"https:\\\/\\\/elcanillita.info\\\/press\\\/2025\\\/01\\\/30\\\/el-feminicidio-no-existe\\\/\",\"name\":\"\u201cEl feminicidio no existe\u201d - ElCanillita.Info\",\"isPartOf\":{\"@id\":\"https:\\\/\\\/elcanillita.info\\\/press\\\/#website\"},\"primaryImageOfPage\":{\"@id\":\"https:\\\/\\\/elcanillita.info\\\/press\\\/2025\\\/01\\\/30\\\/el-feminicidio-no-existe\\\/#primaryimage\"},\"image\":{\"@id\":\"https:\\\/\\\/elcanillita.info\\\/press\\\/2025\\\/01\\\/30\\\/el-feminicidio-no-existe\\\/#primaryimage\"},\"thumbnailUrl\":\"https:\\\/\\\/elcanillita.info\\\/press\\\/images\\\/2025\\\/01\\\/coverwb_20241014.jpg\",\"datePublished\":\"2025-01-30T11:12:19+00:00\",\"dateModified\":\"2025-02-08T14:04:42+00:00\",\"inLanguage\":\"es-AR\",\"potentialAction\":[{\"@type\":\"ReadAction\",\"target\":[\"https:\\\/\\\/elcanillita.info\\\/press\\\/2025\\\/01\\\/30\\\/el-feminicidio-no-existe\\\/\"]}]},{\"@type\":\"ImageObject\",\"inLanguage\":\"es-AR\",\"@id\":\"https:\\\/\\\/elcanillita.info\\\/press\\\/2025\\\/01\\\/30\\\/el-feminicidio-no-existe\\\/#primaryimage\",\"url\":\"https:\\\/\\\/elcanillita.info\\\/press\\\/images\\\/2025\\\/01\\\/coverwb_20241014.jpg\",\"contentUrl\":\"https:\\\/\\\/elcanillita.info\\\/press\\\/images\\\/2025\\\/01\\\/coverwb_20241014.jpg\",\"width\":500,\"height\":500},{\"@type\":\"WebSite\",\"@id\":\"https:\\\/\\\/elcanillita.info\\\/press\\\/#website\",\"url\":\"https:\\\/\\\/elcanillita.info\\\/press\\\/\",\"name\":\"ElCanillita.Info\",\"description\":\"desde los Apeninos a los Andes\",\"publisher\":{\"@id\":\"https:\\\/\\\/elcanillita.info\\\/press\\\/#organization\"},\"potentialAction\":[{\"@type\":\"SearchAction\",\"target\":{\"@type\":\"EntryPoint\",\"urlTemplate\":\"https:\\\/\\\/elcanillita.info\\\/press\\\/?s={search_term_string}\"},\"query-input\":{\"@type\":\"PropertyValueSpecification\",\"valueRequired\":true,\"valueName\":\"search_term_string\"}}],\"inLanguage\":\"es-AR\"},{\"@type\":\"Organization\",\"@id\":\"https:\\\/\\\/elcanillita.info\\\/press\\\/#organization\",\"name\":\"Guzzo Photos & Graphic Publications\",\"url\":\"https:\\\/\\\/elcanillita.info\\\/press\\\/\",\"logo\":{\"@type\":\"ImageObject\",\"inLanguage\":\"es-AR\",\"@id\":\"https:\\\/\\\/elcanillita.info\\\/press\\\/#\\\/schema\\\/logo\\\/image\\\/\",\"url\":\"https:\\\/\\\/elcanillita.info\\\/press\\\/images\\\/2020\\\/01\\\/cropped-cropped-cropped-elcanillitainfo.png\",\"contentUrl\":\"https:\\\/\\\/elcanillita.info\\\/press\\\/images\\\/2020\\\/01\\\/cropped-cropped-cropped-elcanillitainfo.png\",\"width\":460,\"height\":50,\"caption\":\"Guzzo Photos & Graphic Publications\"},\"image\":{\"@id\":\"https:\\\/\\\/elcanillita.info\\\/press\\\/#\\\/schema\\\/logo\\\/image\\\/\"},\"sameAs\":[\"https:\\\/\\\/ar-ar.facebook.com\\\/ElCanillitainfo-114249515285712\\\/\"]},{\"@type\":\"Person\",\"@id\":\"https:\\\/\\\/elcanillita.info\\\/press\\\/#\\\/schema\\\/person\\\/7fcb79f38045700919f7da6d97e71ba0\",\"name\":\"SalaStampa.eu, world press service\",\"image\":{\"@type\":\"ImageObject\",\"inLanguage\":\"es-AR\",\"@id\":\"https:\\\/\\\/secure.gravatar.com\\\/avatar\\\/c2f0e0d515a107624234994507816ca4724c7199cef73fc8bedebf6931d73888?s=96&d=mm&r=g\",\"url\":\"https:\\\/\\\/secure.gravatar.com\\\/avatar\\\/c2f0e0d515a107624234994507816ca4724c7199cef73fc8bedebf6931d73888?s=96&d=mm&r=g\",\"contentUrl\":\"https:\\\/\\\/secure.gravatar.com\\\/avatar\\\/c2f0e0d515a107624234994507816ca4724c7199cef73fc8bedebf6931d73888?s=96&d=mm&r=g\",\"caption\":\"SalaStampa.eu, world press service\"}}]}<\/script>\n<!-- \/ Yoast SEO plugin. -->","yoast_head_json":{"title":"\u201cEl feminicidio no existe\u201d - ElCanillita.Info","robots":{"index":"index","follow":"follow","max-snippet":"max-snippet:-1","max-image-preview":"max-image-preview:large","max-video-preview":"max-video-preview:-1"},"canonical":"https:\/\/elcanillita.info\/press\/2025\/01\/30\/el-feminicidio-no-existe\/","og_locale":"es_ES","og_type":"article","og_title":"\u201cEl feminicidio no existe\u201d - ElCanillita.Info","og_description":"El feminicidio distorsiona el concepto de igualdad, crea privilegios, enfrenta a una mitad de la poblaci\u00f3n contra la otra. Estas son las razones por las que Mariano C\u00faneo Libarona, ministro de Justicia de Milei, anuncia la cancelaci\u00f3n del femicidio del C\u00f3digo Penal en Argentina. Todos somos iguales, concluye en un tuit, ninguna vida vale m\u00e1s que otra.","og_url":"https:\/\/elcanillita.info\/press\/2025\/01\/30\/el-feminicidio-no-existe\/","og_site_name":"ElCanillita.Info","article_publisher":"https:\/\/ar-ar.facebook.com\/ElCanillitainfo-114249515285712\/","article_published_time":"2025-01-30T11:12:19+00:00","article_modified_time":"2025-02-08T14:04:42+00:00","og_image":[{"width":500,"height":500,"url":"https:\/\/elcanillita.info\/press\/images\/2025\/01\/coverwb_20241014.jpg","type":"image\/jpeg"}],"author":"SalaStampa.eu, world press service","twitter_card":"summary_large_image","twitter_misc":{"Escrito por":"SalaStampa.eu, world press service","Tiempo de lectura":"5 minutos"},"schema":{"@context":"https:\/\/schema.org","@graph":[{"@type":"Article","@id":"https:\/\/elcanillita.info\/press\/2025\/01\/30\/el-feminicidio-no-existe\/#article","isPartOf":{"@id":"https:\/\/elcanillita.info\/press\/2025\/01\/30\/el-feminicidio-no-existe\/"},"author":{"name":"SalaStampa.eu, world press service","@id":"https:\/\/elcanillita.info\/press\/#\/schema\/person\/7fcb79f38045700919f7da6d97e71ba0"},"headline":"\u201cEl feminicidio no existe\u201d","datePublished":"2025-01-30T11:12:19+00:00","dateModified":"2025-02-08T14:04:42+00:00","mainEntityOfPage":{"@id":"https:\/\/elcanillita.info\/press\/2025\/01\/30\/el-feminicidio-no-existe\/"},"wordCount":989,"publisher":{"@id":"https:\/\/elcanillita.info\/press\/#organization"},"image":{"@id":"https:\/\/elcanillita.info\/press\/2025\/01\/30\/el-feminicidio-no-existe\/#primaryimage"},"thumbnailUrl":"https:\/\/elcanillita.info\/press\/images\/2025\/01\/coverwb_20241014.jpg","articleSection":[".",".","Actualidad","Argentina","Dolores de La Press","Politica"],"inLanguage":"es-AR"},{"@type":"WebPage","@id":"https:\/\/elcanillita.info\/press\/2025\/01\/30\/el-feminicidio-no-existe\/","url":"https:\/\/elcanillita.info\/press\/2025\/01\/30\/el-feminicidio-no-existe\/","name":"\u201cEl feminicidio no existe\u201d - ElCanillita.Info","isPartOf":{"@id":"https:\/\/elcanillita.info\/press\/#website"},"primaryImageOfPage":{"@id":"https:\/\/elcanillita.info\/press\/2025\/01\/30\/el-feminicidio-no-existe\/#primaryimage"},"image":{"@id":"https:\/\/elcanillita.info\/press\/2025\/01\/30\/el-feminicidio-no-existe\/#primaryimage"},"thumbnailUrl":"https:\/\/elcanillita.info\/press\/images\/2025\/01\/coverwb_20241014.jpg","datePublished":"2025-01-30T11:12:19+00:00","dateModified":"2025-02-08T14:04:42+00:00","inLanguage":"es-AR","potentialAction":[{"@type":"ReadAction","target":["https:\/\/elcanillita.info\/press\/2025\/01\/30\/el-feminicidio-no-existe\/"]}]},{"@type":"ImageObject","inLanguage":"es-AR","@id":"https:\/\/elcanillita.info\/press\/2025\/01\/30\/el-feminicidio-no-existe\/#primaryimage","url":"https:\/\/elcanillita.info\/press\/images\/2025\/01\/coverwb_20241014.jpg","contentUrl":"https:\/\/elcanillita.info\/press\/images\/2025\/01\/coverwb_20241014.jpg","width":500,"height":500},{"@type":"WebSite","@id":"https:\/\/elcanillita.info\/press\/#website","url":"https:\/\/elcanillita.info\/press\/","name":"ElCanillita.Info","description":"desde los Apeninos a los Andes","publisher":{"@id":"https:\/\/elcanillita.info\/press\/#organization"},"potentialAction":[{"@type":"SearchAction","target":{"@type":"EntryPoint","urlTemplate":"https:\/\/elcanillita.info\/press\/?s={search_term_string}"},"query-input":{"@type":"PropertyValueSpecification","valueRequired":true,"valueName":"search_term_string"}}],"inLanguage":"es-AR"},{"@type":"Organization","@id":"https:\/\/elcanillita.info\/press\/#organization","name":"Guzzo Photos & Graphic Publications","url":"https:\/\/elcanillita.info\/press\/","logo":{"@type":"ImageObject","inLanguage":"es-AR","@id":"https:\/\/elcanillita.info\/press\/#\/schema\/logo\/image\/","url":"https:\/\/elcanillita.info\/press\/images\/2020\/01\/cropped-cropped-cropped-elcanillitainfo.png","contentUrl":"https:\/\/elcanillita.info\/press\/images\/2020\/01\/cropped-cropped-cropped-elcanillitainfo.png","width":460,"height":50,"caption":"Guzzo Photos & Graphic Publications"},"image":{"@id":"https:\/\/elcanillita.info\/press\/#\/schema\/logo\/image\/"},"sameAs":["https:\/\/ar-ar.facebook.com\/ElCanillitainfo-114249515285712\/"]},{"@type":"Person","@id":"https:\/\/elcanillita.info\/press\/#\/schema\/person\/7fcb79f38045700919f7da6d97e71ba0","name":"SalaStampa.eu, world press service","image":{"@type":"ImageObject","inLanguage":"es-AR","@id":"https:\/\/secure.gravatar.com\/avatar\/c2f0e0d515a107624234994507816ca4724c7199cef73fc8bedebf6931d73888?s=96&d=mm&r=g","url":"https:\/\/secure.gravatar.com\/avatar\/c2f0e0d515a107624234994507816ca4724c7199cef73fc8bedebf6931d73888?s=96&d=mm&r=g","contentUrl":"https:\/\/secure.gravatar.com\/avatar\/c2f0e0d515a107624234994507816ca4724c7199cef73fc8bedebf6931d73888?s=96&d=mm&r=g","caption":"SalaStampa.eu, world press service"}}]}},"views":228,"_links":{"self":[{"href":"https:\/\/elcanillita.info\/press\/wp-json\/wp\/v2\/posts\/4333","targetHints":{"allow":["GET"]}}],"collection":[{"href":"https:\/\/elcanillita.info\/press\/wp-json\/wp\/v2\/posts"}],"about":[{"href":"https:\/\/elcanillita.info\/press\/wp-json\/wp\/v2\/types\/post"}],"author":[{"embeddable":true,"href":"https:\/\/elcanillita.info\/press\/wp-json\/wp\/v2\/users\/1"}],"replies":[{"embeddable":true,"href":"https:\/\/elcanillita.info\/press\/wp-json\/wp\/v2\/comments?post=4333"}],"version-history":[{"count":0,"href":"https:\/\/elcanillita.info\/press\/wp-json\/wp\/v2\/posts\/4333\/revisions"}],"wp:featuredmedia":[{"embeddable":true,"href":"https:\/\/elcanillita.info\/press\/wp-json\/wp\/v2\/media\/4334"}],"wp:attachment":[{"href":"https:\/\/elcanillita.info\/press\/wp-json\/wp\/v2\/media?parent=4333"}],"wp:term":[{"taxonomy":"category","embeddable":true,"href":"https:\/\/elcanillita.info\/press\/wp-json\/wp\/v2\/categories?post=4333"},{"taxonomy":"post_tag","embeddable":true,"href":"https:\/\/elcanillita.info\/press\/wp-json\/wp\/v2\/tags?post=4333"}],"curies":[{"name":"wp","href":"https:\/\/api.w.org\/{rel}","templated":true}]}}