{"id":433,"date":"2020-02-11T18:51:28","date_gmt":"2020-02-11T21:51:28","guid":{"rendered":"https:\/\/elcanillita.info\/press\/?p=433"},"modified":"2020-02-11T18:57:02","modified_gmt":"2020-02-11T21:57:02","slug":"excandidato-presidencia-guatemala-condenado-15-anos-prision-usa","status":"publish","type":"post","link":"https:\/\/elcanillita.info\/press\/2020\/02\/11\/excandidato-presidencia-guatemala-condenado-15-anos-prision-usa\/","title":{"rendered":"Excandidato a la presidencia de Guatemala condenado a 15 a\u00f1os de prisi\u00f3n en EE.UU."},"content":{"rendered":"\n<p>Nueva York, 11.02.2020 &#8211; Una corte de Nueva York&nbsp;sentenci\u00f3 el lunes al excandidato presidencial guatemalteco Mario Am\u00edlcar Estrada Orellana a 15 a\u00f1os de prisi\u00f3n por haber pedido millones de d\u00f3lares a narcotraficantes para financiar su campa\u00f1a electoral el pasado a\u00f1o.<\/p>\n\n\n\n<p>Adicionalmente recibi\u00f3 cuatro a\u00f1os de libertad condicional y una fianza de 40.000&nbsp;d\u00f3lares que, seg\u00fan el juez Jed Rakoff.<\/p>\n\n\n\n<p>Estrada fue candidato en cuatro ocasiones a la presidencia de su pa\u00eds. Incluso cre\u00f3 su propio partido pol\u00edtico. Fue capturado en abril de 2019, en Miami, tras ser acusado por beneficiar y&nbsp;establecer contactos con el C\u00e1rtel de Sinaloa, y permitir que la droga fuera enviada a Estados Unidos, tras pasar por Guatemala y M\u00e9xico.<\/p>\n\n\n\n<p>Al ser capturado, incluso, se le acus\u00f3 de&nbsp;intentar asesinar a algunos de sus contrincantes pol\u00edticos. Pero, en octubre de 2019, el excandidato se reuni\u00f3 y lleg\u00f3 a un acuerdo con la Fiscal\u00eda, en Estados Unidos. En ese momento, se removi\u00f3 el&nbsp;cargo por intento de asesinato, pero acept\u00f3 la&nbsp;responsabilidad de intentar beneficiar al cartel mexicano.<\/p>\n\n\n\n<p>El martes, durante una audiencia que dur\u00f3 alrededor de 40 minutos, el juez&nbsp; Rakoff, de la corte federal en Manhattan, se\u00f1al\u00f3 que tuvo en cuenta cartas que recibi\u00f3, con buenas referencias del acusado, para demostrar su buen actuar, y que le permitieron a Estrada no recibir una condena superior a 20 a\u00f1os.<\/p>\n\n\n\n<p>Seg\u00fan el juez, la ofensa cometida por el candidato fue de nivel 37, que seg\u00fan la ley estadounidense, establece un periodo de condena m\u00ednima de 5 a\u00f1os. Rakoff dijo que decidi\u00f3 condenarle a un total de 180 meses, la fianza y el periodo de libertad condicional porque, a pesar de que reconoce su arrepentimiento expresado, no puede ignorar lo delicado&nbsp;del delito que se la acusa.<\/p>\n\n\n\n<p>El juez estadounidense expres\u00f3 que de haber logrado llegar a la presidencia con dinero o ayuda del narcotr\u00e1fico, le hubiera hecho un gran da\u00f1o, tanto a su pa\u00eds, como a EE.UU.<\/p>\n\n\n\n<p>Por su parte, la defensa, insisti\u00f3 al comienzo de la audiencia en tener en cuenta las cartas y tambi\u00e9n pidi\u00f3 que Estrada&nbsp;Orellana fuera enviado a una prisi\u00f3n en Florida para facilitar la visita de sus familiares. Sin embargo, el juez se\u00f1al\u00f3 que no tiene potestad para definirlo, pero que ser\u00e1 incluido en sus sugerencias.<\/p>\n\n\n\n<p>Adicionalmente, se solicit\u00f3 tener en cuenta con el excandidato no se busc\u00f3 los contactos del cartel, sino que dos personas, informantes de la DEA, se acercaron a \u00e9l para&nbsp;sugerirle una especie de alianza para poder recibir dinero.<\/p>\n\n\n\n<p>En ese momento, habr\u00eda recibido 10 mil d\u00f3lares, en efectivo, una de las pruebas m\u00e1s contundentes en su contra.<\/p>\n\n\n\n<p>La&nbsp;Fiscal\u00eda, en cambi\u00f3, se\u00f1al\u00f3 en la audiencia que, pese a que el excandidato no hab\u00eda buscado llevar a cabo este negocio con el cartel y esta alianza, s\u00ed hab\u00eda aceptado&nbsp;beneficiarlos, de cierta forma, para que pudieran enviar la droga a EE.UU.<\/p>\n\n\n\n<p>Incluso, se\u00f1al\u00f3 que Estrada estaba dispuesto a vender a su pa\u00eds para poder beneficiar al Cartel de Sinaloa. Y que hab\u00eda hablado de las relaciones con el Cartel de Jalisco y otros carteles.<\/p>\n\n\n\n<p>EEUU: Ex candidato presidencial de Guatemala ser\u00e1 sentenciado en enero<br>\nPide&nbsp;misericordia<\/p>\n\n\n\n<p>Durante la audiencia, Estrada Orellana estuvo acompa\u00f1ado por Eduardo y Mario Alejandro -sus dos hijos-, familiares y amigos.&nbsp;<\/p>\n\n\n\n<p>Estrada&nbsp;los se\u00f1al\u00f3, y manifest\u00f3, ante el juez, que los cri\u00f3 de buena manera, despu\u00e9s del fallecimiento de su madre, y que eran el ejemplo de la buena conducta que han tenido durante toda su vida.<\/p>\n\n\n\n<p>Incluso, pidi\u00f3 misericordia: \u201cReconozco humildemente el delito que he cometido. He luchado durante mucho tiempo por el bienestar de mi familia, por el bienestar de mi pa\u00eds\u201d, dijo Estrada, tras ponerse de pie, al lado de su abogado.&nbsp;<\/p>\n\n\n\n<p>\u201cReconozco que comet\u00ed un error al haberme sentado con personas de mi partido que me indujeron a algo que no era mi intenci\u00f3n, pero acepto mi error\u201d, agreg\u00f3.<\/p>\n\n\n\n<p>Incluso, habl\u00f3 de una carta enviada al juez, a trav\u00e9s de su abogado, para pedir &#8220;reencauzar mi vida&#8221; y ser m\u00e1s prudente con sus acciones.<\/p>\n\n\n\n<p>Al retirarse de la sala de la Corte, Estrada no se despidi\u00f3 de sus hijos; pero dirigi\u00f3 su mirada hacia otras personas que se encontraban all\u00ed acompa\u00f1\u00e1ndolo.<\/p>\n\n\n\n<p>Despu\u00e9s de la audiencia, familiares y amigos no se manifestaron. La defensa tampoco anunci\u00f3 si tiene previsto presentar apelaci\u00f3n al caso.<\/p>\n\n\n\n<p>Por lo pronto, el excandidato guatemalteco, quien lleg\u00f3 a la audiencia vestido con uniforme beige de preso y&nbsp;esposas en sus pies,&nbsp; permanecer\u00e1 en Nueva York.<\/p>\n\n\n<p><small>Con la colaboraci\u00f3n de Karen S\u00e1nchez<\/small><br><small><br>\n<small>2020 voanoticias \u2013 salastampa.eu, afiliada a la red Broadcasting Board of Governors \u00a9 2020 BBG<\/small><\/small><\/p>","protected":false},"excerpt":{"rendered":"<p>Nueva York, 11.02.2020 &#8211; Una corte de Nueva York sentenci\u00f3 el lunes al excandidato presidencial guatemalteco Mario Am\u00edlcar Estrada Orellana a 15 a\u00f1os de prisi\u00f3n por haber pedido millones de d\u00f3lares a narcotraficantes para financiar su campa\u00f1a electoral el pasado a\u00f1o.<\/p>\n","protected":false},"author":1,"featured_media":0,"comment_status":"closed","ping_status":"closed","sticky":false,"template":"","format":"standard","meta":{"footnotes":"","_links_to":"","_links_to_target":""},"categories":[70,9,22,25],"tags":[34],"class_list":["post-433","post","type-post","status-publish","format-standard","hentry","category-actualidad","category-america-del-norte","category-justicia","category-sociedad","tag-estados-unidos","entry","double"],"yoast_head":"<!-- This site is optimized with the Yoast SEO plugin v27.4 - https:\/\/yoast.com\/product\/yoast-seo-wordpress\/ -->\n<title>Excandidato a la presidencia de Guatemala condenado a 15 a\u00f1os de prisi\u00f3n en EE.UU. - ElCanillita.Info<\/title>\n<meta name=\"robots\" content=\"index, follow, max-snippet:-1, max-image-preview:large, max-video-preview:-1\" \/>\n<link rel=\"canonical\" href=\"https:\/\/elcanillita.info\/press\/2020\/02\/11\/excandidato-presidencia-guatemala-condenado-15-anos-prision-usa\/\" \/>\n<meta property=\"og:locale\" content=\"es_ES\" \/>\n<meta property=\"og:type\" content=\"article\" \/>\n<meta property=\"og:title\" content=\"Excandidato a la presidencia de Guatemala condenado a 15 a\u00f1os de prisi\u00f3n en EE.UU. - ElCanillita.Info\" \/>\n<meta property=\"og:description\" content=\"Nueva York, 11.02.2020 - Una corte de Nueva York sentenci\u00f3 el lunes al excandidato presidencial guatemalteco Mario Am\u00edlcar Estrada Orellana a 15 a\u00f1os de prisi\u00f3n por haber pedido millones de d\u00f3lares a narcotraficantes para financiar su campa\u00f1a electoral el pasado a\u00f1o.\" \/>\n<meta property=\"og:url\" content=\"https:\/\/elcanillita.info\/press\/2020\/02\/11\/excandidato-presidencia-guatemala-condenado-15-anos-prision-usa\/\" \/>\n<meta property=\"og:site_name\" content=\"ElCanillita.Info\" \/>\n<meta property=\"article:publisher\" content=\"https:\/\/ar-ar.facebook.com\/ElCanillitainfo-114249515285712\/\" \/>\n<meta property=\"article:published_time\" content=\"2020-02-11T21:51:28+00:00\" \/>\n<meta property=\"article:modified_time\" content=\"2020-02-11T21:57:02+00:00\" \/>\n<meta name=\"author\" content=\"SalaStampa.eu, world press service\" \/>\n<meta name=\"twitter:card\" content=\"summary_large_image\" \/>\n<meta name=\"twitter:label1\" content=\"Escrito por\" \/>\n\t<meta name=\"twitter:data1\" content=\"SalaStampa.eu, world press service\" \/>\n\t<meta name=\"twitter:label2\" content=\"Tiempo de lectura\" \/>\n\t<meta name=\"twitter:data2\" content=\"4 minutos\" \/>\n<script type=\"application\/ld+json\" class=\"yoast-schema-graph\">{\"@context\":\"https:\\\/\\\/schema.org\",\"@graph\":[{\"@type\":\"Article\",\"@id\":\"https:\\\/\\\/elcanillita.info\\\/press\\\/2020\\\/02\\\/11\\\/excandidato-presidencia-guatemala-condenado-15-anos-prision-usa\\\/#article\",\"isPartOf\":{\"@id\":\"https:\\\/\\\/elcanillita.info\\\/press\\\/2020\\\/02\\\/11\\\/excandidato-presidencia-guatemala-condenado-15-anos-prision-usa\\\/\"},\"author\":{\"name\":\"SalaStampa.eu, world press service\",\"@id\":\"https:\\\/\\\/elcanillita.info\\\/press\\\/#\\\/schema\\\/person\\\/7fcb79f38045700919f7da6d97e71ba0\"},\"headline\":\"Excandidato a la presidencia de Guatemala condenado a 15 a\u00f1os de prisi\u00f3n en EE.UU.\",\"datePublished\":\"2020-02-11T21:51:28+00:00\",\"dateModified\":\"2020-02-11T21:57:02+00:00\",\"mainEntityOfPage\":{\"@id\":\"https:\\\/\\\/elcanillita.info\\\/press\\\/2020\\\/02\\\/11\\\/excandidato-presidencia-guatemala-condenado-15-anos-prision-usa\\\/\"},\"wordCount\":832,\"publisher\":{\"@id\":\"https:\\\/\\\/elcanillita.info\\\/press\\\/#organization\"},\"keywords\":[\"Estados Unidos\"],\"articleSection\":[\"Actualidad\",\"Am\u00e9rica del Norte\",\"Justicia\",\"Sociedad\"],\"inLanguage\":\"es-AR\"},{\"@type\":\"WebPage\",\"@id\":\"https:\\\/\\\/elcanillita.info\\\/press\\\/2020\\\/02\\\/11\\\/excandidato-presidencia-guatemala-condenado-15-anos-prision-usa\\\/\",\"url\":\"https:\\\/\\\/elcanillita.info\\\/press\\\/2020\\\/02\\\/11\\\/excandidato-presidencia-guatemala-condenado-15-anos-prision-usa\\\/\",\"name\":\"Excandidato a la presidencia de Guatemala condenado a 15 a\u00f1os de prisi\u00f3n en EE.UU. - ElCanillita.Info\",\"isPartOf\":{\"@id\":\"https:\\\/\\\/elcanillita.info\\\/press\\\/#website\"},\"datePublished\":\"2020-02-11T21:51:28+00:00\",\"dateModified\":\"2020-02-11T21:57:02+00:00\",\"inLanguage\":\"es-AR\",\"potentialAction\":[{\"@type\":\"ReadAction\",\"target\":[\"https:\\\/\\\/elcanillita.info\\\/press\\\/2020\\\/02\\\/11\\\/excandidato-presidencia-guatemala-condenado-15-anos-prision-usa\\\/\"]}]},{\"@type\":\"WebSite\",\"@id\":\"https:\\\/\\\/elcanillita.info\\\/press\\\/#website\",\"url\":\"https:\\\/\\\/elcanillita.info\\\/press\\\/\",\"name\":\"ElCanillita.Info\",\"description\":\"desde los Apeninos a los Andes\",\"publisher\":{\"@id\":\"https:\\\/\\\/elcanillita.info\\\/press\\\/#organization\"},\"potentialAction\":[{\"@type\":\"SearchAction\",\"target\":{\"@type\":\"EntryPoint\",\"urlTemplate\":\"https:\\\/\\\/elcanillita.info\\\/press\\\/?s={search_term_string}\"},\"query-input\":{\"@type\":\"PropertyValueSpecification\",\"valueRequired\":true,\"valueName\":\"search_term_string\"}}],\"inLanguage\":\"es-AR\"},{\"@type\":\"Organization\",\"@id\":\"https:\\\/\\\/elcanillita.info\\\/press\\\/#organization\",\"name\":\"Guzzo Photos & Graphic Publications\",\"url\":\"https:\\\/\\\/elcanillita.info\\\/press\\\/\",\"logo\":{\"@type\":\"ImageObject\",\"inLanguage\":\"es-AR\",\"@id\":\"https:\\\/\\\/elcanillita.info\\\/press\\\/#\\\/schema\\\/logo\\\/image\\\/\",\"url\":\"https:\\\/\\\/elcanillita.info\\\/press\\\/images\\\/2020\\\/01\\\/cropped-cropped-cropped-elcanillitainfo.png\",\"contentUrl\":\"https:\\\/\\\/elcanillita.info\\\/press\\\/images\\\/2020\\\/01\\\/cropped-cropped-cropped-elcanillitainfo.png\",\"width\":460,\"height\":50,\"caption\":\"Guzzo Photos & Graphic Publications\"},\"image\":{\"@id\":\"https:\\\/\\\/elcanillita.info\\\/press\\\/#\\\/schema\\\/logo\\\/image\\\/\"},\"sameAs\":[\"https:\\\/\\\/ar-ar.facebook.com\\\/ElCanillitainfo-114249515285712\\\/\"]},{\"@type\":\"Person\",\"@id\":\"https:\\\/\\\/elcanillita.info\\\/press\\\/#\\\/schema\\\/person\\\/7fcb79f38045700919f7da6d97e71ba0\",\"name\":\"SalaStampa.eu, world press service\",\"image\":{\"@type\":\"ImageObject\",\"inLanguage\":\"es-AR\",\"@id\":\"https:\\\/\\\/secure.gravatar.com\\\/avatar\\\/c2f0e0d515a107624234994507816ca4724c7199cef73fc8bedebf6931d73888?s=96&d=mm&r=g\",\"url\":\"https:\\\/\\\/secure.gravatar.com\\\/avatar\\\/c2f0e0d515a107624234994507816ca4724c7199cef73fc8bedebf6931d73888?s=96&d=mm&r=g\",\"contentUrl\":\"https:\\\/\\\/secure.gravatar.com\\\/avatar\\\/c2f0e0d515a107624234994507816ca4724c7199cef73fc8bedebf6931d73888?s=96&d=mm&r=g\",\"caption\":\"SalaStampa.eu, world press service\"}}]}<\/script>\n<!-- \/ Yoast SEO plugin. -->","yoast_head_json":{"title":"Excandidato a la presidencia de Guatemala condenado a 15 a\u00f1os de prisi\u00f3n en EE.UU. - ElCanillita.Info","robots":{"index":"index","follow":"follow","max-snippet":"max-snippet:-1","max-image-preview":"max-image-preview:large","max-video-preview":"max-video-preview:-1"},"canonical":"https:\/\/elcanillita.info\/press\/2020\/02\/11\/excandidato-presidencia-guatemala-condenado-15-anos-prision-usa\/","og_locale":"es_ES","og_type":"article","og_title":"Excandidato a la presidencia de Guatemala condenado a 15 a\u00f1os de prisi\u00f3n en EE.UU. - ElCanillita.Info","og_description":"Nueva York, 11.02.2020 - Una corte de Nueva York sentenci\u00f3 el lunes al excandidato presidencial guatemalteco Mario Am\u00edlcar Estrada Orellana a 15 a\u00f1os de prisi\u00f3n por haber pedido millones de d\u00f3lares a narcotraficantes para financiar su campa\u00f1a electoral el pasado a\u00f1o.","og_url":"https:\/\/elcanillita.info\/press\/2020\/02\/11\/excandidato-presidencia-guatemala-condenado-15-anos-prision-usa\/","og_site_name":"ElCanillita.Info","article_publisher":"https:\/\/ar-ar.facebook.com\/ElCanillitainfo-114249515285712\/","article_published_time":"2020-02-11T21:51:28+00:00","article_modified_time":"2020-02-11T21:57:02+00:00","author":"SalaStampa.eu, world press service","twitter_card":"summary_large_image","twitter_misc":{"Escrito por":"SalaStampa.eu, world press service","Tiempo de lectura":"4 minutos"},"schema":{"@context":"https:\/\/schema.org","@graph":[{"@type":"Article","@id":"https:\/\/elcanillita.info\/press\/2020\/02\/11\/excandidato-presidencia-guatemala-condenado-15-anos-prision-usa\/#article","isPartOf":{"@id":"https:\/\/elcanillita.info\/press\/2020\/02\/11\/excandidato-presidencia-guatemala-condenado-15-anos-prision-usa\/"},"author":{"name":"SalaStampa.eu, world press service","@id":"https:\/\/elcanillita.info\/press\/#\/schema\/person\/7fcb79f38045700919f7da6d97e71ba0"},"headline":"Excandidato a la presidencia de Guatemala condenado a 15 a\u00f1os de prisi\u00f3n en EE.UU.","datePublished":"2020-02-11T21:51:28+00:00","dateModified":"2020-02-11T21:57:02+00:00","mainEntityOfPage":{"@id":"https:\/\/elcanillita.info\/press\/2020\/02\/11\/excandidato-presidencia-guatemala-condenado-15-anos-prision-usa\/"},"wordCount":832,"publisher":{"@id":"https:\/\/elcanillita.info\/press\/#organization"},"keywords":["Estados Unidos"],"articleSection":["Actualidad","Am\u00e9rica del Norte","Justicia","Sociedad"],"inLanguage":"es-AR"},{"@type":"WebPage","@id":"https:\/\/elcanillita.info\/press\/2020\/02\/11\/excandidato-presidencia-guatemala-condenado-15-anos-prision-usa\/","url":"https:\/\/elcanillita.info\/press\/2020\/02\/11\/excandidato-presidencia-guatemala-condenado-15-anos-prision-usa\/","name":"Excandidato a la presidencia de Guatemala condenado a 15 a\u00f1os de prisi\u00f3n en EE.UU. - ElCanillita.Info","isPartOf":{"@id":"https:\/\/elcanillita.info\/press\/#website"},"datePublished":"2020-02-11T21:51:28+00:00","dateModified":"2020-02-11T21:57:02+00:00","inLanguage":"es-AR","potentialAction":[{"@type":"ReadAction","target":["https:\/\/elcanillita.info\/press\/2020\/02\/11\/excandidato-presidencia-guatemala-condenado-15-anos-prision-usa\/"]}]},{"@type":"WebSite","@id":"https:\/\/elcanillita.info\/press\/#website","url":"https:\/\/elcanillita.info\/press\/","name":"ElCanillita.Info","description":"desde los Apeninos a los Andes","publisher":{"@id":"https:\/\/elcanillita.info\/press\/#organization"},"potentialAction":[{"@type":"SearchAction","target":{"@type":"EntryPoint","urlTemplate":"https:\/\/elcanillita.info\/press\/?s={search_term_string}"},"query-input":{"@type":"PropertyValueSpecification","valueRequired":true,"valueName":"search_term_string"}}],"inLanguage":"es-AR"},{"@type":"Organization","@id":"https:\/\/elcanillita.info\/press\/#organization","name":"Guzzo Photos & Graphic Publications","url":"https:\/\/elcanillita.info\/press\/","logo":{"@type":"ImageObject","inLanguage":"es-AR","@id":"https:\/\/elcanillita.info\/press\/#\/schema\/logo\/image\/","url":"https:\/\/elcanillita.info\/press\/images\/2020\/01\/cropped-cropped-cropped-elcanillitainfo.png","contentUrl":"https:\/\/elcanillita.info\/press\/images\/2020\/01\/cropped-cropped-cropped-elcanillitainfo.png","width":460,"height":50,"caption":"Guzzo Photos & Graphic Publications"},"image":{"@id":"https:\/\/elcanillita.info\/press\/#\/schema\/logo\/image\/"},"sameAs":["https:\/\/ar-ar.facebook.com\/ElCanillitainfo-114249515285712\/"]},{"@type":"Person","@id":"https:\/\/elcanillita.info\/press\/#\/schema\/person\/7fcb79f38045700919f7da6d97e71ba0","name":"SalaStampa.eu, world press service","image":{"@type":"ImageObject","inLanguage":"es-AR","@id":"https:\/\/secure.gravatar.com\/avatar\/c2f0e0d515a107624234994507816ca4724c7199cef73fc8bedebf6931d73888?s=96&d=mm&r=g","url":"https:\/\/secure.gravatar.com\/avatar\/c2f0e0d515a107624234994507816ca4724c7199cef73fc8bedebf6931d73888?s=96&d=mm&r=g","contentUrl":"https:\/\/secure.gravatar.com\/avatar\/c2f0e0d515a107624234994507816ca4724c7199cef73fc8bedebf6931d73888?s=96&d=mm&r=g","caption":"SalaStampa.eu, world press service"}}]}},"views":662,"_links":{"self":[{"href":"https:\/\/elcanillita.info\/press\/wp-json\/wp\/v2\/posts\/433","targetHints":{"allow":["GET"]}}],"collection":[{"href":"https:\/\/elcanillita.info\/press\/wp-json\/wp\/v2\/posts"}],"about":[{"href":"https:\/\/elcanillita.info\/press\/wp-json\/wp\/v2\/types\/post"}],"author":[{"embeddable":true,"href":"https:\/\/elcanillita.info\/press\/wp-json\/wp\/v2\/users\/1"}],"replies":[{"embeddable":true,"href":"https:\/\/elcanillita.info\/press\/wp-json\/wp\/v2\/comments?post=433"}],"version-history":[{"count":0,"href":"https:\/\/elcanillita.info\/press\/wp-json\/wp\/v2\/posts\/433\/revisions"}],"wp:attachment":[{"href":"https:\/\/elcanillita.info\/press\/wp-json\/wp\/v2\/media?parent=433"}],"wp:term":[{"taxonomy":"category","embeddable":true,"href":"https:\/\/elcanillita.info\/press\/wp-json\/wp\/v2\/categories?post=433"},{"taxonomy":"post_tag","embeddable":true,"href":"https:\/\/elcanillita.info\/press\/wp-json\/wp\/v2\/tags?post=433"}],"curies":[{"name":"wp","href":"https:\/\/api.w.org\/{rel}","templated":true}]}}