{"id":431,"date":"2020-02-11T18:47:26","date_gmt":"2020-02-11T21:47:26","guid":{"rendered":"https:\/\/elcanillita.info\/press\/?p=431"},"modified":"2020-02-11T18:58:19","modified_gmt":"2020-02-11T21:58:19","slug":"jefe-policia-nacional-honduras-detenido-lavado-dinero","status":"publish","type":"post","link":"https:\/\/elcanillita.info\/press\/2020\/02\/11\/jefe-policia-nacional-honduras-detenido-lavado-dinero\/","title":{"rendered":"Jefe de Polic\u00eda Nacional de Honduras detenido por lavado dinero"},"content":{"rendered":"\n<p> Tegucigalpa , 11.02.2020 &#8211; Las autoridades hondure\u00f1as arrestaron este&nbsp;martes al comisionado general de la Polic\u00eda Nacional, Leonel Luciano Sauceda, y a su esposa, por acusaciones de lavado de activos, inform\u00f3 la Fiscal\u00eda en un comunicado.<\/p>\n\n\n\n<p>Seg\u00fan la nota del Ministerio P\u00fablico, Sauceda y su esposa Patricia Sbeltlana Estrada, fueron detenidos en un operativo en su residencia de Tegucigalpa.<\/p>\n\n\n\n<p>La Fiscal\u00eda describi\u00f3 el arresto como \u201cun esfuerzo m\u00e1s por hacer frente al flagelo de la corrupci\u00f3n y su infiltraci\u00f3n en los entes de seguridad\u201d.<\/p>\n\n\n\n<p>Como parte de un operativo en el que se incautaron un total de 33 bienes \u201cde origen il\u00edcito\u201d, entre ellos ocho inmuebles, tres terrenos, dos veh\u00edculos y productos financieros propiedad de los imputados.<\/p>\n\n\n\n<p>Sauceda, ingres\u00f3 en la Polic\u00eda Nacional en 1992 y apenas el mes pasado, el 30 de enero, fue ascendido a comisionado general. Antes hab\u00eda desempe\u00f1ado cargos y jefaturas en San Pedro Sula y Tegucigalpa.<\/p>\n\n\n\n<p>Lavado de dinero, bolsillo roto en Latinoam\u00e9rica<br>\nEl comunicado explic\u00f3 que Saucedo no pudo justificar movimientos en 13 cuentas bancarias a su nombre por m\u00e1s de 13,8 millones de lempiras (m\u00e1s de medio mill\u00f3n de d\u00f3lares) por un periodo de 11 a\u00f1os, de 2006 a 2017.<\/p>\n\n\n\n<p>En el caso de la esposa, no fueron justificados 2,7 millones de lempiras (m\u00e1s de 100.000 d\u00f3lares) en 10 cuentas bancarias \u201csin establecerse el origen del dinero, ya que la se\u00f1ora no pose\u00eda un empleo, negocio o pr\u00e9stamos que le generaran alg\u00fan tipo de ingresos\u201d.<\/p>\n\n\n<p>La fiscal\u00eda se\u00f1al\u00f3 tambi\u00e9n que parte de los bienes adquiridos se pagaron en efectivo por lo que no es posible determinar la procedencia de los fondos.<\/p>\n<p><small>2020 voanoticias \u2013 salastampa.eu, afiliada a la red Broadcasting Board of Governors \u00a9 2020 BBG<\/small><\/p>","protected":false},"excerpt":{"rendered":"<p> Tegucigalpa , 11.02.2020 &#8211; Las autoridades hondure\u00f1as arrestaron este martes al comisionado general de la Polic\u00eda Nacional, Leonel Luciano Sauceda, y a su esposa, por acusaciones de lavado de activos, inform\u00f3 la Fiscal\u00eda en un comunicado.<\/p>\n","protected":false},"author":1,"featured_media":0,"comment_status":"closed","ping_status":"closed","sticky":false,"template":"","format":"standard","meta":{"footnotes":"","_links_to":"","_links_to_target":""},"categories":[70,10,22,25],"tags":[51],"class_list":["post-431","post","type-post","status-publish","format-standard","hentry","category-actualidad","category-america-central","category-justicia","category-sociedad","tag-honduras","entry","double"],"yoast_head":"<!-- This site is optimized with the Yoast SEO plugin v27.4 - https:\/\/yoast.com\/product\/yoast-seo-wordpress\/ -->\n<title>Jefe de Polic\u00eda Nacional de Honduras detenido por lavado dinero - ElCanillita.Info<\/title>\n<meta name=\"robots\" content=\"index, follow, max-snippet:-1, max-image-preview:large, max-video-preview:-1\" \/>\n<link rel=\"canonical\" href=\"https:\/\/elcanillita.info\/press\/2020\/02\/11\/jefe-policia-nacional-honduras-detenido-lavado-dinero\/\" \/>\n<meta property=\"og:locale\" content=\"es_ES\" \/>\n<meta property=\"og:type\" content=\"article\" \/>\n<meta property=\"og:title\" content=\"Jefe de Polic\u00eda Nacional de Honduras detenido por lavado dinero - ElCanillita.Info\" \/>\n<meta property=\"og:description\" content=\"Tegucigalpa , 11.02.2020 - Las autoridades hondure\u00f1as arrestaron este martes al comisionado general de la Polic\u00eda Nacional, Leonel Luciano Sauceda, y a su esposa, por acusaciones de lavado de activos, inform\u00f3 la Fiscal\u00eda en un comunicado.\" \/>\n<meta property=\"og:url\" content=\"https:\/\/elcanillita.info\/press\/2020\/02\/11\/jefe-policia-nacional-honduras-detenido-lavado-dinero\/\" \/>\n<meta property=\"og:site_name\" content=\"ElCanillita.Info\" \/>\n<meta property=\"article:publisher\" content=\"https:\/\/ar-ar.facebook.com\/ElCanillitainfo-114249515285712\/\" \/>\n<meta property=\"article:published_time\" content=\"2020-02-11T21:47:26+00:00\" \/>\n<meta property=\"article:modified_time\" content=\"2020-02-11T21:58:19+00:00\" \/>\n<meta name=\"author\" content=\"SalaStampa.eu, world press service\" \/>\n<meta name=\"twitter:card\" content=\"summary_large_image\" \/>\n<meta name=\"twitter:label1\" content=\"Escrito por\" \/>\n\t<meta name=\"twitter:data1\" content=\"SalaStampa.eu, world press service\" \/>\n\t<meta name=\"twitter:label2\" content=\"Tiempo de lectura\" \/>\n\t<meta name=\"twitter:data2\" content=\"1 minuto\" \/>\n<script type=\"application\/ld+json\" class=\"yoast-schema-graph\">{\"@context\":\"https:\\\/\\\/schema.org\",\"@graph\":[{\"@type\":\"Article\",\"@id\":\"https:\\\/\\\/elcanillita.info\\\/press\\\/2020\\\/02\\\/11\\\/jefe-policia-nacional-honduras-detenido-lavado-dinero\\\/#article\",\"isPartOf\":{\"@id\":\"https:\\\/\\\/elcanillita.info\\\/press\\\/2020\\\/02\\\/11\\\/jefe-policia-nacional-honduras-detenido-lavado-dinero\\\/\"},\"author\":{\"name\":\"SalaStampa.eu, world press service\",\"@id\":\"https:\\\/\\\/elcanillita.info\\\/press\\\/#\\\/schema\\\/person\\\/7fcb79f38045700919f7da6d97e71ba0\"},\"headline\":\"Jefe de Polic\u00eda Nacional de Honduras detenido por lavado dinero\",\"datePublished\":\"2020-02-11T21:47:26+00:00\",\"dateModified\":\"2020-02-11T21:58:19+00:00\",\"mainEntityOfPage\":{\"@id\":\"https:\\\/\\\/elcanillita.info\\\/press\\\/2020\\\/02\\\/11\\\/jefe-policia-nacional-honduras-detenido-lavado-dinero\\\/\"},\"wordCount\":308,\"publisher\":{\"@id\":\"https:\\\/\\\/elcanillita.info\\\/press\\\/#organization\"},\"keywords\":[\"Honduras\"],\"articleSection\":[\"Actualidad\",\"Am\u00e9rica Central\",\"Justicia\",\"Sociedad\"],\"inLanguage\":\"es-AR\"},{\"@type\":\"WebPage\",\"@id\":\"https:\\\/\\\/elcanillita.info\\\/press\\\/2020\\\/02\\\/11\\\/jefe-policia-nacional-honduras-detenido-lavado-dinero\\\/\",\"url\":\"https:\\\/\\\/elcanillita.info\\\/press\\\/2020\\\/02\\\/11\\\/jefe-policia-nacional-honduras-detenido-lavado-dinero\\\/\",\"name\":\"Jefe de Polic\u00eda Nacional de Honduras detenido por lavado dinero - ElCanillita.Info\",\"isPartOf\":{\"@id\":\"https:\\\/\\\/elcanillita.info\\\/press\\\/#website\"},\"datePublished\":\"2020-02-11T21:47:26+00:00\",\"dateModified\":\"2020-02-11T21:58:19+00:00\",\"inLanguage\":\"es-AR\",\"potentialAction\":[{\"@type\":\"ReadAction\",\"target\":[\"https:\\\/\\\/elcanillita.info\\\/press\\\/2020\\\/02\\\/11\\\/jefe-policia-nacional-honduras-detenido-lavado-dinero\\\/\"]}]},{\"@type\":\"WebSite\",\"@id\":\"https:\\\/\\\/elcanillita.info\\\/press\\\/#website\",\"url\":\"https:\\\/\\\/elcanillita.info\\\/press\\\/\",\"name\":\"ElCanillita.Info\",\"description\":\"desde los Apeninos a los Andes\",\"publisher\":{\"@id\":\"https:\\\/\\\/elcanillita.info\\\/press\\\/#organization\"},\"potentialAction\":[{\"@type\":\"SearchAction\",\"target\":{\"@type\":\"EntryPoint\",\"urlTemplate\":\"https:\\\/\\\/elcanillita.info\\\/press\\\/?s={search_term_string}\"},\"query-input\":{\"@type\":\"PropertyValueSpecification\",\"valueRequired\":true,\"valueName\":\"search_term_string\"}}],\"inLanguage\":\"es-AR\"},{\"@type\":\"Organization\",\"@id\":\"https:\\\/\\\/elcanillita.info\\\/press\\\/#organization\",\"name\":\"Guzzo Photos & Graphic Publications\",\"url\":\"https:\\\/\\\/elcanillita.info\\\/press\\\/\",\"logo\":{\"@type\":\"ImageObject\",\"inLanguage\":\"es-AR\",\"@id\":\"https:\\\/\\\/elcanillita.info\\\/press\\\/#\\\/schema\\\/logo\\\/image\\\/\",\"url\":\"https:\\\/\\\/elcanillita.info\\\/press\\\/images\\\/2020\\\/01\\\/cropped-cropped-cropped-elcanillitainfo.png\",\"contentUrl\":\"https:\\\/\\\/elcanillita.info\\\/press\\\/images\\\/2020\\\/01\\\/cropped-cropped-cropped-elcanillitainfo.png\",\"width\":460,\"height\":50,\"caption\":\"Guzzo Photos & Graphic Publications\"},\"image\":{\"@id\":\"https:\\\/\\\/elcanillita.info\\\/press\\\/#\\\/schema\\\/logo\\\/image\\\/\"},\"sameAs\":[\"https:\\\/\\\/ar-ar.facebook.com\\\/ElCanillitainfo-114249515285712\\\/\"]},{\"@type\":\"Person\",\"@id\":\"https:\\\/\\\/elcanillita.info\\\/press\\\/#\\\/schema\\\/person\\\/7fcb79f38045700919f7da6d97e71ba0\",\"name\":\"SalaStampa.eu, world press service\",\"image\":{\"@type\":\"ImageObject\",\"inLanguage\":\"es-AR\",\"@id\":\"https:\\\/\\\/secure.gravatar.com\\\/avatar\\\/c2f0e0d515a107624234994507816ca4724c7199cef73fc8bedebf6931d73888?s=96&d=mm&r=g\",\"url\":\"https:\\\/\\\/secure.gravatar.com\\\/avatar\\\/c2f0e0d515a107624234994507816ca4724c7199cef73fc8bedebf6931d73888?s=96&d=mm&r=g\",\"contentUrl\":\"https:\\\/\\\/secure.gravatar.com\\\/avatar\\\/c2f0e0d515a107624234994507816ca4724c7199cef73fc8bedebf6931d73888?s=96&d=mm&r=g\",\"caption\":\"SalaStampa.eu, world press service\"}}]}<\/script>\n<!-- \/ Yoast SEO plugin. -->","yoast_head_json":{"title":"Jefe de Polic\u00eda Nacional de Honduras detenido por lavado dinero - ElCanillita.Info","robots":{"index":"index","follow":"follow","max-snippet":"max-snippet:-1","max-image-preview":"max-image-preview:large","max-video-preview":"max-video-preview:-1"},"canonical":"https:\/\/elcanillita.info\/press\/2020\/02\/11\/jefe-policia-nacional-honduras-detenido-lavado-dinero\/","og_locale":"es_ES","og_type":"article","og_title":"Jefe de Polic\u00eda Nacional de Honduras detenido por lavado dinero - ElCanillita.Info","og_description":"Tegucigalpa , 11.02.2020 - Las autoridades hondure\u00f1as arrestaron este martes al comisionado general de la Polic\u00eda Nacional, Leonel Luciano Sauceda, y a su esposa, por acusaciones de lavado de activos, inform\u00f3 la Fiscal\u00eda en un comunicado.","og_url":"https:\/\/elcanillita.info\/press\/2020\/02\/11\/jefe-policia-nacional-honduras-detenido-lavado-dinero\/","og_site_name":"ElCanillita.Info","article_publisher":"https:\/\/ar-ar.facebook.com\/ElCanillitainfo-114249515285712\/","article_published_time":"2020-02-11T21:47:26+00:00","article_modified_time":"2020-02-11T21:58:19+00:00","author":"SalaStampa.eu, world press service","twitter_card":"summary_large_image","twitter_misc":{"Escrito por":"SalaStampa.eu, world press service","Tiempo de lectura":"1 minuto"},"schema":{"@context":"https:\/\/schema.org","@graph":[{"@type":"Article","@id":"https:\/\/elcanillita.info\/press\/2020\/02\/11\/jefe-policia-nacional-honduras-detenido-lavado-dinero\/#article","isPartOf":{"@id":"https:\/\/elcanillita.info\/press\/2020\/02\/11\/jefe-policia-nacional-honduras-detenido-lavado-dinero\/"},"author":{"name":"SalaStampa.eu, world press service","@id":"https:\/\/elcanillita.info\/press\/#\/schema\/person\/7fcb79f38045700919f7da6d97e71ba0"},"headline":"Jefe de Polic\u00eda Nacional de Honduras detenido por lavado dinero","datePublished":"2020-02-11T21:47:26+00:00","dateModified":"2020-02-11T21:58:19+00:00","mainEntityOfPage":{"@id":"https:\/\/elcanillita.info\/press\/2020\/02\/11\/jefe-policia-nacional-honduras-detenido-lavado-dinero\/"},"wordCount":308,"publisher":{"@id":"https:\/\/elcanillita.info\/press\/#organization"},"keywords":["Honduras"],"articleSection":["Actualidad","Am\u00e9rica Central","Justicia","Sociedad"],"inLanguage":"es-AR"},{"@type":"WebPage","@id":"https:\/\/elcanillita.info\/press\/2020\/02\/11\/jefe-policia-nacional-honduras-detenido-lavado-dinero\/","url":"https:\/\/elcanillita.info\/press\/2020\/02\/11\/jefe-policia-nacional-honduras-detenido-lavado-dinero\/","name":"Jefe de Polic\u00eda Nacional de Honduras detenido por lavado dinero - ElCanillita.Info","isPartOf":{"@id":"https:\/\/elcanillita.info\/press\/#website"},"datePublished":"2020-02-11T21:47:26+00:00","dateModified":"2020-02-11T21:58:19+00:00","inLanguage":"es-AR","potentialAction":[{"@type":"ReadAction","target":["https:\/\/elcanillita.info\/press\/2020\/02\/11\/jefe-policia-nacional-honduras-detenido-lavado-dinero\/"]}]},{"@type":"WebSite","@id":"https:\/\/elcanillita.info\/press\/#website","url":"https:\/\/elcanillita.info\/press\/","name":"ElCanillita.Info","description":"desde los Apeninos a los Andes","publisher":{"@id":"https:\/\/elcanillita.info\/press\/#organization"},"potentialAction":[{"@type":"SearchAction","target":{"@type":"EntryPoint","urlTemplate":"https:\/\/elcanillita.info\/press\/?s={search_term_string}"},"query-input":{"@type":"PropertyValueSpecification","valueRequired":true,"valueName":"search_term_string"}}],"inLanguage":"es-AR"},{"@type":"Organization","@id":"https:\/\/elcanillita.info\/press\/#organization","name":"Guzzo Photos & Graphic Publications","url":"https:\/\/elcanillita.info\/press\/","logo":{"@type":"ImageObject","inLanguage":"es-AR","@id":"https:\/\/elcanillita.info\/press\/#\/schema\/logo\/image\/","url":"https:\/\/elcanillita.info\/press\/images\/2020\/01\/cropped-cropped-cropped-elcanillitainfo.png","contentUrl":"https:\/\/elcanillita.info\/press\/images\/2020\/01\/cropped-cropped-cropped-elcanillitainfo.png","width":460,"height":50,"caption":"Guzzo Photos & Graphic Publications"},"image":{"@id":"https:\/\/elcanillita.info\/press\/#\/schema\/logo\/image\/"},"sameAs":["https:\/\/ar-ar.facebook.com\/ElCanillitainfo-114249515285712\/"]},{"@type":"Person","@id":"https:\/\/elcanillita.info\/press\/#\/schema\/person\/7fcb79f38045700919f7da6d97e71ba0","name":"SalaStampa.eu, world press service","image":{"@type":"ImageObject","inLanguage":"es-AR","@id":"https:\/\/secure.gravatar.com\/avatar\/c2f0e0d515a107624234994507816ca4724c7199cef73fc8bedebf6931d73888?s=96&d=mm&r=g","url":"https:\/\/secure.gravatar.com\/avatar\/c2f0e0d515a107624234994507816ca4724c7199cef73fc8bedebf6931d73888?s=96&d=mm&r=g","contentUrl":"https:\/\/secure.gravatar.com\/avatar\/c2f0e0d515a107624234994507816ca4724c7199cef73fc8bedebf6931d73888?s=96&d=mm&r=g","caption":"SalaStampa.eu, world press service"}}]}},"views":833,"_links":{"self":[{"href":"https:\/\/elcanillita.info\/press\/wp-json\/wp\/v2\/posts\/431","targetHints":{"allow":["GET"]}}],"collection":[{"href":"https:\/\/elcanillita.info\/press\/wp-json\/wp\/v2\/posts"}],"about":[{"href":"https:\/\/elcanillita.info\/press\/wp-json\/wp\/v2\/types\/post"}],"author":[{"embeddable":true,"href":"https:\/\/elcanillita.info\/press\/wp-json\/wp\/v2\/users\/1"}],"replies":[{"embeddable":true,"href":"https:\/\/elcanillita.info\/press\/wp-json\/wp\/v2\/comments?post=431"}],"version-history":[{"count":0,"href":"https:\/\/elcanillita.info\/press\/wp-json\/wp\/v2\/posts\/431\/revisions"}],"wp:attachment":[{"href":"https:\/\/elcanillita.info\/press\/wp-json\/wp\/v2\/media?parent=431"}],"wp:term":[{"taxonomy":"category","embeddable":true,"href":"https:\/\/elcanillita.info\/press\/wp-json\/wp\/v2\/categories?post=431"},{"taxonomy":"post_tag","embeddable":true,"href":"https:\/\/elcanillita.info\/press\/wp-json\/wp\/v2\/tags?post=431"}],"curies":[{"name":"wp","href":"https:\/\/api.w.org\/{rel}","templated":true}]}}