{"id":4304,"date":"2025-01-05T12:26:32","date_gmt":"2025-01-05T15:26:32","guid":{"rendered":"https:\/\/elcanillita.info\/press\/?p=4304"},"modified":"2025-01-05T12:39:20","modified_gmt":"2025-01-05T15:39:20","slug":"dios-te-guarde-jorge-lanata","status":"publish","type":"post","link":"https:\/\/elcanillita.info\/press\/2025\/01\/05\/dios-te-guarde-jorge-lanata\/","title":{"rendered":"Dios te guarde, Jorge Lanata !"},"content":{"rendered":"\n<figure class=\"wp-block-image size-full\"><img loading=\"lazy\" decoding=\"async\" width=\"600\" height=\"302\" src=\"https:\/\/elcanillita.info\/press\/images\/2025\/01\/lan_20250105.jpg\" alt=\"\" class=\"wp-image-4305\" srcset=\"https:\/\/elcanillita.info\/press\/images\/2025\/01\/lan_20250105.jpg 600w, https:\/\/elcanillita.info\/press\/images\/2025\/01\/lan_20250105-300x151.jpg 300w\" sizes=\"auto, (max-width: 600px) 100vw, 600px\" \/><\/figure>\n\n\n\n<p><em><strong>Por Enrique Guillermo Avogadro<\/strong><\/em><\/p>\n\n\n\n<p>Buenos Aires, Enero 04 2025<br>Lamento enormemente la muerte, producida el 30 de diciembre de 2024, de Jorge Ernesto Lanata, el irrepetible maestro y gran se\u00f1or del periodismo argentino, que hizo de su lucidez, su inteligencia, su desenfado, su honestidad intelectual, su humor y la tan infrecuente virtud del coraje, armas para intentar convencer a una ciudadan\u00eda, adormecida por la estupidez y la hipocres\u00eda, de la necesidad de defenderse del infaltable saqueo al que la sometieron tantos de sus representantes, elegidos por un voto popular comprado con falsas d\u00e1divas y populismo ladr\u00f3n.<\/p>\n\n\n\n<p>Algunas microsc\u00f3picas hormigas fanatizadas, con voz en las redes sociales, hablan de sus adicciones privadas y dicen ahora, con tono de reproche, que el origen de \u201cP\u00e1gina.12\u201d, ese fant\u00e1stico diario que cre\u00f3 hace d\u00e9cadas, fue financiado con dinero del ERP, algo que no me consta, como lo fue s\u00ed en otros tiempos el diario \u201cNoticias\u201d, bancado y dirigido por Montoneros, en el cual trabajaron tantos que luego se convirtieron en \u201cj\u00f3venes idealistas\u201d y \u201cpr\u00f3ceres\u201d del kirchnerismo. Si as\u00ed fue y luego decidi\u00f3 cambiar de ideas y volverse un verdadero liberal, ello s\u00f3lo acredita su capacidad de repensar el pasado y evolucionar, algo que pocos l\u00facidos pueden hacer, sobre todo cuando no media un bastardo inter\u00e9s, sea pol\u00edtico o pecuniario.<\/p>\n\n\n\n<p>Sin embargo, la enorme trayectoria de Lanata no se limit\u00f3 a ese magn\u00edfico peri\u00f3dico sino que encar\u00f3 muchos otros proyectos, la mayor\u00eda muy exitosos y algunos fracasos, con sus muchas obras hist\u00f3ricas sobre la end\u00e9mica corrupci\u00f3n argentina (el \u00faltimo, \u201c\u00d3xido\u201d, es una fiel muestra), en la prensa escrita, en la radio y la televisi\u00f3n, dejando hitos imborrables en la memoria de todos ya que, con esa valent\u00eda que lo caracteriz\u00f3 como a nadie, investig\u00f3, denunci\u00f3 y exhibi\u00f3 bajo crudas luces los m\u00e1s terribles latrocinios del poder, en una \u00e9poca en que hacerlo era asumir el riesgo de morir en confusos episodios, como le sucedi\u00f3 a tantos que se atrevieron a molestar, con sus saberes y experiencias propias, a algunos de los poderosos jerarcas de turno. Alberto Nisman, el Fiscal asesinado por llevar a juicio el siniestro pacto con Ir\u00e1n, fue s\u00f3lo el m\u00e1s destacado de esa luctuosa y muy larga lista.<\/p>\n\n\n\n<p>La enumeraci\u00f3n ser\u00eda extremadamente prolongada, pero se destacaron los esc\u00e1ndalos del \u201cSwift-gate\u201d en la \u00e9poca del menemismo, la desverg\u00fcenza de \u201cLa Rosadita\u201d y sus millones de d\u00f3lares pesados en bolsas, la \u201ccompra\u201d de la f\u00e1brica de dinero Ciccone, la \u201cruta del dinero K\u201d, los hoteles de Cristina, los campos de L\u00e1zaro B\u00e1ez, los negociados de Crist\u00f3bal L\u00f3pez, Fabi\u00e1n de Souza y de Gerardo Ferreyra, el vaciamiento de Aerol\u00edneas Argentinas, los horrores de los gobernadores feudales opresores, y decenas m\u00e1s. Entre otras audacias valerosas, llam\u00f3 \u201cvieja ladrona\u201d a Cristina Fern\u00e1ndez en el programa m\u00e1s visto de la televisi\u00f3n abierta, y expuso a los m\u00e1s cobardes y viles de sus colegas, que eran c\u00f3mplices ensobrados de la corrupci\u00f3n o simplemente callaban, en sucesivas entregas de premios.<\/p>\n\n\n\n<p>Lo conoc\u00ed cuando tuvo la amabilidad de invitarme a su programa en radio Mitre, mientras yo era abogado en un juicio de divorcio en el que, como sucede en much\u00edsimos casos, la madre usa a sus hijos como armas arrojadizas contra su marido, formulando denuncias falsas de terribles violencias y abusos sexuales sobre ellos para evitar la re-vinculaci\u00f3n con el padre. M\u00e1s tarde, me recibi\u00f3 tambi\u00e9n en su casa, para conversar de otros temas menos dram\u00e1ticos, aunque disentimos seriamente mucho, en especial en cuanto a su errada postura frente a los presos pol\u00edticos militares. Confieso que me pesa no haber llegado a ser su amigo.<\/p>\n\n\n\n<p>Fue extremadamente generoso con sus j\u00f3venes colegas, a muchos de los cuales convid\u00f3 a andar en su ilusi\u00f3n super-sport, los incit\u00f3 a ponerse una peluca de alondras y, con \u00e9sta, alcanzar a volar por s\u00ed solos a partir de todos los proyectos period\u00edsticos que cre\u00f3 y dirigi\u00f3. El dolor y el llanto de tantos de ellos, mostrado sin pudor alguno en todos los medios de prensa y, sobremanera en su velorio, me exime de probar esta afirmaci\u00f3n.<\/p>\n\n\n\n<p>Como dir\u00eda Luis Landriscina, el Gordo se fue, pero el pueblo argentino lo estar\u00e1 esperando en sus numerosos libros, en las hemerotecas que guardan sus peri\u00f3dicos y en los registros audio-visuales que se conservan y que dan testimonio de su enorme aporte para construir un pa\u00eds mejor.<\/p>\n\n\n\n<p>\u00a1Dios te guarde, Jorge Lanata, pues te lo has ganado con creces!<br><br><small>\u00a9 Copyright 2025 Enrique Guillermo Avogadro<br>\u00a9 2025 ElCanillita.info \/ SalaStampa.Eu, servicio mundial de prensa<\/small><br><small>Guzzo Photos &amp; Graphic Publications &#8211; Registro Editori e Stampatori n. 1441 Torino, Italia<\/small><\/p>\n","protected":false},"excerpt":{"rendered":"<p>\u201cEl poder para moldear el futuro de una Rep\u00fablica estar\u00e1 en manos del periodismo de las generaciones futuras\u201d.<br \/>\n Joseph Pulitzer<\/p>\n","protected":false},"author":1,"featured_media":4305,"comment_status":"closed","ping_status":"closed","sticky":false,"template":"","format":"standard","meta":{"footnotes":"","_links_to":"","_links_to_target":""},"categories":[108,121,11,127,112],"tags":[29],"class_list":["post-4304","post","type-post","status-publish","format-standard","has-post-thumbnail","hentry","category-blogdiario","category-dc24","category-america-del-sur","category-necrologicos","category-quien-es-quien","tag-argentina","entry","double"],"yoast_head":"<!-- This site is optimized with the Yoast SEO plugin v27.4 - https:\/\/yoast.com\/product\/yoast-seo-wordpress\/ -->\n<title>Dios te guarde, Jorge Lanata ! - ElCanillita.Info<\/title>\n<meta name=\"robots\" content=\"index, follow, max-snippet:-1, max-image-preview:large, max-video-preview:-1\" \/>\n<link rel=\"canonical\" href=\"https:\/\/elcanillita.info\/press\/2025\/01\/05\/dios-te-guarde-jorge-lanata\/\" \/>\n<meta property=\"og:locale\" content=\"es_ES\" \/>\n<meta property=\"og:type\" content=\"article\" \/>\n<meta property=\"og:title\" content=\"Dios te guarde, Jorge Lanata ! - ElCanillita.Info\" \/>\n<meta property=\"og:description\" content=\"\u201cEl poder para moldear el futuro de una Rep\u00fablica estar\u00e1 en manos del periodismo de las generaciones futuras\u201d. Joseph Pulitzer\" \/>\n<meta property=\"og:url\" content=\"https:\/\/elcanillita.info\/press\/2025\/01\/05\/dios-te-guarde-jorge-lanata\/\" \/>\n<meta property=\"og:site_name\" content=\"ElCanillita.Info\" \/>\n<meta property=\"article:publisher\" content=\"https:\/\/ar-ar.facebook.com\/ElCanillitainfo-114249515285712\/\" \/>\n<meta property=\"article:published_time\" content=\"2025-01-05T15:26:32+00:00\" \/>\n<meta property=\"article:modified_time\" content=\"2025-01-05T15:39:20+00:00\" \/>\n<meta property=\"og:image\" content=\"https:\/\/elcanillita.info\/press\/images\/2025\/01\/lan_20250105.jpg\" \/>\n\t<meta property=\"og:image:width\" content=\"600\" \/>\n\t<meta property=\"og:image:height\" content=\"302\" \/>\n\t<meta property=\"og:image:type\" content=\"image\/jpeg\" \/>\n<meta name=\"author\" content=\"SalaStampa.eu, world press service\" \/>\n<meta name=\"twitter:card\" content=\"summary_large_image\" \/>\n<meta name=\"twitter:label1\" content=\"Escrito por\" \/>\n\t<meta name=\"twitter:data1\" content=\"SalaStampa.eu, world press service\" \/>\n\t<meta name=\"twitter:label2\" content=\"Tiempo de lectura\" \/>\n\t<meta name=\"twitter:data2\" content=\"4 minutos\" \/>\n<script type=\"application\/ld+json\" class=\"yoast-schema-graph\">{\"@context\":\"https:\\\/\\\/schema.org\",\"@graph\":[{\"@type\":\"Article\",\"@id\":\"https:\\\/\\\/elcanillita.info\\\/press\\\/2025\\\/01\\\/05\\\/dios-te-guarde-jorge-lanata\\\/#article\",\"isPartOf\":{\"@id\":\"https:\\\/\\\/elcanillita.info\\\/press\\\/2025\\\/01\\\/05\\\/dios-te-guarde-jorge-lanata\\\/\"},\"author\":{\"name\":\"SalaStampa.eu, world press service\",\"@id\":\"https:\\\/\\\/elcanillita.info\\\/press\\\/#\\\/schema\\\/person\\\/7fcb79f38045700919f7da6d97e71ba0\"},\"headline\":\"Dios te guarde, Jorge Lanata !\",\"datePublished\":\"2025-01-05T15:26:32+00:00\",\"dateModified\":\"2025-01-05T15:39:20+00:00\",\"mainEntityOfPage\":{\"@id\":\"https:\\\/\\\/elcanillita.info\\\/press\\\/2025\\\/01\\\/05\\\/dios-te-guarde-jorge-lanata\\\/\"},\"wordCount\":816,\"publisher\":{\"@id\":\"https:\\\/\\\/elcanillita.info\\\/press\\\/#organization\"},\"image\":{\"@id\":\"https:\\\/\\\/elcanillita.info\\\/press\\\/2025\\\/01\\\/05\\\/dios-te-guarde-jorge-lanata\\\/#primaryimage\"},\"thumbnailUrl\":\"https:\\\/\\\/elcanillita.info\\\/press\\\/images\\\/2025\\\/01\\\/lan_20250105.jpg\",\"keywords\":[\"Argentina\"],\"articleSection\":[\".\",\".\",\"Am\u00e9rica del Sur\",\"Necrol\u00f3gicos\",\"Quien es quien\"],\"inLanguage\":\"es-AR\"},{\"@type\":\"WebPage\",\"@id\":\"https:\\\/\\\/elcanillita.info\\\/press\\\/2025\\\/01\\\/05\\\/dios-te-guarde-jorge-lanata\\\/\",\"url\":\"https:\\\/\\\/elcanillita.info\\\/press\\\/2025\\\/01\\\/05\\\/dios-te-guarde-jorge-lanata\\\/\",\"name\":\"Dios te guarde, Jorge Lanata ! - ElCanillita.Info\",\"isPartOf\":{\"@id\":\"https:\\\/\\\/elcanillita.info\\\/press\\\/#website\"},\"primaryImageOfPage\":{\"@id\":\"https:\\\/\\\/elcanillita.info\\\/press\\\/2025\\\/01\\\/05\\\/dios-te-guarde-jorge-lanata\\\/#primaryimage\"},\"image\":{\"@id\":\"https:\\\/\\\/elcanillita.info\\\/press\\\/2025\\\/01\\\/05\\\/dios-te-guarde-jorge-lanata\\\/#primaryimage\"},\"thumbnailUrl\":\"https:\\\/\\\/elcanillita.info\\\/press\\\/images\\\/2025\\\/01\\\/lan_20250105.jpg\",\"datePublished\":\"2025-01-05T15:26:32+00:00\",\"dateModified\":\"2025-01-05T15:39:20+00:00\",\"inLanguage\":\"es-AR\",\"potentialAction\":[{\"@type\":\"ReadAction\",\"target\":[\"https:\\\/\\\/elcanillita.info\\\/press\\\/2025\\\/01\\\/05\\\/dios-te-guarde-jorge-lanata\\\/\"]}]},{\"@type\":\"ImageObject\",\"inLanguage\":\"es-AR\",\"@id\":\"https:\\\/\\\/elcanillita.info\\\/press\\\/2025\\\/01\\\/05\\\/dios-te-guarde-jorge-lanata\\\/#primaryimage\",\"url\":\"https:\\\/\\\/elcanillita.info\\\/press\\\/images\\\/2025\\\/01\\\/lan_20250105.jpg\",\"contentUrl\":\"https:\\\/\\\/elcanillita.info\\\/press\\\/images\\\/2025\\\/01\\\/lan_20250105.jpg\",\"width\":600,\"height\":302},{\"@type\":\"WebSite\",\"@id\":\"https:\\\/\\\/elcanillita.info\\\/press\\\/#website\",\"url\":\"https:\\\/\\\/elcanillita.info\\\/press\\\/\",\"name\":\"ElCanillita.Info\",\"description\":\"desde los Apeninos a los Andes\",\"publisher\":{\"@id\":\"https:\\\/\\\/elcanillita.info\\\/press\\\/#organization\"},\"potentialAction\":[{\"@type\":\"SearchAction\",\"target\":{\"@type\":\"EntryPoint\",\"urlTemplate\":\"https:\\\/\\\/elcanillita.info\\\/press\\\/?s={search_term_string}\"},\"query-input\":{\"@type\":\"PropertyValueSpecification\",\"valueRequired\":true,\"valueName\":\"search_term_string\"}}],\"inLanguage\":\"es-AR\"},{\"@type\":\"Organization\",\"@id\":\"https:\\\/\\\/elcanillita.info\\\/press\\\/#organization\",\"name\":\"Guzzo Photos & Graphic Publications\",\"url\":\"https:\\\/\\\/elcanillita.info\\\/press\\\/\",\"logo\":{\"@type\":\"ImageObject\",\"inLanguage\":\"es-AR\",\"@id\":\"https:\\\/\\\/elcanillita.info\\\/press\\\/#\\\/schema\\\/logo\\\/image\\\/\",\"url\":\"https:\\\/\\\/elcanillita.info\\\/press\\\/images\\\/2020\\\/01\\\/cropped-cropped-cropped-elcanillitainfo.png\",\"contentUrl\":\"https:\\\/\\\/elcanillita.info\\\/press\\\/images\\\/2020\\\/01\\\/cropped-cropped-cropped-elcanillitainfo.png\",\"width\":460,\"height\":50,\"caption\":\"Guzzo Photos & Graphic Publications\"},\"image\":{\"@id\":\"https:\\\/\\\/elcanillita.info\\\/press\\\/#\\\/schema\\\/logo\\\/image\\\/\"},\"sameAs\":[\"https:\\\/\\\/ar-ar.facebook.com\\\/ElCanillitainfo-114249515285712\\\/\"]},{\"@type\":\"Person\",\"@id\":\"https:\\\/\\\/elcanillita.info\\\/press\\\/#\\\/schema\\\/person\\\/7fcb79f38045700919f7da6d97e71ba0\",\"name\":\"SalaStampa.eu, world press service\",\"image\":{\"@type\":\"ImageObject\",\"inLanguage\":\"es-AR\",\"@id\":\"https:\\\/\\\/secure.gravatar.com\\\/avatar\\\/c2f0e0d515a107624234994507816ca4724c7199cef73fc8bedebf6931d73888?s=96&d=mm&r=g\",\"url\":\"https:\\\/\\\/secure.gravatar.com\\\/avatar\\\/c2f0e0d515a107624234994507816ca4724c7199cef73fc8bedebf6931d73888?s=96&d=mm&r=g\",\"contentUrl\":\"https:\\\/\\\/secure.gravatar.com\\\/avatar\\\/c2f0e0d515a107624234994507816ca4724c7199cef73fc8bedebf6931d73888?s=96&d=mm&r=g\",\"caption\":\"SalaStampa.eu, world press service\"}}]}<\/script>\n<!-- \/ Yoast SEO plugin. -->","yoast_head_json":{"title":"Dios te guarde, Jorge Lanata ! - ElCanillita.Info","robots":{"index":"index","follow":"follow","max-snippet":"max-snippet:-1","max-image-preview":"max-image-preview:large","max-video-preview":"max-video-preview:-1"},"canonical":"https:\/\/elcanillita.info\/press\/2025\/01\/05\/dios-te-guarde-jorge-lanata\/","og_locale":"es_ES","og_type":"article","og_title":"Dios te guarde, Jorge Lanata ! - ElCanillita.Info","og_description":"\u201cEl poder para moldear el futuro de una Rep\u00fablica estar\u00e1 en manos del periodismo de las generaciones futuras\u201d. Joseph Pulitzer","og_url":"https:\/\/elcanillita.info\/press\/2025\/01\/05\/dios-te-guarde-jorge-lanata\/","og_site_name":"ElCanillita.Info","article_publisher":"https:\/\/ar-ar.facebook.com\/ElCanillitainfo-114249515285712\/","article_published_time":"2025-01-05T15:26:32+00:00","article_modified_time":"2025-01-05T15:39:20+00:00","og_image":[{"width":600,"height":302,"url":"https:\/\/elcanillita.info\/press\/images\/2025\/01\/lan_20250105.jpg","type":"image\/jpeg"}],"author":"SalaStampa.eu, world press service","twitter_card":"summary_large_image","twitter_misc":{"Escrito por":"SalaStampa.eu, world press service","Tiempo de lectura":"4 minutos"},"schema":{"@context":"https:\/\/schema.org","@graph":[{"@type":"Article","@id":"https:\/\/elcanillita.info\/press\/2025\/01\/05\/dios-te-guarde-jorge-lanata\/#article","isPartOf":{"@id":"https:\/\/elcanillita.info\/press\/2025\/01\/05\/dios-te-guarde-jorge-lanata\/"},"author":{"name":"SalaStampa.eu, world press service","@id":"https:\/\/elcanillita.info\/press\/#\/schema\/person\/7fcb79f38045700919f7da6d97e71ba0"},"headline":"Dios te guarde, Jorge Lanata !","datePublished":"2025-01-05T15:26:32+00:00","dateModified":"2025-01-05T15:39:20+00:00","mainEntityOfPage":{"@id":"https:\/\/elcanillita.info\/press\/2025\/01\/05\/dios-te-guarde-jorge-lanata\/"},"wordCount":816,"publisher":{"@id":"https:\/\/elcanillita.info\/press\/#organization"},"image":{"@id":"https:\/\/elcanillita.info\/press\/2025\/01\/05\/dios-te-guarde-jorge-lanata\/#primaryimage"},"thumbnailUrl":"https:\/\/elcanillita.info\/press\/images\/2025\/01\/lan_20250105.jpg","keywords":["Argentina"],"articleSection":[".",".","Am\u00e9rica del Sur","Necrol\u00f3gicos","Quien es quien"],"inLanguage":"es-AR"},{"@type":"WebPage","@id":"https:\/\/elcanillita.info\/press\/2025\/01\/05\/dios-te-guarde-jorge-lanata\/","url":"https:\/\/elcanillita.info\/press\/2025\/01\/05\/dios-te-guarde-jorge-lanata\/","name":"Dios te guarde, Jorge Lanata ! - ElCanillita.Info","isPartOf":{"@id":"https:\/\/elcanillita.info\/press\/#website"},"primaryImageOfPage":{"@id":"https:\/\/elcanillita.info\/press\/2025\/01\/05\/dios-te-guarde-jorge-lanata\/#primaryimage"},"image":{"@id":"https:\/\/elcanillita.info\/press\/2025\/01\/05\/dios-te-guarde-jorge-lanata\/#primaryimage"},"thumbnailUrl":"https:\/\/elcanillita.info\/press\/images\/2025\/01\/lan_20250105.jpg","datePublished":"2025-01-05T15:26:32+00:00","dateModified":"2025-01-05T15:39:20+00:00","inLanguage":"es-AR","potentialAction":[{"@type":"ReadAction","target":["https:\/\/elcanillita.info\/press\/2025\/01\/05\/dios-te-guarde-jorge-lanata\/"]}]},{"@type":"ImageObject","inLanguage":"es-AR","@id":"https:\/\/elcanillita.info\/press\/2025\/01\/05\/dios-te-guarde-jorge-lanata\/#primaryimage","url":"https:\/\/elcanillita.info\/press\/images\/2025\/01\/lan_20250105.jpg","contentUrl":"https:\/\/elcanillita.info\/press\/images\/2025\/01\/lan_20250105.jpg","width":600,"height":302},{"@type":"WebSite","@id":"https:\/\/elcanillita.info\/press\/#website","url":"https:\/\/elcanillita.info\/press\/","name":"ElCanillita.Info","description":"desde los Apeninos a los Andes","publisher":{"@id":"https:\/\/elcanillita.info\/press\/#organization"},"potentialAction":[{"@type":"SearchAction","target":{"@type":"EntryPoint","urlTemplate":"https:\/\/elcanillita.info\/press\/?s={search_term_string}"},"query-input":{"@type":"PropertyValueSpecification","valueRequired":true,"valueName":"search_term_string"}}],"inLanguage":"es-AR"},{"@type":"Organization","@id":"https:\/\/elcanillita.info\/press\/#organization","name":"Guzzo Photos & Graphic Publications","url":"https:\/\/elcanillita.info\/press\/","logo":{"@type":"ImageObject","inLanguage":"es-AR","@id":"https:\/\/elcanillita.info\/press\/#\/schema\/logo\/image\/","url":"https:\/\/elcanillita.info\/press\/images\/2020\/01\/cropped-cropped-cropped-elcanillitainfo.png","contentUrl":"https:\/\/elcanillita.info\/press\/images\/2020\/01\/cropped-cropped-cropped-elcanillitainfo.png","width":460,"height":50,"caption":"Guzzo Photos & Graphic Publications"},"image":{"@id":"https:\/\/elcanillita.info\/press\/#\/schema\/logo\/image\/"},"sameAs":["https:\/\/ar-ar.facebook.com\/ElCanillitainfo-114249515285712\/"]},{"@type":"Person","@id":"https:\/\/elcanillita.info\/press\/#\/schema\/person\/7fcb79f38045700919f7da6d97e71ba0","name":"SalaStampa.eu, world press service","image":{"@type":"ImageObject","inLanguage":"es-AR","@id":"https:\/\/secure.gravatar.com\/avatar\/c2f0e0d515a107624234994507816ca4724c7199cef73fc8bedebf6931d73888?s=96&d=mm&r=g","url":"https:\/\/secure.gravatar.com\/avatar\/c2f0e0d515a107624234994507816ca4724c7199cef73fc8bedebf6931d73888?s=96&d=mm&r=g","contentUrl":"https:\/\/secure.gravatar.com\/avatar\/c2f0e0d515a107624234994507816ca4724c7199cef73fc8bedebf6931d73888?s=96&d=mm&r=g","caption":"SalaStampa.eu, world press service"}}]}},"views":341,"_links":{"self":[{"href":"https:\/\/elcanillita.info\/press\/wp-json\/wp\/v2\/posts\/4304","targetHints":{"allow":["GET"]}}],"collection":[{"href":"https:\/\/elcanillita.info\/press\/wp-json\/wp\/v2\/posts"}],"about":[{"href":"https:\/\/elcanillita.info\/press\/wp-json\/wp\/v2\/types\/post"}],"author":[{"embeddable":true,"href":"https:\/\/elcanillita.info\/press\/wp-json\/wp\/v2\/users\/1"}],"replies":[{"embeddable":true,"href":"https:\/\/elcanillita.info\/press\/wp-json\/wp\/v2\/comments?post=4304"}],"version-history":[{"count":0,"href":"https:\/\/elcanillita.info\/press\/wp-json\/wp\/v2\/posts\/4304\/revisions"}],"wp:featuredmedia":[{"embeddable":true,"href":"https:\/\/elcanillita.info\/press\/wp-json\/wp\/v2\/media\/4305"}],"wp:attachment":[{"href":"https:\/\/elcanillita.info\/press\/wp-json\/wp\/v2\/media?parent=4304"}],"wp:term":[{"taxonomy":"category","embeddable":true,"href":"https:\/\/elcanillita.info\/press\/wp-json\/wp\/v2\/categories?post=4304"},{"taxonomy":"post_tag","embeddable":true,"href":"https:\/\/elcanillita.info\/press\/wp-json\/wp\/v2\/tags?post=4304"}],"curies":[{"name":"wp","href":"https:\/\/api.w.org\/{rel}","templated":true}]}}