{"id":4273,"date":"2024-10-31T19:46:45","date_gmt":"2024-10-31T22:46:45","guid":{"rendered":"https:\/\/elcanillita.info\/press\/?p=4273"},"modified":"2024-10-31T20:13:42","modified_gmt":"2024-10-31T23:13:42","slug":"argentina-promete-despedir-al-funcionario-que-se-refirio-a-lasfalklands","status":"publish","type":"post","link":"https:\/\/elcanillita.info\/press\/2024\/10\/31\/argentina-promete-despedir-al-funcionario-que-se-refirio-a-lasfalklands\/","title":{"rendered":"Argentina promete despedir al funcionario que se refiri\u00f3 a las\u2018Falklands\u2019"},"content":{"rendered":"<div class=\"wp-block-image\">\n<figure class=\"alignleft size-full is-resized\"><img loading=\"lazy\" decoding=\"async\" width=\"354\" height=\"500\" src=\"https:\/\/elcanillita.info\/press\/images\/2024\/10\/pag_20241031.jpeg\" alt=\"\" class=\"wp-image-4275\" style=\"width:355px;height:auto\" srcset=\"https:\/\/elcanillita.info\/press\/images\/2024\/10\/pag_20241031.jpeg 354w, https:\/\/elcanillita.info\/press\/images\/2024\/10\/pag_20241031-212x300.jpeg 212w\" sizes=\"auto, (max-width: 354px) 100vw, 354px\" \/><\/figure>\n<\/div>\n\n\n<p>La postura del presidente Milei hacia la soberan\u00eda del Reino Unido sobre las Malvinas ha sido objeto de un intenso escrutinio en Argentina desde que fue elegido el a\u00f1o pasado.<br><br>Los ministros argentinos han prometido encontrar y despedir al funcionario que viol\u00f3 el protocolo nacional refiri\u00e9ndose a las Islas Malvinas con su nombre brit\u00e1nico en un memorando oficial.<\/p>\n\n\n\n<p>El aviso, publicado el martes por el Ministerio de Relaciones Exteriores en una p\u00e1gina web sobre veteranos militares, se refer\u00eda a las islas como Falklands en lugar de Malvinas, el nombre espa\u00f1ol dado por Argentina.<\/p>\n\n\n\n<p>El Ministerio de Defensa de Buenos Aires ha iniciado una investigaci\u00f3n, afirmando que el nombre incorrecto afecta las sensibilidades de todos los argentinos en un comunicado sobre X.<\/p>\n\n\n\n<p>Luis Petri, ministro de Defensa, dijo a una emisora de radio local que el culpable es el texto original modificado, que describ\u00eda una reuni\u00f3n gubernamental con el Comit\u00e9 Internacional de la Cruz Roja, a\u00fan no hab\u00eda sido identificado.<\/p>\n\n\n\n<p>\u201cSe sabr\u00e1, porque la persona que manipul\u00f3 los datos dej\u00f3 huellas dactilares,\u201d dijo. \u201cEl sistema registra qui\u00e9n ingres\u00f3 y tuvo acceso a la modificaci\u00f3n de la nota.<\/p>\n\n\n\n<p>\u201cCuando se subi\u00f3, parec\u00eda que el comunicado de prensa original hab\u00eda sido manipulado, el texto hab\u00eda sido cambiado y se hab\u00eda incorporado este nombre inadecuado para las Malvinas.<\/p>\n\n\n\n<p>\u201cEstamos iniciando investigaciones para perseguir al responsable e imponer el castigo m\u00e1s severo,\u201d agreg\u00f3, insistiendo en que la declaraci\u00f3n no refleja la posici\u00f3n del  Presidente Milei.<\/p>\n\n\n\n<p>\u201cCreemos que es fundamental defender la soberan\u00eda de las Malvinas y que estos actos maliciosos seguramente deben ser condenados.<\/p>\n\n\n\n<p>El nombre argentino de las Islas Malvinas es \u2018Islas Malvinas\u2019<\/p>\n\n\n\n<p>\u201cQueremos expulsar al bastardo responsable de este acto malicioso,\u201d a\u00f1adi\u00f3.<\/p>\n\n\n\n<p>`En una declaraci\u00f3n separada, Diana Mondino, ahora ex ministra de Asuntos Exteriores, que anteriormente afirm\u00f3 que los derechos \u201cde los isle\u00f1os deben ser respetados\u201d, acus\u00f3 al individuo desconocido de estar \u201cguiado por la ideolog\u00eda izquierdista\u201d.<\/p>\n\n\n\n<p>El gobierno fue criticado recientemente por dejar las islas fuera de un mapa mostrado durante una reuni\u00f3n de inversi\u00f3n. Un funcionario describi\u00f3 esa omisi\u00f3n como un \u201cerror\u201d.<\/p>\n\n\n\n<p>La postura de Milei hacia la soberan\u00eda del Reino Unido sobre las islas ha sido objeto de un intenso escrutinio en Argentina desde que fue elegido el a\u00f1o pasado.<\/p>\n\n\n\n<figure class=\"wp-block-image size-full is-resized\"><img loading=\"lazy\" decoding=\"async\" width=\"600\" height=\"378\" src=\"https:\/\/elcanillita.info\/press\/images\/2024\/10\/pa2_20241031.jpg\" alt=\"\" class=\"wp-image-4276\" style=\"width:733px;height:auto\" srcset=\"https:\/\/elcanillita.info\/press\/images\/2024\/10\/pa2_20241031.jpg 600w, https:\/\/elcanillita.info\/press\/images\/2024\/10\/pa2_20241031-300x189.jpg 300w\" sizes=\"auto, (max-width: 600px) 100vw, 600px\" \/><figcaption class=\"wp-element-caption\">Soldados argentinos capturados en Goose Green en 1982.<\/figcaption><\/figure>\n\n\n\n<p><\/p>\n\n\n\n<p>Sus cr\u00edticos lo calificaron de traidor por no condenar la visita de Lord Cameron a las Malvinas a principios de este a\u00f1o. Milei ha dicho que planea tomar las islas por medios pac\u00edficos.<\/p>\n\n\n\n<p>Las cicatrices del conflicto de 1982 son profundas en Argentina. Una ley nacional establece que todas las estaciones de transporte p\u00fablico deben tener un letrero que diga \u201cLas Malvinas son argentinas y los libros para ni\u00f1os describen a la reina Isabel II como un monstruo malvado.<\/p>\n\n\n\n<p>Victoria Villarruel, la vicepresidenta, que proviene de una prominente familia de militares, lleg\u00f3 a un acuerdo entre el Reino Unido y Argentina en septiembre para restablecer los vuelos desde Argentina a las Malvinas.<\/p>\n\n\n\n<p>\u00bfNos toman por tontos? Est\u00e1n obteniendo beneficios materiales, concretos e inmediatos, mientras nos ofrecen migajas como consuelo emocional y debilitan nuestra capacidad de negociar, dijo en ese momento.<br><br><small>Copyright \u00a9 2024 SalaStampa.Eu affiliate with USAGM \/ BBG &#8211; servicio mundial de prensa .<\/small><br><small> Edited by Guzzo Photos &amp; Graphic Publications &#8211; Copyright \u00a9 1995-2024<\/small> <small> Reprinted by ElCanillita.info \/ BlogDiario.info<\/small><\/p>\n\n\n\n<p><\/p>\n\n\n\n<div style=\"width:90%; padding-left:50px; font-size:0.8em; text-align: justify;\">\n<b>Constituci\u00f3n de la Naci\u00f3n Argentina de 1994<\/b><br>\nLa reforma de la Constituci\u00f3n de la Naci\u00f3n Argentina de 1994 fue una importante modificaci\u00f3n de la carta magna argentina, que introdujo nuevos derechos e instituciones y confiri\u00f3 al texto constitucional una legitimidad que estaba cuestionada..<br>\n<br>\n\nEntre otros cambios, introdujo los derechos de tercera y cuarta generaci\u00f3n. Es decir, los derechos de solidaridad, o tambi\u00e9n llamados derechos de los pueblos, superando el marco de los derechos individuales para centrarse en conceptos colectivos, como la comunidad o el pueblo..<br>\n<br> \nEl Derecho a la autodeterminaci\u00f3n de los pueblos, define constitucionalmente la posibilidad que un pueblo determine libremente su condici\u00f3n pol\u00edtica y su modelo social y econ\u00f3mico. Y es sobre \u00e9ste punto, que el gobierno argentino se da la zapa en el pie y aquel del Reino Unido hace valer sus derechos.\n<br>Sin duda, el Sr.Milei no comprende a\u00fan, que el uso apropiado y responsable de las palabras, dan forma a la realidad.<br><br>ElCanillita.info\n<\/div>\n","protected":false},"excerpt":{"rendered":"<p>El Ministro de Defensa quiere expulsar al bastardo responsable del acto malicioso de llamar a las islas por el nombre brit\u00e1nico en lugar del nombre en espa\u00f1ol \u2018Malvinas\u2019<\/p>\n","protected":false},"author":1,"featured_media":4274,"comment_status":"closed","ping_status":"closed","sticky":false,"template":"","format":"standard","meta":{"footnotes":"","_links_to":"","_links_to_target":""},"categories":[108,121,70,23],"tags":[29,58],"class_list":["post-4273","post","type-post","status-publish","format-standard","has-post-thumbnail","hentry","category-blogdiario","category-dc24","category-actualidad","category-politica","tag-argentina","tag-reino-unido","entry","double"],"yoast_head":"<!-- This site is optimized with the Yoast SEO plugin v27.4 - https:\/\/yoast.com\/product\/yoast-seo-wordpress\/ -->\n<title>Argentina promete despedir al funcionario que se refiri\u00f3 a las\u2018Falklands\u2019 - ElCanillita.Info<\/title>\n<meta name=\"robots\" content=\"index, follow, max-snippet:-1, max-image-preview:large, max-video-preview:-1\" \/>\n<link rel=\"canonical\" href=\"https:\/\/elcanillita.info\/press\/2024\/10\/31\/argentina-promete-despedir-al-funcionario-que-se-refirio-a-lasfalklands\/\" \/>\n<meta property=\"og:locale\" content=\"es_ES\" \/>\n<meta property=\"og:type\" content=\"article\" \/>\n<meta property=\"og:title\" content=\"Argentina promete despedir al funcionario que se refiri\u00f3 a las\u2018Falklands\u2019 - ElCanillita.Info\" \/>\n<meta property=\"og:description\" content=\"El Ministro de Defensa quiere expulsar al bastardo responsable del acto malicioso de llamar a las islas por el nombre brit\u00e1nico en lugar del nombre en espa\u00f1ol \u2018Malvinas\u2019\" \/>\n<meta property=\"og:url\" content=\"https:\/\/elcanillita.info\/press\/2024\/10\/31\/argentina-promete-despedir-al-funcionario-que-se-refirio-a-lasfalklands\/\" \/>\n<meta property=\"og:site_name\" content=\"ElCanillita.Info\" \/>\n<meta property=\"article:publisher\" content=\"https:\/\/ar-ar.facebook.com\/ElCanillitainfo-114249515285712\/\" \/>\n<meta property=\"article:published_time\" content=\"2024-10-31T22:46:45+00:00\" \/>\n<meta property=\"article:modified_time\" content=\"2024-10-31T23:13:42+00:00\" \/>\n<meta property=\"og:image\" content=\"https:\/\/elcanillita.info\/press\/images\/2024\/10\/cover_2041031.jpeg\" \/>\n\t<meta property=\"og:image:width\" content=\"600\" \/>\n\t<meta property=\"og:image:height\" content=\"400\" \/>\n\t<meta property=\"og:image:type\" content=\"image\/jpeg\" \/>\n<meta name=\"author\" content=\"SalaStampa.eu, world press service\" \/>\n<meta name=\"twitter:card\" content=\"summary_large_image\" \/>\n<meta name=\"twitter:label1\" content=\"Escrito por\" \/>\n\t<meta name=\"twitter:data1\" content=\"SalaStampa.eu, world press service\" \/>\n\t<meta name=\"twitter:label2\" content=\"Tiempo de lectura\" \/>\n\t<meta name=\"twitter:data2\" content=\"4 minutos\" \/>\n<script type=\"application\/ld+json\" class=\"yoast-schema-graph\">{\"@context\":\"https:\\\/\\\/schema.org\",\"@graph\":[{\"@type\":\"Article\",\"@id\":\"https:\\\/\\\/elcanillita.info\\\/press\\\/2024\\\/10\\\/31\\\/argentina-promete-despedir-al-funcionario-que-se-refirio-a-lasfalklands\\\/#article\",\"isPartOf\":{\"@id\":\"https:\\\/\\\/elcanillita.info\\\/press\\\/2024\\\/10\\\/31\\\/argentina-promete-despedir-al-funcionario-que-se-refirio-a-lasfalklands\\\/\"},\"author\":{\"name\":\"SalaStampa.eu, world press service\",\"@id\":\"https:\\\/\\\/elcanillita.info\\\/press\\\/#\\\/schema\\\/person\\\/7fcb79f38045700919f7da6d97e71ba0\"},\"headline\":\"Argentina promete despedir al funcionario que se refiri\u00f3 a las\u2018Falklands\u2019\",\"datePublished\":\"2024-10-31T22:46:45+00:00\",\"dateModified\":\"2024-10-31T23:13:42+00:00\",\"mainEntityOfPage\":{\"@id\":\"https:\\\/\\\/elcanillita.info\\\/press\\\/2024\\\/10\\\/31\\\/argentina-promete-despedir-al-funcionario-que-se-refirio-a-lasfalklands\\\/\"},\"wordCount\":762,\"publisher\":{\"@id\":\"https:\\\/\\\/elcanillita.info\\\/press\\\/#organization\"},\"image\":{\"@id\":\"https:\\\/\\\/elcanillita.info\\\/press\\\/2024\\\/10\\\/31\\\/argentina-promete-despedir-al-funcionario-que-se-refirio-a-lasfalklands\\\/#primaryimage\"},\"thumbnailUrl\":\"https:\\\/\\\/elcanillita.info\\\/press\\\/images\\\/2024\\\/10\\\/cover_2041031.jpeg\",\"keywords\":[\"Argentina\",\"Reino Unido\"],\"articleSection\":[\".\",\".\",\"Actualidad\",\"Politica\"],\"inLanguage\":\"es-AR\"},{\"@type\":\"WebPage\",\"@id\":\"https:\\\/\\\/elcanillita.info\\\/press\\\/2024\\\/10\\\/31\\\/argentina-promete-despedir-al-funcionario-que-se-refirio-a-lasfalklands\\\/\",\"url\":\"https:\\\/\\\/elcanillita.info\\\/press\\\/2024\\\/10\\\/31\\\/argentina-promete-despedir-al-funcionario-que-se-refirio-a-lasfalklands\\\/\",\"name\":\"Argentina promete despedir al funcionario que se refiri\u00f3 a las\u2018Falklands\u2019 - ElCanillita.Info\",\"isPartOf\":{\"@id\":\"https:\\\/\\\/elcanillita.info\\\/press\\\/#website\"},\"primaryImageOfPage\":{\"@id\":\"https:\\\/\\\/elcanillita.info\\\/press\\\/2024\\\/10\\\/31\\\/argentina-promete-despedir-al-funcionario-que-se-refirio-a-lasfalklands\\\/#primaryimage\"},\"image\":{\"@id\":\"https:\\\/\\\/elcanillita.info\\\/press\\\/2024\\\/10\\\/31\\\/argentina-promete-despedir-al-funcionario-que-se-refirio-a-lasfalklands\\\/#primaryimage\"},\"thumbnailUrl\":\"https:\\\/\\\/elcanillita.info\\\/press\\\/images\\\/2024\\\/10\\\/cover_2041031.jpeg\",\"datePublished\":\"2024-10-31T22:46:45+00:00\",\"dateModified\":\"2024-10-31T23:13:42+00:00\",\"inLanguage\":\"es-AR\",\"potentialAction\":[{\"@type\":\"ReadAction\",\"target\":[\"https:\\\/\\\/elcanillita.info\\\/press\\\/2024\\\/10\\\/31\\\/argentina-promete-despedir-al-funcionario-que-se-refirio-a-lasfalklands\\\/\"]}]},{\"@type\":\"ImageObject\",\"inLanguage\":\"es-AR\",\"@id\":\"https:\\\/\\\/elcanillita.info\\\/press\\\/2024\\\/10\\\/31\\\/argentina-promete-despedir-al-funcionario-que-se-refirio-a-lasfalklands\\\/#primaryimage\",\"url\":\"https:\\\/\\\/elcanillita.info\\\/press\\\/images\\\/2024\\\/10\\\/cover_2041031.jpeg\",\"contentUrl\":\"https:\\\/\\\/elcanillita.info\\\/press\\\/images\\\/2024\\\/10\\\/cover_2041031.jpeg\",\"width\":600,\"height\":400},{\"@type\":\"WebSite\",\"@id\":\"https:\\\/\\\/elcanillita.info\\\/press\\\/#website\",\"url\":\"https:\\\/\\\/elcanillita.info\\\/press\\\/\",\"name\":\"ElCanillita.Info\",\"description\":\"desde los Apeninos a los Andes\",\"publisher\":{\"@id\":\"https:\\\/\\\/elcanillita.info\\\/press\\\/#organization\"},\"potentialAction\":[{\"@type\":\"SearchAction\",\"target\":{\"@type\":\"EntryPoint\",\"urlTemplate\":\"https:\\\/\\\/elcanillita.info\\\/press\\\/?s={search_term_string}\"},\"query-input\":{\"@type\":\"PropertyValueSpecification\",\"valueRequired\":true,\"valueName\":\"search_term_string\"}}],\"inLanguage\":\"es-AR\"},{\"@type\":\"Organization\",\"@id\":\"https:\\\/\\\/elcanillita.info\\\/press\\\/#organization\",\"name\":\"Guzzo Photos & Graphic Publications\",\"url\":\"https:\\\/\\\/elcanillita.info\\\/press\\\/\",\"logo\":{\"@type\":\"ImageObject\",\"inLanguage\":\"es-AR\",\"@id\":\"https:\\\/\\\/elcanillita.info\\\/press\\\/#\\\/schema\\\/logo\\\/image\\\/\",\"url\":\"https:\\\/\\\/elcanillita.info\\\/press\\\/images\\\/2020\\\/01\\\/cropped-cropped-cropped-elcanillitainfo.png\",\"contentUrl\":\"https:\\\/\\\/elcanillita.info\\\/press\\\/images\\\/2020\\\/01\\\/cropped-cropped-cropped-elcanillitainfo.png\",\"width\":460,\"height\":50,\"caption\":\"Guzzo Photos & Graphic Publications\"},\"image\":{\"@id\":\"https:\\\/\\\/elcanillita.info\\\/press\\\/#\\\/schema\\\/logo\\\/image\\\/\"},\"sameAs\":[\"https:\\\/\\\/ar-ar.facebook.com\\\/ElCanillitainfo-114249515285712\\\/\"]},{\"@type\":\"Person\",\"@id\":\"https:\\\/\\\/elcanillita.info\\\/press\\\/#\\\/schema\\\/person\\\/7fcb79f38045700919f7da6d97e71ba0\",\"name\":\"SalaStampa.eu, world press service\",\"image\":{\"@type\":\"ImageObject\",\"inLanguage\":\"es-AR\",\"@id\":\"https:\\\/\\\/secure.gravatar.com\\\/avatar\\\/c2f0e0d515a107624234994507816ca4724c7199cef73fc8bedebf6931d73888?s=96&d=mm&r=g\",\"url\":\"https:\\\/\\\/secure.gravatar.com\\\/avatar\\\/c2f0e0d515a107624234994507816ca4724c7199cef73fc8bedebf6931d73888?s=96&d=mm&r=g\",\"contentUrl\":\"https:\\\/\\\/secure.gravatar.com\\\/avatar\\\/c2f0e0d515a107624234994507816ca4724c7199cef73fc8bedebf6931d73888?s=96&d=mm&r=g\",\"caption\":\"SalaStampa.eu, world press service\"}}]}<\/script>\n<!-- \/ Yoast SEO plugin. -->","yoast_head_json":{"title":"Argentina promete despedir al funcionario que se refiri\u00f3 a las\u2018Falklands\u2019 - ElCanillita.Info","robots":{"index":"index","follow":"follow","max-snippet":"max-snippet:-1","max-image-preview":"max-image-preview:large","max-video-preview":"max-video-preview:-1"},"canonical":"https:\/\/elcanillita.info\/press\/2024\/10\/31\/argentina-promete-despedir-al-funcionario-que-se-refirio-a-lasfalklands\/","og_locale":"es_ES","og_type":"article","og_title":"Argentina promete despedir al funcionario que se refiri\u00f3 a las\u2018Falklands\u2019 - ElCanillita.Info","og_description":"El Ministro de Defensa quiere expulsar al bastardo responsable del acto malicioso de llamar a las islas por el nombre brit\u00e1nico en lugar del nombre en espa\u00f1ol \u2018Malvinas\u2019","og_url":"https:\/\/elcanillita.info\/press\/2024\/10\/31\/argentina-promete-despedir-al-funcionario-que-se-refirio-a-lasfalklands\/","og_site_name":"ElCanillita.Info","article_publisher":"https:\/\/ar-ar.facebook.com\/ElCanillitainfo-114249515285712\/","article_published_time":"2024-10-31T22:46:45+00:00","article_modified_time":"2024-10-31T23:13:42+00:00","og_image":[{"width":600,"height":400,"url":"https:\/\/elcanillita.info\/press\/images\/2024\/10\/cover_2041031.jpeg","type":"image\/jpeg"}],"author":"SalaStampa.eu, world press service","twitter_card":"summary_large_image","twitter_misc":{"Escrito por":"SalaStampa.eu, world press service","Tiempo de lectura":"4 minutos"},"schema":{"@context":"https:\/\/schema.org","@graph":[{"@type":"Article","@id":"https:\/\/elcanillita.info\/press\/2024\/10\/31\/argentina-promete-despedir-al-funcionario-que-se-refirio-a-lasfalklands\/#article","isPartOf":{"@id":"https:\/\/elcanillita.info\/press\/2024\/10\/31\/argentina-promete-despedir-al-funcionario-que-se-refirio-a-lasfalklands\/"},"author":{"name":"SalaStampa.eu, world press service","@id":"https:\/\/elcanillita.info\/press\/#\/schema\/person\/7fcb79f38045700919f7da6d97e71ba0"},"headline":"Argentina promete despedir al funcionario que se refiri\u00f3 a las\u2018Falklands\u2019","datePublished":"2024-10-31T22:46:45+00:00","dateModified":"2024-10-31T23:13:42+00:00","mainEntityOfPage":{"@id":"https:\/\/elcanillita.info\/press\/2024\/10\/31\/argentina-promete-despedir-al-funcionario-que-se-refirio-a-lasfalklands\/"},"wordCount":762,"publisher":{"@id":"https:\/\/elcanillita.info\/press\/#organization"},"image":{"@id":"https:\/\/elcanillita.info\/press\/2024\/10\/31\/argentina-promete-despedir-al-funcionario-que-se-refirio-a-lasfalklands\/#primaryimage"},"thumbnailUrl":"https:\/\/elcanillita.info\/press\/images\/2024\/10\/cover_2041031.jpeg","keywords":["Argentina","Reino Unido"],"articleSection":[".",".","Actualidad","Politica"],"inLanguage":"es-AR"},{"@type":"WebPage","@id":"https:\/\/elcanillita.info\/press\/2024\/10\/31\/argentina-promete-despedir-al-funcionario-que-se-refirio-a-lasfalklands\/","url":"https:\/\/elcanillita.info\/press\/2024\/10\/31\/argentina-promete-despedir-al-funcionario-que-se-refirio-a-lasfalklands\/","name":"Argentina promete despedir al funcionario que se refiri\u00f3 a las\u2018Falklands\u2019 - ElCanillita.Info","isPartOf":{"@id":"https:\/\/elcanillita.info\/press\/#website"},"primaryImageOfPage":{"@id":"https:\/\/elcanillita.info\/press\/2024\/10\/31\/argentina-promete-despedir-al-funcionario-que-se-refirio-a-lasfalklands\/#primaryimage"},"image":{"@id":"https:\/\/elcanillita.info\/press\/2024\/10\/31\/argentina-promete-despedir-al-funcionario-que-se-refirio-a-lasfalklands\/#primaryimage"},"thumbnailUrl":"https:\/\/elcanillita.info\/press\/images\/2024\/10\/cover_2041031.jpeg","datePublished":"2024-10-31T22:46:45+00:00","dateModified":"2024-10-31T23:13:42+00:00","inLanguage":"es-AR","potentialAction":[{"@type":"ReadAction","target":["https:\/\/elcanillita.info\/press\/2024\/10\/31\/argentina-promete-despedir-al-funcionario-que-se-refirio-a-lasfalklands\/"]}]},{"@type":"ImageObject","inLanguage":"es-AR","@id":"https:\/\/elcanillita.info\/press\/2024\/10\/31\/argentina-promete-despedir-al-funcionario-que-se-refirio-a-lasfalklands\/#primaryimage","url":"https:\/\/elcanillita.info\/press\/images\/2024\/10\/cover_2041031.jpeg","contentUrl":"https:\/\/elcanillita.info\/press\/images\/2024\/10\/cover_2041031.jpeg","width":600,"height":400},{"@type":"WebSite","@id":"https:\/\/elcanillita.info\/press\/#website","url":"https:\/\/elcanillita.info\/press\/","name":"ElCanillita.Info","description":"desde los Apeninos a los Andes","publisher":{"@id":"https:\/\/elcanillita.info\/press\/#organization"},"potentialAction":[{"@type":"SearchAction","target":{"@type":"EntryPoint","urlTemplate":"https:\/\/elcanillita.info\/press\/?s={search_term_string}"},"query-input":{"@type":"PropertyValueSpecification","valueRequired":true,"valueName":"search_term_string"}}],"inLanguage":"es-AR"},{"@type":"Organization","@id":"https:\/\/elcanillita.info\/press\/#organization","name":"Guzzo Photos & Graphic Publications","url":"https:\/\/elcanillita.info\/press\/","logo":{"@type":"ImageObject","inLanguage":"es-AR","@id":"https:\/\/elcanillita.info\/press\/#\/schema\/logo\/image\/","url":"https:\/\/elcanillita.info\/press\/images\/2020\/01\/cropped-cropped-cropped-elcanillitainfo.png","contentUrl":"https:\/\/elcanillita.info\/press\/images\/2020\/01\/cropped-cropped-cropped-elcanillitainfo.png","width":460,"height":50,"caption":"Guzzo Photos & Graphic Publications"},"image":{"@id":"https:\/\/elcanillita.info\/press\/#\/schema\/logo\/image\/"},"sameAs":["https:\/\/ar-ar.facebook.com\/ElCanillitainfo-114249515285712\/"]},{"@type":"Person","@id":"https:\/\/elcanillita.info\/press\/#\/schema\/person\/7fcb79f38045700919f7da6d97e71ba0","name":"SalaStampa.eu, world press service","image":{"@type":"ImageObject","inLanguage":"es-AR","@id":"https:\/\/secure.gravatar.com\/avatar\/c2f0e0d515a107624234994507816ca4724c7199cef73fc8bedebf6931d73888?s=96&d=mm&r=g","url":"https:\/\/secure.gravatar.com\/avatar\/c2f0e0d515a107624234994507816ca4724c7199cef73fc8bedebf6931d73888?s=96&d=mm&r=g","contentUrl":"https:\/\/secure.gravatar.com\/avatar\/c2f0e0d515a107624234994507816ca4724c7199cef73fc8bedebf6931d73888?s=96&d=mm&r=g","caption":"SalaStampa.eu, world press service"}}]}},"views":315,"_links":{"self":[{"href":"https:\/\/elcanillita.info\/press\/wp-json\/wp\/v2\/posts\/4273","targetHints":{"allow":["GET"]}}],"collection":[{"href":"https:\/\/elcanillita.info\/press\/wp-json\/wp\/v2\/posts"}],"about":[{"href":"https:\/\/elcanillita.info\/press\/wp-json\/wp\/v2\/types\/post"}],"author":[{"embeddable":true,"href":"https:\/\/elcanillita.info\/press\/wp-json\/wp\/v2\/users\/1"}],"replies":[{"embeddable":true,"href":"https:\/\/elcanillita.info\/press\/wp-json\/wp\/v2\/comments?post=4273"}],"version-history":[{"count":0,"href":"https:\/\/elcanillita.info\/press\/wp-json\/wp\/v2\/posts\/4273\/revisions"}],"wp:featuredmedia":[{"embeddable":true,"href":"https:\/\/elcanillita.info\/press\/wp-json\/wp\/v2\/media\/4274"}],"wp:attachment":[{"href":"https:\/\/elcanillita.info\/press\/wp-json\/wp\/v2\/media?parent=4273"}],"wp:term":[{"taxonomy":"category","embeddable":true,"href":"https:\/\/elcanillita.info\/press\/wp-json\/wp\/v2\/categories?post=4273"},{"taxonomy":"post_tag","embeddable":true,"href":"https:\/\/elcanillita.info\/press\/wp-json\/wp\/v2\/tags?post=4273"}],"curies":[{"name":"wp","href":"https:\/\/api.w.org\/{rel}","templated":true}]}}