{"id":427,"date":"2020-02-11T18:38:40","date_gmt":"2020-02-11T21:38:40","guid":{"rendered":"https:\/\/elcanillita.info\/press\/?p=427"},"modified":"2020-02-11T19:12:18","modified_gmt":"2020-02-11T22:12:18","slug":"maduro-busca-justicia-internacional-en-demanda-contra-gobierno-de-trump","status":"publish","type":"post","link":"https:\/\/elcanillita.info\/press\/2020\/02\/11\/maduro-busca-justicia-internacional-en-demanda-contra-gobierno-de-trump\/","title":{"rendered":"Maduro busca justicia internacional en demanda contra gobierno de Trump"},"content":{"rendered":"\n<p>Caracas, 11.02.2020 &#8211; El presidente en disputa de Venezuela, Nicol\u00e1s Maduro, anunci\u00f3 que presentar\u00e1 una demanda ante tribunales internacionales en contra de Estados Unidos y la administraci\u00f3n del presidente Donald Trump por sus m\u00e1s recientes sanciones.&nbsp;<\/p>\n\n\n\n<p>Durante un encuentro con un grupo de partidarios despu\u00e9s de una marcha este lunes, Maduro afirm\u00f3 que: \u201cHe pedido (\u2026) que preparemos y activemos de inmediato una demanda internacional ante la corte de justicia contra el gobierno de EE.UU. por el da\u00f1o que se pretende hacer a la empresa Conviasa y a las empresas nacionales de Venezuela\u201d.<\/p>\n\n\n\n<p>El pasado 7 de febrero el Consorcio Venezolano de Industrias Aeron\u00e1uticas y Servicios A\u00e9reos, S.A. (Conviasa), la aerol\u00ednea estatal venezolana,&nbsp;fue incorporada a la Lista de Nacionales Especialmente Designados de la Oficina de Control de Activos Extranjeros (OFAC por sus siglas en ingl\u00e9s) del Departamento del Tesoro.<\/p>\n\n\n\n<p>Conviasa califica de \u201carbitrarias\u201d sanciones estadounidenses <\/p>\n\n\n\n<p>La aerol\u00ednea es solo el m\u00e1s reciente blanco de sanciones de la administraci\u00f3n del presidente Trump para presionar al gobierno en disputa de Venezuela.<\/p>\n\n\n\n<p>\u201cConviasa no est\u00e1 sola, tiene el apoyo de un pueblo, de los trabajares y trabajadoras, y tiene el apoyo del gobierno bolivariano para continuar su rumbo\u201d, afirm\u00f3 Maduro.<\/p>\n\n\n\n<p>Indic\u00f3 que ser\u00eda una demanda contra la pol\u00edtica \u201cde agresi\u00f3n, de sanciones, medidas coercitivas\u201d de EE.UU.<\/p>\n\n\n\n<p>\u201cVamos a buscar justicia internacional con una demanda contra el gobierno el de&nbsp;Donald Trump, as\u00ed lo he ordenado y pido todo el apoyo de toda la opini\u00f3n p\u00fablica nacional\u201d, agreg\u00f3. &nbsp;<\/p>\n\n\n\n<p>Acus\u00f3 al presidente interino Juan Guaid\u00f3, quien ha estado en una gira internacional que lo llev\u00f3 a la Casa Blanca a reunirse con Trump, por las sanciones e indic\u00f3&nbsp;que &#8220;no son contra Maduro. \u00bfQu\u00e9 puede justificar sancionar una empresa de transporte, de servicio p\u00fablico? \u00bfQu\u00e9 da\u00f1o me hacen a m\u00ed?\u201d.<\/p>\n\n\n<p>El gobierno estadounidense no ha respondido formalmente al anuncio de esta demanda, pero la Embajada Virtual de los EE.UU. en Venezuela, a trav\u00e9s de su Twitter, indic\u00f3 que las sanciones son en contra de \u201cMaduro y sus c\u00f3mplices\u201d, no los venezolanos.<\/p>\n<p><small>2020 voanoticias \u2013 salastampa.eu, afiliada a la red Broadcasting Board of Governors \u00a9 2020 BBG<\/small><\/p>","protected":false},"excerpt":{"rendered":"<p>Caracas, 11.02.2020 &#8211; El presidente en disputa de Venezuela, Nicol\u00e1s Maduro, anunci\u00f3 que presentar\u00e1 una demanda ante tribunales internacionales en contra de Estados Unidos y la administraci\u00f3n del presidente Donald Trump por sus m\u00e1s recientes sanciones. <\/p>\n","protected":false},"author":1,"featured_media":0,"comment_status":"closed","ping_status":"closed","sticky":false,"template":"","format":"standard","meta":{"footnotes":"","_links_to":"","_links_to_target":""},"categories":[70,11,20,22,23],"tags":[37],"class_list":["post-427","post","type-post","status-publish","format-standard","hentry","category-actualidad","category-america-del-sur","category-economia","category-justicia","category-politica","tag-venezuela","entry","double"],"yoast_head":"<!-- This site is optimized with the Yoast SEO plugin v27.4 - https:\/\/yoast.com\/product\/yoast-seo-wordpress\/ -->\n<title>Maduro busca justicia internacional en demanda contra gobierno de Trump - ElCanillita.Info<\/title>\n<meta name=\"robots\" content=\"index, follow, max-snippet:-1, max-image-preview:large, max-video-preview:-1\" \/>\n<link rel=\"canonical\" href=\"https:\/\/elcanillita.info\/press\/2020\/02\/11\/maduro-busca-justicia-internacional-en-demanda-contra-gobierno-de-trump\/\" \/>\n<meta property=\"og:locale\" content=\"es_ES\" \/>\n<meta property=\"og:type\" content=\"article\" \/>\n<meta property=\"og:title\" content=\"Maduro busca justicia internacional en demanda contra gobierno de Trump - ElCanillita.Info\" \/>\n<meta property=\"og:description\" content=\"Caracas, 11.02.2020 - El presidente en disputa de Venezuela, Nicol\u00e1s Maduro, anunci\u00f3 que presentar\u00e1 una demanda ante tribunales internacionales en contra de Estados Unidos y la administraci\u00f3n del presidente Donald Trump por sus m\u00e1s recientes sanciones.\" \/>\n<meta property=\"og:url\" content=\"https:\/\/elcanillita.info\/press\/2020\/02\/11\/maduro-busca-justicia-internacional-en-demanda-contra-gobierno-de-trump\/\" \/>\n<meta property=\"og:site_name\" content=\"ElCanillita.Info\" \/>\n<meta property=\"article:publisher\" content=\"https:\/\/ar-ar.facebook.com\/ElCanillitainfo-114249515285712\/\" \/>\n<meta property=\"article:published_time\" content=\"2020-02-11T21:38:40+00:00\" \/>\n<meta property=\"article:modified_time\" content=\"2020-02-11T22:12:18+00:00\" \/>\n<meta name=\"author\" content=\"SalaStampa.eu, world press service\" \/>\n<meta name=\"twitter:card\" content=\"summary_large_image\" \/>\n<meta name=\"twitter:label1\" content=\"Escrito por\" \/>\n\t<meta name=\"twitter:data1\" content=\"SalaStampa.eu, world press service\" \/>\n\t<meta name=\"twitter:label2\" content=\"Tiempo de lectura\" \/>\n\t<meta name=\"twitter:data2\" content=\"2 minutos\" \/>\n<script type=\"application\/ld+json\" class=\"yoast-schema-graph\">{\"@context\":\"https:\\\/\\\/schema.org\",\"@graph\":[{\"@type\":\"Article\",\"@id\":\"https:\\\/\\\/elcanillita.info\\\/press\\\/2020\\\/02\\\/11\\\/maduro-busca-justicia-internacional-en-demanda-contra-gobierno-de-trump\\\/#article\",\"isPartOf\":{\"@id\":\"https:\\\/\\\/elcanillita.info\\\/press\\\/2020\\\/02\\\/11\\\/maduro-busca-justicia-internacional-en-demanda-contra-gobierno-de-trump\\\/\"},\"author\":{\"name\":\"SalaStampa.eu, world press service\",\"@id\":\"https:\\\/\\\/elcanillita.info\\\/press\\\/#\\\/schema\\\/person\\\/7fcb79f38045700919f7da6d97e71ba0\"},\"headline\":\"Maduro busca justicia internacional en demanda contra gobierno de Trump\",\"datePublished\":\"2020-02-11T21:38:40+00:00\",\"dateModified\":\"2020-02-11T22:12:18+00:00\",\"mainEntityOfPage\":{\"@id\":\"https:\\\/\\\/elcanillita.info\\\/press\\\/2020\\\/02\\\/11\\\/maduro-busca-justicia-internacional-en-demanda-contra-gobierno-de-trump\\\/\"},\"wordCount\":386,\"publisher\":{\"@id\":\"https:\\\/\\\/elcanillita.info\\\/press\\\/#organization\"},\"keywords\":[\"Venezuela\"],\"articleSection\":[\"Actualidad\",\"Am\u00e9rica del Sur\",\"Economia\",\"Justicia\",\"Politica\"],\"inLanguage\":\"es-AR\"},{\"@type\":\"WebPage\",\"@id\":\"https:\\\/\\\/elcanillita.info\\\/press\\\/2020\\\/02\\\/11\\\/maduro-busca-justicia-internacional-en-demanda-contra-gobierno-de-trump\\\/\",\"url\":\"https:\\\/\\\/elcanillita.info\\\/press\\\/2020\\\/02\\\/11\\\/maduro-busca-justicia-internacional-en-demanda-contra-gobierno-de-trump\\\/\",\"name\":\"Maduro busca justicia internacional en demanda contra gobierno de Trump - ElCanillita.Info\",\"isPartOf\":{\"@id\":\"https:\\\/\\\/elcanillita.info\\\/press\\\/#website\"},\"datePublished\":\"2020-02-11T21:38:40+00:00\",\"dateModified\":\"2020-02-11T22:12:18+00:00\",\"inLanguage\":\"es-AR\",\"potentialAction\":[{\"@type\":\"ReadAction\",\"target\":[\"https:\\\/\\\/elcanillita.info\\\/press\\\/2020\\\/02\\\/11\\\/maduro-busca-justicia-internacional-en-demanda-contra-gobierno-de-trump\\\/\"]}]},{\"@type\":\"WebSite\",\"@id\":\"https:\\\/\\\/elcanillita.info\\\/press\\\/#website\",\"url\":\"https:\\\/\\\/elcanillita.info\\\/press\\\/\",\"name\":\"ElCanillita.Info\",\"description\":\"desde los Apeninos a los Andes\",\"publisher\":{\"@id\":\"https:\\\/\\\/elcanillita.info\\\/press\\\/#organization\"},\"potentialAction\":[{\"@type\":\"SearchAction\",\"target\":{\"@type\":\"EntryPoint\",\"urlTemplate\":\"https:\\\/\\\/elcanillita.info\\\/press\\\/?s={search_term_string}\"},\"query-input\":{\"@type\":\"PropertyValueSpecification\",\"valueRequired\":true,\"valueName\":\"search_term_string\"}}],\"inLanguage\":\"es-AR\"},{\"@type\":\"Organization\",\"@id\":\"https:\\\/\\\/elcanillita.info\\\/press\\\/#organization\",\"name\":\"Guzzo Photos & Graphic Publications\",\"url\":\"https:\\\/\\\/elcanillita.info\\\/press\\\/\",\"logo\":{\"@type\":\"ImageObject\",\"inLanguage\":\"es-AR\",\"@id\":\"https:\\\/\\\/elcanillita.info\\\/press\\\/#\\\/schema\\\/logo\\\/image\\\/\",\"url\":\"https:\\\/\\\/elcanillita.info\\\/press\\\/images\\\/2020\\\/01\\\/cropped-cropped-cropped-elcanillitainfo.png\",\"contentUrl\":\"https:\\\/\\\/elcanillita.info\\\/press\\\/images\\\/2020\\\/01\\\/cropped-cropped-cropped-elcanillitainfo.png\",\"width\":460,\"height\":50,\"caption\":\"Guzzo Photos & Graphic Publications\"},\"image\":{\"@id\":\"https:\\\/\\\/elcanillita.info\\\/press\\\/#\\\/schema\\\/logo\\\/image\\\/\"},\"sameAs\":[\"https:\\\/\\\/ar-ar.facebook.com\\\/ElCanillitainfo-114249515285712\\\/\"]},{\"@type\":\"Person\",\"@id\":\"https:\\\/\\\/elcanillita.info\\\/press\\\/#\\\/schema\\\/person\\\/7fcb79f38045700919f7da6d97e71ba0\",\"name\":\"SalaStampa.eu, world press service\",\"image\":{\"@type\":\"ImageObject\",\"inLanguage\":\"es-AR\",\"@id\":\"https:\\\/\\\/secure.gravatar.com\\\/avatar\\\/c2f0e0d515a107624234994507816ca4724c7199cef73fc8bedebf6931d73888?s=96&d=mm&r=g\",\"url\":\"https:\\\/\\\/secure.gravatar.com\\\/avatar\\\/c2f0e0d515a107624234994507816ca4724c7199cef73fc8bedebf6931d73888?s=96&d=mm&r=g\",\"contentUrl\":\"https:\\\/\\\/secure.gravatar.com\\\/avatar\\\/c2f0e0d515a107624234994507816ca4724c7199cef73fc8bedebf6931d73888?s=96&d=mm&r=g\",\"caption\":\"SalaStampa.eu, world press service\"}}]}<\/script>\n<!-- \/ Yoast SEO plugin. -->","yoast_head_json":{"title":"Maduro busca justicia internacional en demanda contra gobierno de Trump - ElCanillita.Info","robots":{"index":"index","follow":"follow","max-snippet":"max-snippet:-1","max-image-preview":"max-image-preview:large","max-video-preview":"max-video-preview:-1"},"canonical":"https:\/\/elcanillita.info\/press\/2020\/02\/11\/maduro-busca-justicia-internacional-en-demanda-contra-gobierno-de-trump\/","og_locale":"es_ES","og_type":"article","og_title":"Maduro busca justicia internacional en demanda contra gobierno de Trump - ElCanillita.Info","og_description":"Caracas, 11.02.2020 - El presidente en disputa de Venezuela, Nicol\u00e1s Maduro, anunci\u00f3 que presentar\u00e1 una demanda ante tribunales internacionales en contra de Estados Unidos y la administraci\u00f3n del presidente Donald Trump por sus m\u00e1s recientes sanciones.","og_url":"https:\/\/elcanillita.info\/press\/2020\/02\/11\/maduro-busca-justicia-internacional-en-demanda-contra-gobierno-de-trump\/","og_site_name":"ElCanillita.Info","article_publisher":"https:\/\/ar-ar.facebook.com\/ElCanillitainfo-114249515285712\/","article_published_time":"2020-02-11T21:38:40+00:00","article_modified_time":"2020-02-11T22:12:18+00:00","author":"SalaStampa.eu, world press service","twitter_card":"summary_large_image","twitter_misc":{"Escrito por":"SalaStampa.eu, world press service","Tiempo de lectura":"2 minutos"},"schema":{"@context":"https:\/\/schema.org","@graph":[{"@type":"Article","@id":"https:\/\/elcanillita.info\/press\/2020\/02\/11\/maduro-busca-justicia-internacional-en-demanda-contra-gobierno-de-trump\/#article","isPartOf":{"@id":"https:\/\/elcanillita.info\/press\/2020\/02\/11\/maduro-busca-justicia-internacional-en-demanda-contra-gobierno-de-trump\/"},"author":{"name":"SalaStampa.eu, world press service","@id":"https:\/\/elcanillita.info\/press\/#\/schema\/person\/7fcb79f38045700919f7da6d97e71ba0"},"headline":"Maduro busca justicia internacional en demanda contra gobierno de Trump","datePublished":"2020-02-11T21:38:40+00:00","dateModified":"2020-02-11T22:12:18+00:00","mainEntityOfPage":{"@id":"https:\/\/elcanillita.info\/press\/2020\/02\/11\/maduro-busca-justicia-internacional-en-demanda-contra-gobierno-de-trump\/"},"wordCount":386,"publisher":{"@id":"https:\/\/elcanillita.info\/press\/#organization"},"keywords":["Venezuela"],"articleSection":["Actualidad","Am\u00e9rica del Sur","Economia","Justicia","Politica"],"inLanguage":"es-AR"},{"@type":"WebPage","@id":"https:\/\/elcanillita.info\/press\/2020\/02\/11\/maduro-busca-justicia-internacional-en-demanda-contra-gobierno-de-trump\/","url":"https:\/\/elcanillita.info\/press\/2020\/02\/11\/maduro-busca-justicia-internacional-en-demanda-contra-gobierno-de-trump\/","name":"Maduro busca justicia internacional en demanda contra gobierno de Trump - ElCanillita.Info","isPartOf":{"@id":"https:\/\/elcanillita.info\/press\/#website"},"datePublished":"2020-02-11T21:38:40+00:00","dateModified":"2020-02-11T22:12:18+00:00","inLanguage":"es-AR","potentialAction":[{"@type":"ReadAction","target":["https:\/\/elcanillita.info\/press\/2020\/02\/11\/maduro-busca-justicia-internacional-en-demanda-contra-gobierno-de-trump\/"]}]},{"@type":"WebSite","@id":"https:\/\/elcanillita.info\/press\/#website","url":"https:\/\/elcanillita.info\/press\/","name":"ElCanillita.Info","description":"desde los Apeninos a los Andes","publisher":{"@id":"https:\/\/elcanillita.info\/press\/#organization"},"potentialAction":[{"@type":"SearchAction","target":{"@type":"EntryPoint","urlTemplate":"https:\/\/elcanillita.info\/press\/?s={search_term_string}"},"query-input":{"@type":"PropertyValueSpecification","valueRequired":true,"valueName":"search_term_string"}}],"inLanguage":"es-AR"},{"@type":"Organization","@id":"https:\/\/elcanillita.info\/press\/#organization","name":"Guzzo Photos & Graphic Publications","url":"https:\/\/elcanillita.info\/press\/","logo":{"@type":"ImageObject","inLanguage":"es-AR","@id":"https:\/\/elcanillita.info\/press\/#\/schema\/logo\/image\/","url":"https:\/\/elcanillita.info\/press\/images\/2020\/01\/cropped-cropped-cropped-elcanillitainfo.png","contentUrl":"https:\/\/elcanillita.info\/press\/images\/2020\/01\/cropped-cropped-cropped-elcanillitainfo.png","width":460,"height":50,"caption":"Guzzo Photos & Graphic Publications"},"image":{"@id":"https:\/\/elcanillita.info\/press\/#\/schema\/logo\/image\/"},"sameAs":["https:\/\/ar-ar.facebook.com\/ElCanillitainfo-114249515285712\/"]},{"@type":"Person","@id":"https:\/\/elcanillita.info\/press\/#\/schema\/person\/7fcb79f38045700919f7da6d97e71ba0","name":"SalaStampa.eu, world press service","image":{"@type":"ImageObject","inLanguage":"es-AR","@id":"https:\/\/secure.gravatar.com\/avatar\/c2f0e0d515a107624234994507816ca4724c7199cef73fc8bedebf6931d73888?s=96&d=mm&r=g","url":"https:\/\/secure.gravatar.com\/avatar\/c2f0e0d515a107624234994507816ca4724c7199cef73fc8bedebf6931d73888?s=96&d=mm&r=g","contentUrl":"https:\/\/secure.gravatar.com\/avatar\/c2f0e0d515a107624234994507816ca4724c7199cef73fc8bedebf6931d73888?s=96&d=mm&r=g","caption":"SalaStampa.eu, world press service"}}]}},"views":721,"_links":{"self":[{"href":"https:\/\/elcanillita.info\/press\/wp-json\/wp\/v2\/posts\/427","targetHints":{"allow":["GET"]}}],"collection":[{"href":"https:\/\/elcanillita.info\/press\/wp-json\/wp\/v2\/posts"}],"about":[{"href":"https:\/\/elcanillita.info\/press\/wp-json\/wp\/v2\/types\/post"}],"author":[{"embeddable":true,"href":"https:\/\/elcanillita.info\/press\/wp-json\/wp\/v2\/users\/1"}],"replies":[{"embeddable":true,"href":"https:\/\/elcanillita.info\/press\/wp-json\/wp\/v2\/comments?post=427"}],"version-history":[{"count":0,"href":"https:\/\/elcanillita.info\/press\/wp-json\/wp\/v2\/posts\/427\/revisions"}],"wp:attachment":[{"href":"https:\/\/elcanillita.info\/press\/wp-json\/wp\/v2\/media?parent=427"}],"wp:term":[{"taxonomy":"category","embeddable":true,"href":"https:\/\/elcanillita.info\/press\/wp-json\/wp\/v2\/categories?post=427"},{"taxonomy":"post_tag","embeddable":true,"href":"https:\/\/elcanillita.info\/press\/wp-json\/wp\/v2\/tags?post=427"}],"curies":[{"name":"wp","href":"https:\/\/api.w.org\/{rel}","templated":true}]}}