{"id":4264,"date":"2024-10-26T16:19:10","date_gmt":"2024-10-26T19:19:10","guid":{"rendered":"https:\/\/elcanillita.info\/press\/?p=4264"},"modified":"2024-10-27T07:16:12","modified_gmt":"2024-10-27T10:16:12","slug":"rarezas-de-aqui-y-de-alla","status":"publish","type":"post","link":"https:\/\/elcanillita.info\/press\/2024\/10\/26\/rarezas-de-aqui-y-de-alla\/","title":{"rendered":"Rarezas de Aqu\u00ed y de All\u00e1"},"content":{"rendered":"\n<figure class=\"wp-block-image size-full\"><img loading=\"lazy\" decoding=\"async\" width=\"600\" height=\"338\" src=\"https:\/\/elcanillita.info\/press\/images\/2024\/10\/cover20241027.jpeg\" alt=\"\" class=\"wp-image-4268\" srcset=\"https:\/\/elcanillita.info\/press\/images\/2024\/10\/cover20241027.jpeg 600w, https:\/\/elcanillita.info\/press\/images\/2024\/10\/cover20241027-300x169.jpeg 300w\" sizes=\"auto, (max-width: 600px) 100vw, 600px\" \/><\/figure>\n\n\n\n<p><em><strong>Por Enrique Guillermo Avogadro<\/strong><\/em><br><br><strong><em>\u201c\u00a1El \u00faltimo gesto del gran artista es la revelaci\u00f3n de la contradicci\u00f3n!\u201d<\/em><\/strong><br><strong><em>\u00a0Giuliano da Empoli<\/em><\/strong><\/p>\n\n\n\n<p>Colonia del Sacramento, Octubre 26, 2024<br>Porque resulta al menos curioso que transfiera tan inmenso poder a ese jovenc\u00edsimo s\u00faper asesor (sin cargo oficial); que se mantengan los oneros\u00edsimos e irritantes privilegios impositivos que gozan las compa\u00f1\u00edas armadoras de Tierra del Fuego, encabezadas por Newsan (Rub\u00e9n Chernajovsky) y Mirgor (Nicol\u00e1s Caputo); que se siga impulsando la candidatura del impresentable Juez Ariel Lijo a la Corte Suprema; que se tolere la continuidad de los juicios de venganza y la horrorosa persecuci\u00f3n que sufren los ya ancianos militares en prisi\u00f3n; que se mantengan en relevantes cargos del Estado a quintacolumnistas del kirchnerismo y del massismo; que no se traduzcan en inmediatas denuncias penales los esc\u00e1ndalos de corrupci\u00f3n que se destapan diariamente; que se mantenga o se designe en numerosas empresas y reparticiones p\u00fablicas a personajes con oscuros pasados y frondosos prontuarios; que se mente al liberalismo libertario mientras se ataca a periodistas y medios independientes, se limita el acceso a la informaci\u00f3n p\u00fablica y se vociferan sapos y culebras desde los m\u00e1s encumbrados atriles oficiales.<\/p>\n\n\n\n<p>El activismo estudiantil contra el Gobierno, pese a estar desinfl\u00e1ndose, es fogoneado por el trotskismo, claramente secundado por el kirchnerismo, y por el radicalismo que se resiste a perder el manejo sin control de los gigantescos presupuestos universitarios, tal como suceder\u00e1 tan pronto comiencen la auditor\u00edas ya ordenadas. Esos sectores, aterrados ante el desierto que les toca atravesar y que vieron el camino que recorri\u00f3 en Chile Gabriel Boric, un l\u00edder surgido de las an\u00e1rquicas revueltas que destruyeron simult\u00e1neamente decenas de estaciones de subterr\u00e1neo y enfrentaron violentamente en la calle a los Carabineros, se ilusionan con replicarlo aqu\u00ed, sin aguardar el fin del per\u00edodo presidencial, es decir, sue\u00f1an con destituir a Milei. Pero \u00e9ste tiene la suerte a su favor, porque el PJ estall\u00f3, demostrando la p\u00e9rdida de centralidad de Cristina Fern\u00e1ndez, que habilit\u00f3 la traici\u00f3n de su heredero Axel Kiciloff al respaldar a Mario Quintela, y la UCR sigui\u00f3 sus pasos cuando se parti\u00f3 su bloque en Diputados por inspiraci\u00f3n de Mart\u00edn Lousteau y Facundo Manes, al quedar en minor\u00eda.<\/p>\n\n\n\n<p>La reaparici\u00f3n del asesino Mario Firmenich desde su m\u00e1s que c\u00f3moda residencia en Nicaragua, reivindicando el accionar terrorista de Montoneros con la pretensi\u00f3n de traerlo al presente, y el franco respaldo de sus m\u00e1s encumbrados c\u00f3mplices a los pseudo-mapuches que incendian y ocupan propiedades privadas y fiscales, son s\u00edntomas que delatan sus intenciones: desafiar al Estado, a\u00fan a costa de la desintegraci\u00f3n territorial de la Argentina, y convertir a nuestro pa\u00eds en un nuevo campo de batalla de la renovada guerra (todav\u00eda) fr\u00eda que se libra en el plano geopol\u00edtico mundial. No tendr\u00e1n \u00e9xito los subversivos actuales porque estas nuevas generaciones son incapaces, gracias a Dios, de parir tantos criminales como aqu\u00e9llos de los 70\u2019s que, en nombre de una falsa ideolog\u00eda igualitaria y a riesgo de sus propias vidas, sembraron el terror a sangre y fuego; si as\u00ed no fuera, no dudo que la Ministro de Seguridad, a quien no le tiembla la mano, ser\u00eda muy eficiente en el mantenimiento del orden p\u00fablico.<\/p>\n\n\n\n<p>El 5 de noviembre, dentro de s\u00f3lo diez d\u00edas, se disputar\u00e1 la elecci\u00f3n presidencial en los Estados Unidos, una de las m\u00e1s r\u00edspidas y parejas de su historia. Quien resulte ganador tendr\u00e1 una decisiva influencia en el futuro inmediato de todo el globo, que se ha vuelto multipolar. Se ver\u00e1 cuando Kamala Harris o Donald Trump tengan que decidir cu\u00e1l ser\u00e1 la pol\u00edtica de inmigraci\u00f3n y, sobre todo, c\u00f3mo actuar\u00e1 su pa\u00eds frente a Putin, Xi Jinping, los ayatollahs, Benjam\u00edn Netanyahu, Vlodimir Zelensky, la Comunidad Europea, la OTAN y el Pac\u00edfico. Hay demasiados escenarios que desvelan a la aterrorizada humanidad por la posibilidad de un holocausto nuclear: la denodada lucha por su supervivencia de Israel contra Ir\u00e1n, Hezbollah y Ham\u00e1s; la salvaje guerra de conquista de Rusia contra Ucrania; el persistente acoso de las milicias hut\u00edes al comercio mar\u00edtimo internacional en el Estrecho de Ormuz; la cada vez m\u00e1s activa gimnasia b\u00e9lica de China ante Taiwan, Filipinas, India, Jap\u00f3n, Corea del Sur, Nueva Zelanda y Australia; y otras guerras civiles que nos pasan desapercibidas, aunque cuestan millones de vidas, sobre todo en Africa y Asia.<\/p>\n\n\n\n<p>En Latinoam\u00e9rica, tambi\u00e9n esa resoluci\u00f3n electoral se espera con inquietud, y no es para menos. Si el vencedor fuera Trump, los tiranos Miguel D\u00edaz-Canel (Cuba), Daniel Ortega (Nicaragua), Nicol\u00e1s Maduro (Venezuela) y Luis Arce (Bolivia) seguramente la pasar\u00e1n bastante peor que ahora, pero tambi\u00e9n Xiomara Castro (Honduras), Gustavo Petro (Colombia), Luiz Lula da Silva (Brasil) y, especialmente, Claudia Sheinbaum (M\u00e9xico) estar\u00e1n m\u00e1s preocupados por la forma oscilante en que se han comportado recientemente en la tirante relaci\u00f3n entre China y los Estados Unidos, especialmente a trav\u00e9s del BRICS. Por el contrario, si triunfara Harris, lo mismo ocurrir\u00eda con Nayib Bukele (El Salvador) y quiz\u00e1s hasta Milei encontrar\u00eda a\u00fan m\u00e1s dificultosos los accesos al Tesoro y al FMI.<br><br><small>\u00a9 Copyright 2024 Enrique Guillermo Avogadro<br>\u00a9 2024 ElCanillita.info \/ SalaStampa.Eu, servicio mundial de prensa<\/small><br><small>Guzzo Photos &amp; Graphic Publications &#8211; Registro Editori e Stampatori n. 1441 Torino, Italia<\/small><\/p>\n","protected":false},"excerpt":{"rendered":"<p>Resulta al menos curioso que Javier Milei transfiera tan inmenso poder a ese jovenc\u00edsimo s\u00faper asesor (sin cargo oficial)..<\/p>\n","protected":false},"author":1,"featured_media":4269,"comment_status":"closed","ping_status":"closed","sticky":false,"template":"","format":"standard","meta":{"footnotes":"","_links_to":"","_links_to_target":""},"categories":[70,11,23],"tags":[],"class_list":["post-4264","post","type-post","status-publish","format-standard","has-post-thumbnail","hentry","category-actualidad","category-america-del-sur","category-politica","entry","double"],"yoast_head":"<!-- This site is optimized with the Yoast SEO plugin v27.4 - https:\/\/yoast.com\/product\/yoast-seo-wordpress\/ -->\n<title>Rarezas de Aqu\u00ed y de All\u00e1 - ElCanillita.Info<\/title>\n<meta name=\"robots\" content=\"index, follow, max-snippet:-1, max-image-preview:large, max-video-preview:-1\" \/>\n<link rel=\"canonical\" href=\"https:\/\/elcanillita.info\/press\/2024\/10\/26\/rarezas-de-aqui-y-de-alla\/\" \/>\n<meta property=\"og:locale\" content=\"es_ES\" \/>\n<meta property=\"og:type\" content=\"article\" \/>\n<meta property=\"og:title\" content=\"Rarezas de Aqu\u00ed y de All\u00e1 - ElCanillita.Info\" \/>\n<meta property=\"og:description\" content=\"Resulta al menos curioso que Javier Milei transfiera tan inmenso poder a ese jovenc\u00edsimo s\u00faper asesor (sin cargo oficial)..\" \/>\n<meta property=\"og:url\" content=\"https:\/\/elcanillita.info\/press\/2024\/10\/26\/rarezas-de-aqui-y-de-alla\/\" \/>\n<meta property=\"og:site_name\" content=\"ElCanillita.Info\" \/>\n<meta property=\"article:publisher\" content=\"https:\/\/ar-ar.facebook.com\/ElCanillitainfo-114249515285712\/\" \/>\n<meta property=\"article:published_time\" content=\"2024-10-26T19:19:10+00:00\" \/>\n<meta property=\"article:modified_time\" content=\"2024-10-27T10:16:12+00:00\" \/>\n<meta property=\"og:image\" content=\"https:\/\/elcanillita.info\/press\/images\/2024\/10\/firstcover20241027.jpeg\" \/>\n\t<meta property=\"og:image:width\" content=\"600\" \/>\n\t<meta property=\"og:image:height\" content=\"338\" \/>\n\t<meta property=\"og:image:type\" content=\"image\/jpeg\" \/>\n<meta name=\"author\" content=\"SalaStampa.eu, world press service\" \/>\n<meta name=\"twitter:card\" content=\"summary_large_image\" \/>\n<meta name=\"twitter:label1\" content=\"Escrito por\" \/>\n\t<meta name=\"twitter:data1\" content=\"SalaStampa.eu, world press service\" \/>\n\t<meta name=\"twitter:label2\" content=\"Tiempo de lectura\" \/>\n\t<meta name=\"twitter:data2\" content=\"5 minutos\" \/>\n<script type=\"application\/ld+json\" class=\"yoast-schema-graph\">{\"@context\":\"https:\\\/\\\/schema.org\",\"@graph\":[{\"@type\":\"Article\",\"@id\":\"https:\\\/\\\/elcanillita.info\\\/press\\\/2024\\\/10\\\/26\\\/rarezas-de-aqui-y-de-alla\\\/#article\",\"isPartOf\":{\"@id\":\"https:\\\/\\\/elcanillita.info\\\/press\\\/2024\\\/10\\\/26\\\/rarezas-de-aqui-y-de-alla\\\/\"},\"author\":{\"name\":\"SalaStampa.eu, world press service\",\"@id\":\"https:\\\/\\\/elcanillita.info\\\/press\\\/#\\\/schema\\\/person\\\/7fcb79f38045700919f7da6d97e71ba0\"},\"headline\":\"Rarezas de Aqu\u00ed y de All\u00e1\",\"datePublished\":\"2024-10-26T19:19:10+00:00\",\"dateModified\":\"2024-10-27T10:16:12+00:00\",\"mainEntityOfPage\":{\"@id\":\"https:\\\/\\\/elcanillita.info\\\/press\\\/2024\\\/10\\\/26\\\/rarezas-de-aqui-y-de-alla\\\/\"},\"wordCount\":941,\"publisher\":{\"@id\":\"https:\\\/\\\/elcanillita.info\\\/press\\\/#organization\"},\"image\":{\"@id\":\"https:\\\/\\\/elcanillita.info\\\/press\\\/2024\\\/10\\\/26\\\/rarezas-de-aqui-y-de-alla\\\/#primaryimage\"},\"thumbnailUrl\":\"https:\\\/\\\/elcanillita.info\\\/press\\\/images\\\/2024\\\/10\\\/firstcover20241027.jpeg\",\"articleSection\":[\"Actualidad\",\"Am\u00e9rica del Sur\",\"Politica\"],\"inLanguage\":\"es-AR\"},{\"@type\":\"WebPage\",\"@id\":\"https:\\\/\\\/elcanillita.info\\\/press\\\/2024\\\/10\\\/26\\\/rarezas-de-aqui-y-de-alla\\\/\",\"url\":\"https:\\\/\\\/elcanillita.info\\\/press\\\/2024\\\/10\\\/26\\\/rarezas-de-aqui-y-de-alla\\\/\",\"name\":\"Rarezas de Aqu\u00ed y de All\u00e1 - ElCanillita.Info\",\"isPartOf\":{\"@id\":\"https:\\\/\\\/elcanillita.info\\\/press\\\/#website\"},\"primaryImageOfPage\":{\"@id\":\"https:\\\/\\\/elcanillita.info\\\/press\\\/2024\\\/10\\\/26\\\/rarezas-de-aqui-y-de-alla\\\/#primaryimage\"},\"image\":{\"@id\":\"https:\\\/\\\/elcanillita.info\\\/press\\\/2024\\\/10\\\/26\\\/rarezas-de-aqui-y-de-alla\\\/#primaryimage\"},\"thumbnailUrl\":\"https:\\\/\\\/elcanillita.info\\\/press\\\/images\\\/2024\\\/10\\\/firstcover20241027.jpeg\",\"datePublished\":\"2024-10-26T19:19:10+00:00\",\"dateModified\":\"2024-10-27T10:16:12+00:00\",\"inLanguage\":\"es-AR\",\"potentialAction\":[{\"@type\":\"ReadAction\",\"target\":[\"https:\\\/\\\/elcanillita.info\\\/press\\\/2024\\\/10\\\/26\\\/rarezas-de-aqui-y-de-alla\\\/\"]}]},{\"@type\":\"ImageObject\",\"inLanguage\":\"es-AR\",\"@id\":\"https:\\\/\\\/elcanillita.info\\\/press\\\/2024\\\/10\\\/26\\\/rarezas-de-aqui-y-de-alla\\\/#primaryimage\",\"url\":\"https:\\\/\\\/elcanillita.info\\\/press\\\/images\\\/2024\\\/10\\\/firstcover20241027.jpeg\",\"contentUrl\":\"https:\\\/\\\/elcanillita.info\\\/press\\\/images\\\/2024\\\/10\\\/firstcover20241027.jpeg\",\"width\":600,\"height\":338},{\"@type\":\"WebSite\",\"@id\":\"https:\\\/\\\/elcanillita.info\\\/press\\\/#website\",\"url\":\"https:\\\/\\\/elcanillita.info\\\/press\\\/\",\"name\":\"ElCanillita.Info\",\"description\":\"desde los Apeninos a los Andes\",\"publisher\":{\"@id\":\"https:\\\/\\\/elcanillita.info\\\/press\\\/#organization\"},\"potentialAction\":[{\"@type\":\"SearchAction\",\"target\":{\"@type\":\"EntryPoint\",\"urlTemplate\":\"https:\\\/\\\/elcanillita.info\\\/press\\\/?s={search_term_string}\"},\"query-input\":{\"@type\":\"PropertyValueSpecification\",\"valueRequired\":true,\"valueName\":\"search_term_string\"}}],\"inLanguage\":\"es-AR\"},{\"@type\":\"Organization\",\"@id\":\"https:\\\/\\\/elcanillita.info\\\/press\\\/#organization\",\"name\":\"Guzzo Photos & Graphic Publications\",\"url\":\"https:\\\/\\\/elcanillita.info\\\/press\\\/\",\"logo\":{\"@type\":\"ImageObject\",\"inLanguage\":\"es-AR\",\"@id\":\"https:\\\/\\\/elcanillita.info\\\/press\\\/#\\\/schema\\\/logo\\\/image\\\/\",\"url\":\"https:\\\/\\\/elcanillita.info\\\/press\\\/images\\\/2020\\\/01\\\/cropped-cropped-cropped-elcanillitainfo.png\",\"contentUrl\":\"https:\\\/\\\/elcanillita.info\\\/press\\\/images\\\/2020\\\/01\\\/cropped-cropped-cropped-elcanillitainfo.png\",\"width\":460,\"height\":50,\"caption\":\"Guzzo Photos & Graphic Publications\"},\"image\":{\"@id\":\"https:\\\/\\\/elcanillita.info\\\/press\\\/#\\\/schema\\\/logo\\\/image\\\/\"},\"sameAs\":[\"https:\\\/\\\/ar-ar.facebook.com\\\/ElCanillitainfo-114249515285712\\\/\"]},{\"@type\":\"Person\",\"@id\":\"https:\\\/\\\/elcanillita.info\\\/press\\\/#\\\/schema\\\/person\\\/7fcb79f38045700919f7da6d97e71ba0\",\"name\":\"SalaStampa.eu, world press service\",\"image\":{\"@type\":\"ImageObject\",\"inLanguage\":\"es-AR\",\"@id\":\"https:\\\/\\\/secure.gravatar.com\\\/avatar\\\/c2f0e0d515a107624234994507816ca4724c7199cef73fc8bedebf6931d73888?s=96&d=mm&r=g\",\"url\":\"https:\\\/\\\/secure.gravatar.com\\\/avatar\\\/c2f0e0d515a107624234994507816ca4724c7199cef73fc8bedebf6931d73888?s=96&d=mm&r=g\",\"contentUrl\":\"https:\\\/\\\/secure.gravatar.com\\\/avatar\\\/c2f0e0d515a107624234994507816ca4724c7199cef73fc8bedebf6931d73888?s=96&d=mm&r=g\",\"caption\":\"SalaStampa.eu, world press service\"}}]}<\/script>\n<!-- \/ Yoast SEO plugin. -->","yoast_head_json":{"title":"Rarezas de Aqu\u00ed y de All\u00e1 - ElCanillita.Info","robots":{"index":"index","follow":"follow","max-snippet":"max-snippet:-1","max-image-preview":"max-image-preview:large","max-video-preview":"max-video-preview:-1"},"canonical":"https:\/\/elcanillita.info\/press\/2024\/10\/26\/rarezas-de-aqui-y-de-alla\/","og_locale":"es_ES","og_type":"article","og_title":"Rarezas de Aqu\u00ed y de All\u00e1 - ElCanillita.Info","og_description":"Resulta al menos curioso que Javier Milei transfiera tan inmenso poder a ese jovenc\u00edsimo s\u00faper asesor (sin cargo oficial)..","og_url":"https:\/\/elcanillita.info\/press\/2024\/10\/26\/rarezas-de-aqui-y-de-alla\/","og_site_name":"ElCanillita.Info","article_publisher":"https:\/\/ar-ar.facebook.com\/ElCanillitainfo-114249515285712\/","article_published_time":"2024-10-26T19:19:10+00:00","article_modified_time":"2024-10-27T10:16:12+00:00","og_image":[{"width":600,"height":338,"url":"https:\/\/elcanillita.info\/press\/images\/2024\/10\/firstcover20241027.jpeg","type":"image\/jpeg"}],"author":"SalaStampa.eu, world press service","twitter_card":"summary_large_image","twitter_misc":{"Escrito por":"SalaStampa.eu, world press service","Tiempo de lectura":"5 minutos"},"schema":{"@context":"https:\/\/schema.org","@graph":[{"@type":"Article","@id":"https:\/\/elcanillita.info\/press\/2024\/10\/26\/rarezas-de-aqui-y-de-alla\/#article","isPartOf":{"@id":"https:\/\/elcanillita.info\/press\/2024\/10\/26\/rarezas-de-aqui-y-de-alla\/"},"author":{"name":"SalaStampa.eu, world press service","@id":"https:\/\/elcanillita.info\/press\/#\/schema\/person\/7fcb79f38045700919f7da6d97e71ba0"},"headline":"Rarezas de Aqu\u00ed y de All\u00e1","datePublished":"2024-10-26T19:19:10+00:00","dateModified":"2024-10-27T10:16:12+00:00","mainEntityOfPage":{"@id":"https:\/\/elcanillita.info\/press\/2024\/10\/26\/rarezas-de-aqui-y-de-alla\/"},"wordCount":941,"publisher":{"@id":"https:\/\/elcanillita.info\/press\/#organization"},"image":{"@id":"https:\/\/elcanillita.info\/press\/2024\/10\/26\/rarezas-de-aqui-y-de-alla\/#primaryimage"},"thumbnailUrl":"https:\/\/elcanillita.info\/press\/images\/2024\/10\/firstcover20241027.jpeg","articleSection":["Actualidad","Am\u00e9rica del Sur","Politica"],"inLanguage":"es-AR"},{"@type":"WebPage","@id":"https:\/\/elcanillita.info\/press\/2024\/10\/26\/rarezas-de-aqui-y-de-alla\/","url":"https:\/\/elcanillita.info\/press\/2024\/10\/26\/rarezas-de-aqui-y-de-alla\/","name":"Rarezas de Aqu\u00ed y de All\u00e1 - ElCanillita.Info","isPartOf":{"@id":"https:\/\/elcanillita.info\/press\/#website"},"primaryImageOfPage":{"@id":"https:\/\/elcanillita.info\/press\/2024\/10\/26\/rarezas-de-aqui-y-de-alla\/#primaryimage"},"image":{"@id":"https:\/\/elcanillita.info\/press\/2024\/10\/26\/rarezas-de-aqui-y-de-alla\/#primaryimage"},"thumbnailUrl":"https:\/\/elcanillita.info\/press\/images\/2024\/10\/firstcover20241027.jpeg","datePublished":"2024-10-26T19:19:10+00:00","dateModified":"2024-10-27T10:16:12+00:00","inLanguage":"es-AR","potentialAction":[{"@type":"ReadAction","target":["https:\/\/elcanillita.info\/press\/2024\/10\/26\/rarezas-de-aqui-y-de-alla\/"]}]},{"@type":"ImageObject","inLanguage":"es-AR","@id":"https:\/\/elcanillita.info\/press\/2024\/10\/26\/rarezas-de-aqui-y-de-alla\/#primaryimage","url":"https:\/\/elcanillita.info\/press\/images\/2024\/10\/firstcover20241027.jpeg","contentUrl":"https:\/\/elcanillita.info\/press\/images\/2024\/10\/firstcover20241027.jpeg","width":600,"height":338},{"@type":"WebSite","@id":"https:\/\/elcanillita.info\/press\/#website","url":"https:\/\/elcanillita.info\/press\/","name":"ElCanillita.Info","description":"desde los Apeninos a los Andes","publisher":{"@id":"https:\/\/elcanillita.info\/press\/#organization"},"potentialAction":[{"@type":"SearchAction","target":{"@type":"EntryPoint","urlTemplate":"https:\/\/elcanillita.info\/press\/?s={search_term_string}"},"query-input":{"@type":"PropertyValueSpecification","valueRequired":true,"valueName":"search_term_string"}}],"inLanguage":"es-AR"},{"@type":"Organization","@id":"https:\/\/elcanillita.info\/press\/#organization","name":"Guzzo Photos & Graphic Publications","url":"https:\/\/elcanillita.info\/press\/","logo":{"@type":"ImageObject","inLanguage":"es-AR","@id":"https:\/\/elcanillita.info\/press\/#\/schema\/logo\/image\/","url":"https:\/\/elcanillita.info\/press\/images\/2020\/01\/cropped-cropped-cropped-elcanillitainfo.png","contentUrl":"https:\/\/elcanillita.info\/press\/images\/2020\/01\/cropped-cropped-cropped-elcanillitainfo.png","width":460,"height":50,"caption":"Guzzo Photos & Graphic Publications"},"image":{"@id":"https:\/\/elcanillita.info\/press\/#\/schema\/logo\/image\/"},"sameAs":["https:\/\/ar-ar.facebook.com\/ElCanillitainfo-114249515285712\/"]},{"@type":"Person","@id":"https:\/\/elcanillita.info\/press\/#\/schema\/person\/7fcb79f38045700919f7da6d97e71ba0","name":"SalaStampa.eu, world press service","image":{"@type":"ImageObject","inLanguage":"es-AR","@id":"https:\/\/secure.gravatar.com\/avatar\/c2f0e0d515a107624234994507816ca4724c7199cef73fc8bedebf6931d73888?s=96&d=mm&r=g","url":"https:\/\/secure.gravatar.com\/avatar\/c2f0e0d515a107624234994507816ca4724c7199cef73fc8bedebf6931d73888?s=96&d=mm&r=g","contentUrl":"https:\/\/secure.gravatar.com\/avatar\/c2f0e0d515a107624234994507816ca4724c7199cef73fc8bedebf6931d73888?s=96&d=mm&r=g","caption":"SalaStampa.eu, world press service"}}]}},"views":333,"_links":{"self":[{"href":"https:\/\/elcanillita.info\/press\/wp-json\/wp\/v2\/posts\/4264","targetHints":{"allow":["GET"]}}],"collection":[{"href":"https:\/\/elcanillita.info\/press\/wp-json\/wp\/v2\/posts"}],"about":[{"href":"https:\/\/elcanillita.info\/press\/wp-json\/wp\/v2\/types\/post"}],"author":[{"embeddable":true,"href":"https:\/\/elcanillita.info\/press\/wp-json\/wp\/v2\/users\/1"}],"replies":[{"embeddable":true,"href":"https:\/\/elcanillita.info\/press\/wp-json\/wp\/v2\/comments?post=4264"}],"version-history":[{"count":0,"href":"https:\/\/elcanillita.info\/press\/wp-json\/wp\/v2\/posts\/4264\/revisions"}],"wp:featuredmedia":[{"embeddable":true,"href":"https:\/\/elcanillita.info\/press\/wp-json\/wp\/v2\/media\/4269"}],"wp:attachment":[{"href":"https:\/\/elcanillita.info\/press\/wp-json\/wp\/v2\/media?parent=4264"}],"wp:term":[{"taxonomy":"category","embeddable":true,"href":"https:\/\/elcanillita.info\/press\/wp-json\/wp\/v2\/categories?post=4264"},{"taxonomy":"post_tag","embeddable":true,"href":"https:\/\/elcanillita.info\/press\/wp-json\/wp\/v2\/tags?post=4264"}],"curies":[{"name":"wp","href":"https:\/\/api.w.org\/{rel}","templated":true}]}}