{"id":4244,"date":"2024-10-14T19:43:17","date_gmt":"2024-10-14T22:43:17","guid":{"rendered":"https:\/\/elcanillita.info\/press\/?p=4244"},"modified":"2024-10-14T21:17:20","modified_gmt":"2024-10-15T00:17:20","slug":"country-trademark","status":"publish","type":"post","link":"https:\/\/elcanillita.info\/press\/2024\/10\/14\/country-trademark\/","title":{"rendered":"Country Trademark"},"content":{"rendered":"<div class=\"wp-block-image\">\n<figure class=\"alignleft size-full\"><img loading=\"lazy\" decoding=\"async\" width=\"375\" height=\"500\" src=\"https:\/\/elcanillita.info\/press\/images\/2024\/10\/page1_20241015.jpg\" alt=\"\" class=\"wp-image-4245\" srcset=\"https:\/\/elcanillita.info\/press\/images\/2024\/10\/page1_20241015.jpg 375w, https:\/\/elcanillita.info\/press\/images\/2024\/10\/page1_20241015-225x300.jpg 225w\" sizes=\"auto, (max-width: 375px) 100vw, 375px\" \/><\/figure>\n<\/div>\n\n\n<p><em><strong>Por Enrique Guillermo Avogadro<\/strong><\/em><\/p>\n\n\n\n<p>Argentina Hoy, Octubre 14 2024<br>Javier Milei y su equipo econ\u00f3mico, encabezado por Luis Toto Caputo, est\u00e1n viviendo una fant\u00e1stica primavera, tal como demuestran los n\u00fameros macro, que eran los pasivos m\u00e1s gravosos de la pesada herencia que recibiera.<br> <br>Pero parece que al Gobierno, pese a su enorme experiencia y el probado \u00e9xito en las redes, le sigue faltando explicar algunas de sus medidas que, precisamente por esa falla, suscitan mayor resistencia social.<br><br>En concreto, sobre a la ley de financiamiento de las universidades, sancionada por el H\u00b0 Aguantadero y vetada por el Presidente, que logr\u00f3 una sonora victoria al lograr que \u00e9ste no fuera aniquilado por los dos tercios de los votos presentes en ambas c\u00e1maras.  <br><br>Al no poner el acento fuertemente en la corrupci\u00f3n que impera, debido a la falta de auditor\u00edas y controles presupuestarios, en las universidades p\u00fablicas, permiti\u00f3 que el c\u00ednico kirchernerismo y la izquierda trotskista se hiciera due\u00f1o de la protesta. Debi\u00f3 poner el foco en el Vice-Rector, Emiliano Yacobitti, e identificar a Franja Morada, entronizada desde hace muchas d\u00e9cadas en la Universidad de Buenos Aires, como exacto correlato de La C\u00e1mpora y administradora de oscuras cajas p\u00fablicas.<\/p>\n\n\n\n<p>Quienes se ocupan de verbalizar las acciones m\u00e1s duras de Javier Milei, salvo algunos legisladores que lo dejaron muy claro en los debates, no fueron capaces de exhibir, frente a una sociedad golpeada por el ajuste, m\u00e1s que justificado para detener la inminente hiperinflaci\u00f3n que aseguraba el \u201cplan platita\u201d, perge\u00f1ado por Sergio Massa para intentar llegar a la Presidencia, y para terminar con la decadencia generalizada de nuestra econom\u00eda.<\/p>\n\n\n\n<p>En este sentido, el hecho que en s\u00f3lo diez meses, haya logrado reducir fenomenalmente el \u00edndice de precios al consumidor y, a la vez, bajar el \u201criego-pa\u00eds\u201d a niveles que no se ve\u00edan desde el macrismo, seguir\u00e1 dando sustento a los altos niveles de aprobaci\u00f3n que registra, a\u00fan en el momento m\u00e1s agudo de privaciones sociales.<\/p>\n\n\n\n<p>Parafraseando a Leopoldo Lugones en su recordado art\u00edculo \u201cEl Sable\u201d, el crimen de Milei es haber ocupado s\u00f3lo todo el horizonte pol\u00edtico de su tiempo, mientras todos los partidos tradicionales sufren implosiones y disgregaciones que los inhabilitan para disputarle el poder.<br><br>Que el peronismo no haya encontrado todav\u00eda el camino, para la renovaci\u00f3n y la transferencia generacional de sus estructuras, despu\u00e9s de las monumentales derrotas a las que lo condujo su vieja lideresa, habla muy a las claras de su decadencia, con la sola excepci\u00f3n del decisivo y empobrecido Conurbano bonaerense, donde la buscada ignorancia de sus habitantes a\u00fan le otorga un piso de alrededor del 30% de los votos nacionales.<br><br>Sin embargo, es peor lo que sucede en el radicalismo, que cometi\u00f3 el supremo error de entregar la jefatura partidaria a un extra\u00f1o, Mart\u00edn Lousteau, con su gravoso pasado como Ministro de Econom\u00eda de Cristina Fern\u00e1ndez (con la Resoluci\u00f3n 125 casi nos lleva a una nueva guerra civil), a quien prest\u00f3 su tradicional boina blanca. Pero su conducci\u00f3n es tan resistida puertas adentro del Congreso, donde su propia bancada vota en contra en sus deseos, como en las estructuras partidarias, como qued\u00f3 demostrado con la derrota de sus seguidores en las elecciones internas de la Provincia de Buenos Aires.<\/p>\n\n\n\n<p>El PRO, por su parte, est\u00e1 sumido en el desconcierto porque gran parte de sus votantes se inclinan por apoyar a Milei, restando capacidad a Mauricio Macri de influir en las decisiones del Poder Ejecutivo.<br>Y qu\u00e9 decir entonces del curioso bloque del peronismo federal, que encabeza Miguel Pichetto y re\u00fane diputados de colores tan opuestos; la independencia de sus integrantes, y el movimiento centr\u00edfugo que genera entre sus integrantes la certeza de que el calor hoy pasa por otro lado, lo ha dejado sin su aspirado rol de fiel de la balanza entre kirchneristas y libertarios.<\/p>\n\n\n\n<p>Pero, a pesar de su claro dominio pol\u00edtico, el Gobierno no puede darse el lujo de cometer errores, y el asunto Lijo se transformar\u00e1 en uno grav\u00edsimo si, finalmente, logra su prop\u00f3sito de llevarlo a la Corte. Nuevamente, en este episodio se destaca la falencia en la comunicaci\u00f3n oficial, que no ha sabido explicar por qu\u00e9 sigue insistiendo en cometer este monumental disparate institucional.<\/p>\n\n\n\n<p>Es claro, que el asunto da pie para todas las especulaciones, esencialmente la que habla de un pacto secreto con Cristina Fern\u00e1ndez, sobre todo si le sumamos a esa actitud suicida la poca frecuencia de denuncias penales cuando se las compara con los esc\u00e1ndalos que, diariamente, surgen con relaci\u00f3n a tantos funcionarios de la gesti\u00f3n que ella comparti\u00f3 con Alberto Fern\u00e1ndez, a quien design\u00f3 candidato a Presidente por Twitter.<\/p>\n\n\n\n<p>Si Milei creyera en que contar\u00eda con la futura lealtad del cuestionado Juez Lijo en la definici\u00f3n de sentencias claves para el Gobierno, no s\u00f3lo se equivocar\u00eda de medio a medio (el postulado s\u00f3lo responde a sus propios intereses) sino que condenar\u00eda a la Argentina a soportarlo por 25 a\u00f1os, es decir, por varias administraciones m\u00e1s que la actual, aunque \u00e9sta consiguiera revalidar sus pergaminos en 2027 y obtener la reelecci\u00f3n.<\/p>\n\n\n\n<p>Si este impresentable personaje llegara a la Corte, no podr\u00e1 sorprendernos que todos los contratos de inversi\u00f3n que se anuncian cotidianamente pacten una jurisdicci\u00f3n extranjera para dirimir las controversias, y ya sabemos c\u00f3mo nos va en los tribunales internacionales.<\/p>\n\n\n\n<p>Para concluir, s\u00f3lo me queda reiterar que nada me molesta m\u00e1s que verme conminado a aplaudir en los libertarios, so pena de excomuni\u00f3n, exactamente los mismos procederes (violencia verbal, limitaciones al acceso a la informaci\u00f3n p\u00fablica, agresiones a la prensa) que conden\u00e9 a gritos durante los cuatro tr\u00e1gicos gobiernos kirchneristas. Hasta la pr\u00f3xima, si Dios quiere.<br><br><small>\u00a9 Copyright 2024 Enrique Guillermo Avogadro<br>\u00a9 2024 ElCanillita.info \/ SalaStampa.Eu, servicio mundial de prensa<\/small><br><small>Guzzo Photos &amp; Graphic Publications &#8211; Registro Editori e Stampatori n. 1441 Torino, Italia<\/small><\/p>\n","protected":false},"excerpt":{"rendered":"<p>El Gobierno no puede darse el lujo de cometer errores, y el asunto Lijo se transformar\u00e1 en uno grav\u00edsimo si, finalmente, logra su prop\u00f3sito de llevarlo a la Corte.<\/p>\n","protected":false},"author":1,"featured_media":4252,"comment_status":"closed","ping_status":"closed","sticky":false,"template":"","format":"standard","meta":{"footnotes":"","_links_to":"","_links_to_target":""},"categories":[121,108,70,11,126,23],"tags":[29],"class_list":["post-4244","post","type-post","status-publish","format-standard","has-post-thumbnail","hentry","category-dc24","category-blogdiario","category-actualidad","category-america-del-sur","category-dolores-de-la-press","category-politica","tag-argentina","entry","double"],"yoast_head":"<!-- This site is optimized with the Yoast SEO plugin v27.4 - https:\/\/yoast.com\/product\/yoast-seo-wordpress\/ -->\n<title>Country Trademark - ElCanillita.Info<\/title>\n<meta name=\"robots\" content=\"index, follow, max-snippet:-1, max-image-preview:large, max-video-preview:-1\" \/>\n<link rel=\"canonical\" href=\"https:\/\/elcanillita.info\/press\/2024\/10\/14\/country-trademark\/\" \/>\n<meta property=\"og:locale\" content=\"es_ES\" \/>\n<meta property=\"og:type\" content=\"article\" \/>\n<meta property=\"og:title\" content=\"Country Trademark - ElCanillita.Info\" \/>\n<meta property=\"og:description\" content=\"El Gobierno no puede darse el lujo de cometer errores, y el asunto Lijo se transformar\u00e1 en uno grav\u00edsimo si, finalmente, logra su prop\u00f3sito de llevarlo a la Corte.\" \/>\n<meta property=\"og:url\" content=\"https:\/\/elcanillita.info\/press\/2024\/10\/14\/country-trademark\/\" \/>\n<meta property=\"og:site_name\" content=\"ElCanillita.Info\" \/>\n<meta property=\"article:publisher\" content=\"https:\/\/ar-ar.facebook.com\/ElCanillitainfo-114249515285712\/\" \/>\n<meta property=\"article:published_time\" content=\"2024-10-14T22:43:17+00:00\" \/>\n<meta property=\"article:modified_time\" content=\"2024-10-15T00:17:20+00:00\" \/>\n<meta property=\"og:image\" content=\"https:\/\/elcanillita.info\/press\/images\/2024\/10\/cover_20241014.jpg\" \/>\n\t<meta property=\"og:image:width\" content=\"500\" \/>\n\t<meta property=\"og:image:height\" content=\"500\" \/>\n\t<meta property=\"og:image:type\" content=\"image\/jpeg\" \/>\n<meta name=\"author\" content=\"SalaStampa.eu, world press service\" \/>\n<meta name=\"twitter:card\" content=\"summary_large_image\" \/>\n<meta name=\"twitter:label1\" content=\"Escrito por\" \/>\n\t<meta name=\"twitter:data1\" content=\"SalaStampa.eu, world press service\" \/>\n\t<meta name=\"twitter:label2\" content=\"Tiempo de lectura\" \/>\n\t<meta name=\"twitter:data2\" content=\"5 minutos\" \/>\n<script type=\"application\/ld+json\" class=\"yoast-schema-graph\">{\"@context\":\"https:\\\/\\\/schema.org\",\"@graph\":[{\"@type\":\"Article\",\"@id\":\"https:\\\/\\\/elcanillita.info\\\/press\\\/2024\\\/10\\\/14\\\/country-trademark\\\/#article\",\"isPartOf\":{\"@id\":\"https:\\\/\\\/elcanillita.info\\\/press\\\/2024\\\/10\\\/14\\\/country-trademark\\\/\"},\"author\":{\"name\":\"SalaStampa.eu, world press service\",\"@id\":\"https:\\\/\\\/elcanillita.info\\\/press\\\/#\\\/schema\\\/person\\\/7fcb79f38045700919f7da6d97e71ba0\"},\"headline\":\"Country Trademark\",\"datePublished\":\"2024-10-14T22:43:17+00:00\",\"dateModified\":\"2024-10-15T00:17:20+00:00\",\"mainEntityOfPage\":{\"@id\":\"https:\\\/\\\/elcanillita.info\\\/press\\\/2024\\\/10\\\/14\\\/country-trademark\\\/\"},\"wordCount\":1018,\"publisher\":{\"@id\":\"https:\\\/\\\/elcanillita.info\\\/press\\\/#organization\"},\"image\":{\"@id\":\"https:\\\/\\\/elcanillita.info\\\/press\\\/2024\\\/10\\\/14\\\/country-trademark\\\/#primaryimage\"},\"thumbnailUrl\":\"https:\\\/\\\/elcanillita.info\\\/press\\\/images\\\/2024\\\/10\\\/cover_20241014.jpg\",\"keywords\":[\"Argentina\"],\"articleSection\":[\".\",\".\",\"Actualidad\",\"Am\u00e9rica del Sur\",\"Dolores de La Press\",\"Politica\"],\"inLanguage\":\"es-AR\"},{\"@type\":\"WebPage\",\"@id\":\"https:\\\/\\\/elcanillita.info\\\/press\\\/2024\\\/10\\\/14\\\/country-trademark\\\/\",\"url\":\"https:\\\/\\\/elcanillita.info\\\/press\\\/2024\\\/10\\\/14\\\/country-trademark\\\/\",\"name\":\"Country Trademark - ElCanillita.Info\",\"isPartOf\":{\"@id\":\"https:\\\/\\\/elcanillita.info\\\/press\\\/#website\"},\"primaryImageOfPage\":{\"@id\":\"https:\\\/\\\/elcanillita.info\\\/press\\\/2024\\\/10\\\/14\\\/country-trademark\\\/#primaryimage\"},\"image\":{\"@id\":\"https:\\\/\\\/elcanillita.info\\\/press\\\/2024\\\/10\\\/14\\\/country-trademark\\\/#primaryimage\"},\"thumbnailUrl\":\"https:\\\/\\\/elcanillita.info\\\/press\\\/images\\\/2024\\\/10\\\/cover_20241014.jpg\",\"datePublished\":\"2024-10-14T22:43:17+00:00\",\"dateModified\":\"2024-10-15T00:17:20+00:00\",\"inLanguage\":\"es-AR\",\"potentialAction\":[{\"@type\":\"ReadAction\",\"target\":[\"https:\\\/\\\/elcanillita.info\\\/press\\\/2024\\\/10\\\/14\\\/country-trademark\\\/\"]}]},{\"@type\":\"ImageObject\",\"inLanguage\":\"es-AR\",\"@id\":\"https:\\\/\\\/elcanillita.info\\\/press\\\/2024\\\/10\\\/14\\\/country-trademark\\\/#primaryimage\",\"url\":\"https:\\\/\\\/elcanillita.info\\\/press\\\/images\\\/2024\\\/10\\\/cover_20241014.jpg\",\"contentUrl\":\"https:\\\/\\\/elcanillita.info\\\/press\\\/images\\\/2024\\\/10\\\/cover_20241014.jpg\",\"width\":500,\"height\":500},{\"@type\":\"WebSite\",\"@id\":\"https:\\\/\\\/elcanillita.info\\\/press\\\/#website\",\"url\":\"https:\\\/\\\/elcanillita.info\\\/press\\\/\",\"name\":\"ElCanillita.Info\",\"description\":\"desde los Apeninos a los Andes\",\"publisher\":{\"@id\":\"https:\\\/\\\/elcanillita.info\\\/press\\\/#organization\"},\"potentialAction\":[{\"@type\":\"SearchAction\",\"target\":{\"@type\":\"EntryPoint\",\"urlTemplate\":\"https:\\\/\\\/elcanillita.info\\\/press\\\/?s={search_term_string}\"},\"query-input\":{\"@type\":\"PropertyValueSpecification\",\"valueRequired\":true,\"valueName\":\"search_term_string\"}}],\"inLanguage\":\"es-AR\"},{\"@type\":\"Organization\",\"@id\":\"https:\\\/\\\/elcanillita.info\\\/press\\\/#organization\",\"name\":\"Guzzo Photos & Graphic Publications\",\"url\":\"https:\\\/\\\/elcanillita.info\\\/press\\\/\",\"logo\":{\"@type\":\"ImageObject\",\"inLanguage\":\"es-AR\",\"@id\":\"https:\\\/\\\/elcanillita.info\\\/press\\\/#\\\/schema\\\/logo\\\/image\\\/\",\"url\":\"https:\\\/\\\/elcanillita.info\\\/press\\\/images\\\/2020\\\/01\\\/cropped-cropped-cropped-elcanillitainfo.png\",\"contentUrl\":\"https:\\\/\\\/elcanillita.info\\\/press\\\/images\\\/2020\\\/01\\\/cropped-cropped-cropped-elcanillitainfo.png\",\"width\":460,\"height\":50,\"caption\":\"Guzzo Photos & Graphic Publications\"},\"image\":{\"@id\":\"https:\\\/\\\/elcanillita.info\\\/press\\\/#\\\/schema\\\/logo\\\/image\\\/\"},\"sameAs\":[\"https:\\\/\\\/ar-ar.facebook.com\\\/ElCanillitainfo-114249515285712\\\/\"]},{\"@type\":\"Person\",\"@id\":\"https:\\\/\\\/elcanillita.info\\\/press\\\/#\\\/schema\\\/person\\\/7fcb79f38045700919f7da6d97e71ba0\",\"name\":\"SalaStampa.eu, world press service\",\"image\":{\"@type\":\"ImageObject\",\"inLanguage\":\"es-AR\",\"@id\":\"https:\\\/\\\/secure.gravatar.com\\\/avatar\\\/c2f0e0d515a107624234994507816ca4724c7199cef73fc8bedebf6931d73888?s=96&d=mm&r=g\",\"url\":\"https:\\\/\\\/secure.gravatar.com\\\/avatar\\\/c2f0e0d515a107624234994507816ca4724c7199cef73fc8bedebf6931d73888?s=96&d=mm&r=g\",\"contentUrl\":\"https:\\\/\\\/secure.gravatar.com\\\/avatar\\\/c2f0e0d515a107624234994507816ca4724c7199cef73fc8bedebf6931d73888?s=96&d=mm&r=g\",\"caption\":\"SalaStampa.eu, world press service\"}}]}<\/script>\n<!-- \/ Yoast SEO plugin. -->","yoast_head_json":{"title":"Country Trademark - ElCanillita.Info","robots":{"index":"index","follow":"follow","max-snippet":"max-snippet:-1","max-image-preview":"max-image-preview:large","max-video-preview":"max-video-preview:-1"},"canonical":"https:\/\/elcanillita.info\/press\/2024\/10\/14\/country-trademark\/","og_locale":"es_ES","og_type":"article","og_title":"Country Trademark - ElCanillita.Info","og_description":"El Gobierno no puede darse el lujo de cometer errores, y el asunto Lijo se transformar\u00e1 en uno grav\u00edsimo si, finalmente, logra su prop\u00f3sito de llevarlo a la Corte.","og_url":"https:\/\/elcanillita.info\/press\/2024\/10\/14\/country-trademark\/","og_site_name":"ElCanillita.Info","article_publisher":"https:\/\/ar-ar.facebook.com\/ElCanillitainfo-114249515285712\/","article_published_time":"2024-10-14T22:43:17+00:00","article_modified_time":"2024-10-15T00:17:20+00:00","og_image":[{"width":500,"height":500,"url":"https:\/\/elcanillita.info\/press\/images\/2024\/10\/cover_20241014.jpg","type":"image\/jpeg"}],"author":"SalaStampa.eu, world press service","twitter_card":"summary_large_image","twitter_misc":{"Escrito por":"SalaStampa.eu, world press service","Tiempo de lectura":"5 minutos"},"schema":{"@context":"https:\/\/schema.org","@graph":[{"@type":"Article","@id":"https:\/\/elcanillita.info\/press\/2024\/10\/14\/country-trademark\/#article","isPartOf":{"@id":"https:\/\/elcanillita.info\/press\/2024\/10\/14\/country-trademark\/"},"author":{"name":"SalaStampa.eu, world press service","@id":"https:\/\/elcanillita.info\/press\/#\/schema\/person\/7fcb79f38045700919f7da6d97e71ba0"},"headline":"Country Trademark","datePublished":"2024-10-14T22:43:17+00:00","dateModified":"2024-10-15T00:17:20+00:00","mainEntityOfPage":{"@id":"https:\/\/elcanillita.info\/press\/2024\/10\/14\/country-trademark\/"},"wordCount":1018,"publisher":{"@id":"https:\/\/elcanillita.info\/press\/#organization"},"image":{"@id":"https:\/\/elcanillita.info\/press\/2024\/10\/14\/country-trademark\/#primaryimage"},"thumbnailUrl":"https:\/\/elcanillita.info\/press\/images\/2024\/10\/cover_20241014.jpg","keywords":["Argentina"],"articleSection":[".",".","Actualidad","Am\u00e9rica del Sur","Dolores de La Press","Politica"],"inLanguage":"es-AR"},{"@type":"WebPage","@id":"https:\/\/elcanillita.info\/press\/2024\/10\/14\/country-trademark\/","url":"https:\/\/elcanillita.info\/press\/2024\/10\/14\/country-trademark\/","name":"Country Trademark - ElCanillita.Info","isPartOf":{"@id":"https:\/\/elcanillita.info\/press\/#website"},"primaryImageOfPage":{"@id":"https:\/\/elcanillita.info\/press\/2024\/10\/14\/country-trademark\/#primaryimage"},"image":{"@id":"https:\/\/elcanillita.info\/press\/2024\/10\/14\/country-trademark\/#primaryimage"},"thumbnailUrl":"https:\/\/elcanillita.info\/press\/images\/2024\/10\/cover_20241014.jpg","datePublished":"2024-10-14T22:43:17+00:00","dateModified":"2024-10-15T00:17:20+00:00","inLanguage":"es-AR","potentialAction":[{"@type":"ReadAction","target":["https:\/\/elcanillita.info\/press\/2024\/10\/14\/country-trademark\/"]}]},{"@type":"ImageObject","inLanguage":"es-AR","@id":"https:\/\/elcanillita.info\/press\/2024\/10\/14\/country-trademark\/#primaryimage","url":"https:\/\/elcanillita.info\/press\/images\/2024\/10\/cover_20241014.jpg","contentUrl":"https:\/\/elcanillita.info\/press\/images\/2024\/10\/cover_20241014.jpg","width":500,"height":500},{"@type":"WebSite","@id":"https:\/\/elcanillita.info\/press\/#website","url":"https:\/\/elcanillita.info\/press\/","name":"ElCanillita.Info","description":"desde los Apeninos a los Andes","publisher":{"@id":"https:\/\/elcanillita.info\/press\/#organization"},"potentialAction":[{"@type":"SearchAction","target":{"@type":"EntryPoint","urlTemplate":"https:\/\/elcanillita.info\/press\/?s={search_term_string}"},"query-input":{"@type":"PropertyValueSpecification","valueRequired":true,"valueName":"search_term_string"}}],"inLanguage":"es-AR"},{"@type":"Organization","@id":"https:\/\/elcanillita.info\/press\/#organization","name":"Guzzo Photos & Graphic Publications","url":"https:\/\/elcanillita.info\/press\/","logo":{"@type":"ImageObject","inLanguage":"es-AR","@id":"https:\/\/elcanillita.info\/press\/#\/schema\/logo\/image\/","url":"https:\/\/elcanillita.info\/press\/images\/2020\/01\/cropped-cropped-cropped-elcanillitainfo.png","contentUrl":"https:\/\/elcanillita.info\/press\/images\/2020\/01\/cropped-cropped-cropped-elcanillitainfo.png","width":460,"height":50,"caption":"Guzzo Photos & Graphic Publications"},"image":{"@id":"https:\/\/elcanillita.info\/press\/#\/schema\/logo\/image\/"},"sameAs":["https:\/\/ar-ar.facebook.com\/ElCanillitainfo-114249515285712\/"]},{"@type":"Person","@id":"https:\/\/elcanillita.info\/press\/#\/schema\/person\/7fcb79f38045700919f7da6d97e71ba0","name":"SalaStampa.eu, world press service","image":{"@type":"ImageObject","inLanguage":"es-AR","@id":"https:\/\/secure.gravatar.com\/avatar\/c2f0e0d515a107624234994507816ca4724c7199cef73fc8bedebf6931d73888?s=96&d=mm&r=g","url":"https:\/\/secure.gravatar.com\/avatar\/c2f0e0d515a107624234994507816ca4724c7199cef73fc8bedebf6931d73888?s=96&d=mm&r=g","contentUrl":"https:\/\/secure.gravatar.com\/avatar\/c2f0e0d515a107624234994507816ca4724c7199cef73fc8bedebf6931d73888?s=96&d=mm&r=g","caption":"SalaStampa.eu, world press service"}}]}},"views":467,"_links":{"self":[{"href":"https:\/\/elcanillita.info\/press\/wp-json\/wp\/v2\/posts\/4244","targetHints":{"allow":["GET"]}}],"collection":[{"href":"https:\/\/elcanillita.info\/press\/wp-json\/wp\/v2\/posts"}],"about":[{"href":"https:\/\/elcanillita.info\/press\/wp-json\/wp\/v2\/types\/post"}],"author":[{"embeddable":true,"href":"https:\/\/elcanillita.info\/press\/wp-json\/wp\/v2\/users\/1"}],"replies":[{"embeddable":true,"href":"https:\/\/elcanillita.info\/press\/wp-json\/wp\/v2\/comments?post=4244"}],"version-history":[{"count":0,"href":"https:\/\/elcanillita.info\/press\/wp-json\/wp\/v2\/posts\/4244\/revisions"}],"wp:featuredmedia":[{"embeddable":true,"href":"https:\/\/elcanillita.info\/press\/wp-json\/wp\/v2\/media\/4252"}],"wp:attachment":[{"href":"https:\/\/elcanillita.info\/press\/wp-json\/wp\/v2\/media?parent=4244"}],"wp:term":[{"taxonomy":"category","embeddable":true,"href":"https:\/\/elcanillita.info\/press\/wp-json\/wp\/v2\/categories?post=4244"},{"taxonomy":"post_tag","embeddable":true,"href":"https:\/\/elcanillita.info\/press\/wp-json\/wp\/v2\/tags?post=4244"}],"curies":[{"name":"wp","href":"https:\/\/api.w.org\/{rel}","templated":true}]}}