{"id":4239,"date":"2024-10-09T19:09:22","date_gmt":"2024-10-09T22:09:22","guid":{"rendered":"https:\/\/elcanillita.info\/press\/?p=4239"},"modified":"2024-10-09T19:09:22","modified_gmt":"2024-10-09T22:09:22","slug":"javier-milei-plagia-the-west-wing-en-su-discurso-ante-la-onu","status":"publish","type":"post","link":"https:\/\/elcanillita.info\/press\/2024\/10\/09\/javier-milei-plagia-the-west-wing-en-su-discurso-ante-la-onu\/","title":{"rendered":"Javier Milei plagia The West Wing en su discurso ante la ONU"},"content":{"rendered":"\n<figure class=\"wp-block-video\"><video controls src=\"https:\/\/elcanillita.info\/press\/images\/2024\/10\/Plagio Milei Final.mp4\"><\/video><\/figure>\n\n\n\n<p> El se\u00f1or Milei parece haber copiado casi palabra por palabra un di\u00e1logo de Josiah Bartlett, el presidente ficticio de Estados Unidos, y lo utiliz\u00f3 para su primer discurso ante la Asamblea General en Nueva York.<\/p>\n\n\n\n<p>El peri\u00f3dico La Naci\u00f3n inform\u00f3 que Santiago Caputo, el asesor de comunicaci\u00f3n de Milei, es un gran fan\u00e1tico de The West Wing (Ala Oeste), que se emiti\u00f3 durante siete temporadas desde 1999, y dijo que era poco probable que las similitudes fueran una coincidencia.<\/p>\n\n\n\n<p>\u201cCreemos en la libertad de expresi\u00f3n para todos; creemos en la libertad de culto para todos; creemos en la libertad de comercio para todos y creemos en gobiernos limitados, todos ellos\u201d, dijo Milei al final de su discurso de 15 minutos.<\/p>\n\n\n\n<p>\u201cY porque en estos tiempos lo que sucede en un pa\u00eds impacta r\u00e1pidamente a otros, creemos que todos los pueblos deben vivir libres de la tiran\u00eda y la opresi\u00f3n, ya sea en forma de opresi\u00f3n pol\u00edtica, esclavitud econ\u00f3mica o fanatismo religioso.<\/p>\n\n\n\n<p>\u201cEsa idea fundamental no debe quedarse en meras palabras; tiene que estar respaldada por hechos, diplom\u00e1ticamente, econ\u00f3micamente y materialmente\u201d.<\/p>\n\n\n\n<p>En el episodio 15 de la cuarta temporada del programa, el presidente de los Estados Unidos, interpretado por Martin Sheen, se dirige a sus asistentes en la Oficina Oval de la Casa Blanca.<\/p>\n\n\n\n<p>\u201cEstamos a favor de la libertad de expresi\u00f3n en todas partes. Estamos a favor de la libertad de religi\u00f3n en todas partes. Estamos a favor de la libertad de aprender\u2026 para todos. Y como en nuestra \u00e9poca, se puede construir una bomba en nuestro pa\u00eds y traerla al m\u00edo, lo que ocurra en nuestro pa\u00eds es asunto m\u00edo\u201d, dijo.<\/p>\n\n\n\n<p>\u201cPor eso estamos a favor de la libertad frente a la tiran\u00eda, en todas partes, ya sea bajo la apariencia de opresi\u00f3n pol\u00edtica, Toby, o esclavitud econ\u00f3mica, Josh, o fanatismo religioso, CJ. Esa idea fundamental no se puede cumplir simplemente con nuestro apoyo. Se debe cumplir con nuestra fuerza. Diplom\u00e1tica, econ\u00f3mica y materialmente\u201d.<\/p>\n\n\n\n<p>La Naci\u00f3n dijo que el amor de Caputo por la serie era bien conocido.<\/p>\n\n\n\n<p>\u201cFan\u00e1tico del guionista Aaron Sorkin, Caputo vio la serie completa The West Wing entre siete y nueve veces\u201d, dijo el peri\u00f3dico.<\/p>\n\n\n\n<p>\u201cTambi\u00e9n sugiri\u00f3 a los altos mandos de Move Group -la firma consultora que fund\u00f3- que cualquiera que quisiera unirse a la compa\u00f1\u00eda ten\u00eda que ver la serie como condici\u00f3n esencial\u201d.<\/p>\n\n\n\n<p>El presidente ficticio Bartlet es, como Milei, un economista y profesor universitario que dio el salto a la pol\u00edtica.<\/p>\n\n\n\n<p>Pero mientras que el personaje de Martin Sheen es un dem\u00f3crata de tendencia izquierdista, Milei es un populista radical con una inclinaci\u00f3n por blandir motosierras y cantar a todo pulm\u00f3n canciones de rock a sus partidarios.<\/p>\n\n\n\n<p>No es la primera vez que los observadores de Milei han detectado ecos del trabajo de Sorkin en los discursos del presidente.<\/p>\n\n\n\n<p><strong>Discurso inaugural<\/strong><\/p>\n\n\n<div class=\"wp-block-image\">\n<figure class=\"alignleft size-full is-resized\"><img loading=\"lazy\" decoding=\"async\" width=\"600\" height=\"400\" src=\"https:\/\/elcanillita.info\/press\/images\/2024\/10\/melen_20241009.jpg\" alt=\"\" class=\"wp-image-4242\" style=\"width:406px;height:auto\" srcset=\"https:\/\/elcanillita.info\/press\/images\/2024\/10\/melen_20241009.jpg 600w, https:\/\/elcanillita.info\/press\/images\/2024\/10\/melen_20241009-300x200.jpg 300w\" sizes=\"auto, (max-width: 600px) 100vw, 600px\" \/><\/figure>\n<\/div>\n\n\n<p>En su discurso inaugural del 10 de diciembre, Milei dijo: \u201cLos desaf\u00edos que enfrentamos son enormes, pero tambi\u00e9n lo es nuestra capacidad para superarlos\u201d.<\/p>\n\n\n\n<p>En una famosa escena de la serie televisiva &#8220;The West Wing&#8221; (Ala Oeste), Bartlet declar\u00f3: \u201cSiempre que pensamos que hemos alcanzado nuestra capacidad para enfrentar un desaf\u00edo, miramos hacia arriba y recordamos que esa capacidad puede ser ilimitada\u201d.<\/p>\n\n\n\n<p>En un discurso de abril, Milei dijo: \u201cLa era del estado actual ha terminado\u201d. Algunos detectaron ecos de una escena durante la cual el asesor de imagen de Bartlet le dice que \u201cla era del gran gobierno ha terminado\u201d.<\/p>\n\n\n\n<p>Desde que fue elegido en diciembre, la administraci\u00f3n de Milei ha utilizado un atril para dirigirse al Congreso, algo que hab\u00eda pasado de moda en Argentina.<\/p>\n\n\n\n<p>La Naci\u00f3n sugiri\u00f3 que esto tambi\u00e9n era un gui\u00f1o a la est\u00e9tica de la serie televisiva &#8220;The West Wing&#8221;.<\/p>\n\n\n\n<p>En noviembre, Milei y Caputo se reunieron con miembros de la administraci\u00f3n Biden. Despu\u00e9s de las reuniones, posaron para una selfie en la puerta del &#8220;Ala Oeste&#8221; de la Casa Blanca.<\/p>\n\n\n\n<p><small>Copyright \u00a9 2024 ElCanillita.info \/ SalaStampa.Eu, servicio mundial de prensa<\/small><br><small>Guzzo Photos &amp; Graphic Publications &#8211; Registro Editori e Stampatori n. 1441 Torino, Italia<\/small><\/p>\n","protected":false},"excerpt":{"rendered":"<p>Javier Milei, el presidente de Argentina, copi\u00f3 un gui\u00f3n de la serie de televisi\u00f3n &#8220;The West Wing&#8221;para un discurso ante las Naciones Unidas el pasado mes de Septiembre.<\/p>\n","protected":false},"author":1,"featured_media":4243,"comment_status":"closed","ping_status":"closed","sticky":false,"template":"","format":"standard","meta":{"footnotes":"","_links_to":"","_links_to_target":""},"categories":[108,121,70,11,126,23,112],"tags":[29],"class_list":["post-4239","post","type-post","status-publish","format-standard","has-post-thumbnail","hentry","category-blogdiario","category-dc24","category-actualidad","category-america-del-sur","category-dolores-de-la-press","category-politica","category-quien-es-quien","tag-argentina","entry","double"],"yoast_head":"<!-- This site is optimized with the Yoast SEO plugin v27.4 - https:\/\/yoast.com\/product\/yoast-seo-wordpress\/ -->\n<title>Javier Milei plagia The West Wing en su discurso ante la ONU - ElCanillita.Info<\/title>\n<meta name=\"robots\" content=\"index, follow, max-snippet:-1, max-image-preview:large, max-video-preview:-1\" \/>\n<link rel=\"canonical\" href=\"https:\/\/elcanillita.info\/press\/2024\/10\/09\/javier-milei-plagia-the-west-wing-en-su-discurso-ante-la-onu\/\" \/>\n<meta property=\"og:locale\" content=\"es_ES\" \/>\n<meta property=\"og:type\" content=\"article\" \/>\n<meta property=\"og:title\" content=\"Javier Milei plagia The West Wing en su discurso ante la ONU - ElCanillita.Info\" \/>\n<meta property=\"og:description\" content=\"Javier Milei, el presidente de Argentina, copi\u00f3 un gui\u00f3n de la serie de televisi\u00f3n &quot;The West Wing&quot;para un discurso ante las Naciones Unidas el pasado mes de Septiembre.\" \/>\n<meta property=\"og:url\" content=\"https:\/\/elcanillita.info\/press\/2024\/10\/09\/javier-milei-plagia-the-west-wing-en-su-discurso-ante-la-onu\/\" \/>\n<meta property=\"og:site_name\" content=\"ElCanillita.Info\" \/>\n<meta property=\"article:publisher\" content=\"https:\/\/ar-ar.facebook.com\/ElCanillitainfo-114249515285712\/\" \/>\n<meta property=\"article:published_time\" content=\"2024-10-09T22:09:22+00:00\" \/>\n<meta property=\"og:image\" content=\"https:\/\/elcanillita.info\/press\/images\/2024\/10\/melen1_20241009.jpg\" \/>\n\t<meta property=\"og:image:width\" content=\"600\" \/>\n\t<meta property=\"og:image:height\" content=\"400\" \/>\n\t<meta property=\"og:image:type\" content=\"image\/jpeg\" \/>\n<meta name=\"author\" content=\"SalaStampa.eu, world press service\" \/>\n<meta name=\"twitter:card\" content=\"summary_large_image\" \/>\n<meta name=\"twitter:label1\" content=\"Escrito por\" \/>\n\t<meta name=\"twitter:data1\" content=\"SalaStampa.eu, world press service\" \/>\n\t<meta name=\"twitter:label2\" content=\"Tiempo de lectura\" \/>\n\t<meta name=\"twitter:data2\" content=\"4 minutos\" \/>\n<script type=\"application\/ld+json\" class=\"yoast-schema-graph\">{\"@context\":\"https:\\\/\\\/schema.org\",\"@graph\":[{\"@type\":\"Article\",\"@id\":\"https:\\\/\\\/elcanillita.info\\\/press\\\/2024\\\/10\\\/09\\\/javier-milei-plagia-the-west-wing-en-su-discurso-ante-la-onu\\\/#article\",\"isPartOf\":{\"@id\":\"https:\\\/\\\/elcanillita.info\\\/press\\\/2024\\\/10\\\/09\\\/javier-milei-plagia-the-west-wing-en-su-discurso-ante-la-onu\\\/\"},\"author\":{\"name\":\"SalaStampa.eu, world press service\",\"@id\":\"https:\\\/\\\/elcanillita.info\\\/press\\\/#\\\/schema\\\/person\\\/7fcb79f38045700919f7da6d97e71ba0\"},\"headline\":\"Javier Milei plagia The West Wing en su discurso ante la ONU\",\"datePublished\":\"2024-10-09T22:09:22+00:00\",\"mainEntityOfPage\":{\"@id\":\"https:\\\/\\\/elcanillita.info\\\/press\\\/2024\\\/10\\\/09\\\/javier-milei-plagia-the-west-wing-en-su-discurso-ante-la-onu\\\/\"},\"wordCount\":727,\"publisher\":{\"@id\":\"https:\\\/\\\/elcanillita.info\\\/press\\\/#organization\"},\"image\":{\"@id\":\"https:\\\/\\\/elcanillita.info\\\/press\\\/2024\\\/10\\\/09\\\/javier-milei-plagia-the-west-wing-en-su-discurso-ante-la-onu\\\/#primaryimage\"},\"thumbnailUrl\":\"https:\\\/\\\/elcanillita.info\\\/press\\\/images\\\/2024\\\/10\\\/melen1_20241009.jpg\",\"keywords\":[\"Argentina\"],\"articleSection\":[\".\",\".\",\"Actualidad\",\"Am\u00e9rica del Sur\",\"Dolores de La Press\",\"Politica\",\"Quien es quien\"],\"inLanguage\":\"es-AR\"},{\"@type\":\"WebPage\",\"@id\":\"https:\\\/\\\/elcanillita.info\\\/press\\\/2024\\\/10\\\/09\\\/javier-milei-plagia-the-west-wing-en-su-discurso-ante-la-onu\\\/\",\"url\":\"https:\\\/\\\/elcanillita.info\\\/press\\\/2024\\\/10\\\/09\\\/javier-milei-plagia-the-west-wing-en-su-discurso-ante-la-onu\\\/\",\"name\":\"Javier Milei plagia The West Wing en su discurso ante la ONU - ElCanillita.Info\",\"isPartOf\":{\"@id\":\"https:\\\/\\\/elcanillita.info\\\/press\\\/#website\"},\"primaryImageOfPage\":{\"@id\":\"https:\\\/\\\/elcanillita.info\\\/press\\\/2024\\\/10\\\/09\\\/javier-milei-plagia-the-west-wing-en-su-discurso-ante-la-onu\\\/#primaryimage\"},\"image\":{\"@id\":\"https:\\\/\\\/elcanillita.info\\\/press\\\/2024\\\/10\\\/09\\\/javier-milei-plagia-the-west-wing-en-su-discurso-ante-la-onu\\\/#primaryimage\"},\"thumbnailUrl\":\"https:\\\/\\\/elcanillita.info\\\/press\\\/images\\\/2024\\\/10\\\/melen1_20241009.jpg\",\"datePublished\":\"2024-10-09T22:09:22+00:00\",\"inLanguage\":\"es-AR\",\"potentialAction\":[{\"@type\":\"ReadAction\",\"target\":[\"https:\\\/\\\/elcanillita.info\\\/press\\\/2024\\\/10\\\/09\\\/javier-milei-plagia-the-west-wing-en-su-discurso-ante-la-onu\\\/\"]}]},{\"@type\":\"ImageObject\",\"inLanguage\":\"es-AR\",\"@id\":\"https:\\\/\\\/elcanillita.info\\\/press\\\/2024\\\/10\\\/09\\\/javier-milei-plagia-the-west-wing-en-su-discurso-ante-la-onu\\\/#primaryimage\",\"url\":\"https:\\\/\\\/elcanillita.info\\\/press\\\/images\\\/2024\\\/10\\\/melen1_20241009.jpg\",\"contentUrl\":\"https:\\\/\\\/elcanillita.info\\\/press\\\/images\\\/2024\\\/10\\\/melen1_20241009.jpg\",\"width\":600,\"height\":400},{\"@type\":\"WebSite\",\"@id\":\"https:\\\/\\\/elcanillita.info\\\/press\\\/#website\",\"url\":\"https:\\\/\\\/elcanillita.info\\\/press\\\/\",\"name\":\"ElCanillita.Info\",\"description\":\"desde los Apeninos a los Andes\",\"publisher\":{\"@id\":\"https:\\\/\\\/elcanillita.info\\\/press\\\/#organization\"},\"potentialAction\":[{\"@type\":\"SearchAction\",\"target\":{\"@type\":\"EntryPoint\",\"urlTemplate\":\"https:\\\/\\\/elcanillita.info\\\/press\\\/?s={search_term_string}\"},\"query-input\":{\"@type\":\"PropertyValueSpecification\",\"valueRequired\":true,\"valueName\":\"search_term_string\"}}],\"inLanguage\":\"es-AR\"},{\"@type\":\"Organization\",\"@id\":\"https:\\\/\\\/elcanillita.info\\\/press\\\/#organization\",\"name\":\"Guzzo Photos & Graphic Publications\",\"url\":\"https:\\\/\\\/elcanillita.info\\\/press\\\/\",\"logo\":{\"@type\":\"ImageObject\",\"inLanguage\":\"es-AR\",\"@id\":\"https:\\\/\\\/elcanillita.info\\\/press\\\/#\\\/schema\\\/logo\\\/image\\\/\",\"url\":\"https:\\\/\\\/elcanillita.info\\\/press\\\/images\\\/2020\\\/01\\\/cropped-cropped-cropped-elcanillitainfo.png\",\"contentUrl\":\"https:\\\/\\\/elcanillita.info\\\/press\\\/images\\\/2020\\\/01\\\/cropped-cropped-cropped-elcanillitainfo.png\",\"width\":460,\"height\":50,\"caption\":\"Guzzo Photos & Graphic Publications\"},\"image\":{\"@id\":\"https:\\\/\\\/elcanillita.info\\\/press\\\/#\\\/schema\\\/logo\\\/image\\\/\"},\"sameAs\":[\"https:\\\/\\\/ar-ar.facebook.com\\\/ElCanillitainfo-114249515285712\\\/\"]},{\"@type\":\"Person\",\"@id\":\"https:\\\/\\\/elcanillita.info\\\/press\\\/#\\\/schema\\\/person\\\/7fcb79f38045700919f7da6d97e71ba0\",\"name\":\"SalaStampa.eu, world press service\",\"image\":{\"@type\":\"ImageObject\",\"inLanguage\":\"es-AR\",\"@id\":\"https:\\\/\\\/secure.gravatar.com\\\/avatar\\\/c2f0e0d515a107624234994507816ca4724c7199cef73fc8bedebf6931d73888?s=96&d=mm&r=g\",\"url\":\"https:\\\/\\\/secure.gravatar.com\\\/avatar\\\/c2f0e0d515a107624234994507816ca4724c7199cef73fc8bedebf6931d73888?s=96&d=mm&r=g\",\"contentUrl\":\"https:\\\/\\\/secure.gravatar.com\\\/avatar\\\/c2f0e0d515a107624234994507816ca4724c7199cef73fc8bedebf6931d73888?s=96&d=mm&r=g\",\"caption\":\"SalaStampa.eu, world press service\"}}]}<\/script>\n<!-- \/ Yoast SEO plugin. -->","yoast_head_json":{"title":"Javier Milei plagia The West Wing en su discurso ante la ONU - ElCanillita.Info","robots":{"index":"index","follow":"follow","max-snippet":"max-snippet:-1","max-image-preview":"max-image-preview:large","max-video-preview":"max-video-preview:-1"},"canonical":"https:\/\/elcanillita.info\/press\/2024\/10\/09\/javier-milei-plagia-the-west-wing-en-su-discurso-ante-la-onu\/","og_locale":"es_ES","og_type":"article","og_title":"Javier Milei plagia The West Wing en su discurso ante la ONU - ElCanillita.Info","og_description":"Javier Milei, el presidente de Argentina, copi\u00f3 un gui\u00f3n de la serie de televisi\u00f3n \"The West Wing\"para un discurso ante las Naciones Unidas el pasado mes de Septiembre.","og_url":"https:\/\/elcanillita.info\/press\/2024\/10\/09\/javier-milei-plagia-the-west-wing-en-su-discurso-ante-la-onu\/","og_site_name":"ElCanillita.Info","article_publisher":"https:\/\/ar-ar.facebook.com\/ElCanillitainfo-114249515285712\/","article_published_time":"2024-10-09T22:09:22+00:00","og_image":[{"width":600,"height":400,"url":"https:\/\/elcanillita.info\/press\/images\/2024\/10\/melen1_20241009.jpg","type":"image\/jpeg"}],"author":"SalaStampa.eu, world press service","twitter_card":"summary_large_image","twitter_misc":{"Escrito por":"SalaStampa.eu, world press service","Tiempo de lectura":"4 minutos"},"schema":{"@context":"https:\/\/schema.org","@graph":[{"@type":"Article","@id":"https:\/\/elcanillita.info\/press\/2024\/10\/09\/javier-milei-plagia-the-west-wing-en-su-discurso-ante-la-onu\/#article","isPartOf":{"@id":"https:\/\/elcanillita.info\/press\/2024\/10\/09\/javier-milei-plagia-the-west-wing-en-su-discurso-ante-la-onu\/"},"author":{"name":"SalaStampa.eu, world press service","@id":"https:\/\/elcanillita.info\/press\/#\/schema\/person\/7fcb79f38045700919f7da6d97e71ba0"},"headline":"Javier Milei plagia The West Wing en su discurso ante la ONU","datePublished":"2024-10-09T22:09:22+00:00","mainEntityOfPage":{"@id":"https:\/\/elcanillita.info\/press\/2024\/10\/09\/javier-milei-plagia-the-west-wing-en-su-discurso-ante-la-onu\/"},"wordCount":727,"publisher":{"@id":"https:\/\/elcanillita.info\/press\/#organization"},"image":{"@id":"https:\/\/elcanillita.info\/press\/2024\/10\/09\/javier-milei-plagia-the-west-wing-en-su-discurso-ante-la-onu\/#primaryimage"},"thumbnailUrl":"https:\/\/elcanillita.info\/press\/images\/2024\/10\/melen1_20241009.jpg","keywords":["Argentina"],"articleSection":[".",".","Actualidad","Am\u00e9rica del Sur","Dolores de La Press","Politica","Quien es quien"],"inLanguage":"es-AR"},{"@type":"WebPage","@id":"https:\/\/elcanillita.info\/press\/2024\/10\/09\/javier-milei-plagia-the-west-wing-en-su-discurso-ante-la-onu\/","url":"https:\/\/elcanillita.info\/press\/2024\/10\/09\/javier-milei-plagia-the-west-wing-en-su-discurso-ante-la-onu\/","name":"Javier Milei plagia The West Wing en su discurso ante la ONU - ElCanillita.Info","isPartOf":{"@id":"https:\/\/elcanillita.info\/press\/#website"},"primaryImageOfPage":{"@id":"https:\/\/elcanillita.info\/press\/2024\/10\/09\/javier-milei-plagia-the-west-wing-en-su-discurso-ante-la-onu\/#primaryimage"},"image":{"@id":"https:\/\/elcanillita.info\/press\/2024\/10\/09\/javier-milei-plagia-the-west-wing-en-su-discurso-ante-la-onu\/#primaryimage"},"thumbnailUrl":"https:\/\/elcanillita.info\/press\/images\/2024\/10\/melen1_20241009.jpg","datePublished":"2024-10-09T22:09:22+00:00","inLanguage":"es-AR","potentialAction":[{"@type":"ReadAction","target":["https:\/\/elcanillita.info\/press\/2024\/10\/09\/javier-milei-plagia-the-west-wing-en-su-discurso-ante-la-onu\/"]}]},{"@type":"ImageObject","inLanguage":"es-AR","@id":"https:\/\/elcanillita.info\/press\/2024\/10\/09\/javier-milei-plagia-the-west-wing-en-su-discurso-ante-la-onu\/#primaryimage","url":"https:\/\/elcanillita.info\/press\/images\/2024\/10\/melen1_20241009.jpg","contentUrl":"https:\/\/elcanillita.info\/press\/images\/2024\/10\/melen1_20241009.jpg","width":600,"height":400},{"@type":"WebSite","@id":"https:\/\/elcanillita.info\/press\/#website","url":"https:\/\/elcanillita.info\/press\/","name":"ElCanillita.Info","description":"desde los Apeninos a los Andes","publisher":{"@id":"https:\/\/elcanillita.info\/press\/#organization"},"potentialAction":[{"@type":"SearchAction","target":{"@type":"EntryPoint","urlTemplate":"https:\/\/elcanillita.info\/press\/?s={search_term_string}"},"query-input":{"@type":"PropertyValueSpecification","valueRequired":true,"valueName":"search_term_string"}}],"inLanguage":"es-AR"},{"@type":"Organization","@id":"https:\/\/elcanillita.info\/press\/#organization","name":"Guzzo Photos & Graphic Publications","url":"https:\/\/elcanillita.info\/press\/","logo":{"@type":"ImageObject","inLanguage":"es-AR","@id":"https:\/\/elcanillita.info\/press\/#\/schema\/logo\/image\/","url":"https:\/\/elcanillita.info\/press\/images\/2020\/01\/cropped-cropped-cropped-elcanillitainfo.png","contentUrl":"https:\/\/elcanillita.info\/press\/images\/2020\/01\/cropped-cropped-cropped-elcanillitainfo.png","width":460,"height":50,"caption":"Guzzo Photos & Graphic Publications"},"image":{"@id":"https:\/\/elcanillita.info\/press\/#\/schema\/logo\/image\/"},"sameAs":["https:\/\/ar-ar.facebook.com\/ElCanillitainfo-114249515285712\/"]},{"@type":"Person","@id":"https:\/\/elcanillita.info\/press\/#\/schema\/person\/7fcb79f38045700919f7da6d97e71ba0","name":"SalaStampa.eu, world press service","image":{"@type":"ImageObject","inLanguage":"es-AR","@id":"https:\/\/secure.gravatar.com\/avatar\/c2f0e0d515a107624234994507816ca4724c7199cef73fc8bedebf6931d73888?s=96&d=mm&r=g","url":"https:\/\/secure.gravatar.com\/avatar\/c2f0e0d515a107624234994507816ca4724c7199cef73fc8bedebf6931d73888?s=96&d=mm&r=g","contentUrl":"https:\/\/secure.gravatar.com\/avatar\/c2f0e0d515a107624234994507816ca4724c7199cef73fc8bedebf6931d73888?s=96&d=mm&r=g","caption":"SalaStampa.eu, world press service"}}]}},"views":329,"_links":{"self":[{"href":"https:\/\/elcanillita.info\/press\/wp-json\/wp\/v2\/posts\/4239","targetHints":{"allow":["GET"]}}],"collection":[{"href":"https:\/\/elcanillita.info\/press\/wp-json\/wp\/v2\/posts"}],"about":[{"href":"https:\/\/elcanillita.info\/press\/wp-json\/wp\/v2\/types\/post"}],"author":[{"embeddable":true,"href":"https:\/\/elcanillita.info\/press\/wp-json\/wp\/v2\/users\/1"}],"replies":[{"embeddable":true,"href":"https:\/\/elcanillita.info\/press\/wp-json\/wp\/v2\/comments?post=4239"}],"version-history":[{"count":0,"href":"https:\/\/elcanillita.info\/press\/wp-json\/wp\/v2\/posts\/4239\/revisions"}],"wp:featuredmedia":[{"embeddable":true,"href":"https:\/\/elcanillita.info\/press\/wp-json\/wp\/v2\/media\/4243"}],"wp:attachment":[{"href":"https:\/\/elcanillita.info\/press\/wp-json\/wp\/v2\/media?parent=4239"}],"wp:term":[{"taxonomy":"category","embeddable":true,"href":"https:\/\/elcanillita.info\/press\/wp-json\/wp\/v2\/categories?post=4239"},{"taxonomy":"post_tag","embeddable":true,"href":"https:\/\/elcanillita.info\/press\/wp-json\/wp\/v2\/tags?post=4239"}],"curies":[{"name":"wp","href":"https:\/\/api.w.org\/{rel}","templated":true}]}}