{"id":4230,"date":"2024-10-06T17:49:14","date_gmt":"2024-10-06T20:49:14","guid":{"rendered":"https:\/\/elcanillita.info\/press\/?p=4230"},"modified":"2024-10-06T18:04:52","modified_gmt":"2024-10-06T21:04:52","slug":"pobre-argentina","status":"publish","type":"post","link":"https:\/\/elcanillita.info\/press\/2024\/10\/06\/pobre-argentina\/","title":{"rendered":"Pobre Argentina !!"},"content":{"rendered":"<div class=\"wp-block-image\">\n<figure class=\"alignleft size-full is-resized\"><img loading=\"lazy\" decoding=\"async\" width=\"389\" height=\"500\" src=\"https:\/\/elcanillita.info\/press\/images\/2024\/10\/page1_Blog_20241006.jpg\" alt=\"\" class=\"wp-image-4232\" style=\"width:327px;height:auto\" srcset=\"https:\/\/elcanillita.info\/press\/images\/2024\/10\/page1_Blog_20241006.jpg 389w, https:\/\/elcanillita.info\/press\/images\/2024\/10\/page1_Blog_20241006-233x300.jpg 233w\" sizes=\"auto, (max-width: 389px) 100vw, 389px\" \/><\/figure>\n<\/div>\n\n\n<p class=\"has-text-align-left\"><strong><em>por Enrique Guillermo Avogadro<\/em><\/strong><br><br><small><strong>Argentina Hoy, Octubre 06 2024<\/strong><\/small><br>La semana pasada nos arrasaron las lacerantes cifras de pobreza e indigencia.<br>En el imaginario popular, el peor pecado del kirchnerismo fue la corrupci\u00f3n rampante, pero el costo social y econ\u00f3mico de esa irrefrenable vocaci\u00f3n por el saqueo es sideralmente peor que una mera cuenta aritm\u00e9tica, porque el pa\u00eds deber\u00e1 pagarlo por d\u00e9cadas.<br><br>Si bien es cierto que la crisis del 2001 arrastr\u00f3 al abismo a las clases medias y bajas, gran parte de los problemas que derivaron en ella hab\u00edan sido conjurados por las gestiones de Jorge Remes Lenicov y Roberto Lavagna para cuando lleg\u00f3 al poder el fundador de la dinast\u00eda ping\u00fcina, N\u00e9stor Kirchner, el 25 de mayo de 2003, rodeado de todos los gangsters que hab\u00edan robado a mansalva en la Provincia de Santa Cruz, y los precios de los productos que Argentina exporta volaban, en especial, la soja, siempre peronista, cuyo precio duplicaba al actual durante su presidencia.<br><br>Un r\u00e1pido inventario de los m\u00e1s graves da\u00f1os causados por los cuatro gobiernos de ese signo, sin duda debe incluir la p\u00e9rdida del autoabastecimiento energ\u00e9tico, la ridiculizaci\u00f3n del esfuerzo como \u00fanico factor del progreso personal, la anulaci\u00f3n de la cultura del trabajo, el aprovechamiento pol\u00edtico de la \u201ccuareterna\u201d con la consecuente matanza de empresas, el retraso en la adquisici\u00f3n de vacunas por motivos ideol\u00f3gicos y cremat\u00edsticos, la pauperizaci\u00f3n generalizada de la poblaci\u00f3n, la destrucci\u00f3n de la educaci\u00f3n p\u00fablica, la inviabilidad del sistema jubilatorio, la nefasta indefensi\u00f3n del pa\u00eds, la salvaje degradaci\u00f3n de la seguridad ciudadana, la irracional inmigraci\u00f3n, la cancelaci\u00f3n de la movilidad social ascendente, la penetraci\u00f3n del narcotr\u00e1fico internacional, el deterioro de la infraestructura, la muerte de tantos por la inexistencia de rutas adecuadas, etc., etc.<br><br>Y todo eso sin olvidar la firma del pacto con Ir\u00e1n y el asesinato de Alberto Nisman ni la colonizaci\u00f3n de la Justicia para buscar y exhibir una repugnante impunidad que a\u00fan subsiste, vaya uno a saber en virtud de qu\u00e9 acuerdo espurio.<br><br>En materia de energ\u00eda, el prop\u00f3sito inicial fue quedarse con YPF y, como he explicado en infinidad de notas, la herramienta fue el congelamiento de las tarifas a los productores. Luego, se gener\u00f3 un nuevo negocio, la importaci\u00f3n de gas licuado, fuente de nuevos latrocinios que incluyeron hasta la compra de cargamentos inexistentes. Las consecuencias de todo eso, en particular la re-estatizaci\u00f3n de la petrolera, han derivado en la monumental condena por US$ 16.100 millones, que deberemos pagar durante generaciones.<br><br>Para consolidar su basti\u00f3n electoral en el Conurbano bonaerense, que a\u00fan conserva Cristina Fern\u00e1ndez, con toda intenci\u00f3n se lo llen\u00f3 de inmigrantes pobres y, cuando \u00e9stos lo requirieron para asentarse, se permiti\u00f3 la ocupaci\u00f3n de tierras fiscales y privadas, a las cuales el Estado suministr\u00f3 gratuitamente electricidad, aunque se tratara de villas miseria, con viviendas de lata, pl\u00e1stico y cart\u00f3n que carecen de agua potable y, por supuesto, de cloacas, am\u00e9n de pisos de tierra. Y sus ocupantes dejaron de hacer planes para sus hijos a tener hijos para acceder a m\u00e1s planes sociales, que se distribuyeron sin orden ni control, administrados por los gerentes de la pobreza que tanto han lucrado con ello.<br><br>En lugar de procurar que todos los habitantes del pa\u00eds tuvieran salarios dignos que les permitiera pagar por el transporte, el agua y la energ\u00eda que consum\u00edan, se congelaron todas las tarifas hasta convertirlas en rid\u00edculas; el despilfarro se transform\u00f3 en una norma para todas las clases sociales y ahora, que ya no tenemos de d\u00f3nde sacar dinero para seguir en esa fiesta, estamos pagando las consecuencias de esa demencial pol\u00edtica.<br><br>Con suicidas pol\u00edticas populistas, y en nombre de una igualdad irreal, se entreg\u00f3 el dise\u00f1o y la implementaci\u00f3n de la educaci\u00f3n p\u00fablica a Roberto Baradel y sus c\u00f3mplices que, transformando a los chicos en rehenes en beneficio propio, la han destruido hasta los cimientos. Y la monumental proliferaci\u00f3n de pseudo-universidades en el Conurbano bonaerense, donde 7 de cada 10 chicos no termina el secundario y, cuando lo hacen, no comprenden los textos, acab\u00f3 por perfeccionar ese estrafalario y demon\u00edaco modelo de postergaci\u00f3n social.<br><br>La defensa territorial y la vigilancia eficiente de las fronteras fueron las primeras v\u00edctimas de proyecto kirchnerista. Como no se pudo cooptarlas al mejor estilo chavista, se desfinanci\u00f3 a las fuerzas armadas y los salarios de sus hombres fueron empujados por debajo de la l\u00ednea de pobreza, mientras se imped\u00eda a las fuerzas de seguridad (polic\u00edas, Gendarmer\u00eda y Prefectura Naval) cumplir con sus objetivos espec\u00edficos de vigilar las fronteras terrestres, fluviales y mar\u00edtimas para facilitar la pesca ilegal y el tr\u00e1fico de estupefacientes, dos lucrativas actividades a las cuales los Kirchner estuvieron asociados.<br><br>Y con la populista e irracional incorporaci\u00f3n al sistema de cuatro millones de personas que no hab\u00edan realizado los aportes legales necesarios, se termin\u00f3 por demoler la ecuaci\u00f3n que daba sustento al sistema previsional al extremo que hoy, para cada jubilado s\u00f3lo hay 1,4 trabajador en actividad para mantenerlo; por si fuera poco, se robaron los fondos de las AFJP que, en Chile, por ejemplo, tanto contribuyeron al desarrollo del pa\u00eds.<br><br>Espero que estos breves comentarios generen una nueva tormenta de ideas, por el bien de la Argentina, ya que en las legislativas del pr\u00f3ximo a\u00f1o el kirchnerismo, aliado siempre a la izquierda insurreccional, intentar\u00e1 volver por sus reales, si es que no consigue antes tumbar al Gobierno.<br><br><small>\u00a9 Copyright 2024 Enrique Guillermo Avogadro<br>\u00a9 2024 ElCanillita.info \/ SalaStampa.Eu, servicio mundial de prensa<\/small><br><small>Guzzo Photos &amp; Graphic Publications &#8211; Registro Editori e Stampatori n. 1441 Torino, Italia<\/small><\/p>\n","protected":false},"excerpt":{"rendered":"<p>La pobreza, no es una camisa emparchada, sino su \u00edntima condici\u00f3n.<br \/>\n<small>-rmag-<\/small><\/p>\n","protected":false},"author":1,"featured_media":4236,"comment_status":"closed","ping_status":"closed","sticky":false,"template":"","format":"standard","meta":{"footnotes":"","_links_to":"","_links_to_target":""},"categories":[108,121,70,11,20],"tags":[29],"class_list":["post-4230","post","type-post","status-publish","format-standard","has-post-thumbnail","hentry","category-blogdiario","category-dc24","category-actualidad","category-america-del-sur","category-economia","tag-argentina","entry","double"],"yoast_head":"<!-- This site is optimized with the Yoast SEO plugin v27.4 - https:\/\/yoast.com\/product\/yoast-seo-wordpress\/ -->\n<title>Pobre Argentina !! - ElCanillita.Info<\/title>\n<meta name=\"robots\" content=\"index, follow, max-snippet:-1, max-image-preview:large, max-video-preview:-1\" \/>\n<link rel=\"canonical\" href=\"https:\/\/elcanillita.info\/press\/2024\/10\/06\/pobre-argentina\/\" \/>\n<meta property=\"og:locale\" content=\"es_ES\" \/>\n<meta property=\"og:type\" content=\"article\" \/>\n<meta property=\"og:title\" content=\"Pobre Argentina !! - ElCanillita.Info\" \/>\n<meta property=\"og:description\" content=\"La pobreza, no es una camisa emparchada, sino su \u00edntima condici\u00f3n. -rmag-\" \/>\n<meta property=\"og:url\" content=\"https:\/\/elcanillita.info\/press\/2024\/10\/06\/pobre-argentina\/\" \/>\n<meta property=\"og:site_name\" content=\"ElCanillita.Info\" \/>\n<meta property=\"article:publisher\" content=\"https:\/\/ar-ar.facebook.com\/ElCanillitainfo-114249515285712\/\" \/>\n<meta property=\"article:published_time\" content=\"2024-10-06T20:49:14+00:00\" \/>\n<meta property=\"article:modified_time\" content=\"2024-10-06T21:04:52+00:00\" \/>\n<meta property=\"og:image\" content=\"https:\/\/elcanillita.info\/press\/images\/2024\/10\/cover500_Blog_20241006.jpg\" \/>\n\t<meta property=\"og:image:width\" content=\"500\" \/>\n\t<meta property=\"og:image:height\" content=\"400\" \/>\n\t<meta property=\"og:image:type\" content=\"image\/jpeg\" \/>\n<meta name=\"author\" content=\"SalaStampa.eu, world press service\" \/>\n<meta name=\"twitter:card\" content=\"summary_large_image\" \/>\n<meta name=\"twitter:label1\" content=\"Escrito por\" \/>\n\t<meta name=\"twitter:data1\" content=\"SalaStampa.eu, world press service\" \/>\n\t<meta name=\"twitter:label2\" content=\"Tiempo de lectura\" \/>\n\t<meta name=\"twitter:data2\" content=\"5 minutos\" \/>\n<script type=\"application\/ld+json\" class=\"yoast-schema-graph\">{\"@context\":\"https:\\\/\\\/schema.org\",\"@graph\":[{\"@type\":\"Article\",\"@id\":\"https:\\\/\\\/elcanillita.info\\\/press\\\/2024\\\/10\\\/06\\\/pobre-argentina\\\/#article\",\"isPartOf\":{\"@id\":\"https:\\\/\\\/elcanillita.info\\\/press\\\/2024\\\/10\\\/06\\\/pobre-argentina\\\/\"},\"author\":{\"name\":\"SalaStampa.eu, world press service\",\"@id\":\"https:\\\/\\\/elcanillita.info\\\/press\\\/#\\\/schema\\\/person\\\/7fcb79f38045700919f7da6d97e71ba0\"},\"headline\":\"Pobre Argentina !!\",\"datePublished\":\"2024-10-06T20:49:14+00:00\",\"dateModified\":\"2024-10-06T21:04:52+00:00\",\"mainEntityOfPage\":{\"@id\":\"https:\\\/\\\/elcanillita.info\\\/press\\\/2024\\\/10\\\/06\\\/pobre-argentina\\\/\"},\"wordCount\":988,\"publisher\":{\"@id\":\"https:\\\/\\\/elcanillita.info\\\/press\\\/#organization\"},\"image\":{\"@id\":\"https:\\\/\\\/elcanillita.info\\\/press\\\/2024\\\/10\\\/06\\\/pobre-argentina\\\/#primaryimage\"},\"thumbnailUrl\":\"https:\\\/\\\/elcanillita.info\\\/press\\\/images\\\/2024\\\/10\\\/cover500_Blog_20241006.jpg\",\"keywords\":[\"Argentina\"],\"articleSection\":[\".\",\".\",\"Actualidad\",\"Am\u00e9rica del Sur\",\"Economia\"],\"inLanguage\":\"es-AR\"},{\"@type\":\"WebPage\",\"@id\":\"https:\\\/\\\/elcanillita.info\\\/press\\\/2024\\\/10\\\/06\\\/pobre-argentina\\\/\",\"url\":\"https:\\\/\\\/elcanillita.info\\\/press\\\/2024\\\/10\\\/06\\\/pobre-argentina\\\/\",\"name\":\"Pobre Argentina !! - ElCanillita.Info\",\"isPartOf\":{\"@id\":\"https:\\\/\\\/elcanillita.info\\\/press\\\/#website\"},\"primaryImageOfPage\":{\"@id\":\"https:\\\/\\\/elcanillita.info\\\/press\\\/2024\\\/10\\\/06\\\/pobre-argentina\\\/#primaryimage\"},\"image\":{\"@id\":\"https:\\\/\\\/elcanillita.info\\\/press\\\/2024\\\/10\\\/06\\\/pobre-argentina\\\/#primaryimage\"},\"thumbnailUrl\":\"https:\\\/\\\/elcanillita.info\\\/press\\\/images\\\/2024\\\/10\\\/cover500_Blog_20241006.jpg\",\"datePublished\":\"2024-10-06T20:49:14+00:00\",\"dateModified\":\"2024-10-06T21:04:52+00:00\",\"inLanguage\":\"es-AR\",\"potentialAction\":[{\"@type\":\"ReadAction\",\"target\":[\"https:\\\/\\\/elcanillita.info\\\/press\\\/2024\\\/10\\\/06\\\/pobre-argentina\\\/\"]}]},{\"@type\":\"ImageObject\",\"inLanguage\":\"es-AR\",\"@id\":\"https:\\\/\\\/elcanillita.info\\\/press\\\/2024\\\/10\\\/06\\\/pobre-argentina\\\/#primaryimage\",\"url\":\"https:\\\/\\\/elcanillita.info\\\/press\\\/images\\\/2024\\\/10\\\/cover500_Blog_20241006.jpg\",\"contentUrl\":\"https:\\\/\\\/elcanillita.info\\\/press\\\/images\\\/2024\\\/10\\\/cover500_Blog_20241006.jpg\",\"width\":500,\"height\":400},{\"@type\":\"WebSite\",\"@id\":\"https:\\\/\\\/elcanillita.info\\\/press\\\/#website\",\"url\":\"https:\\\/\\\/elcanillita.info\\\/press\\\/\",\"name\":\"ElCanillita.Info\",\"description\":\"desde los Apeninos a los Andes\",\"publisher\":{\"@id\":\"https:\\\/\\\/elcanillita.info\\\/press\\\/#organization\"},\"potentialAction\":[{\"@type\":\"SearchAction\",\"target\":{\"@type\":\"EntryPoint\",\"urlTemplate\":\"https:\\\/\\\/elcanillita.info\\\/press\\\/?s={search_term_string}\"},\"query-input\":{\"@type\":\"PropertyValueSpecification\",\"valueRequired\":true,\"valueName\":\"search_term_string\"}}],\"inLanguage\":\"es-AR\"},{\"@type\":\"Organization\",\"@id\":\"https:\\\/\\\/elcanillita.info\\\/press\\\/#organization\",\"name\":\"Guzzo Photos & Graphic Publications\",\"url\":\"https:\\\/\\\/elcanillita.info\\\/press\\\/\",\"logo\":{\"@type\":\"ImageObject\",\"inLanguage\":\"es-AR\",\"@id\":\"https:\\\/\\\/elcanillita.info\\\/press\\\/#\\\/schema\\\/logo\\\/image\\\/\",\"url\":\"https:\\\/\\\/elcanillita.info\\\/press\\\/images\\\/2020\\\/01\\\/cropped-cropped-cropped-elcanillitainfo.png\",\"contentUrl\":\"https:\\\/\\\/elcanillita.info\\\/press\\\/images\\\/2020\\\/01\\\/cropped-cropped-cropped-elcanillitainfo.png\",\"width\":460,\"height\":50,\"caption\":\"Guzzo Photos & Graphic Publications\"},\"image\":{\"@id\":\"https:\\\/\\\/elcanillita.info\\\/press\\\/#\\\/schema\\\/logo\\\/image\\\/\"},\"sameAs\":[\"https:\\\/\\\/ar-ar.facebook.com\\\/ElCanillitainfo-114249515285712\\\/\"]},{\"@type\":\"Person\",\"@id\":\"https:\\\/\\\/elcanillita.info\\\/press\\\/#\\\/schema\\\/person\\\/7fcb79f38045700919f7da6d97e71ba0\",\"name\":\"SalaStampa.eu, world press service\",\"image\":{\"@type\":\"ImageObject\",\"inLanguage\":\"es-AR\",\"@id\":\"https:\\\/\\\/secure.gravatar.com\\\/avatar\\\/c2f0e0d515a107624234994507816ca4724c7199cef73fc8bedebf6931d73888?s=96&d=mm&r=g\",\"url\":\"https:\\\/\\\/secure.gravatar.com\\\/avatar\\\/c2f0e0d515a107624234994507816ca4724c7199cef73fc8bedebf6931d73888?s=96&d=mm&r=g\",\"contentUrl\":\"https:\\\/\\\/secure.gravatar.com\\\/avatar\\\/c2f0e0d515a107624234994507816ca4724c7199cef73fc8bedebf6931d73888?s=96&d=mm&r=g\",\"caption\":\"SalaStampa.eu, world press service\"}}]}<\/script>\n<!-- \/ Yoast SEO plugin. -->","yoast_head_json":{"title":"Pobre Argentina !! - ElCanillita.Info","robots":{"index":"index","follow":"follow","max-snippet":"max-snippet:-1","max-image-preview":"max-image-preview:large","max-video-preview":"max-video-preview:-1"},"canonical":"https:\/\/elcanillita.info\/press\/2024\/10\/06\/pobre-argentina\/","og_locale":"es_ES","og_type":"article","og_title":"Pobre Argentina !! - ElCanillita.Info","og_description":"La pobreza, no es una camisa emparchada, sino su \u00edntima condici\u00f3n. -rmag-","og_url":"https:\/\/elcanillita.info\/press\/2024\/10\/06\/pobre-argentina\/","og_site_name":"ElCanillita.Info","article_publisher":"https:\/\/ar-ar.facebook.com\/ElCanillitainfo-114249515285712\/","article_published_time":"2024-10-06T20:49:14+00:00","article_modified_time":"2024-10-06T21:04:52+00:00","og_image":[{"width":500,"height":400,"url":"https:\/\/elcanillita.info\/press\/images\/2024\/10\/cover500_Blog_20241006.jpg","type":"image\/jpeg"}],"author":"SalaStampa.eu, world press service","twitter_card":"summary_large_image","twitter_misc":{"Escrito por":"SalaStampa.eu, world press service","Tiempo de lectura":"5 minutos"},"schema":{"@context":"https:\/\/schema.org","@graph":[{"@type":"Article","@id":"https:\/\/elcanillita.info\/press\/2024\/10\/06\/pobre-argentina\/#article","isPartOf":{"@id":"https:\/\/elcanillita.info\/press\/2024\/10\/06\/pobre-argentina\/"},"author":{"name":"SalaStampa.eu, world press service","@id":"https:\/\/elcanillita.info\/press\/#\/schema\/person\/7fcb79f38045700919f7da6d97e71ba0"},"headline":"Pobre Argentina !!","datePublished":"2024-10-06T20:49:14+00:00","dateModified":"2024-10-06T21:04:52+00:00","mainEntityOfPage":{"@id":"https:\/\/elcanillita.info\/press\/2024\/10\/06\/pobre-argentina\/"},"wordCount":988,"publisher":{"@id":"https:\/\/elcanillita.info\/press\/#organization"},"image":{"@id":"https:\/\/elcanillita.info\/press\/2024\/10\/06\/pobre-argentina\/#primaryimage"},"thumbnailUrl":"https:\/\/elcanillita.info\/press\/images\/2024\/10\/cover500_Blog_20241006.jpg","keywords":["Argentina"],"articleSection":[".",".","Actualidad","Am\u00e9rica del Sur","Economia"],"inLanguage":"es-AR"},{"@type":"WebPage","@id":"https:\/\/elcanillita.info\/press\/2024\/10\/06\/pobre-argentina\/","url":"https:\/\/elcanillita.info\/press\/2024\/10\/06\/pobre-argentina\/","name":"Pobre Argentina !! - ElCanillita.Info","isPartOf":{"@id":"https:\/\/elcanillita.info\/press\/#website"},"primaryImageOfPage":{"@id":"https:\/\/elcanillita.info\/press\/2024\/10\/06\/pobre-argentina\/#primaryimage"},"image":{"@id":"https:\/\/elcanillita.info\/press\/2024\/10\/06\/pobre-argentina\/#primaryimage"},"thumbnailUrl":"https:\/\/elcanillita.info\/press\/images\/2024\/10\/cover500_Blog_20241006.jpg","datePublished":"2024-10-06T20:49:14+00:00","dateModified":"2024-10-06T21:04:52+00:00","inLanguage":"es-AR","potentialAction":[{"@type":"ReadAction","target":["https:\/\/elcanillita.info\/press\/2024\/10\/06\/pobre-argentina\/"]}]},{"@type":"ImageObject","inLanguage":"es-AR","@id":"https:\/\/elcanillita.info\/press\/2024\/10\/06\/pobre-argentina\/#primaryimage","url":"https:\/\/elcanillita.info\/press\/images\/2024\/10\/cover500_Blog_20241006.jpg","contentUrl":"https:\/\/elcanillita.info\/press\/images\/2024\/10\/cover500_Blog_20241006.jpg","width":500,"height":400},{"@type":"WebSite","@id":"https:\/\/elcanillita.info\/press\/#website","url":"https:\/\/elcanillita.info\/press\/","name":"ElCanillita.Info","description":"desde los Apeninos a los Andes","publisher":{"@id":"https:\/\/elcanillita.info\/press\/#organization"},"potentialAction":[{"@type":"SearchAction","target":{"@type":"EntryPoint","urlTemplate":"https:\/\/elcanillita.info\/press\/?s={search_term_string}"},"query-input":{"@type":"PropertyValueSpecification","valueRequired":true,"valueName":"search_term_string"}}],"inLanguage":"es-AR"},{"@type":"Organization","@id":"https:\/\/elcanillita.info\/press\/#organization","name":"Guzzo Photos & Graphic Publications","url":"https:\/\/elcanillita.info\/press\/","logo":{"@type":"ImageObject","inLanguage":"es-AR","@id":"https:\/\/elcanillita.info\/press\/#\/schema\/logo\/image\/","url":"https:\/\/elcanillita.info\/press\/images\/2020\/01\/cropped-cropped-cropped-elcanillitainfo.png","contentUrl":"https:\/\/elcanillita.info\/press\/images\/2020\/01\/cropped-cropped-cropped-elcanillitainfo.png","width":460,"height":50,"caption":"Guzzo Photos & Graphic Publications"},"image":{"@id":"https:\/\/elcanillita.info\/press\/#\/schema\/logo\/image\/"},"sameAs":["https:\/\/ar-ar.facebook.com\/ElCanillitainfo-114249515285712\/"]},{"@type":"Person","@id":"https:\/\/elcanillita.info\/press\/#\/schema\/person\/7fcb79f38045700919f7da6d97e71ba0","name":"SalaStampa.eu, world press service","image":{"@type":"ImageObject","inLanguage":"es-AR","@id":"https:\/\/secure.gravatar.com\/avatar\/c2f0e0d515a107624234994507816ca4724c7199cef73fc8bedebf6931d73888?s=96&d=mm&r=g","url":"https:\/\/secure.gravatar.com\/avatar\/c2f0e0d515a107624234994507816ca4724c7199cef73fc8bedebf6931d73888?s=96&d=mm&r=g","contentUrl":"https:\/\/secure.gravatar.com\/avatar\/c2f0e0d515a107624234994507816ca4724c7199cef73fc8bedebf6931d73888?s=96&d=mm&r=g","caption":"SalaStampa.eu, world press service"}}]}},"views":432,"_links":{"self":[{"href":"https:\/\/elcanillita.info\/press\/wp-json\/wp\/v2\/posts\/4230","targetHints":{"allow":["GET"]}}],"collection":[{"href":"https:\/\/elcanillita.info\/press\/wp-json\/wp\/v2\/posts"}],"about":[{"href":"https:\/\/elcanillita.info\/press\/wp-json\/wp\/v2\/types\/post"}],"author":[{"embeddable":true,"href":"https:\/\/elcanillita.info\/press\/wp-json\/wp\/v2\/users\/1"}],"replies":[{"embeddable":true,"href":"https:\/\/elcanillita.info\/press\/wp-json\/wp\/v2\/comments?post=4230"}],"version-history":[{"count":0,"href":"https:\/\/elcanillita.info\/press\/wp-json\/wp\/v2\/posts\/4230\/revisions"}],"wp:featuredmedia":[{"embeddable":true,"href":"https:\/\/elcanillita.info\/press\/wp-json\/wp\/v2\/media\/4236"}],"wp:attachment":[{"href":"https:\/\/elcanillita.info\/press\/wp-json\/wp\/v2\/media?parent=4230"}],"wp:term":[{"taxonomy":"category","embeddable":true,"href":"https:\/\/elcanillita.info\/press\/wp-json\/wp\/v2\/categories?post=4230"},{"taxonomy":"post_tag","embeddable":true,"href":"https:\/\/elcanillita.info\/press\/wp-json\/wp\/v2\/tags?post=4230"}],"curies":[{"name":"wp","href":"https:\/\/api.w.org\/{rel}","templated":true}]}}