{"id":423,"date":"2020-02-11T18:23:30","date_gmt":"2020-02-11T21:23:30","guid":{"rendered":"https:\/\/elcanillita.info\/press\/?p=423"},"modified":"2020-02-11T19:01:39","modified_gmt":"2020-02-11T22:01:39","slug":"britanico-diagnosticado-coronavirus-recupera","status":"publish","type":"post","link":"https:\/\/elcanillita.info\/press\/2020\/02\/11\/britanico-diagnosticado-coronavirus-recupera\/","title":{"rendered":"Brit\u00e1nico diagnosticado con coronavirus se recupera"},"content":{"rendered":"\n<p>Londres, 11.02.2020 &#8211; Un hombre de negocios de Inglaterra que contrajo el nuevo virus de China y puede haberlo propagado a trav\u00e9s de sus viajes agradeci\u00f3 al Servicio Nacional de Salud de Gran Breta\u00f1a despu\u00e9s de que se recuper\u00f3.<\/p>\n\n\n\n<p>Steve Walsh emiti\u00f3 un comunicado el martes tras ser el foco de una intensa cobertura medi\u00e1tica una vez que se conoci\u00f3&nbsp;que podr\u00eda haber ayudado involuntariamente a difundir el nuevo coronavirus a Europa.<\/p>\n\n\n\n<p>Walsh hab\u00eda entrado en contacto con el virus despu\u00e9s de un viaje de negocios a Singapur en enero. Luego fue a una estaci\u00f3n de esqu\u00ed en los Alpes franceses, infectando potencialmente a otras personas antes de que le diagnosticaran el virus y lo hospitalizaran.<\/p>\n\n\n\n<p>&#8220;Me gustar\u00eda agradecer al NHS por su ayuda y cuidado&#8221;, dijo Walsh. &#8220;Aunque me he recuperado completamente, mis pensamientos est\u00e1n con otros que han contra\u00eddo el coronavirus&#8221;.<\/p>\n\n\n\n<p>Cinco brit\u00e1nicos que se quedaron con Walsh en un chalet en los Alpes han sido diagnosticados con el virus, incluido un ni\u00f1o de nueve a\u00f1os. Otro hombre que se qued\u00f3 en la estaci\u00f3n de esqu\u00ed francesa se descubri\u00f3 que fue infectado despu\u00e9s de regresar a su casa en la isla espa\u00f1ola de Mallorca.<\/p>\n\n\n\n<p>Coronavirus afecta encuentros internacionales y precio del oro; OMS preocupada por transmisi\u00f3n fuera de China<\/p>\n\n\n\n<p>Su caso llev\u00f3 a las autoridades sanitarias francesas a evaluar a otros 61 ni\u00f1os y familiares en el complejo y cerrar temporalmente algunas escuelas all\u00ed, pero todos dieron negativo.<\/p>\n\n\n\n<p>Walsh dijo que tan pronto como se dio cuenta de que hab\u00eda estado expuesto a un caso confirmado del virus, habl\u00f3 con su m\u00e9dico y las autoridades de salud p\u00fablica.<\/p>\n\n\n\n<p>&#8220;Me aconsejaron que asistiera a una habitaci\u00f3n aislada en el hospital, a pesar de no mostrar s\u00edntomas, y posteriormente me aisl\u00e9 en casa seg\u00fan las instrucciones&#8221;, dijo. &#8220;Cuando se confirm\u00f3 el diagn\u00f3stico, me enviaron a una unidad de aislamiento en el hospital, donde permanezco, y, por precauci\u00f3n, a mi familia tambi\u00e9n se le pidi\u00f3 que se aislara&#8221;.<\/p>\n\n\n\n<p>El virus ha infectado a m\u00e1s de 43,000 personas en todo el mundo y mat\u00f3 a m\u00e1s de 1,000, con la abrumadora mayor\u00eda de los casos en China. No est\u00e1 claro exactamente c\u00f3mo se transmite, pero los expertos creen que se propaga principalmente por las gotas cuando las personas tosen o estornudan. Los funcionarios de salud advierten que puede tomar hasta 14 d\u00edas de incubaci\u00f3n para aquellos que han estado expuestos a mostrar s\u00edntomas.<\/p>\n\n\n\n<p>La mayor\u00eda de las personas tienen s\u00edntomas leves, como fiebre y secreci\u00f3n nasal. Pero algunos desarrollan neumon\u00eda. Los que han ca\u00eddo gravemente enfermos han tenido m\u00e1s de 60 a\u00f1os de edad y con otros problemas de salud.<\/p>\n\n\n\n<p>Brit\u00e1nico en los Alpes Franceses puede haber contagiado a otros en Europa<\/p>\n\n\n\n<p>Walsh vol\u00f3 a Singapur para un evento del 20 al 22 de enero patrocinado por su empleador, Servomex. La compa\u00f1\u00eda, con sede en la ciudad de Crowborough, a 35 millas al sur de Londres, fabrica sensores industriales vendidos en todo el mundo.<\/p>\n\n\n\n<p>En un comunicado, Servomex dijo que estaba trabajando con las autoridades de salud p\u00fablica &#8220;para garantizar el bienestar de nuestro personal y las comunidades y desear a cualquier persona con el virus una recuperaci\u00f3n r\u00e1pida y completa&#8221;.<\/p>\n\n\n\n<p>Europa ha informado sobre 43 casos de coronavirus confirmados.<\/p>\n\n\n\n<p>Una mujer infectada en Rusia se recuper\u00f3 y fue dada de alta del hospital, dijeron funcionarios locales.<\/p>\n\n\n\n<p>Rusia detuvo la mayor parte de su tr\u00e1fico a\u00e9reo a China, suspendi\u00f3 los trenes a China, cerr\u00f3 la frontera rusa con China y Mongolia y dej\u00f3 de emitir visas de trabajo temporalmente a los ciudadanos chinos.<br><br><small>2020 voanoticias \u2013 salastampa.eu, afiliada a la red Broadcasting Board of Governors \u00a9 2020 BBG<\/small><\/p>\n","protected":false},"excerpt":{"rendered":"<p>Londres, 11.02.2020 &#8211; Un hombre de negocios de Inglaterra que contrajo el nuevo virus de China y puede haberlo propagado a trav\u00e9s de sus viajes agradeci\u00f3 al Servicio Nacional de Salud de Gran Breta\u00f1a despu\u00e9s de que se recuper\u00f3.<\/p>\n","protected":false},"author":1,"featured_media":0,"comment_status":"closed","ping_status":"closed","sticky":false,"template":"","format":"standard","meta":{"footnotes":"","_links_to":"","_links_to_target":""},"categories":[70,5,78,25],"tags":[58],"class_list":["post-423","post","type-post","status-publish","format-standard","hentry","category-actualidad","category-europa","category-sanidad","category-sociedad","tag-reino-unido","entry","double"],"yoast_head":"<!-- This site is optimized with the Yoast SEO plugin v27.4 - https:\/\/yoast.com\/product\/yoast-seo-wordpress\/ -->\n<title>Brit\u00e1nico diagnosticado con coronavirus se recupera - ElCanillita.Info<\/title>\n<meta name=\"robots\" content=\"index, follow, max-snippet:-1, max-image-preview:large, max-video-preview:-1\" \/>\n<link rel=\"canonical\" href=\"https:\/\/elcanillita.info\/press\/2020\/02\/11\/britanico-diagnosticado-coronavirus-recupera\/\" \/>\n<meta property=\"og:locale\" content=\"es_ES\" \/>\n<meta property=\"og:type\" content=\"article\" \/>\n<meta property=\"og:title\" content=\"Brit\u00e1nico diagnosticado con coronavirus se recupera - ElCanillita.Info\" \/>\n<meta property=\"og:description\" content=\"Londres, 11.02.2020 - Un hombre de negocios de Inglaterra que contrajo el nuevo virus de China y puede haberlo propagado a trav\u00e9s de sus viajes agradeci\u00f3 al Servicio Nacional de Salud de Gran Breta\u00f1a despu\u00e9s de que se recuper\u00f3.\" \/>\n<meta property=\"og:url\" content=\"https:\/\/elcanillita.info\/press\/2020\/02\/11\/britanico-diagnosticado-coronavirus-recupera\/\" \/>\n<meta property=\"og:site_name\" content=\"ElCanillita.Info\" \/>\n<meta property=\"article:publisher\" content=\"https:\/\/ar-ar.facebook.com\/ElCanillitainfo-114249515285712\/\" \/>\n<meta property=\"article:published_time\" content=\"2020-02-11T21:23:30+00:00\" \/>\n<meta property=\"article:modified_time\" content=\"2020-02-11T22:01:39+00:00\" \/>\n<meta name=\"author\" content=\"SalaStampa.eu, world press service\" \/>\n<meta name=\"twitter:card\" content=\"summary_large_image\" \/>\n<meta name=\"twitter:label1\" content=\"Escrito por\" \/>\n\t<meta name=\"twitter:data1\" content=\"SalaStampa.eu, world press service\" \/>\n\t<meta name=\"twitter:label2\" content=\"Tiempo de lectura\" \/>\n\t<meta name=\"twitter:data2\" content=\"3 minutos\" \/>\n<script type=\"application\/ld+json\" class=\"yoast-schema-graph\">{\"@context\":\"https:\\\/\\\/schema.org\",\"@graph\":[{\"@type\":\"Article\",\"@id\":\"https:\\\/\\\/elcanillita.info\\\/press\\\/2020\\\/02\\\/11\\\/britanico-diagnosticado-coronavirus-recupera\\\/#article\",\"isPartOf\":{\"@id\":\"https:\\\/\\\/elcanillita.info\\\/press\\\/2020\\\/02\\\/11\\\/britanico-diagnosticado-coronavirus-recupera\\\/\"},\"author\":{\"name\":\"SalaStampa.eu, world press service\",\"@id\":\"https:\\\/\\\/elcanillita.info\\\/press\\\/#\\\/schema\\\/person\\\/7fcb79f38045700919f7da6d97e71ba0\"},\"headline\":\"Brit\u00e1nico diagnosticado con coronavirus se recupera\",\"datePublished\":\"2020-02-11T21:23:30+00:00\",\"dateModified\":\"2020-02-11T22:01:39+00:00\",\"mainEntityOfPage\":{\"@id\":\"https:\\\/\\\/elcanillita.info\\\/press\\\/2020\\\/02\\\/11\\\/britanico-diagnosticado-coronavirus-recupera\\\/\"},\"wordCount\":650,\"publisher\":{\"@id\":\"https:\\\/\\\/elcanillita.info\\\/press\\\/#organization\"},\"keywords\":[\"Reino Unido\"],\"articleSection\":[\"Actualidad\",\"Europa\",\"Sanidad\",\"Sociedad\"],\"inLanguage\":\"es-AR\"},{\"@type\":\"WebPage\",\"@id\":\"https:\\\/\\\/elcanillita.info\\\/press\\\/2020\\\/02\\\/11\\\/britanico-diagnosticado-coronavirus-recupera\\\/\",\"url\":\"https:\\\/\\\/elcanillita.info\\\/press\\\/2020\\\/02\\\/11\\\/britanico-diagnosticado-coronavirus-recupera\\\/\",\"name\":\"Brit\u00e1nico diagnosticado con coronavirus se recupera - ElCanillita.Info\",\"isPartOf\":{\"@id\":\"https:\\\/\\\/elcanillita.info\\\/press\\\/#website\"},\"datePublished\":\"2020-02-11T21:23:30+00:00\",\"dateModified\":\"2020-02-11T22:01:39+00:00\",\"inLanguage\":\"es-AR\",\"potentialAction\":[{\"@type\":\"ReadAction\",\"target\":[\"https:\\\/\\\/elcanillita.info\\\/press\\\/2020\\\/02\\\/11\\\/britanico-diagnosticado-coronavirus-recupera\\\/\"]}]},{\"@type\":\"WebSite\",\"@id\":\"https:\\\/\\\/elcanillita.info\\\/press\\\/#website\",\"url\":\"https:\\\/\\\/elcanillita.info\\\/press\\\/\",\"name\":\"ElCanillita.Info\",\"description\":\"desde los Apeninos a los Andes\",\"publisher\":{\"@id\":\"https:\\\/\\\/elcanillita.info\\\/press\\\/#organization\"},\"potentialAction\":[{\"@type\":\"SearchAction\",\"target\":{\"@type\":\"EntryPoint\",\"urlTemplate\":\"https:\\\/\\\/elcanillita.info\\\/press\\\/?s={search_term_string}\"},\"query-input\":{\"@type\":\"PropertyValueSpecification\",\"valueRequired\":true,\"valueName\":\"search_term_string\"}}],\"inLanguage\":\"es-AR\"},{\"@type\":\"Organization\",\"@id\":\"https:\\\/\\\/elcanillita.info\\\/press\\\/#organization\",\"name\":\"Guzzo Photos & Graphic Publications\",\"url\":\"https:\\\/\\\/elcanillita.info\\\/press\\\/\",\"logo\":{\"@type\":\"ImageObject\",\"inLanguage\":\"es-AR\",\"@id\":\"https:\\\/\\\/elcanillita.info\\\/press\\\/#\\\/schema\\\/logo\\\/image\\\/\",\"url\":\"https:\\\/\\\/elcanillita.info\\\/press\\\/images\\\/2020\\\/01\\\/cropped-cropped-cropped-elcanillitainfo.png\",\"contentUrl\":\"https:\\\/\\\/elcanillita.info\\\/press\\\/images\\\/2020\\\/01\\\/cropped-cropped-cropped-elcanillitainfo.png\",\"width\":460,\"height\":50,\"caption\":\"Guzzo Photos & Graphic Publications\"},\"image\":{\"@id\":\"https:\\\/\\\/elcanillita.info\\\/press\\\/#\\\/schema\\\/logo\\\/image\\\/\"},\"sameAs\":[\"https:\\\/\\\/ar-ar.facebook.com\\\/ElCanillitainfo-114249515285712\\\/\"]},{\"@type\":\"Person\",\"@id\":\"https:\\\/\\\/elcanillita.info\\\/press\\\/#\\\/schema\\\/person\\\/7fcb79f38045700919f7da6d97e71ba0\",\"name\":\"SalaStampa.eu, world press service\",\"image\":{\"@type\":\"ImageObject\",\"inLanguage\":\"es-AR\",\"@id\":\"https:\\\/\\\/secure.gravatar.com\\\/avatar\\\/c2f0e0d515a107624234994507816ca4724c7199cef73fc8bedebf6931d73888?s=96&d=mm&r=g\",\"url\":\"https:\\\/\\\/secure.gravatar.com\\\/avatar\\\/c2f0e0d515a107624234994507816ca4724c7199cef73fc8bedebf6931d73888?s=96&d=mm&r=g\",\"contentUrl\":\"https:\\\/\\\/secure.gravatar.com\\\/avatar\\\/c2f0e0d515a107624234994507816ca4724c7199cef73fc8bedebf6931d73888?s=96&d=mm&r=g\",\"caption\":\"SalaStampa.eu, world press service\"}}]}<\/script>\n<!-- \/ Yoast SEO plugin. -->","yoast_head_json":{"title":"Brit\u00e1nico diagnosticado con coronavirus se recupera - ElCanillita.Info","robots":{"index":"index","follow":"follow","max-snippet":"max-snippet:-1","max-image-preview":"max-image-preview:large","max-video-preview":"max-video-preview:-1"},"canonical":"https:\/\/elcanillita.info\/press\/2020\/02\/11\/britanico-diagnosticado-coronavirus-recupera\/","og_locale":"es_ES","og_type":"article","og_title":"Brit\u00e1nico diagnosticado con coronavirus se recupera - ElCanillita.Info","og_description":"Londres, 11.02.2020 - Un hombre de negocios de Inglaterra que contrajo el nuevo virus de China y puede haberlo propagado a trav\u00e9s de sus viajes agradeci\u00f3 al Servicio Nacional de Salud de Gran Breta\u00f1a despu\u00e9s de que se recuper\u00f3.","og_url":"https:\/\/elcanillita.info\/press\/2020\/02\/11\/britanico-diagnosticado-coronavirus-recupera\/","og_site_name":"ElCanillita.Info","article_publisher":"https:\/\/ar-ar.facebook.com\/ElCanillitainfo-114249515285712\/","article_published_time":"2020-02-11T21:23:30+00:00","article_modified_time":"2020-02-11T22:01:39+00:00","author":"SalaStampa.eu, world press service","twitter_card":"summary_large_image","twitter_misc":{"Escrito por":"SalaStampa.eu, world press service","Tiempo de lectura":"3 minutos"},"schema":{"@context":"https:\/\/schema.org","@graph":[{"@type":"Article","@id":"https:\/\/elcanillita.info\/press\/2020\/02\/11\/britanico-diagnosticado-coronavirus-recupera\/#article","isPartOf":{"@id":"https:\/\/elcanillita.info\/press\/2020\/02\/11\/britanico-diagnosticado-coronavirus-recupera\/"},"author":{"name":"SalaStampa.eu, world press service","@id":"https:\/\/elcanillita.info\/press\/#\/schema\/person\/7fcb79f38045700919f7da6d97e71ba0"},"headline":"Brit\u00e1nico diagnosticado con coronavirus se recupera","datePublished":"2020-02-11T21:23:30+00:00","dateModified":"2020-02-11T22:01:39+00:00","mainEntityOfPage":{"@id":"https:\/\/elcanillita.info\/press\/2020\/02\/11\/britanico-diagnosticado-coronavirus-recupera\/"},"wordCount":650,"publisher":{"@id":"https:\/\/elcanillita.info\/press\/#organization"},"keywords":["Reino Unido"],"articleSection":["Actualidad","Europa","Sanidad","Sociedad"],"inLanguage":"es-AR"},{"@type":"WebPage","@id":"https:\/\/elcanillita.info\/press\/2020\/02\/11\/britanico-diagnosticado-coronavirus-recupera\/","url":"https:\/\/elcanillita.info\/press\/2020\/02\/11\/britanico-diagnosticado-coronavirus-recupera\/","name":"Brit\u00e1nico diagnosticado con coronavirus se recupera - ElCanillita.Info","isPartOf":{"@id":"https:\/\/elcanillita.info\/press\/#website"},"datePublished":"2020-02-11T21:23:30+00:00","dateModified":"2020-02-11T22:01:39+00:00","inLanguage":"es-AR","potentialAction":[{"@type":"ReadAction","target":["https:\/\/elcanillita.info\/press\/2020\/02\/11\/britanico-diagnosticado-coronavirus-recupera\/"]}]},{"@type":"WebSite","@id":"https:\/\/elcanillita.info\/press\/#website","url":"https:\/\/elcanillita.info\/press\/","name":"ElCanillita.Info","description":"desde los Apeninos a los Andes","publisher":{"@id":"https:\/\/elcanillita.info\/press\/#organization"},"potentialAction":[{"@type":"SearchAction","target":{"@type":"EntryPoint","urlTemplate":"https:\/\/elcanillita.info\/press\/?s={search_term_string}"},"query-input":{"@type":"PropertyValueSpecification","valueRequired":true,"valueName":"search_term_string"}}],"inLanguage":"es-AR"},{"@type":"Organization","@id":"https:\/\/elcanillita.info\/press\/#organization","name":"Guzzo Photos & Graphic Publications","url":"https:\/\/elcanillita.info\/press\/","logo":{"@type":"ImageObject","inLanguage":"es-AR","@id":"https:\/\/elcanillita.info\/press\/#\/schema\/logo\/image\/","url":"https:\/\/elcanillita.info\/press\/images\/2020\/01\/cropped-cropped-cropped-elcanillitainfo.png","contentUrl":"https:\/\/elcanillita.info\/press\/images\/2020\/01\/cropped-cropped-cropped-elcanillitainfo.png","width":460,"height":50,"caption":"Guzzo Photos & Graphic Publications"},"image":{"@id":"https:\/\/elcanillita.info\/press\/#\/schema\/logo\/image\/"},"sameAs":["https:\/\/ar-ar.facebook.com\/ElCanillitainfo-114249515285712\/"]},{"@type":"Person","@id":"https:\/\/elcanillita.info\/press\/#\/schema\/person\/7fcb79f38045700919f7da6d97e71ba0","name":"SalaStampa.eu, world press service","image":{"@type":"ImageObject","inLanguage":"es-AR","@id":"https:\/\/secure.gravatar.com\/avatar\/c2f0e0d515a107624234994507816ca4724c7199cef73fc8bedebf6931d73888?s=96&d=mm&r=g","url":"https:\/\/secure.gravatar.com\/avatar\/c2f0e0d515a107624234994507816ca4724c7199cef73fc8bedebf6931d73888?s=96&d=mm&r=g","contentUrl":"https:\/\/secure.gravatar.com\/avatar\/c2f0e0d515a107624234994507816ca4724c7199cef73fc8bedebf6931d73888?s=96&d=mm&r=g","caption":"SalaStampa.eu, world press service"}}]}},"views":708,"_links":{"self":[{"href":"https:\/\/elcanillita.info\/press\/wp-json\/wp\/v2\/posts\/423","targetHints":{"allow":["GET"]}}],"collection":[{"href":"https:\/\/elcanillita.info\/press\/wp-json\/wp\/v2\/posts"}],"about":[{"href":"https:\/\/elcanillita.info\/press\/wp-json\/wp\/v2\/types\/post"}],"author":[{"embeddable":true,"href":"https:\/\/elcanillita.info\/press\/wp-json\/wp\/v2\/users\/1"}],"replies":[{"embeddable":true,"href":"https:\/\/elcanillita.info\/press\/wp-json\/wp\/v2\/comments?post=423"}],"version-history":[{"count":0,"href":"https:\/\/elcanillita.info\/press\/wp-json\/wp\/v2\/posts\/423\/revisions"}],"wp:attachment":[{"href":"https:\/\/elcanillita.info\/press\/wp-json\/wp\/v2\/media?parent=423"}],"wp:term":[{"taxonomy":"category","embeddable":true,"href":"https:\/\/elcanillita.info\/press\/wp-json\/wp\/v2\/categories?post=423"},{"taxonomy":"post_tag","embeddable":true,"href":"https:\/\/elcanillita.info\/press\/wp-json\/wp\/v2\/tags?post=423"}],"curies":[{"name":"wp","href":"https:\/\/api.w.org\/{rel}","templated":true}]}}