{"id":4225,"date":"2024-10-06T11:17:15","date_gmt":"2024-10-06T14:17:15","guid":{"rendered":"https:\/\/elcanillita.info\/press\/?p=4225"},"modified":"2024-10-06T11:37:35","modified_gmt":"2024-10-06T14:37:35","slug":"universidad-en-guerra","status":"publish","type":"post","link":"https:\/\/elcanillita.info\/press\/2024\/10\/06\/universidad-en-guerra\/","title":{"rendered":"Universidad en Guerra"},"content":{"rendered":"<div class=\"wp-block-image\">\n<figure class=\"aligncenter size-full\"><img loading=\"lazy\" decoding=\"async\" width=\"600\" height=\"400\" src=\"https:\/\/elcanillita.info\/press\/images\/2024\/10\/cover20241006.jpg\" alt=\"\" class=\"wp-image-4227\" srcset=\"https:\/\/elcanillita.info\/press\/images\/2024\/10\/cover20241006.jpg 600w, https:\/\/elcanillita.info\/press\/images\/2024\/10\/cover20241006-300x200.jpg 300w\" sizes=\"auto, (max-width: 600px) 100vw, 600px\" \/><\/figure>\n<\/div>\n\n\n<p><br><strong>por Enrique Guillermo Avogadro<\/strong><br><br>Buenos Aires,  Octubre 05 2014<\/p>\n\n\n\n<p>Como ha sucedido tantas veces, el mi\u00e9rcoles el pa\u00eds se conmovi\u00f3 por grandes concentraciones de ciudadanos convocadas, en reclamo por la Universidad p\u00fablica, con falsas consignas, inventadas por quienes pretenden conservar sus canonj\u00edas, sean \u00e9stas pol\u00edticas o econ\u00f3micas y, sobre todo, que nadie pregunte por ellas ni audite los fondos que las alimentan. Ese enga\u00f1o viene de lejos, pero ha tenido tanto \u00e9xito que se ha convertido en un dogma indiscutible para clases sociales que, pese a que ya no pueden acceder a ella, centran all\u00ed el mito del ascenso social.<\/p>\n\n\n\n<p>La frase \u201cLa Universidad p\u00fablica y gratuita es igualadora social\u201d es una colosal mentira. Basta ver qu\u00e9 porcentaje de alumnos proviene de las clases media-baja y baja. Estudiar, \u00bfrequiere el mismo esfuerzo para un joven que no trabaja que para el que s\u00ed lo necesita? \u00bfEs lo mismo ir en auto a la facultad que viajar horas en medios de transporte p\u00fablico? Entonces, y desde otro \u00e1ngulo, \u00bfes justo que los m\u00e1s pobres sustenten con sus impuestos una Universidad que no tiene exigencia alguna y a la cual sus hijos no podr\u00e1n acceder? La Argentina, nos guste o no, est\u00e1 quebrada y el 52% de sus habitantes son pobres o est\u00e1n en la miseria; \u00bfes siquiera razonable que dedique parte de sus escasos recursos a educar gratuitamente a extranjeros cuyos pa\u00edses de origen no ofrecen rec\u00edprocas ventajas y a quienes quieren estudiar carreras innecesarias (abogados, contadores, etc.), durante muchos a\u00f1os, como si a\u00fan fuera rica?<\/p>\n\n\n\n<p>Por nuestra el mayor tiempo que les lleva a nuestros estudiantes llegar al t\u00edtulo, la escasez de graduados en comparaci\u00f3n con los pa\u00edses vecinos, y porque muchos de ellos lo son en carreras que el pa\u00eds no requiere, el resultado es penoso y sumamente gravoso para el erario. Insume enormes gastos en infraestructura, investigaci\u00f3n y (magros) salarios docentes que adem\u00e1s, al no ser eficientemente auditados, habilitan corruptelas de todo tipo, tal como sucedi\u00f3 con los miles de oscuros contratos firmados por universidades con organismos p\u00fablicos para evadir controles.<\/p>\n\n\n\n<p>La propuesta es, relativamente, simple de implementar. Se trata de establecer \u2013la Argentina dispone, sin duda, de los medios inform\u00e1ticos para hacerlo- cu\u00e1ntos nuevos graduados de cada una de las disciplinas necesitar\u00e1 el pa\u00eds a cinco a\u00f1os vista. Basta, para hacerlo, con introducir en una computadora la informaci\u00f3n que suministren las empresas y el sector p\u00fablico, incluyendo a los potenciales inversores que se acerquen.<\/p>\n\n\n\n<p> Con el resultado de esa investigaci\u00f3n, se constituir\u00eda un primer cupo de ingresantes a la Universidad. Para formar parte de \u00e9l, los estudiantes deber\u00edan rendir un muy exigente examen de ingreso \u2013en matem\u00e1ticas, lengua, ciencias y ciencias sociales- y mantener el nivel de excelencia durante toda la carrera, comprobado mediante pruebas semestrales. A los miembros de ese primer cupo no s\u00f3lo no se les cobrar\u00eda matr\u00edcula alguna sino que, por el contrario, se les pagar\u00eda un sueldo razonable, que les permitiera inclusive mantener a su familia, durante todos sus estudios. Como es obvio, quienes lograran graduarse integrando ese primer cupo encontrar\u00edan una clara salida laboral, ya que tanto el Estado cuanto las empresas los buscar\u00edan afanosamente.<\/p>\n\n\n\n<p><br> Luego, crear un segundo cupo que tuviera en cuenta la capacidad f\u00edsica de cada una de las facultades. Al menos en algunas de ellas, hay materias en las que los profesores deben dar clases a m\u00e1s de cien alumnos a la vez, lo cual impide una eficiente ense\u00f1anza. Ese segundo cupo, es decir los extranjeros y aquellos que opten por carreras que el pa\u00eds no necesitar\u00e1 \u2013y, por ende, es injusto que deba soportar- o por estudiantes que no lograran el nivel de excelencia requerido para el primero, deber\u00eda pagar para estudiar. Simple: si quieres hacerlo, b\u00e1ncalo t\u00fa. Incorporar\u00eda a esas normas una ley que impusiera al sector p\u00fablico la obligaci\u00f3n de contratar, como consultora externa, a la Universidad, y pagar los honorarios correspondientes.<\/p>\n\n\n\n<p><br>\u00a0Veamos qu\u00e9 efectos producir\u00eda la soluci\u00f3n propuesta. En primer t\u00e9rmino, mejores graduados, y el pa\u00eds dispondr\u00eda de profesionales excelentes en las disciplinas m\u00e1s necesarias. Luego, impedir\u00eda la permanencia del \u201cestudiante cr\u00f3nico\u201d, ese al cual el bajo nivel de exigencia en materia de cantidad de materias aprobadas se le permite permanecer en los claustros por muchos a\u00f1os, incordiando a los verdaderos alumnos.<\/p>\n\n\n\n<p>Con el producido de las matr\u00edculas pagadas por los integrantes del segundo cupo, m\u00e1s los honorarios por sus servicios de consultor\u00eda externa, se formar\u00eda un interesante presupuesto propio, que permitir\u00eda mejorar sensiblemente los salarios e invertir en infraestructura e investigaci\u00f3n. Y al pagar interesantes sueldos, se incrementar\u00eda la vocaci\u00f3n por la ense\u00f1anza, y que la competencia entre aspirantes contar con mejores profesores.<\/p>\n\n\n\n<p>El c\u00edrculo virtuoso se cerrar\u00eda con el nivel de excelencia en los claustros docentes, lo cual transformar\u00eda a la Universidad en un verdadero faro capaz de iluminar el futuro del pa\u00eds, dejando de ser el miserable fanal que s\u00f3lo permite ver la escalera descendente en la que estamos embretados.<\/p>\n\n\n\n<p>Lo sucedido esta semana en el campo internacional no hizo m\u00e1s que agravar preocupaci\u00f3n, sobre todo en el escenario de Medio Oriente, ya que el ataque directo de Ir\u00e1n a Israel y la presumiblemente inminente respuesta de \u00e9ste, m\u00e1s la implicancia de Siria, L\u00edbano y las milicias chi\u00edtas de Irak y Yemen en la lucha, prometen incendiar a\u00fan m\u00e1s la zona, con consecuencias grav\u00edsimas para el mundo entero, tanto por el incremento del precio del petr\u00f3leo cuanto por el riesgo nuclear, siempre presente. Y todo esto, a justo treinta d\u00edas de las trascendentales elecciones de los Estados Unidos, de cuyo resultado depender\u00e1, sin duda, el tablero geopol\u00edtico global.<br><br><small>\u00a9 Copyright 2024 Enrique Guillermo Avogadro<br>\u00a9 2024 ElCanillita.info \/ SalaStampa.Eu, servicio mundial de prensa<\/small><br><small>Guzzo Photos &amp; Graphic Publications &#8211; Registro Editori e Stampatori n. 1441 Torino, Italia<\/small><\/p>\n","protected":false},"excerpt":{"rendered":"<p>La frase \u201cLa Universidad p\u00fablica y gratuita es igualadora social\u201d es una colosal mentira. Basta ver qu\u00e9 porcentaje de alumnos proviene de las clases media-baja y baja.<\/p>\n","protected":false},"author":1,"featured_media":4227,"comment_status":"closed","ping_status":"closed","sticky":false,"template":"","format":"standard","meta":{"footnotes":"","_links_to":"","_links_to_target":""},"categories":[108,121,70,11,118,20,23],"tags":[29],"class_list":["post-4225","post","type-post","status-publish","format-standard","has-post-thumbnail","hentry","category-blogdiario","category-dc24","category-actualidad","category-america-del-sur","category-corrupcion","category-economia","category-politica","tag-argentina","entry","double"],"yoast_head":"<!-- This site is optimized with the Yoast SEO plugin v27.4 - https:\/\/yoast.com\/product\/yoast-seo-wordpress\/ -->\n<title>Universidad en Guerra - ElCanillita.Info<\/title>\n<meta name=\"robots\" content=\"index, follow, max-snippet:-1, max-image-preview:large, max-video-preview:-1\" \/>\n<link rel=\"canonical\" href=\"https:\/\/elcanillita.info\/press\/2024\/10\/06\/universidad-en-guerra\/\" \/>\n<meta property=\"og:locale\" content=\"es_ES\" \/>\n<meta property=\"og:type\" content=\"article\" \/>\n<meta property=\"og:title\" content=\"Universidad en Guerra - ElCanillita.Info\" \/>\n<meta property=\"og:description\" content=\"La frase \u201cLa Universidad p\u00fablica y gratuita es igualadora social\u201d es una colosal mentira. Basta ver qu\u00e9 porcentaje de alumnos proviene de las clases media-baja y baja.\" \/>\n<meta property=\"og:url\" content=\"https:\/\/elcanillita.info\/press\/2024\/10\/06\/universidad-en-guerra\/\" \/>\n<meta property=\"og:site_name\" content=\"ElCanillita.Info\" \/>\n<meta property=\"article:publisher\" content=\"https:\/\/ar-ar.facebook.com\/ElCanillitainfo-114249515285712\/\" \/>\n<meta property=\"article:published_time\" content=\"2024-10-06T14:17:15+00:00\" \/>\n<meta property=\"article:modified_time\" content=\"2024-10-06T14:37:35+00:00\" \/>\n<meta property=\"og:image\" content=\"https:\/\/elcanillita.info\/press\/images\/2024\/10\/cover20241006.jpg\" \/>\n\t<meta property=\"og:image:width\" content=\"600\" \/>\n\t<meta property=\"og:image:height\" content=\"400\" \/>\n\t<meta property=\"og:image:type\" content=\"image\/jpeg\" \/>\n<meta name=\"author\" content=\"SalaStampa.eu, world press service\" \/>\n<meta name=\"twitter:card\" content=\"summary_large_image\" \/>\n<meta name=\"twitter:label1\" content=\"Escrito por\" \/>\n\t<meta name=\"twitter:data1\" content=\"SalaStampa.eu, world press service\" \/>\n\t<meta name=\"twitter:label2\" content=\"Tiempo de lectura\" \/>\n\t<meta name=\"twitter:data2\" content=\"5 minutos\" \/>\n<script type=\"application\/ld+json\" class=\"yoast-schema-graph\">{\"@context\":\"https:\\\/\\\/schema.org\",\"@graph\":[{\"@type\":\"Article\",\"@id\":\"https:\\\/\\\/elcanillita.info\\\/press\\\/2024\\\/10\\\/06\\\/universidad-en-guerra\\\/#article\",\"isPartOf\":{\"@id\":\"https:\\\/\\\/elcanillita.info\\\/press\\\/2024\\\/10\\\/06\\\/universidad-en-guerra\\\/\"},\"author\":{\"name\":\"SalaStampa.eu, world press service\",\"@id\":\"https:\\\/\\\/elcanillita.info\\\/press\\\/#\\\/schema\\\/person\\\/7fcb79f38045700919f7da6d97e71ba0\"},\"headline\":\"Universidad en Guerra\",\"datePublished\":\"2024-10-06T14:17:15+00:00\",\"dateModified\":\"2024-10-06T14:37:35+00:00\",\"mainEntityOfPage\":{\"@id\":\"https:\\\/\\\/elcanillita.info\\\/press\\\/2024\\\/10\\\/06\\\/universidad-en-guerra\\\/\"},\"wordCount\":1035,\"publisher\":{\"@id\":\"https:\\\/\\\/elcanillita.info\\\/press\\\/#organization\"},\"image\":{\"@id\":\"https:\\\/\\\/elcanillita.info\\\/press\\\/2024\\\/10\\\/06\\\/universidad-en-guerra\\\/#primaryimage\"},\"thumbnailUrl\":\"https:\\\/\\\/elcanillita.info\\\/press\\\/images\\\/2024\\\/10\\\/cover20241006.jpg\",\"keywords\":[\"Argentina\"],\"articleSection\":[\".\",\".\",\"Actualidad\",\"Am\u00e9rica del Sur\",\"Corrupci\u00f3n\",\"Economia\",\"Politica\"],\"inLanguage\":\"es-AR\"},{\"@type\":\"WebPage\",\"@id\":\"https:\\\/\\\/elcanillita.info\\\/press\\\/2024\\\/10\\\/06\\\/universidad-en-guerra\\\/\",\"url\":\"https:\\\/\\\/elcanillita.info\\\/press\\\/2024\\\/10\\\/06\\\/universidad-en-guerra\\\/\",\"name\":\"Universidad en Guerra - ElCanillita.Info\",\"isPartOf\":{\"@id\":\"https:\\\/\\\/elcanillita.info\\\/press\\\/#website\"},\"primaryImageOfPage\":{\"@id\":\"https:\\\/\\\/elcanillita.info\\\/press\\\/2024\\\/10\\\/06\\\/universidad-en-guerra\\\/#primaryimage\"},\"image\":{\"@id\":\"https:\\\/\\\/elcanillita.info\\\/press\\\/2024\\\/10\\\/06\\\/universidad-en-guerra\\\/#primaryimage\"},\"thumbnailUrl\":\"https:\\\/\\\/elcanillita.info\\\/press\\\/images\\\/2024\\\/10\\\/cover20241006.jpg\",\"datePublished\":\"2024-10-06T14:17:15+00:00\",\"dateModified\":\"2024-10-06T14:37:35+00:00\",\"inLanguage\":\"es-AR\",\"potentialAction\":[{\"@type\":\"ReadAction\",\"target\":[\"https:\\\/\\\/elcanillita.info\\\/press\\\/2024\\\/10\\\/06\\\/universidad-en-guerra\\\/\"]}]},{\"@type\":\"ImageObject\",\"inLanguage\":\"es-AR\",\"@id\":\"https:\\\/\\\/elcanillita.info\\\/press\\\/2024\\\/10\\\/06\\\/universidad-en-guerra\\\/#primaryimage\",\"url\":\"https:\\\/\\\/elcanillita.info\\\/press\\\/images\\\/2024\\\/10\\\/cover20241006.jpg\",\"contentUrl\":\"https:\\\/\\\/elcanillita.info\\\/press\\\/images\\\/2024\\\/10\\\/cover20241006.jpg\",\"width\":600,\"height\":400},{\"@type\":\"WebSite\",\"@id\":\"https:\\\/\\\/elcanillita.info\\\/press\\\/#website\",\"url\":\"https:\\\/\\\/elcanillita.info\\\/press\\\/\",\"name\":\"ElCanillita.Info\",\"description\":\"desde los Apeninos a los Andes\",\"publisher\":{\"@id\":\"https:\\\/\\\/elcanillita.info\\\/press\\\/#organization\"},\"potentialAction\":[{\"@type\":\"SearchAction\",\"target\":{\"@type\":\"EntryPoint\",\"urlTemplate\":\"https:\\\/\\\/elcanillita.info\\\/press\\\/?s={search_term_string}\"},\"query-input\":{\"@type\":\"PropertyValueSpecification\",\"valueRequired\":true,\"valueName\":\"search_term_string\"}}],\"inLanguage\":\"es-AR\"},{\"@type\":\"Organization\",\"@id\":\"https:\\\/\\\/elcanillita.info\\\/press\\\/#organization\",\"name\":\"Guzzo Photos & Graphic Publications\",\"url\":\"https:\\\/\\\/elcanillita.info\\\/press\\\/\",\"logo\":{\"@type\":\"ImageObject\",\"inLanguage\":\"es-AR\",\"@id\":\"https:\\\/\\\/elcanillita.info\\\/press\\\/#\\\/schema\\\/logo\\\/image\\\/\",\"url\":\"https:\\\/\\\/elcanillita.info\\\/press\\\/images\\\/2020\\\/01\\\/cropped-cropped-cropped-elcanillitainfo.png\",\"contentUrl\":\"https:\\\/\\\/elcanillita.info\\\/press\\\/images\\\/2020\\\/01\\\/cropped-cropped-cropped-elcanillitainfo.png\",\"width\":460,\"height\":50,\"caption\":\"Guzzo Photos & Graphic Publications\"},\"image\":{\"@id\":\"https:\\\/\\\/elcanillita.info\\\/press\\\/#\\\/schema\\\/logo\\\/image\\\/\"},\"sameAs\":[\"https:\\\/\\\/ar-ar.facebook.com\\\/ElCanillitainfo-114249515285712\\\/\"]},{\"@type\":\"Person\",\"@id\":\"https:\\\/\\\/elcanillita.info\\\/press\\\/#\\\/schema\\\/person\\\/7fcb79f38045700919f7da6d97e71ba0\",\"name\":\"SalaStampa.eu, world press service\",\"image\":{\"@type\":\"ImageObject\",\"inLanguage\":\"es-AR\",\"@id\":\"https:\\\/\\\/secure.gravatar.com\\\/avatar\\\/c2f0e0d515a107624234994507816ca4724c7199cef73fc8bedebf6931d73888?s=96&d=mm&r=g\",\"url\":\"https:\\\/\\\/secure.gravatar.com\\\/avatar\\\/c2f0e0d515a107624234994507816ca4724c7199cef73fc8bedebf6931d73888?s=96&d=mm&r=g\",\"contentUrl\":\"https:\\\/\\\/secure.gravatar.com\\\/avatar\\\/c2f0e0d515a107624234994507816ca4724c7199cef73fc8bedebf6931d73888?s=96&d=mm&r=g\",\"caption\":\"SalaStampa.eu, world press service\"}}]}<\/script>\n<!-- \/ Yoast SEO plugin. -->","yoast_head_json":{"title":"Universidad en Guerra - ElCanillita.Info","robots":{"index":"index","follow":"follow","max-snippet":"max-snippet:-1","max-image-preview":"max-image-preview:large","max-video-preview":"max-video-preview:-1"},"canonical":"https:\/\/elcanillita.info\/press\/2024\/10\/06\/universidad-en-guerra\/","og_locale":"es_ES","og_type":"article","og_title":"Universidad en Guerra - ElCanillita.Info","og_description":"La frase \u201cLa Universidad p\u00fablica y gratuita es igualadora social\u201d es una colosal mentira. Basta ver qu\u00e9 porcentaje de alumnos proviene de las clases media-baja y baja.","og_url":"https:\/\/elcanillita.info\/press\/2024\/10\/06\/universidad-en-guerra\/","og_site_name":"ElCanillita.Info","article_publisher":"https:\/\/ar-ar.facebook.com\/ElCanillitainfo-114249515285712\/","article_published_time":"2024-10-06T14:17:15+00:00","article_modified_time":"2024-10-06T14:37:35+00:00","og_image":[{"width":600,"height":400,"url":"https:\/\/elcanillita.info\/press\/images\/2024\/10\/cover20241006.jpg","type":"image\/jpeg"}],"author":"SalaStampa.eu, world press service","twitter_card":"summary_large_image","twitter_misc":{"Escrito por":"SalaStampa.eu, world press service","Tiempo de lectura":"5 minutos"},"schema":{"@context":"https:\/\/schema.org","@graph":[{"@type":"Article","@id":"https:\/\/elcanillita.info\/press\/2024\/10\/06\/universidad-en-guerra\/#article","isPartOf":{"@id":"https:\/\/elcanillita.info\/press\/2024\/10\/06\/universidad-en-guerra\/"},"author":{"name":"SalaStampa.eu, world press service","@id":"https:\/\/elcanillita.info\/press\/#\/schema\/person\/7fcb79f38045700919f7da6d97e71ba0"},"headline":"Universidad en Guerra","datePublished":"2024-10-06T14:17:15+00:00","dateModified":"2024-10-06T14:37:35+00:00","mainEntityOfPage":{"@id":"https:\/\/elcanillita.info\/press\/2024\/10\/06\/universidad-en-guerra\/"},"wordCount":1035,"publisher":{"@id":"https:\/\/elcanillita.info\/press\/#organization"},"image":{"@id":"https:\/\/elcanillita.info\/press\/2024\/10\/06\/universidad-en-guerra\/#primaryimage"},"thumbnailUrl":"https:\/\/elcanillita.info\/press\/images\/2024\/10\/cover20241006.jpg","keywords":["Argentina"],"articleSection":[".",".","Actualidad","Am\u00e9rica del Sur","Corrupci\u00f3n","Economia","Politica"],"inLanguage":"es-AR"},{"@type":"WebPage","@id":"https:\/\/elcanillita.info\/press\/2024\/10\/06\/universidad-en-guerra\/","url":"https:\/\/elcanillita.info\/press\/2024\/10\/06\/universidad-en-guerra\/","name":"Universidad en Guerra - ElCanillita.Info","isPartOf":{"@id":"https:\/\/elcanillita.info\/press\/#website"},"primaryImageOfPage":{"@id":"https:\/\/elcanillita.info\/press\/2024\/10\/06\/universidad-en-guerra\/#primaryimage"},"image":{"@id":"https:\/\/elcanillita.info\/press\/2024\/10\/06\/universidad-en-guerra\/#primaryimage"},"thumbnailUrl":"https:\/\/elcanillita.info\/press\/images\/2024\/10\/cover20241006.jpg","datePublished":"2024-10-06T14:17:15+00:00","dateModified":"2024-10-06T14:37:35+00:00","inLanguage":"es-AR","potentialAction":[{"@type":"ReadAction","target":["https:\/\/elcanillita.info\/press\/2024\/10\/06\/universidad-en-guerra\/"]}]},{"@type":"ImageObject","inLanguage":"es-AR","@id":"https:\/\/elcanillita.info\/press\/2024\/10\/06\/universidad-en-guerra\/#primaryimage","url":"https:\/\/elcanillita.info\/press\/images\/2024\/10\/cover20241006.jpg","contentUrl":"https:\/\/elcanillita.info\/press\/images\/2024\/10\/cover20241006.jpg","width":600,"height":400},{"@type":"WebSite","@id":"https:\/\/elcanillita.info\/press\/#website","url":"https:\/\/elcanillita.info\/press\/","name":"ElCanillita.Info","description":"desde los Apeninos a los Andes","publisher":{"@id":"https:\/\/elcanillita.info\/press\/#organization"},"potentialAction":[{"@type":"SearchAction","target":{"@type":"EntryPoint","urlTemplate":"https:\/\/elcanillita.info\/press\/?s={search_term_string}"},"query-input":{"@type":"PropertyValueSpecification","valueRequired":true,"valueName":"search_term_string"}}],"inLanguage":"es-AR"},{"@type":"Organization","@id":"https:\/\/elcanillita.info\/press\/#organization","name":"Guzzo Photos & Graphic Publications","url":"https:\/\/elcanillita.info\/press\/","logo":{"@type":"ImageObject","inLanguage":"es-AR","@id":"https:\/\/elcanillita.info\/press\/#\/schema\/logo\/image\/","url":"https:\/\/elcanillita.info\/press\/images\/2020\/01\/cropped-cropped-cropped-elcanillitainfo.png","contentUrl":"https:\/\/elcanillita.info\/press\/images\/2020\/01\/cropped-cropped-cropped-elcanillitainfo.png","width":460,"height":50,"caption":"Guzzo Photos & Graphic Publications"},"image":{"@id":"https:\/\/elcanillita.info\/press\/#\/schema\/logo\/image\/"},"sameAs":["https:\/\/ar-ar.facebook.com\/ElCanillitainfo-114249515285712\/"]},{"@type":"Person","@id":"https:\/\/elcanillita.info\/press\/#\/schema\/person\/7fcb79f38045700919f7da6d97e71ba0","name":"SalaStampa.eu, world press service","image":{"@type":"ImageObject","inLanguage":"es-AR","@id":"https:\/\/secure.gravatar.com\/avatar\/c2f0e0d515a107624234994507816ca4724c7199cef73fc8bedebf6931d73888?s=96&d=mm&r=g","url":"https:\/\/secure.gravatar.com\/avatar\/c2f0e0d515a107624234994507816ca4724c7199cef73fc8bedebf6931d73888?s=96&d=mm&r=g","contentUrl":"https:\/\/secure.gravatar.com\/avatar\/c2f0e0d515a107624234994507816ca4724c7199cef73fc8bedebf6931d73888?s=96&d=mm&r=g","caption":"SalaStampa.eu, world press service"}}]}},"views":327,"_links":{"self":[{"href":"https:\/\/elcanillita.info\/press\/wp-json\/wp\/v2\/posts\/4225","targetHints":{"allow":["GET"]}}],"collection":[{"href":"https:\/\/elcanillita.info\/press\/wp-json\/wp\/v2\/posts"}],"about":[{"href":"https:\/\/elcanillita.info\/press\/wp-json\/wp\/v2\/types\/post"}],"author":[{"embeddable":true,"href":"https:\/\/elcanillita.info\/press\/wp-json\/wp\/v2\/users\/1"}],"replies":[{"embeddable":true,"href":"https:\/\/elcanillita.info\/press\/wp-json\/wp\/v2\/comments?post=4225"}],"version-history":[{"count":0,"href":"https:\/\/elcanillita.info\/press\/wp-json\/wp\/v2\/posts\/4225\/revisions"}],"wp:featuredmedia":[{"embeddable":true,"href":"https:\/\/elcanillita.info\/press\/wp-json\/wp\/v2\/media\/4227"}],"wp:attachment":[{"href":"https:\/\/elcanillita.info\/press\/wp-json\/wp\/v2\/media?parent=4225"}],"wp:term":[{"taxonomy":"category","embeddable":true,"href":"https:\/\/elcanillita.info\/press\/wp-json\/wp\/v2\/categories?post=4225"},{"taxonomy":"post_tag","embeddable":true,"href":"https:\/\/elcanillita.info\/press\/wp-json\/wp\/v2\/tags?post=4225"}],"curies":[{"name":"wp","href":"https:\/\/api.w.org\/{rel}","templated":true}]}}