{"id":421,"date":"2020-02-11T18:05:58","date_gmt":"2020-02-11T21:05:58","guid":{"rendered":"https:\/\/elcanillita.info\/press\/?p=421"},"modified":"2020-02-11T19:30:37","modified_gmt":"2020-02-11T22:30:37","slug":"oms-coronavirus-enemigo-publico-numero-uno","status":"publish","type":"post","link":"https:\/\/elcanillita.info\/press\/2020\/02\/11\/oms-coronavirus-enemigo-publico-numero-uno\/","title":{"rendered":"OMS dice que el coronavirus es el &#8220;enemigo p\u00fablico n\u00famero uno&#8221;"},"content":{"rendered":"\n<p>Mundo, 11.02.2020 &#8211; El brote de coronavirus en China podr\u00eda terminar en abril, dijo el martes el principal experto en la epidemia del pa\u00eds, pero las muertes sobrepasaron el millar y la Organizaci\u00f3n Mundial de la Salud (OMS) advirti\u00f3 de una amenaza global sumamente grave.<\/p>\n\n\n\n<p>El mundo deber\u00eda \u201cdespabilarse y considerar a este virus como el enemigo p\u00fablico n\u00famero uno\u201d, dijo a periodistas el jefe de la OMS, Tedros Adhanom Ghebreyesus.<\/p>\n\n\n\n<p>A medida que la epidemia presiona cada vez m\u00e1s a la segunda mayor econom\u00eda del mundo, las empresas chinas volv\u00edan lentamente a la actividad tras el extendido receso del A\u00f1o Nuevo Lunar. Cientos de negocios dijeron que necesitar\u00edan cr\u00e9ditos por miles de millones de d\u00f3lares para mantenerse a flote.<\/p>\n\n\n\n<p>Se han empezado a reportar despidos de trabajadores en China pese a las garant\u00edas del presidente Xi Jinping de que se evitar\u00eda una cesant\u00eda generalizada, puesto que las cadenas de suministros para las multinacionales, desde automotrices a fabricantes de tel\u00e9fonos inteligentes, se han interrumpido.<\/p>\n\n\n\n<p>El principal asesor m\u00e9dico de China sobre la epidemia, Zhong Nanshan, dijo que la cantidad de casos nuevos se estaba reduciendo en algunos lugares y que ten\u00eda la esperanza de que el brote alcance su punto m\u00e1ximo este mes, por lo que en adelante se producir\u00eda una estabilizaci\u00f3n.<\/p>\n\n\n\n<p>\u201cEspero que este brote o este evento haya terminado aproximadamente para abril\u201d, agreg\u00f3 Zhong, de 83 a\u00f1os, un epidemi\u00f3logo que gan\u00f3 fama por su trabajo en la lucha contra la propagaci\u00f3n del S\u00edndrome Respiratorio Agudo y Severo (SARS) en 2003, en una entrevista con Reuters.<\/p>\n\n\n\n<p>La OMS dijo el martes que 1.017 personas han fallecido en China, donde se reportan un total de 42.708 casos.<\/p>\n\n\n\n<p>Las bolsas globales, que sufrieron una fuerte liquidaci\u00f3n cuando empez\u00f3 a activarse la alarma por el virus, sub\u00edan hasta alcanzar niveles r\u00e9cord tras las declaraciones de Zhong.<\/p>\n\n\n\n<p>CHINA A\u00daN EST\u00c1 BAJO UNA  EMERGENCIA<\/p>\n\n\n\n<p>El martes, Tedros reflej\u00f3 menos optimismo y dijo que el coronavirus deber\u00eda considerarse una amenaza tan grave como un ataque terrorista.<\/p>\n\n\n\n<p>\u201cPara ser honesto, un virus tiene m\u00e1s poder para crear agitaci\u00f3n pol\u00edtica, social y econ\u00f3mica que cualquier ataque terrorista\u201d, afirm\u00f3. \u201cEs el enemigo p\u00fablico n\u00famero uno\u201d, sostuvo.<\/p>\n\n\n\n<p>La primera vacuna para el virus, ahora denominado oficialmente COVID-19, est\u00e1 a 18 meses de distancia, dijo el director de la agencia de la ONU, instando a la unidad mundial para evitar \u201cmuchos m\u00e1s casos y costos\u201d a partir de la enfermedad.<\/p>\n\n\n\n<p>Ante las restricciones de viajes, las cuarentenas y las suspensiones que afectan en su totalidad a la econom\u00eda china, los mercados e inversores a\u00fan intentan calcular o pronosticar el impacto probable.<\/p>\n\n\n\n<p>JPMorgan volvi\u00f3 a recortar sus previsiones sobre el crecimiento econ\u00f3mico de China este trimestre y sus analistas dijeron que el brote hab\u00eda \u201ccambiado por completo la din\u00e1mica\u201d de la actividad.<\/p>\n\n\n\n<p>Analistas del banco de inversi\u00f3n Nomura dijeron que la evidencia sugiere que el virus tuvo \u201cun impacto devastador en la econom\u00eda de China en enero y febrero\u201d.<\/p>\n\n\n\n<p>\u201cNos preocupa que los mercados globales hasta ahora parezcan estar subestimando significativamente el alcance de la paralizaci\u00f3n econ\u00f3mica\u201d, dijeron en una nota enviada a clientes.<\/p>\n\n\n\n<p>En tanto, m\u00e1s de 300 empresas chinas est\u00e1n solicitando pr\u00e9stamos bancarios por un total de 57.400 millones de yuanes (8.200 millones de d\u00f3lares) para ayudarles a hacer frente a una eventual crisis, dijeron fuentes del sector financiero.<\/p>\n\n\n\n<p>Los posibles prestatarios incluyen al gigante de entrega de alimentos Meituan Dianping, el fabricante de tel\u00e9fonos inteligentes Xiaomi Corp y el proveedor de servicio de transporte Didi Chuxing Technology Co, indicaron.<\/p>\n\n\n\n<p>La firma china Xinchao Media dijo el lunes que hab\u00eda despedido a 500 personas, o un poco m\u00e1s de una d\u00e9cima parte de su fuerza laboral, y la cadena de restaurantes Xibei indic\u00f3 que le preocupaba c\u00f3mo pagar los salarios de sus aproximadamente 20.000 trabajadores.<\/p>\n\n\n\n<p>Las autoridades chinas han asegurado que implementar\u00e1n medidas para reforzar el sistema laboral, adem\u00e1s de recortes anunciados previamente a tasas de inter\u00e9s y est\u00edmulos fiscales dise\u00f1ados para contrarrestar la amenaza de una recesi\u00f3n.<\/p>\n\n\n<p>La provincia de Hubei, donde emergi\u00f3 por primera vez el virus similar a la gripe en un mercado de animales salvajes de Wuhan, report\u00f3 2.097 nuevos casos y otras 103 muertes al 10 de febrero, seg\u00fan la autoridad regional de salud.<\/p>\n<p><small>SalaStampa.Eu, affiliate of the networks operated by Broadcasting Board of Governors \u00a9 2019 BBG<small><\/small><\/small><\/p>","protected":false},"excerpt":{"rendered":"<p>Mundo, 11.02.2020 &#8211; El brote de coronavirus en China podr\u00eda terminar en abril, dijo el martes el principal experto en la epidemia del pa\u00eds, pero las muertes sobrepasaron el millar y la Organizaci\u00f3n Mundial de la Salud (OMS) advirti\u00f3 de una amenaza global sumamente grave.<\/p>\n","protected":false},"author":1,"featured_media":0,"comment_status":"closed","ping_status":"closed","sticky":false,"template":"","format":"standard","meta":{"footnotes":"","_links_to":"","_links_to_target":""},"categories":[70,18,78,25],"tags":[35],"class_list":["post-421","post","type-post","status-publish","format-standard","hentry","category-actualidad","category-cosmo","category-sanidad","category-sociedad","tag-mundo","entry","double"],"yoast_head":"<!-- This site is optimized with the Yoast SEO plugin v27.4 - https:\/\/yoast.com\/product\/yoast-seo-wordpress\/ -->\n<title>OMS dice que el coronavirus es el &quot;enemigo p\u00fablico n\u00famero uno&quot; - ElCanillita.Info<\/title>\n<meta name=\"robots\" content=\"index, follow, max-snippet:-1, max-image-preview:large, max-video-preview:-1\" \/>\n<link rel=\"canonical\" href=\"https:\/\/elcanillita.info\/press\/2020\/02\/11\/oms-coronavirus-enemigo-publico-numero-uno\/\" \/>\n<meta property=\"og:locale\" content=\"es_ES\" \/>\n<meta property=\"og:type\" content=\"article\" \/>\n<meta property=\"og:title\" content=\"OMS dice que el coronavirus es el &quot;enemigo p\u00fablico n\u00famero uno&quot; - ElCanillita.Info\" \/>\n<meta property=\"og:description\" content=\"Mundo, 11.02.2020 - El brote de coronavirus en China podr\u00eda terminar en abril, dijo el martes el principal experto en la epidemia del pa\u00eds, pero las muertes sobrepasaron el millar y la Organizaci\u00f3n Mundial de la Salud (OMS) advirti\u00f3 de una amenaza global sumamente grave.\" \/>\n<meta property=\"og:url\" content=\"https:\/\/elcanillita.info\/press\/2020\/02\/11\/oms-coronavirus-enemigo-publico-numero-uno\/\" \/>\n<meta property=\"og:site_name\" content=\"ElCanillita.Info\" \/>\n<meta property=\"article:publisher\" content=\"https:\/\/ar-ar.facebook.com\/ElCanillitainfo-114249515285712\/\" \/>\n<meta property=\"article:published_time\" content=\"2020-02-11T21:05:58+00:00\" \/>\n<meta property=\"article:modified_time\" content=\"2020-02-11T22:30:37+00:00\" \/>\n<meta name=\"author\" content=\"SalaStampa.eu, world press service\" \/>\n<meta name=\"twitter:card\" content=\"summary_large_image\" \/>\n<meta name=\"twitter:label1\" content=\"Escrito por\" \/>\n\t<meta name=\"twitter:data1\" content=\"SalaStampa.eu, world press service\" \/>\n\t<meta name=\"twitter:label2\" content=\"Tiempo de lectura\" \/>\n\t<meta name=\"twitter:data2\" content=\"4 minutos\" \/>\n<script type=\"application\/ld+json\" class=\"yoast-schema-graph\">{\"@context\":\"https:\\\/\\\/schema.org\",\"@graph\":[{\"@type\":\"Article\",\"@id\":\"https:\\\/\\\/elcanillita.info\\\/press\\\/2020\\\/02\\\/11\\\/oms-coronavirus-enemigo-publico-numero-uno\\\/#article\",\"isPartOf\":{\"@id\":\"https:\\\/\\\/elcanillita.info\\\/press\\\/2020\\\/02\\\/11\\\/oms-coronavirus-enemigo-publico-numero-uno\\\/\"},\"author\":{\"name\":\"SalaStampa.eu, world press service\",\"@id\":\"https:\\\/\\\/elcanillita.info\\\/press\\\/#\\\/schema\\\/person\\\/7fcb79f38045700919f7da6d97e71ba0\"},\"headline\":\"OMS dice que el coronavirus es el &#8220;enemigo p\u00fablico n\u00famero uno&#8221;\",\"datePublished\":\"2020-02-11T21:05:58+00:00\",\"dateModified\":\"2020-02-11T22:30:37+00:00\",\"mainEntityOfPage\":{\"@id\":\"https:\\\/\\\/elcanillita.info\\\/press\\\/2020\\\/02\\\/11\\\/oms-coronavirus-enemigo-publico-numero-uno\\\/\"},\"wordCount\":775,\"publisher\":{\"@id\":\"https:\\\/\\\/elcanillita.info\\\/press\\\/#organization\"},\"keywords\":[\"MUNDO\"],\"articleSection\":[\"Actualidad\",\"Cosmo\",\"Sanidad\",\"Sociedad\"],\"inLanguage\":\"es-AR\"},{\"@type\":\"WebPage\",\"@id\":\"https:\\\/\\\/elcanillita.info\\\/press\\\/2020\\\/02\\\/11\\\/oms-coronavirus-enemigo-publico-numero-uno\\\/\",\"url\":\"https:\\\/\\\/elcanillita.info\\\/press\\\/2020\\\/02\\\/11\\\/oms-coronavirus-enemigo-publico-numero-uno\\\/\",\"name\":\"OMS dice que el coronavirus es el \\\"enemigo p\u00fablico n\u00famero uno\\\" - ElCanillita.Info\",\"isPartOf\":{\"@id\":\"https:\\\/\\\/elcanillita.info\\\/press\\\/#website\"},\"datePublished\":\"2020-02-11T21:05:58+00:00\",\"dateModified\":\"2020-02-11T22:30:37+00:00\",\"inLanguage\":\"es-AR\",\"potentialAction\":[{\"@type\":\"ReadAction\",\"target\":[\"https:\\\/\\\/elcanillita.info\\\/press\\\/2020\\\/02\\\/11\\\/oms-coronavirus-enemigo-publico-numero-uno\\\/\"]}]},{\"@type\":\"WebSite\",\"@id\":\"https:\\\/\\\/elcanillita.info\\\/press\\\/#website\",\"url\":\"https:\\\/\\\/elcanillita.info\\\/press\\\/\",\"name\":\"ElCanillita.Info\",\"description\":\"desde los Apeninos a los Andes\",\"publisher\":{\"@id\":\"https:\\\/\\\/elcanillita.info\\\/press\\\/#organization\"},\"potentialAction\":[{\"@type\":\"SearchAction\",\"target\":{\"@type\":\"EntryPoint\",\"urlTemplate\":\"https:\\\/\\\/elcanillita.info\\\/press\\\/?s={search_term_string}\"},\"query-input\":{\"@type\":\"PropertyValueSpecification\",\"valueRequired\":true,\"valueName\":\"search_term_string\"}}],\"inLanguage\":\"es-AR\"},{\"@type\":\"Organization\",\"@id\":\"https:\\\/\\\/elcanillita.info\\\/press\\\/#organization\",\"name\":\"Guzzo Photos & Graphic Publications\",\"url\":\"https:\\\/\\\/elcanillita.info\\\/press\\\/\",\"logo\":{\"@type\":\"ImageObject\",\"inLanguage\":\"es-AR\",\"@id\":\"https:\\\/\\\/elcanillita.info\\\/press\\\/#\\\/schema\\\/logo\\\/image\\\/\",\"url\":\"https:\\\/\\\/elcanillita.info\\\/press\\\/images\\\/2020\\\/01\\\/cropped-cropped-cropped-elcanillitainfo.png\",\"contentUrl\":\"https:\\\/\\\/elcanillita.info\\\/press\\\/images\\\/2020\\\/01\\\/cropped-cropped-cropped-elcanillitainfo.png\",\"width\":460,\"height\":50,\"caption\":\"Guzzo Photos & Graphic Publications\"},\"image\":{\"@id\":\"https:\\\/\\\/elcanillita.info\\\/press\\\/#\\\/schema\\\/logo\\\/image\\\/\"},\"sameAs\":[\"https:\\\/\\\/ar-ar.facebook.com\\\/ElCanillitainfo-114249515285712\\\/\"]},{\"@type\":\"Person\",\"@id\":\"https:\\\/\\\/elcanillita.info\\\/press\\\/#\\\/schema\\\/person\\\/7fcb79f38045700919f7da6d97e71ba0\",\"name\":\"SalaStampa.eu, world press service\",\"image\":{\"@type\":\"ImageObject\",\"inLanguage\":\"es-AR\",\"@id\":\"https:\\\/\\\/secure.gravatar.com\\\/avatar\\\/c2f0e0d515a107624234994507816ca4724c7199cef73fc8bedebf6931d73888?s=96&d=mm&r=g\",\"url\":\"https:\\\/\\\/secure.gravatar.com\\\/avatar\\\/c2f0e0d515a107624234994507816ca4724c7199cef73fc8bedebf6931d73888?s=96&d=mm&r=g\",\"contentUrl\":\"https:\\\/\\\/secure.gravatar.com\\\/avatar\\\/c2f0e0d515a107624234994507816ca4724c7199cef73fc8bedebf6931d73888?s=96&d=mm&r=g\",\"caption\":\"SalaStampa.eu, world press service\"}}]}<\/script>\n<!-- \/ Yoast SEO plugin. -->","yoast_head_json":{"title":"OMS dice que el coronavirus es el \"enemigo p\u00fablico n\u00famero uno\" - ElCanillita.Info","robots":{"index":"index","follow":"follow","max-snippet":"max-snippet:-1","max-image-preview":"max-image-preview:large","max-video-preview":"max-video-preview:-1"},"canonical":"https:\/\/elcanillita.info\/press\/2020\/02\/11\/oms-coronavirus-enemigo-publico-numero-uno\/","og_locale":"es_ES","og_type":"article","og_title":"OMS dice que el coronavirus es el \"enemigo p\u00fablico n\u00famero uno\" - ElCanillita.Info","og_description":"Mundo, 11.02.2020 - El brote de coronavirus en China podr\u00eda terminar en abril, dijo el martes el principal experto en la epidemia del pa\u00eds, pero las muertes sobrepasaron el millar y la Organizaci\u00f3n Mundial de la Salud (OMS) advirti\u00f3 de una amenaza global sumamente grave.","og_url":"https:\/\/elcanillita.info\/press\/2020\/02\/11\/oms-coronavirus-enemigo-publico-numero-uno\/","og_site_name":"ElCanillita.Info","article_publisher":"https:\/\/ar-ar.facebook.com\/ElCanillitainfo-114249515285712\/","article_published_time":"2020-02-11T21:05:58+00:00","article_modified_time":"2020-02-11T22:30:37+00:00","author":"SalaStampa.eu, world press service","twitter_card":"summary_large_image","twitter_misc":{"Escrito por":"SalaStampa.eu, world press service","Tiempo de lectura":"4 minutos"},"schema":{"@context":"https:\/\/schema.org","@graph":[{"@type":"Article","@id":"https:\/\/elcanillita.info\/press\/2020\/02\/11\/oms-coronavirus-enemigo-publico-numero-uno\/#article","isPartOf":{"@id":"https:\/\/elcanillita.info\/press\/2020\/02\/11\/oms-coronavirus-enemigo-publico-numero-uno\/"},"author":{"name":"SalaStampa.eu, world press service","@id":"https:\/\/elcanillita.info\/press\/#\/schema\/person\/7fcb79f38045700919f7da6d97e71ba0"},"headline":"OMS dice que el coronavirus es el &#8220;enemigo p\u00fablico n\u00famero uno&#8221;","datePublished":"2020-02-11T21:05:58+00:00","dateModified":"2020-02-11T22:30:37+00:00","mainEntityOfPage":{"@id":"https:\/\/elcanillita.info\/press\/2020\/02\/11\/oms-coronavirus-enemigo-publico-numero-uno\/"},"wordCount":775,"publisher":{"@id":"https:\/\/elcanillita.info\/press\/#organization"},"keywords":["MUNDO"],"articleSection":["Actualidad","Cosmo","Sanidad","Sociedad"],"inLanguage":"es-AR"},{"@type":"WebPage","@id":"https:\/\/elcanillita.info\/press\/2020\/02\/11\/oms-coronavirus-enemigo-publico-numero-uno\/","url":"https:\/\/elcanillita.info\/press\/2020\/02\/11\/oms-coronavirus-enemigo-publico-numero-uno\/","name":"OMS dice que el coronavirus es el \"enemigo p\u00fablico n\u00famero uno\" - ElCanillita.Info","isPartOf":{"@id":"https:\/\/elcanillita.info\/press\/#website"},"datePublished":"2020-02-11T21:05:58+00:00","dateModified":"2020-02-11T22:30:37+00:00","inLanguage":"es-AR","potentialAction":[{"@type":"ReadAction","target":["https:\/\/elcanillita.info\/press\/2020\/02\/11\/oms-coronavirus-enemigo-publico-numero-uno\/"]}]},{"@type":"WebSite","@id":"https:\/\/elcanillita.info\/press\/#website","url":"https:\/\/elcanillita.info\/press\/","name":"ElCanillita.Info","description":"desde los Apeninos a los Andes","publisher":{"@id":"https:\/\/elcanillita.info\/press\/#organization"},"potentialAction":[{"@type":"SearchAction","target":{"@type":"EntryPoint","urlTemplate":"https:\/\/elcanillita.info\/press\/?s={search_term_string}"},"query-input":{"@type":"PropertyValueSpecification","valueRequired":true,"valueName":"search_term_string"}}],"inLanguage":"es-AR"},{"@type":"Organization","@id":"https:\/\/elcanillita.info\/press\/#organization","name":"Guzzo Photos & Graphic Publications","url":"https:\/\/elcanillita.info\/press\/","logo":{"@type":"ImageObject","inLanguage":"es-AR","@id":"https:\/\/elcanillita.info\/press\/#\/schema\/logo\/image\/","url":"https:\/\/elcanillita.info\/press\/images\/2020\/01\/cropped-cropped-cropped-elcanillitainfo.png","contentUrl":"https:\/\/elcanillita.info\/press\/images\/2020\/01\/cropped-cropped-cropped-elcanillitainfo.png","width":460,"height":50,"caption":"Guzzo Photos & Graphic Publications"},"image":{"@id":"https:\/\/elcanillita.info\/press\/#\/schema\/logo\/image\/"},"sameAs":["https:\/\/ar-ar.facebook.com\/ElCanillitainfo-114249515285712\/"]},{"@type":"Person","@id":"https:\/\/elcanillita.info\/press\/#\/schema\/person\/7fcb79f38045700919f7da6d97e71ba0","name":"SalaStampa.eu, world press service","image":{"@type":"ImageObject","inLanguage":"es-AR","@id":"https:\/\/secure.gravatar.com\/avatar\/c2f0e0d515a107624234994507816ca4724c7199cef73fc8bedebf6931d73888?s=96&d=mm&r=g","url":"https:\/\/secure.gravatar.com\/avatar\/c2f0e0d515a107624234994507816ca4724c7199cef73fc8bedebf6931d73888?s=96&d=mm&r=g","contentUrl":"https:\/\/secure.gravatar.com\/avatar\/c2f0e0d515a107624234994507816ca4724c7199cef73fc8bedebf6931d73888?s=96&d=mm&r=g","caption":"SalaStampa.eu, world press service"}}]}},"views":701,"_links":{"self":[{"href":"https:\/\/elcanillita.info\/press\/wp-json\/wp\/v2\/posts\/421","targetHints":{"allow":["GET"]}}],"collection":[{"href":"https:\/\/elcanillita.info\/press\/wp-json\/wp\/v2\/posts"}],"about":[{"href":"https:\/\/elcanillita.info\/press\/wp-json\/wp\/v2\/types\/post"}],"author":[{"embeddable":true,"href":"https:\/\/elcanillita.info\/press\/wp-json\/wp\/v2\/users\/1"}],"replies":[{"embeddable":true,"href":"https:\/\/elcanillita.info\/press\/wp-json\/wp\/v2\/comments?post=421"}],"version-history":[{"count":0,"href":"https:\/\/elcanillita.info\/press\/wp-json\/wp\/v2\/posts\/421\/revisions"}],"wp:attachment":[{"href":"https:\/\/elcanillita.info\/press\/wp-json\/wp\/v2\/media?parent=421"}],"wp:term":[{"taxonomy":"category","embeddable":true,"href":"https:\/\/elcanillita.info\/press\/wp-json\/wp\/v2\/categories?post=421"},{"taxonomy":"post_tag","embeddable":true,"href":"https:\/\/elcanillita.info\/press\/wp-json\/wp\/v2\/tags?post=421"}],"curies":[{"name":"wp","href":"https:\/\/api.w.org\/{rel}","templated":true}]}}