{"id":4201,"date":"2024-10-03T11:31:46","date_gmt":"2024-10-03T14:31:46","guid":{"rendered":"https:\/\/elcanillita.info\/press\/?p=4201"},"modified":"2024-10-03T12:08:50","modified_gmt":"2024-10-03T15:08:50","slug":"iran-podria-contar-con-diez-ojivas-nucleares-a-breve-termino","status":"publish","type":"post","link":"https:\/\/elcanillita.info\/press\/2024\/10\/03\/iran-podria-contar-con-diez-ojivas-nucleares-a-breve-termino\/","title":{"rendered":"Ir\u00e1n podr\u00eda contar con diez ojivas nucleares a breve t\u00e9rmino"},"content":{"rendered":"\n<figure class=\"wp-block-image size-full\"><img loading=\"lazy\" decoding=\"async\" width=\"600\" height=\"337\" src=\"https:\/\/elcanillita.info\/press\/images\/2024\/10\/ojiv_20241003.jpg\" alt=\"\" class=\"wp-image-4202\" srcset=\"https:\/\/elcanillita.info\/press\/images\/2024\/10\/ojiv_20241003.jpg 600w, https:\/\/elcanillita.info\/press\/images\/2024\/10\/ojiv_20241003-300x169.jpg 300w\" sizes=\"auto, (max-width: 600px) 100vw, 600px\" \/><\/figure>\n\n\n\n<p><strong>ElCanillita.info, Octubre 03 2024<\/strong><br>Ir\u00e1n podr\u00eda estar a solo seis meses de tener diez ojivas nucleares listas para apuntar a sus enemigos, seg\u00fan un experto que ha visitado las instalaciones del r\u00e9gimen en varias ocasiones.<\/p>\n\n\n\n<p>Olli Heinonen, ex subdirector del Organismo Internacional de Energ\u00eda At\u00f3mica (OIEA) que supervis\u00f3 sus esfuerzos para monitorear y contener el programa nuclear de Ir\u00e1n en el pasado, dijo que si Ir\u00e1n &#8220;se apresura&#8221; podr\u00eda tener el arsenal listo para el pr\u00f3ximo mes de abril.<\/p>\n\n\n\n<p>&#8220;No se puede aniquilar un pa\u00eds con esos misiles, pero si amenazarlo y estar en una posici\u00f3n mucho m\u00e1s fuerte en las negociaciones&#8221;, coment\u00f3 a la prensa en Nueva York.<\/p>\n\n\n\n<p>Oficialmente, Ir\u00e1n afirma que su programa nuclear es a fines civiles, pero Israel y muchos en Occidente lo ven como una fachada para el desarrollo de armas.<\/p>\n\n\n\n<p>En agosto, un informe del OIEA dijo que Ir\u00e1n hab\u00eda aumentado su arsenal de uranio enriquecido al 60 por ciento a casi 165 kg, 20 kg m\u00e1s de lo que inform\u00f3 el organismo de control nuclear de la ONU en mayo. Se requiere un enriquecimiento de alrededor del 90 por ciento para una bomba, y el primer ministro de Israel, Binyamin Netanyahu, ha advertido durante mucho tiempo que Ir\u00e1n podr\u00eda lograrlo en unos pocos meses si lo deseara.<\/p>\n\n\n\n<p>Heinonen, miembro del Stimson Center de Washington DC, que ha mantenido numerosas reuniones con los principales funcionarios de las instalaciones nucleares del r\u00e9gimen, tambi\u00e9n dijo que los misiles disparados contra Israel el martes por la noche podr\u00edan usarse para el lanzamiento de armas nucleares.<\/p>\n\n\n\n<p>\u201cSimplemente podr\u00edan poner algo diferente donde est\u00e1 la carga \u00fatil, dise\u00f1ando un paquete de armas de manera distinta para que sobreviva al vuelo\u201d, dijo. \u201cEs por eso que Estados Unidos y el Reino Unido est\u00e1n preocupados\u201d, continu\u00f3, refiri\u00e9ndose a los repetidos llamados a una desescalada en la regi\u00f3n.<\/p>\n\n\n\n<p>Advirti\u00f3 que los funcionarios en Ir\u00e1n tambi\u00e9n hab\u00edan se\u00f1alado que hab\u00edan cambiado su doctrina de defensa de tal manera que suger\u00eda \u201cs\u00ed, podr\u00edamos utilizarlos si no obtenemos lo que queremos\u201d.<\/p>\n\n\n<div class=\"wp-block-image\">\n<figure class=\"alignleft size-full is-resized\"><img loading=\"lazy\" decoding=\"async\" width=\"250\" height=\"271\" src=\"https:\/\/elcanillita.info\/press\/images\/2024\/10\/olli_port_20241003-1.jpg\" alt=\"\" class=\"wp-image-4205\" style=\"width:282px;height:auto\"\/><figcaption class=\"wp-element-caption\">Olli Heinonen, finlandes es asesor principal sobre ciencia y no proliferaci\u00f3n en la Fundaci\u00f3n para la Defensa de las Democracias (FDD) y asociado del Centro Belfer para la Ciencia y los Asuntos Internacionales de la Universidad de Harvard<\/figcaption><\/figure>\n<\/div>\n\n\n<p>Sin embargo, Heinonen dijo que al usar armas nucleares los iran\u00edes estar\u00edan asumiendo un \u201criesgo tremendo\u201d y que era m\u00e1s probable que las usaran como \u201cmoneda de cambio y amenaza\u201d.<\/p>\n\n\n\n<p>\u201cEl presidente estadounidense tendr\u00e1 que pensar que existe incluso una peque\u00f1a posibilidad de que se utilicen esas armas y tienen que estar preparados para eso\u201d, dijo.<\/p>\n\n\n\n<p>Entonces, \u00bfIsrael, anticipar\u00e1 el pr\u00f3ximo movimiento de Ir\u00e1n para atacar primero las instalaciones nucleares de Ir\u00e1n? El presidente Biden dijo el mi\u00e9rcoles que no apoyaba un ataque de ese tipo a las instalaciones nucleares de Ir\u00e1n.<\/p>\n\n\n\n<p>Es el \u00fanico que probablemente tenga alguna influencia sobre lo que Netanyahu haga a continuaci\u00f3n, aunque en ese entonces su influencia supuestamente es limitada. Estados Unidos ya no ha logrado persuadir a su aliado -al que le da miles de millones de dolares para su defensa- de que no entre en Rafah, en Gaza, debido al riesgo de v\u00edctimas civiles, y tampoco de que no invada el L\u00edbano, como hizo esta semana.<br><br>Sin embargo, cualquier movimiento significativo de Ir\u00e1n para lograr una bomba nuclear corre el riesgo de ser detectado. Los halcones israel\u00edes podr\u00edan instar a Netanyahu a atacar ahora para impedirlo, como hizo Israel en Irak y Siria en d\u00e9cadas pasadas bombardeando sus instalaciones nucleares.<\/p>\n\n\n\n<figure class=\"wp-block-image size-full\"><img decoding=\"async\" src=\"https:\/\/elcanillita.info\/press\/images\/2024\/10\/mapiran_20241003-Final.png\" alt=\"\" class=\"wp-image-4208\"\/><\/figure>\n\n\n\n<p>Los centros de centrifugaci\u00f3n de Ir\u00e1n suelen estar enterrados bajo regiones monta\u00f1osas, protegidos por tropas y misiles de defensa a\u00e9rea. Los analistas dicen que atacar las instalaciones nucleares que enriquecen uranio en Natanz y Fordow con un ataque directo podr\u00eda resultar &#8220;un desaf\u00edo&#8221; y arrojar resultados limitados.<\/p>\n\n\n\n<p>Tras el primer enfrentamiento iran\u00ed con Israel en abril \u2014en el que Israel llev\u00f3 a cabo un ataque simb\u00f3lico contra una torre de radar en un aer\u00f3dromo de Isfah\u00e1n, no lejos de otra instalaci\u00f3n nuclear iran\u00ed\u2014 hubo m\u00e1s ret\u00f3rica en Ir\u00e1n sobre la posibilidad de construir una bomba.<br><br><\/p>\n\n\n\n<p>Un alto comandante de la Guardia Revolucionaria argument\u00f3 que el pa\u00eds deber\u00eda revisar sus ambiciones nucleares, que anteriormente estaban limitadas por la diplomacia: en 2015, Estados Unidos, Gran Breta\u00f1a, Rusia y otras naciones acordaron relajar las sanciones econ\u00f3micas contra Ir\u00e1n a cambio de que Teher\u00e1n redujera sus reservas de uranio enriquecido. Ese acuerdo fue roto por el presidente Trump tres a\u00f1os despu\u00e9s, quien restableci\u00f3 las sanciones punitivas y permiti\u00f3 efectivamente que se acelerara el enriquecimiento.<\/p>\n\n\n\n<figure class=\"wp-block-image size-full\"><img loading=\"lazy\" decoding=\"async\" width=\"600\" height=\"400\" src=\"https:\/\/elcanillita.info\/press\/images\/2024\/10\/presiran_20241003.jpg\" alt=\"\" class=\"wp-image-4203\" srcset=\"https:\/\/elcanillita.info\/press\/images\/2024\/10\/presiran_20241003.jpg 600w, https:\/\/elcanillita.info\/press\/images\/2024\/10\/presiran_20241003-300x200.jpg 300w\" sizes=\"auto, (max-width: 600px) 100vw, 600px\" \/><figcaption class=\"wp-element-caption\">Masoud Pezeshkian (Mahabad, 29\/09\/1954) es un m\u00e9dico cirujano y pol\u00edtico iran\u00ed, perteneciente al movimiento <br>reformista que se desempe\u00f1a como presidente de la Rep\u00fablica Isl\u00e1mica de Ir\u00e1n desde el 28 de julio de 2024<\/figcaption><\/figure>\n\n\n\n<p>Se cree que el nuevo presidente de Ir\u00e1n, Masoud Pezeshkian, considera que el creciente arsenal de uranio es una moneda de cambio para alcanzar un nuevo acuerdo nuclear que alivie una vez m\u00e1s la carga de las sanciones.<\/p>\n\n\n\n<p>Pero la amenaza que ahora plantea la campa\u00f1a militar ampliada de Israel a la supervivencia de Hezbol\u00e1 y Ham\u00e1s puede reforzar a los halcones de Teher\u00e1n. Ir\u00e1n consideraba a esos grupos de poder y a otras milicias apoyadas por Ir\u00e1n como una l\u00ednea de defensa contra Israel, que complementaba sus propios misiles de largo alcance.<\/p>\n\n\n\n<p>\u201cHezbol\u00e1 es el n\u00facleo de este segundo pilar de estrategia. Si se debilita, ese pilar puede derrumbarse y con \u00e9l toda la estrategia. Para compensarlo, han estado hablando de una alternativa, u otra capa de disuasi\u00f3n que podr\u00eda ser la disuasi\u00f3n nuclear\u201d, dijo Hamidreza Azizi, experto en Ir\u00e1n y miembro visitante del SWP, un grupo de expertos alem\u00e1n.<\/p>\n\n\n\n<p>Un ataque israel\u00ed a las instalaciones nucleares iran\u00edes \u201cno retrasar\u00e1 el desarrollo significativamente\u201d, a\u00f1adi\u00f3.<\/p>\n\n\n\n<p>\u201cEstas instalaciones est\u00e1n a gran profundidad, por lo que se necesitar\u00eda algo m\u00e1s que un ataque normal. Se trata de m\u00e1s de una instalaci\u00f3n, como los reactores iraqu\u00edes y sirios. Est\u00e1n dispersos en diferentes partes del pa\u00eds\u201d, dijo.<\/p>\n\n\n\n<p><small>Copyright \u00a9 2024 ElCanillita.info \/ SalaStampa.Eu, servicio mundial de prensa<\/small><br><small>Guzzo Photos &amp; Graphic Publications &#8211; Registro Editori e Stampatori n. 1441 Torino, Italia<\/small><\/p>\n","protected":false},"excerpt":{"rendered":"<p>El paquete de armas de los misiles bal\u00edsticos de Ir\u00e1n podr\u00eda llevar una ojiva nuclear<\/p>\n","protected":false},"author":1,"featured_media":0,"comment_status":"closed","ping_status":"closed","sticky":false,"template":"","format":"standard","meta":{"footnotes":"","_links_to":"","_links_to_target":""},"categories":[108,121,15],"tags":[31,67,129],"class_list":["post-4201","post","type-post","status-publish","format-standard","hentry","category-blogdiario","category-dc24","category-medio-oriente","tag-iran","tag-israel","tag-usa","entry","double"],"yoast_head":"<!-- This site is optimized with the Yoast SEO plugin v27.4 - https:\/\/yoast.com\/product\/yoast-seo-wordpress\/ -->\n<title>Ir\u00e1n podr\u00eda contar con diez ojivas nucleares a breve t\u00e9rmino - ElCanillita.Info<\/title>\n<meta name=\"robots\" content=\"index, follow, max-snippet:-1, max-image-preview:large, max-video-preview:-1\" \/>\n<link rel=\"canonical\" href=\"https:\/\/elcanillita.info\/press\/2024\/10\/03\/iran-podria-contar-con-diez-ojivas-nucleares-a-breve-termino\/\" \/>\n<meta property=\"og:locale\" content=\"es_ES\" \/>\n<meta property=\"og:type\" content=\"article\" \/>\n<meta property=\"og:title\" content=\"Ir\u00e1n podr\u00eda contar con diez ojivas nucleares a breve t\u00e9rmino - ElCanillita.Info\" \/>\n<meta property=\"og:description\" content=\"El paquete de armas de los misiles bal\u00edsticos de Ir\u00e1n podr\u00eda llevar una ojiva nuclear\" \/>\n<meta property=\"og:url\" content=\"https:\/\/elcanillita.info\/press\/2024\/10\/03\/iran-podria-contar-con-diez-ojivas-nucleares-a-breve-termino\/\" \/>\n<meta property=\"og:site_name\" content=\"ElCanillita.Info\" \/>\n<meta property=\"article:publisher\" content=\"https:\/\/ar-ar.facebook.com\/ElCanillitainfo-114249515285712\/\" \/>\n<meta property=\"article:published_time\" content=\"2024-10-03T14:31:46+00:00\" \/>\n<meta property=\"article:modified_time\" content=\"2024-10-03T15:08:50+00:00\" \/>\n<meta property=\"og:image\" content=\"https:\/\/elcanillita.info\/press\/images\/2024\/10\/mapiran_20241003-Final.png\" \/>\n\t<meta property=\"og:image:width\" content=\"600\" \/>\n\t<meta property=\"og:image:height\" content=\"521\" \/>\n\t<meta property=\"og:image:type\" content=\"image\/png\" \/>\n<meta name=\"author\" content=\"SalaStampa.eu, world press service\" \/>\n<meta name=\"twitter:card\" content=\"summary_large_image\" \/>\n<meta name=\"twitter:label1\" content=\"Escrito por\" \/>\n\t<meta name=\"twitter:data1\" content=\"SalaStampa.eu, world press service\" \/>\n\t<meta name=\"twitter:label2\" content=\"Tiempo de lectura\" \/>\n\t<meta name=\"twitter:data2\" content=\"6 minutos\" \/>\n<script type=\"application\/ld+json\" class=\"yoast-schema-graph\">{\"@context\":\"https:\\\/\\\/schema.org\",\"@graph\":[{\"@type\":\"Article\",\"@id\":\"https:\\\/\\\/elcanillita.info\\\/press\\\/2024\\\/10\\\/03\\\/iran-podria-contar-con-diez-ojivas-nucleares-a-breve-termino\\\/#article\",\"isPartOf\":{\"@id\":\"https:\\\/\\\/elcanillita.info\\\/press\\\/2024\\\/10\\\/03\\\/iran-podria-contar-con-diez-ojivas-nucleares-a-breve-termino\\\/\"},\"author\":{\"name\":\"SalaStampa.eu, world press service\",\"@id\":\"https:\\\/\\\/elcanillita.info\\\/press\\\/#\\\/schema\\\/person\\\/7fcb79f38045700919f7da6d97e71ba0\"},\"headline\":\"Ir\u00e1n podr\u00eda contar con diez ojivas nucleares a breve t\u00e9rmino\",\"datePublished\":\"2024-10-03T14:31:46+00:00\",\"dateModified\":\"2024-10-03T15:08:50+00:00\",\"mainEntityOfPage\":{\"@id\":\"https:\\\/\\\/elcanillita.info\\\/press\\\/2024\\\/10\\\/03\\\/iran-podria-contar-con-diez-ojivas-nucleares-a-breve-termino\\\/\"},\"wordCount\":1117,\"publisher\":{\"@id\":\"https:\\\/\\\/elcanillita.info\\\/press\\\/#organization\"},\"image\":{\"@id\":\"https:\\\/\\\/elcanillita.info\\\/press\\\/2024\\\/10\\\/03\\\/iran-podria-contar-con-diez-ojivas-nucleares-a-breve-termino\\\/#primaryimage\"},\"thumbnailUrl\":\"https:\\\/\\\/elcanillita.info\\\/press\\\/images\\\/2024\\\/10\\\/ojiv_20241003.jpg\",\"keywords\":[\"Ir\u00e1n\",\"Israel\",\"USA\"],\"articleSection\":[\".\",\".\",\"Medio Oriente\"],\"inLanguage\":\"es-AR\"},{\"@type\":\"WebPage\",\"@id\":\"https:\\\/\\\/elcanillita.info\\\/press\\\/2024\\\/10\\\/03\\\/iran-podria-contar-con-diez-ojivas-nucleares-a-breve-termino\\\/\",\"url\":\"https:\\\/\\\/elcanillita.info\\\/press\\\/2024\\\/10\\\/03\\\/iran-podria-contar-con-diez-ojivas-nucleares-a-breve-termino\\\/\",\"name\":\"Ir\u00e1n podr\u00eda contar con diez ojivas nucleares a breve t\u00e9rmino - ElCanillita.Info\",\"isPartOf\":{\"@id\":\"https:\\\/\\\/elcanillita.info\\\/press\\\/#website\"},\"primaryImageOfPage\":{\"@id\":\"https:\\\/\\\/elcanillita.info\\\/press\\\/2024\\\/10\\\/03\\\/iran-podria-contar-con-diez-ojivas-nucleares-a-breve-termino\\\/#primaryimage\"},\"image\":{\"@id\":\"https:\\\/\\\/elcanillita.info\\\/press\\\/2024\\\/10\\\/03\\\/iran-podria-contar-con-diez-ojivas-nucleares-a-breve-termino\\\/#primaryimage\"},\"thumbnailUrl\":\"https:\\\/\\\/elcanillita.info\\\/press\\\/images\\\/2024\\\/10\\\/ojiv_20241003.jpg\",\"datePublished\":\"2024-10-03T14:31:46+00:00\",\"dateModified\":\"2024-10-03T15:08:50+00:00\",\"inLanguage\":\"es-AR\",\"potentialAction\":[{\"@type\":\"ReadAction\",\"target\":[\"https:\\\/\\\/elcanillita.info\\\/press\\\/2024\\\/10\\\/03\\\/iran-podria-contar-con-diez-ojivas-nucleares-a-breve-termino\\\/\"]}]},{\"@type\":\"ImageObject\",\"inLanguage\":\"es-AR\",\"@id\":\"https:\\\/\\\/elcanillita.info\\\/press\\\/2024\\\/10\\\/03\\\/iran-podria-contar-con-diez-ojivas-nucleares-a-breve-termino\\\/#primaryimage\",\"url\":\"https:\\\/\\\/elcanillita.info\\\/press\\\/images\\\/2024\\\/10\\\/ojiv_20241003.jpg\",\"contentUrl\":\"https:\\\/\\\/elcanillita.info\\\/press\\\/images\\\/2024\\\/10\\\/ojiv_20241003.jpg\",\"width\":600,\"height\":337},{\"@type\":\"WebSite\",\"@id\":\"https:\\\/\\\/elcanillita.info\\\/press\\\/#website\",\"url\":\"https:\\\/\\\/elcanillita.info\\\/press\\\/\",\"name\":\"ElCanillita.Info\",\"description\":\"desde los Apeninos a los Andes\",\"publisher\":{\"@id\":\"https:\\\/\\\/elcanillita.info\\\/press\\\/#organization\"},\"potentialAction\":[{\"@type\":\"SearchAction\",\"target\":{\"@type\":\"EntryPoint\",\"urlTemplate\":\"https:\\\/\\\/elcanillita.info\\\/press\\\/?s={search_term_string}\"},\"query-input\":{\"@type\":\"PropertyValueSpecification\",\"valueRequired\":true,\"valueName\":\"search_term_string\"}}],\"inLanguage\":\"es-AR\"},{\"@type\":\"Organization\",\"@id\":\"https:\\\/\\\/elcanillita.info\\\/press\\\/#organization\",\"name\":\"Guzzo Photos & Graphic Publications\",\"url\":\"https:\\\/\\\/elcanillita.info\\\/press\\\/\",\"logo\":{\"@type\":\"ImageObject\",\"inLanguage\":\"es-AR\",\"@id\":\"https:\\\/\\\/elcanillita.info\\\/press\\\/#\\\/schema\\\/logo\\\/image\\\/\",\"url\":\"https:\\\/\\\/elcanillita.info\\\/press\\\/images\\\/2020\\\/01\\\/cropped-cropped-cropped-elcanillitainfo.png\",\"contentUrl\":\"https:\\\/\\\/elcanillita.info\\\/press\\\/images\\\/2020\\\/01\\\/cropped-cropped-cropped-elcanillitainfo.png\",\"width\":460,\"height\":50,\"caption\":\"Guzzo Photos & Graphic Publications\"},\"image\":{\"@id\":\"https:\\\/\\\/elcanillita.info\\\/press\\\/#\\\/schema\\\/logo\\\/image\\\/\"},\"sameAs\":[\"https:\\\/\\\/ar-ar.facebook.com\\\/ElCanillitainfo-114249515285712\\\/\"]},{\"@type\":\"Person\",\"@id\":\"https:\\\/\\\/elcanillita.info\\\/press\\\/#\\\/schema\\\/person\\\/7fcb79f38045700919f7da6d97e71ba0\",\"name\":\"SalaStampa.eu, world press service\",\"image\":{\"@type\":\"ImageObject\",\"inLanguage\":\"es-AR\",\"@id\":\"https:\\\/\\\/secure.gravatar.com\\\/avatar\\\/c2f0e0d515a107624234994507816ca4724c7199cef73fc8bedebf6931d73888?s=96&d=mm&r=g\",\"url\":\"https:\\\/\\\/secure.gravatar.com\\\/avatar\\\/c2f0e0d515a107624234994507816ca4724c7199cef73fc8bedebf6931d73888?s=96&d=mm&r=g\",\"contentUrl\":\"https:\\\/\\\/secure.gravatar.com\\\/avatar\\\/c2f0e0d515a107624234994507816ca4724c7199cef73fc8bedebf6931d73888?s=96&d=mm&r=g\",\"caption\":\"SalaStampa.eu, world press service\"}}]}<\/script>\n<!-- \/ Yoast SEO plugin. -->","yoast_head_json":{"title":"Ir\u00e1n podr\u00eda contar con diez ojivas nucleares a breve t\u00e9rmino - ElCanillita.Info","robots":{"index":"index","follow":"follow","max-snippet":"max-snippet:-1","max-image-preview":"max-image-preview:large","max-video-preview":"max-video-preview:-1"},"canonical":"https:\/\/elcanillita.info\/press\/2024\/10\/03\/iran-podria-contar-con-diez-ojivas-nucleares-a-breve-termino\/","og_locale":"es_ES","og_type":"article","og_title":"Ir\u00e1n podr\u00eda contar con diez ojivas nucleares a breve t\u00e9rmino - ElCanillita.Info","og_description":"El paquete de armas de los misiles bal\u00edsticos de Ir\u00e1n podr\u00eda llevar una ojiva nuclear","og_url":"https:\/\/elcanillita.info\/press\/2024\/10\/03\/iran-podria-contar-con-diez-ojivas-nucleares-a-breve-termino\/","og_site_name":"ElCanillita.Info","article_publisher":"https:\/\/ar-ar.facebook.com\/ElCanillitainfo-114249515285712\/","article_published_time":"2024-10-03T14:31:46+00:00","article_modified_time":"2024-10-03T15:08:50+00:00","og_image":[{"width":600,"height":521,"url":"https:\/\/elcanillita.info\/press\/images\/2024\/10\/mapiran_20241003-Final.png","type":"image\/png"}],"author":"SalaStampa.eu, world press service","twitter_card":"summary_large_image","twitter_misc":{"Escrito por":"SalaStampa.eu, world press service","Tiempo de lectura":"6 minutos"},"schema":{"@context":"https:\/\/schema.org","@graph":[{"@type":"Article","@id":"https:\/\/elcanillita.info\/press\/2024\/10\/03\/iran-podria-contar-con-diez-ojivas-nucleares-a-breve-termino\/#article","isPartOf":{"@id":"https:\/\/elcanillita.info\/press\/2024\/10\/03\/iran-podria-contar-con-diez-ojivas-nucleares-a-breve-termino\/"},"author":{"name":"SalaStampa.eu, world press service","@id":"https:\/\/elcanillita.info\/press\/#\/schema\/person\/7fcb79f38045700919f7da6d97e71ba0"},"headline":"Ir\u00e1n podr\u00eda contar con diez ojivas nucleares a breve t\u00e9rmino","datePublished":"2024-10-03T14:31:46+00:00","dateModified":"2024-10-03T15:08:50+00:00","mainEntityOfPage":{"@id":"https:\/\/elcanillita.info\/press\/2024\/10\/03\/iran-podria-contar-con-diez-ojivas-nucleares-a-breve-termino\/"},"wordCount":1117,"publisher":{"@id":"https:\/\/elcanillita.info\/press\/#organization"},"image":{"@id":"https:\/\/elcanillita.info\/press\/2024\/10\/03\/iran-podria-contar-con-diez-ojivas-nucleares-a-breve-termino\/#primaryimage"},"thumbnailUrl":"https:\/\/elcanillita.info\/press\/images\/2024\/10\/ojiv_20241003.jpg","keywords":["Ir\u00e1n","Israel","USA"],"articleSection":[".",".","Medio Oriente"],"inLanguage":"es-AR"},{"@type":"WebPage","@id":"https:\/\/elcanillita.info\/press\/2024\/10\/03\/iran-podria-contar-con-diez-ojivas-nucleares-a-breve-termino\/","url":"https:\/\/elcanillita.info\/press\/2024\/10\/03\/iran-podria-contar-con-diez-ojivas-nucleares-a-breve-termino\/","name":"Ir\u00e1n podr\u00eda contar con diez ojivas nucleares a breve t\u00e9rmino - ElCanillita.Info","isPartOf":{"@id":"https:\/\/elcanillita.info\/press\/#website"},"primaryImageOfPage":{"@id":"https:\/\/elcanillita.info\/press\/2024\/10\/03\/iran-podria-contar-con-diez-ojivas-nucleares-a-breve-termino\/#primaryimage"},"image":{"@id":"https:\/\/elcanillita.info\/press\/2024\/10\/03\/iran-podria-contar-con-diez-ojivas-nucleares-a-breve-termino\/#primaryimage"},"thumbnailUrl":"https:\/\/elcanillita.info\/press\/images\/2024\/10\/ojiv_20241003.jpg","datePublished":"2024-10-03T14:31:46+00:00","dateModified":"2024-10-03T15:08:50+00:00","inLanguage":"es-AR","potentialAction":[{"@type":"ReadAction","target":["https:\/\/elcanillita.info\/press\/2024\/10\/03\/iran-podria-contar-con-diez-ojivas-nucleares-a-breve-termino\/"]}]},{"@type":"ImageObject","inLanguage":"es-AR","@id":"https:\/\/elcanillita.info\/press\/2024\/10\/03\/iran-podria-contar-con-diez-ojivas-nucleares-a-breve-termino\/#primaryimage","url":"https:\/\/elcanillita.info\/press\/images\/2024\/10\/ojiv_20241003.jpg","contentUrl":"https:\/\/elcanillita.info\/press\/images\/2024\/10\/ojiv_20241003.jpg","width":600,"height":337},{"@type":"WebSite","@id":"https:\/\/elcanillita.info\/press\/#website","url":"https:\/\/elcanillita.info\/press\/","name":"ElCanillita.Info","description":"desde los Apeninos a los Andes","publisher":{"@id":"https:\/\/elcanillita.info\/press\/#organization"},"potentialAction":[{"@type":"SearchAction","target":{"@type":"EntryPoint","urlTemplate":"https:\/\/elcanillita.info\/press\/?s={search_term_string}"},"query-input":{"@type":"PropertyValueSpecification","valueRequired":true,"valueName":"search_term_string"}}],"inLanguage":"es-AR"},{"@type":"Organization","@id":"https:\/\/elcanillita.info\/press\/#organization","name":"Guzzo Photos & Graphic Publications","url":"https:\/\/elcanillita.info\/press\/","logo":{"@type":"ImageObject","inLanguage":"es-AR","@id":"https:\/\/elcanillita.info\/press\/#\/schema\/logo\/image\/","url":"https:\/\/elcanillita.info\/press\/images\/2020\/01\/cropped-cropped-cropped-elcanillitainfo.png","contentUrl":"https:\/\/elcanillita.info\/press\/images\/2020\/01\/cropped-cropped-cropped-elcanillitainfo.png","width":460,"height":50,"caption":"Guzzo Photos & Graphic Publications"},"image":{"@id":"https:\/\/elcanillita.info\/press\/#\/schema\/logo\/image\/"},"sameAs":["https:\/\/ar-ar.facebook.com\/ElCanillitainfo-114249515285712\/"]},{"@type":"Person","@id":"https:\/\/elcanillita.info\/press\/#\/schema\/person\/7fcb79f38045700919f7da6d97e71ba0","name":"SalaStampa.eu, world press service","image":{"@type":"ImageObject","inLanguage":"es-AR","@id":"https:\/\/secure.gravatar.com\/avatar\/c2f0e0d515a107624234994507816ca4724c7199cef73fc8bedebf6931d73888?s=96&d=mm&r=g","url":"https:\/\/secure.gravatar.com\/avatar\/c2f0e0d515a107624234994507816ca4724c7199cef73fc8bedebf6931d73888?s=96&d=mm&r=g","contentUrl":"https:\/\/secure.gravatar.com\/avatar\/c2f0e0d515a107624234994507816ca4724c7199cef73fc8bedebf6931d73888?s=96&d=mm&r=g","caption":"SalaStampa.eu, world press service"}}]}},"views":332,"_links":{"self":[{"href":"https:\/\/elcanillita.info\/press\/wp-json\/wp\/v2\/posts\/4201","targetHints":{"allow":["GET"]}}],"collection":[{"href":"https:\/\/elcanillita.info\/press\/wp-json\/wp\/v2\/posts"}],"about":[{"href":"https:\/\/elcanillita.info\/press\/wp-json\/wp\/v2\/types\/post"}],"author":[{"embeddable":true,"href":"https:\/\/elcanillita.info\/press\/wp-json\/wp\/v2\/users\/1"}],"replies":[{"embeddable":true,"href":"https:\/\/elcanillita.info\/press\/wp-json\/wp\/v2\/comments?post=4201"}],"version-history":[{"count":0,"href":"https:\/\/elcanillita.info\/press\/wp-json\/wp\/v2\/posts\/4201\/revisions"}],"wp:attachment":[{"href":"https:\/\/elcanillita.info\/press\/wp-json\/wp\/v2\/media?parent=4201"}],"wp:term":[{"taxonomy":"category","embeddable":true,"href":"https:\/\/elcanillita.info\/press\/wp-json\/wp\/v2\/categories?post=4201"},{"taxonomy":"post_tag","embeddable":true,"href":"https:\/\/elcanillita.info\/press\/wp-json\/wp\/v2\/tags?post=4201"}],"curies":[{"name":"wp","href":"https:\/\/api.w.org\/{rel}","templated":true}]}}