{"id":4197,"date":"2024-10-03T05:14:12","date_gmt":"2024-10-03T08:14:12","guid":{"rendered":"https:\/\/elcanillita.info\/press\/?p=4197"},"modified":"2024-10-03T05:18:04","modified_gmt":"2024-10-03T08:18:04","slug":"no-se-donde-ir","status":"publish","type":"post","link":"https:\/\/elcanillita.info\/press\/2024\/10\/03\/no-se-donde-ir\/","title":{"rendered":"No s\u00e9 donde ir"},"content":{"rendered":"\n<figure class=\"wp-block-image size-full\"><img loading=\"lazy\" decoding=\"async\" width=\"600\" height=\"400\" src=\"https:\/\/elcanillita.info\/press\/images\/2024\/10\/lib_1_20241001.jpg\" alt=\"\" class=\"wp-image-4198\" srcset=\"https:\/\/elcanillita.info\/press\/images\/2024\/10\/lib_1_20241001.jpg 600w, https:\/\/elcanillita.info\/press\/images\/2024\/10\/lib_1_20241001-300x200.jpg 300w\" sizes=\"auto, (max-width: 600px) 100vw, 600px\" \/><\/figure>\n\n\n\n<p><strong>ElCanillita.info, Octubre 02 202<\/strong>4<br>A pocos pasos de las embajadas iran\u00ed y palestina en Beirut, un edificio residencial de diez pisos sobresaliente a negocios en el suburbio de clase media de Jnah estaba ardiendo.<\/p>\n\n\n\n<p>Una gran multitud se reuni\u00f3 para observar el humo que una vez m\u00e1s se extend\u00eda por toda la ciudad, mucha gente preguntaba qui\u00e9n hab\u00eda sido blanco de lo que Israel describi\u00f3 como uno de los dos ataques precisos. Tras ellos hab\u00eda milicianos que observaban con las armas desenfundadas.<\/p>\n\n\n\n<p>Una sensaci\u00f3n de nerviosismo se ha instalado en esta naci\u00f3n bien versada en la guerra, afectando a la poblaci\u00f3n de su capital, un crisol cosmopolita de contradicciones, donde Hezbol\u00e1 cuenta con fortalezas en los distritos del sur a s\u00f3lo un tiro de piedra de bares y discotecas.<\/p>\n\n\n\n<p>&#8220;Aqu\u00ed nos golpean as\u00ed todos los d\u00edas&#8221;, dijo un transe\u00fante que se detuvo en su bicicleta. Todos los d\u00edas bombardean dos, tres, cuatro veces.<\/p>\n\n\n\n<p>Aunque el ej\u00e9rcito liban\u00e9s no ha disputado la incursi\u00f3n terrestre de Israel, declarando que esta no es su lucha, hay pocas dudas de que la batalla existencial de Hezbol\u00e1 por la supervivencia podr\u00eda afectar a millones de libaneses.<\/p>\n\n\n\n<p>Poco antes de las 11 de la noche del lunes, las Fuerzas de Defensa de Israel publicaron un mensaje en las redes sociales, enumerando tres objetivos en los suburbios del sur de Beirut que pretend\u00eda golpear, incluyendo uno a poca distancia del aeropuerto.<\/p>\n\n\n\n<p>Poco despu\u00e9s de la medianoche, la ciudad fue sacudida por una enorme explosi\u00f3n que se pudo escuchar justo en el paseo mar\u00edtimo donde estaba durmiendo Abdel Rahman Hani.<\/p>\n\n\n\n<p>Ya hab\u00eda huido una vez. Sali\u00f3 de Irak y se traslad\u00f3 a Turqu\u00eda, un lugar de acogida para los refugiados de la regi\u00f3n, pero luego cada vez m\u00e1s gente comenz\u00f3 a volverse contra los migrantes \u00e1rabes.<\/p>\n\n\n\n<p>As\u00ed es que se mud\u00f3 a Beirut el mes pasado y despu\u00e9s de tres semanas un ataque a\u00e9reo israel\u00ed arras\u00f3 el edificio junto a \u00e9l. Hani, de 23 a\u00f1os, se encuentra ahora cerca de la playa de la capital libanesa. Ha visto suficiente guerra para pensar que sobrevivir\u00e1 a esta, pero definitivamente tiene un efecto en \u00e9l.<\/p>\n\n\n\n<p>Los ni\u00f1os son los que me preocupan, dijo, se\u00f1alando a chicos corriendo por la playa. Hani hab\u00eda tomado un apartamento en Dahiyeh, el suburbio del sur que tambi\u00e9n serv\u00eda como baluarte del grupo militante, y donde un ataque a\u00e9reo el viernes mat\u00f3 a su l\u00edder, Hassan Nasrallah.<\/p>\n\n\n\n<p>Desde Beirut al sur hasta la frontera israel\u00ed, decenas de miles de libaneses est\u00e1n haciendo las maletas, a menudo involuntariamente.<\/p>\n\n\n\n<p>El martes, el ej\u00e9rcito israel\u00ed aconsej\u00f3 a los residentes de casi 30 aldeas que se extend\u00edan por las ciudades del sur de Tiro y Sid\u00f3n que abandonaran sus hogares, diciendo que Hezbol\u00e1 estaba ocupando esas \u00e1reas.<\/p>\n\n\n\n<p>Cerca de un mill\u00f3n de libaneses ya han sido desplazados, seg\u00fan estimaciones del gobierno, y la invasi\u00f3n, anunciada el lunes por la noche, probablemente entrar\u00e1 en pleno apogeo.<\/p>\n\n\n\n<p>No s\u00e9 ad\u00f3nde voy a ir, dijo Bassam Abdou, sus brazos temblando, mientras apretaba una cuerda alrededor de colchones en la parte superior de su camioneta en Rashidieh, una de las ciudades listadas por los militares israel\u00edes para la evacuaci\u00f3n. De continuar as\u00ed tendr\u00e9 un ataque al coraz\u00f3n.<\/p>\n\n\n\n<p>Su hijo, Khaled, ayud\u00f3 a asegurar m\u00e1s pertenencias. Khaled dijo que se dirigir\u00edan a Tr\u00edpoli en el norte, donde ser\u00eda m\u00e1s seguro.<\/p>\n\n\n\n<p>Los coches, repletos de personas hu\u00edan hacia el norte, pasaban ambulancias, algunos veh\u00edculos transportaban muertos o heridos. De vez en cuando, un cami\u00f3n se deten\u00eda para cargar a alguna madre y a sus hijos, colocada junto a colchones, sillas y la extra\u00f1a lavadora.<\/p>\n\n\n\n<p>La ciudad de Tiro era una ciudad fantasma. En una gasolinera, en la carretera que sale de la ciudad, j\u00f3venes en scooters discut\u00edan alrededor del \u00fanico distribuidor de combustible en funci\u00f3n.<\/p>\n\n\n\n<p>En Sayroubiyeh, en las afueras de Saida, el im\u00e1n local dirigi\u00f3 a los hombres que compon\u00edan a los muertos despu\u00e9s de que 45 personas murieran en un ataque a\u00e9reo israel\u00ed en la localidad de Ain el-Deleb el lunes, seg\u00fan el ministerio de salud liban\u00e9s.<\/p>\n\n\n\n<p>Dos edificios residenciales se derrumbaron, hiriendo al menos a 70 habitantes. Una de las victimas fue Julia Ramadan. Su padre Abdul-Hamid, de 62 a\u00f1os, sentado en una silla de pl\u00e1stico,despotric\u00f3 conra la guerra que hab\u00eda destrozado a su familia.<\/p>\n\n\n\n<p>Dijo que hab\u00eda trabajado hasta los 62 a\u00f1os, que se sacrific\u00f3 por su familia. Dijo: &#8220;Mi esposa ahora ha mueto, y tambi\u00e9n mi hija Julia, que era la alegria en nuestra casa&#8221;.<\/p>\n\n\n\n<p>En Beirut, mientras tanto, muchos no tienen ad\u00f3nde ir. Mahmoud, un joven de 30 a\u00f1os de Idlib en Siria, abandon\u00f3 Dahiyeh hace dos d\u00edas cuando los bombardeos se hicieron m\u00e1s intensos. &#8211; Dijo que es una matanza.<\/p>\n\n\n\n<p>Hasta donde \u00e9l sabe, el edificio en el que se alojaba sigue en pie, pero &#8220;mucho ha sido destruido&#8221;. La vida, que ya era dura para los sirios, se ha vuelto mucho m\u00e1s dif\u00edcil desde que comenz\u00f3 la guerra, dijo.<\/p>\n\n\n\n<p>Vivimos con el coraz\u00f3n en la boca todos los d\u00edas, dijo. Tomamos el trabajo que podemos, y lo que ganamos lo gastamos en comida. Ahora, no hay trabajo.<\/p>\n\n\n\n<p>Mohammed Sharour, de un pueblo cerca de Tiro, a unas 30 kilometros de la frontera, huy\u00f3 a Beirut hace dos d\u00edas y tom\u00f3 una habitaci\u00f3n en un hotel.<\/p>\n\n\n\n<p>&#8220;Bombardearon a todo nuestro alrededor&#8221;, dijo. La mayor parte de su pueblo se fue, pero a\u00fan queda mucha gente. Precisamente, yo estaba hablando con alguien que todav\u00eda est\u00e1 all\u00ed, agreg\u00f3, se\u00f1alando su tel\u00e9fono.<\/p>\n\n\n\n<p>Alguna gente no tiene dinero para irse. Necesitan combustible, necesitan agua, necesitan comida. Si alguien les diera una salida se ir\u00edan.<br><br><small>Copyright \u00a9 2024 ElCanillita.info \/ SalaStampa.Eu, servicio mundial de prensa<\/small><br><small>Guzzo Photos &amp; Graphic Publications &#8211; Registro Editori e Stampatori n. 1441 Torino, Italia<\/small><\/p>\n","protected":false},"excerpt":{"rendered":"<p>Decenas de miles de personas en Beirut est\u00e1n empacando fren\u00e9ticamente sus maletas mientras las bombas israel\u00edes caen, pero muchos no tienen a d\u00f3nde escapar<\/p>\n","protected":false},"author":1,"featured_media":4199,"comment_status":"closed","ping_status":"closed","sticky":false,"template":"","format":"standard","meta":{"footnotes":"","_links_to":"","_links_to_target":""},"categories":[108,121,119,15],"tags":[128],"class_list":["post-4197","post","type-post","status-publish","format-standard","has-post-thumbnail","hentry","category-blogdiario","category-dc24","category-guerra","category-medio-oriente","tag-libano","entry","double"],"yoast_head":"<!-- This site is optimized with the Yoast SEO plugin v27.5 - https:\/\/yoast.com\/product\/yoast-seo-wordpress\/ -->\n<title>No s\u00e9 donde ir - ElCanillita.Info<\/title>\n<meta name=\"robots\" content=\"index, follow, max-snippet:-1, max-image-preview:large, max-video-preview:-1\" \/>\n<link rel=\"canonical\" href=\"https:\/\/elcanillita.info\/press\/2024\/10\/03\/no-se-donde-ir\/\" \/>\n<meta property=\"og:locale\" content=\"es_ES\" \/>\n<meta property=\"og:type\" content=\"article\" \/>\n<meta property=\"og:title\" content=\"No s\u00e9 donde ir - ElCanillita.Info\" \/>\n<meta property=\"og:description\" content=\"Decenas de miles de personas en Beirut est\u00e1n empacando fren\u00e9ticamente sus maletas mientras las bombas israel\u00edes caen, pero muchos no tienen a d\u00f3nde escapar\" \/>\n<meta property=\"og:url\" content=\"https:\/\/elcanillita.info\/press\/2024\/10\/03\/no-se-donde-ir\/\" \/>\n<meta property=\"og:site_name\" content=\"ElCanillita.Info\" \/>\n<meta property=\"article:publisher\" content=\"https:\/\/ar-ar.facebook.com\/ElCanillitainfo-114249515285712\/\" \/>\n<meta property=\"article:published_time\" content=\"2024-10-03T08:14:12+00:00\" \/>\n<meta property=\"article:modified_time\" content=\"2024-10-03T08:18:04+00:00\" \/>\n<meta property=\"og:image\" content=\"https:\/\/elcanillita.info\/press\/images\/2024\/10\/lib_2_20241001.jpg\" \/>\n\t<meta property=\"og:image:width\" content=\"600\" \/>\n\t<meta property=\"og:image:height\" content=\"400\" \/>\n\t<meta property=\"og:image:type\" content=\"image\/jpeg\" \/>\n<meta name=\"author\" content=\"SalaStampa.eu, world press service\" \/>\n<meta name=\"twitter:card\" content=\"summary_large_image\" \/>\n<meta name=\"twitter:label1\" content=\"Escrito por\" \/>\n\t<meta name=\"twitter:data1\" content=\"SalaStampa.eu, world press service\" \/>\n\t<meta name=\"twitter:label2\" content=\"Tiempo de lectura\" \/>\n\t<meta name=\"twitter:data2\" content=\"5 minutos\" \/>\n<script type=\"application\/ld+json\" class=\"yoast-schema-graph\">{\"@context\":\"https:\\\/\\\/schema.org\",\"@graph\":[{\"@type\":\"Article\",\"@id\":\"https:\\\/\\\/elcanillita.info\\\/press\\\/2024\\\/10\\\/03\\\/no-se-donde-ir\\\/#article\",\"isPartOf\":{\"@id\":\"https:\\\/\\\/elcanillita.info\\\/press\\\/2024\\\/10\\\/03\\\/no-se-donde-ir\\\/\"},\"author\":{\"name\":\"SalaStampa.eu, world press service\",\"@id\":\"https:\\\/\\\/elcanillita.info\\\/press\\\/#\\\/schema\\\/person\\\/7fcb79f38045700919f7da6d97e71ba0\"},\"headline\":\"No s\u00e9 donde ir\",\"datePublished\":\"2024-10-03T08:14:12+00:00\",\"dateModified\":\"2024-10-03T08:18:04+00:00\",\"mainEntityOfPage\":{\"@id\":\"https:\\\/\\\/elcanillita.info\\\/press\\\/2024\\\/10\\\/03\\\/no-se-donde-ir\\\/\"},\"wordCount\":1034,\"publisher\":{\"@id\":\"https:\\\/\\\/elcanillita.info\\\/press\\\/#organization\"},\"image\":{\"@id\":\"https:\\\/\\\/elcanillita.info\\\/press\\\/2024\\\/10\\\/03\\\/no-se-donde-ir\\\/#primaryimage\"},\"thumbnailUrl\":\"https:\\\/\\\/elcanillita.info\\\/press\\\/images\\\/2024\\\/10\\\/lib_2_20241001.jpg\",\"keywords\":[\"Libano\"],\"articleSection\":[\".\",\".\",\"Guerra\",\"Medio Oriente\"],\"inLanguage\":\"es-AR\"},{\"@type\":\"WebPage\",\"@id\":\"https:\\\/\\\/elcanillita.info\\\/press\\\/2024\\\/10\\\/03\\\/no-se-donde-ir\\\/\",\"url\":\"https:\\\/\\\/elcanillita.info\\\/press\\\/2024\\\/10\\\/03\\\/no-se-donde-ir\\\/\",\"name\":\"No s\u00e9 donde ir - ElCanillita.Info\",\"isPartOf\":{\"@id\":\"https:\\\/\\\/elcanillita.info\\\/press\\\/#website\"},\"primaryImageOfPage\":{\"@id\":\"https:\\\/\\\/elcanillita.info\\\/press\\\/2024\\\/10\\\/03\\\/no-se-donde-ir\\\/#primaryimage\"},\"image\":{\"@id\":\"https:\\\/\\\/elcanillita.info\\\/press\\\/2024\\\/10\\\/03\\\/no-se-donde-ir\\\/#primaryimage\"},\"thumbnailUrl\":\"https:\\\/\\\/elcanillita.info\\\/press\\\/images\\\/2024\\\/10\\\/lib_2_20241001.jpg\",\"datePublished\":\"2024-10-03T08:14:12+00:00\",\"dateModified\":\"2024-10-03T08:18:04+00:00\",\"inLanguage\":\"es-AR\",\"potentialAction\":[{\"@type\":\"ReadAction\",\"target\":[\"https:\\\/\\\/elcanillita.info\\\/press\\\/2024\\\/10\\\/03\\\/no-se-donde-ir\\\/\"]}]},{\"@type\":\"ImageObject\",\"inLanguage\":\"es-AR\",\"@id\":\"https:\\\/\\\/elcanillita.info\\\/press\\\/2024\\\/10\\\/03\\\/no-se-donde-ir\\\/#primaryimage\",\"url\":\"https:\\\/\\\/elcanillita.info\\\/press\\\/images\\\/2024\\\/10\\\/lib_2_20241001.jpg\",\"contentUrl\":\"https:\\\/\\\/elcanillita.info\\\/press\\\/images\\\/2024\\\/10\\\/lib_2_20241001.jpg\",\"width\":600,\"height\":400},{\"@type\":\"WebSite\",\"@id\":\"https:\\\/\\\/elcanillita.info\\\/press\\\/#website\",\"url\":\"https:\\\/\\\/elcanillita.info\\\/press\\\/\",\"name\":\"ElCanillita.Info\",\"description\":\"desde los Apeninos a los Andes\",\"publisher\":{\"@id\":\"https:\\\/\\\/elcanillita.info\\\/press\\\/#organization\"},\"potentialAction\":[{\"@type\":\"SearchAction\",\"target\":{\"@type\":\"EntryPoint\",\"urlTemplate\":\"https:\\\/\\\/elcanillita.info\\\/press\\\/?s={search_term_string}\"},\"query-input\":{\"@type\":\"PropertyValueSpecification\",\"valueRequired\":true,\"valueName\":\"search_term_string\"}}],\"inLanguage\":\"es-AR\"},{\"@type\":\"Organization\",\"@id\":\"https:\\\/\\\/elcanillita.info\\\/press\\\/#organization\",\"name\":\"Guzzo Photos & Graphic Publications\",\"url\":\"https:\\\/\\\/elcanillita.info\\\/press\\\/\",\"logo\":{\"@type\":\"ImageObject\",\"inLanguage\":\"es-AR\",\"@id\":\"https:\\\/\\\/elcanillita.info\\\/press\\\/#\\\/schema\\\/logo\\\/image\\\/\",\"url\":\"https:\\\/\\\/elcanillita.info\\\/press\\\/images\\\/2020\\\/01\\\/cropped-cropped-cropped-elcanillitainfo.png\",\"contentUrl\":\"https:\\\/\\\/elcanillita.info\\\/press\\\/images\\\/2020\\\/01\\\/cropped-cropped-cropped-elcanillitainfo.png\",\"width\":460,\"height\":50,\"caption\":\"Guzzo Photos & Graphic Publications\"},\"image\":{\"@id\":\"https:\\\/\\\/elcanillita.info\\\/press\\\/#\\\/schema\\\/logo\\\/image\\\/\"},\"sameAs\":[\"https:\\\/\\\/ar-ar.facebook.com\\\/ElCanillitainfo-114249515285712\\\/\"]},{\"@type\":\"Person\",\"@id\":\"https:\\\/\\\/elcanillita.info\\\/press\\\/#\\\/schema\\\/person\\\/7fcb79f38045700919f7da6d97e71ba0\",\"name\":\"SalaStampa.eu, world press service\",\"image\":{\"@type\":\"ImageObject\",\"inLanguage\":\"es-AR\",\"@id\":\"https:\\\/\\\/secure.gravatar.com\\\/avatar\\\/c2f0e0d515a107624234994507816ca4724c7199cef73fc8bedebf6931d73888?s=96&d=mm&r=g\",\"url\":\"https:\\\/\\\/secure.gravatar.com\\\/avatar\\\/c2f0e0d515a107624234994507816ca4724c7199cef73fc8bedebf6931d73888?s=96&d=mm&r=g\",\"contentUrl\":\"https:\\\/\\\/secure.gravatar.com\\\/avatar\\\/c2f0e0d515a107624234994507816ca4724c7199cef73fc8bedebf6931d73888?s=96&d=mm&r=g\",\"caption\":\"SalaStampa.eu, world press service\"}}]}<\/script>\n<!-- \/ Yoast SEO plugin. -->","yoast_head_json":{"title":"No s\u00e9 donde ir - ElCanillita.Info","robots":{"index":"index","follow":"follow","max-snippet":"max-snippet:-1","max-image-preview":"max-image-preview:large","max-video-preview":"max-video-preview:-1"},"canonical":"https:\/\/elcanillita.info\/press\/2024\/10\/03\/no-se-donde-ir\/","og_locale":"es_ES","og_type":"article","og_title":"No s\u00e9 donde ir - ElCanillita.Info","og_description":"Decenas de miles de personas en Beirut est\u00e1n empacando fren\u00e9ticamente sus maletas mientras las bombas israel\u00edes caen, pero muchos no tienen a d\u00f3nde escapar","og_url":"https:\/\/elcanillita.info\/press\/2024\/10\/03\/no-se-donde-ir\/","og_site_name":"ElCanillita.Info","article_publisher":"https:\/\/ar-ar.facebook.com\/ElCanillitainfo-114249515285712\/","article_published_time":"2024-10-03T08:14:12+00:00","article_modified_time":"2024-10-03T08:18:04+00:00","og_image":[{"width":600,"height":400,"url":"https:\/\/elcanillita.info\/press\/images\/2024\/10\/lib_2_20241001.jpg","type":"image\/jpeg"}],"author":"SalaStampa.eu, world press service","twitter_card":"summary_large_image","twitter_misc":{"Escrito por":"SalaStampa.eu, world press service","Tiempo de lectura":"5 minutos"},"schema":{"@context":"https:\/\/schema.org","@graph":[{"@type":"Article","@id":"https:\/\/elcanillita.info\/press\/2024\/10\/03\/no-se-donde-ir\/#article","isPartOf":{"@id":"https:\/\/elcanillita.info\/press\/2024\/10\/03\/no-se-donde-ir\/"},"author":{"name":"SalaStampa.eu, world press service","@id":"https:\/\/elcanillita.info\/press\/#\/schema\/person\/7fcb79f38045700919f7da6d97e71ba0"},"headline":"No s\u00e9 donde ir","datePublished":"2024-10-03T08:14:12+00:00","dateModified":"2024-10-03T08:18:04+00:00","mainEntityOfPage":{"@id":"https:\/\/elcanillita.info\/press\/2024\/10\/03\/no-se-donde-ir\/"},"wordCount":1034,"publisher":{"@id":"https:\/\/elcanillita.info\/press\/#organization"},"image":{"@id":"https:\/\/elcanillita.info\/press\/2024\/10\/03\/no-se-donde-ir\/#primaryimage"},"thumbnailUrl":"https:\/\/elcanillita.info\/press\/images\/2024\/10\/lib_2_20241001.jpg","keywords":["Libano"],"articleSection":[".",".","Guerra","Medio Oriente"],"inLanguage":"es-AR"},{"@type":"WebPage","@id":"https:\/\/elcanillita.info\/press\/2024\/10\/03\/no-se-donde-ir\/","url":"https:\/\/elcanillita.info\/press\/2024\/10\/03\/no-se-donde-ir\/","name":"No s\u00e9 donde ir - ElCanillita.Info","isPartOf":{"@id":"https:\/\/elcanillita.info\/press\/#website"},"primaryImageOfPage":{"@id":"https:\/\/elcanillita.info\/press\/2024\/10\/03\/no-se-donde-ir\/#primaryimage"},"image":{"@id":"https:\/\/elcanillita.info\/press\/2024\/10\/03\/no-se-donde-ir\/#primaryimage"},"thumbnailUrl":"https:\/\/elcanillita.info\/press\/images\/2024\/10\/lib_2_20241001.jpg","datePublished":"2024-10-03T08:14:12+00:00","dateModified":"2024-10-03T08:18:04+00:00","inLanguage":"es-AR","potentialAction":[{"@type":"ReadAction","target":["https:\/\/elcanillita.info\/press\/2024\/10\/03\/no-se-donde-ir\/"]}]},{"@type":"ImageObject","inLanguage":"es-AR","@id":"https:\/\/elcanillita.info\/press\/2024\/10\/03\/no-se-donde-ir\/#primaryimage","url":"https:\/\/elcanillita.info\/press\/images\/2024\/10\/lib_2_20241001.jpg","contentUrl":"https:\/\/elcanillita.info\/press\/images\/2024\/10\/lib_2_20241001.jpg","width":600,"height":400},{"@type":"WebSite","@id":"https:\/\/elcanillita.info\/press\/#website","url":"https:\/\/elcanillita.info\/press\/","name":"ElCanillita.Info","description":"desde los Apeninos a los Andes","publisher":{"@id":"https:\/\/elcanillita.info\/press\/#organization"},"potentialAction":[{"@type":"SearchAction","target":{"@type":"EntryPoint","urlTemplate":"https:\/\/elcanillita.info\/press\/?s={search_term_string}"},"query-input":{"@type":"PropertyValueSpecification","valueRequired":true,"valueName":"search_term_string"}}],"inLanguage":"es-AR"},{"@type":"Organization","@id":"https:\/\/elcanillita.info\/press\/#organization","name":"Guzzo Photos & Graphic Publications","url":"https:\/\/elcanillita.info\/press\/","logo":{"@type":"ImageObject","inLanguage":"es-AR","@id":"https:\/\/elcanillita.info\/press\/#\/schema\/logo\/image\/","url":"https:\/\/elcanillita.info\/press\/images\/2020\/01\/cropped-cropped-cropped-elcanillitainfo.png","contentUrl":"https:\/\/elcanillita.info\/press\/images\/2020\/01\/cropped-cropped-cropped-elcanillitainfo.png","width":460,"height":50,"caption":"Guzzo Photos & Graphic Publications"},"image":{"@id":"https:\/\/elcanillita.info\/press\/#\/schema\/logo\/image\/"},"sameAs":["https:\/\/ar-ar.facebook.com\/ElCanillitainfo-114249515285712\/"]},{"@type":"Person","@id":"https:\/\/elcanillita.info\/press\/#\/schema\/person\/7fcb79f38045700919f7da6d97e71ba0","name":"SalaStampa.eu, world press service","image":{"@type":"ImageObject","inLanguage":"es-AR","@id":"https:\/\/secure.gravatar.com\/avatar\/c2f0e0d515a107624234994507816ca4724c7199cef73fc8bedebf6931d73888?s=96&d=mm&r=g","url":"https:\/\/secure.gravatar.com\/avatar\/c2f0e0d515a107624234994507816ca4724c7199cef73fc8bedebf6931d73888?s=96&d=mm&r=g","contentUrl":"https:\/\/secure.gravatar.com\/avatar\/c2f0e0d515a107624234994507816ca4724c7199cef73fc8bedebf6931d73888?s=96&d=mm&r=g","caption":"SalaStampa.eu, world press service"}}]}},"views":285,"_links":{"self":[{"href":"https:\/\/elcanillita.info\/press\/wp-json\/wp\/v2\/posts\/4197","targetHints":{"allow":["GET"]}}],"collection":[{"href":"https:\/\/elcanillita.info\/press\/wp-json\/wp\/v2\/posts"}],"about":[{"href":"https:\/\/elcanillita.info\/press\/wp-json\/wp\/v2\/types\/post"}],"author":[{"embeddable":true,"href":"https:\/\/elcanillita.info\/press\/wp-json\/wp\/v2\/users\/1"}],"replies":[{"embeddable":true,"href":"https:\/\/elcanillita.info\/press\/wp-json\/wp\/v2\/comments?post=4197"}],"version-history":[{"count":0,"href":"https:\/\/elcanillita.info\/press\/wp-json\/wp\/v2\/posts\/4197\/revisions"}],"wp:featuredmedia":[{"embeddable":true,"href":"https:\/\/elcanillita.info\/press\/wp-json\/wp\/v2\/media\/4199"}],"wp:attachment":[{"href":"https:\/\/elcanillita.info\/press\/wp-json\/wp\/v2\/media?parent=4197"}],"wp:term":[{"taxonomy":"category","embeddable":true,"href":"https:\/\/elcanillita.info\/press\/wp-json\/wp\/v2\/categories?post=4197"},{"taxonomy":"post_tag","embeddable":true,"href":"https:\/\/elcanillita.info\/press\/wp-json\/wp\/v2\/tags?post=4197"}],"curies":[{"name":"wp","href":"https:\/\/api.w.org\/{rel}","templated":true}]}}