{"id":4185,"date":"2024-09-30T18:23:03","date_gmt":"2024-09-30T21:23:03","guid":{"rendered":"https:\/\/elcanillita.info\/press\/?p=4185"},"modified":"2024-09-30T18:50:58","modified_gmt":"2024-09-30T21:50:58","slug":"esquela-de-hassan-nasrallah-lider-de-hezbola","status":"publish","type":"post","link":"https:\/\/elcanillita.info\/press\/2024\/09\/30\/esquela-de-hassan-nasrallah-lider-de-hezbola\/","title":{"rendered":"Esquela de Hassan Nasrallah: l\u00edder de Hezbol\u00e1"},"content":{"rendered":"\n<figure class=\"wp-block-image size-full\"><img loading=\"lazy\" decoding=\"async\" width=\"600\" height=\"400\" src=\"https:\/\/elcanillita.info\/press\/images\/2024\/09\/nas_1_20240930.jpg\" alt=\"\" class=\"wp-image-4186\" srcset=\"https:\/\/elcanillita.info\/press\/images\/2024\/09\/nas_1_20240930.jpg 600w, https:\/\/elcanillita.info\/press\/images\/2024\/09\/nas_1_20240930-300x200.jpg 300w\" sizes=\"auto, (max-width: 600px) 100vw, 600px\" \/><figcaption class=\"wp-element-caption\">Nasrallah era el principal agente de influencia de Ir\u00e1n en el mundo \u00e1rabe y muchos lo consideraban como alguien que antepon\u00eda los intereses de Ir\u00e1n a los de su propio pa\u00eds. &#8211; Fuente: OFICINA DEL L\u00cdDER SUPREMO DE IRAN\u00cd<\/figcaption><\/figure>\n\n\n\n<p><strong>ElCanillita.info:<\/strong>  Lunes 30\/09\/ 2024<br>Como l\u00edder del grupo terrorista Hezbol\u00e1 del L\u00edbano, Hassan Nasrallah era el principal agente de influencia de Ir\u00e1n en el mundo \u00e1rabe. Hab\u00eda ascendido r\u00e1pidamente de comandante subalterno a cargo de occidentales secuestrados a mediados de los a\u00f1os 1980, convirti\u00e9ndose en el l\u00edder indiscutible de una de las milicias islamistas m\u00e1s letales de Oriente Medio. Hac\u00eda muchos a\u00f1os que no se lo ve\u00eda en p\u00fablico, cuando muri\u00f3 en el ataque a\u00e9reo israel\u00ed contra la sede de Hezbol\u00e1 en Beirut.<\/p>\n\n\n\n<p>El principal elemento de su \u00e9xito fue su total alineamiento con los deseos de Ir\u00e1n, en particular los del ayatol\u00e1 Ali Khamenei, el l\u00edder supremo del pa\u00eds. Esto signific\u00f3 que cuando Ham\u00e1s, otro grupo terrorista que sirve como representante de Ir\u00e1n, lanz\u00f3 su ataque asesino contra Israel el 7 de octubre de 2023, matando a unas 1.200 personas, en su mayor\u00eda civiles, Hezbol\u00e1 se uni\u00f3 al d\u00eda siguiente, disparando cohetes al norte de Israel en solidaridad con Ham\u00e1s. Los ataques de Hezbol\u00e1 continuaron durante los meses siguientes, obligando a unos 60.000 israel\u00edes que viv\u00edan cerca de la frontera con el L\u00edbano a abandonar sus hogares.<\/p>\n\n\n\n<p>Despu\u00e9s de que el cl\u00e9rigo chi\u00edta fuera nombrado l\u00edder de Hezbol\u00e1 por orden de Jamenei en 1992, Nasrallah margin\u00f3 a todos los dem\u00e1s cl\u00e9rigos chi\u00edtas libaneses que deseaban ser independientes de Teher\u00e1n o que estaban cerca de Siria. Como resultado, Ir\u00e1n aument\u00f3 su ayuda a la organizaci\u00f3n y la convirti\u00f3 en el gobierno no oficial de la mitad sur del L\u00edbano, donde la autoridad del gobierno oficial s\u00f3lo se ejerc\u00eda nominalmente. Como tal, Nasrallah era el principal agente de influencia de Ir\u00e1n en todo el mundo \u00e1rabe y muchos \u00e1rabes lo consideraban como alguien que antepon\u00eda los intereses de Ir\u00e1n a los de su propio pa\u00eds.<br><br>Sin embargo, la obligaci\u00f3n de Hezbol\u00e1 de abandonar a Israel de la franja de territorio fronterizo que hab\u00eda ocupado durante a\u00f1os convirti\u00f3 a Nasrallah en un h\u00e9roe \u00e1rabe en 2000. Al final, su alineamiento con Ir\u00e1n atrajo la ira de Israel sobre el L\u00edbano en julio de 2006, cuando la econom\u00eda del pa\u00eds mostraba signos, por fin, de haberse recuperado de la devastaci\u00f3n de la guerra civil de 1975-90.<\/p>\n\n\n\n<p>El detonante de esa cat\u00e1strofe fue la decisi\u00f3n de Nasrallah, casi seguramente con la aprobaci\u00f3n previa de Teher\u00e1n y Damasco, de lanzar una incursi\u00f3n transfronteriza contra Israel el 12 de julio, coincidiendo con una cumbre del grupo G8 de las naciones m\u00e1s poderosas en San Petersburgo. Sus atacantes lograron matar a ocho soldados israel\u00edes y secuestrar a otros dos, a lo que sigui\u00f3 un bombardeo sin precedentes de misiles de mediano alcance por parte de Hezbollah contra las ciudades del norte de Israel, con la ayuda del reciente env\u00edo de Ir\u00e1n, a trav\u00e9s de Siria, de misiles de corto y mediano alcance a Hezbollah. As\u00ed, la reuni\u00f3n del G8, que hab\u00eda planeado concentrarse en el problema de c\u00f3mo impedir que Ir\u00e1n adquiriera armas nucleares, se vio obligada a dedicar gran parte de su tiempo a la nueva crisis, ya que la ferocidad de la respuesta de Israel tom\u00f3 al mundo por sorpresa.<\/p>\n\n\n\n<p>La fuerza a\u00e9rea del pa\u00eds inici\u00f3 un programa sistem\u00e1tico de destrucci\u00f3n de la infraestructura econ\u00f3mica del sur del L\u00edbano, incluidos los distritos del sur de Beirut, la base de poder de Hezbollah. Un mill\u00f3n de chi\u00edtas y otros se vieron obligados a abandonar sus hogares. Adem\u00e1s, mientras el gobierno oficial de Beirut, integrado en gran medida por ministros opuestos a la interferencia iran\u00ed y siria, observaba desesperado, el ej\u00e9rcito de Israel entr\u00f3 de nuevo en el sur. Se bombardearon carreteras, puentes, puertos y centrales el\u00e9ctricas. Y la temporada tur\u00edstica de verano, que se esperaba que reportara al peque\u00f1o pa\u00eds de cuatro millones de habitantes hasta 6.000 millones de d\u00f3lares, se detuvo cuando cientos de miles de \u00e1rabes del Golfo P\u00e9rsico cancelaron sus viajes.<\/p>\n\n\n\n<p>Los pa\u00edses occidentales organizaron evacuaciones en gran escala de sus s\u00fabditos   y asestaron otro golpe a las perspectivas econ\u00f3micas del pa\u00eds. Por encima de todo, los chi\u00edtas sufrieron. Al ser el sector m\u00e1s pobre de la poblaci\u00f3n, era, para ellos, el peor momento del a\u00f1o para iniciar una guerra. Se hab\u00edan estado preparando para recoger sus cosechas de trigo y tabaco. Sus vi\u00f1edos y huertos de c\u00edtricos y olivos tuvieron que ser abandonados.<\/p>\n\n\n\n<p>Nasrallah nunca us\u00f3 el tel\u00e9fono por miedo a ser asesinado. En las raras ocasiones en que el l\u00edder de Hezbol\u00e1 conced\u00eda una entrevista, a los periodistas se vendaban los ojos antes de ser conducidos durante un largo trayecto por los suburbios del sur de Beirut. El hombre que finalmente les presentaron era corpulento y jovial. Llevaba el turbante negro de un sayyid, alguien con una l\u00ednea de sangre que se remontaba al profeta Mahoma, y \u200b\u200bhab\u00eda jugado con esta condici\u00f3n para aumentar su popularidad en el mundo \u00e1rabe a pesar de proceder de la secta minoritaria chi\u00ed del Islam. No obstante, la mayor\u00eda de los gobiernos \u00e1rabes lo vieron en gran medida como un instrumento de la pol\u00edtica exterior iran\u00ed y utilizaron su falta de preparaci\u00f3n adecuada para hacer frente a la inevitable reacci\u00f3n de Israel para denunciarlo. Estados \u00e1rabes normalmente reservados como Arabia Saudita lo describieron como un &#8220;aventurero&#8221;. Incluso uno de sus propios admiradores en la prensa egipcia estuvo a punto de acusarlo de traici\u00f3n. Dijo que, aunque personalmente le gustaba el l\u00edder de Hezbol\u00e1, le importaba m\u00e1s la sangre de los ni\u00f1os libaneses que las &#8220;im\u00e1genes del ayatol\u00e1 Jamenei por todo el sur del L\u00edbano&#8221;.<\/p>\n\n\n\n<p>Los l\u00edderes del G8 se negaron a pedir un alto el fuego inmediato, lo que permiti\u00f3 que se considerara como una luz verde para que Israel continuara con su campa\u00f1a para destruir a Hezbol\u00e1 o al menos debilitarlo dr\u00e1sticamente durante varios a\u00f1os, para darle al L\u00edbano la oportunidad de desarmarlo de acuerdo con la Resoluci\u00f3n 1559 del Consejo de Seguridad de las Naciones Unidas de dos a\u00f1os antes.<\/p>\n\n\n\n<p>El uso continuo de misiles por parte de Hezbol\u00e1 contra ciudades y pueblos israel\u00edes, incluido, por primera vez, el gran puerto de Haifa, alien\u00f3 a gran parte del resto del mundo. Nasrallah se disculp\u00f3 por causar la muerte de varios ni\u00f1os \u00e1rabes en Nazaret y otros lugares, pero no por las de civiles jud\u00edos.<br><br>Hassan Nasrallah naci\u00f3 en un barrio pobre de Beirut en 1960. Su padre, Abdul Karim, era tendero y no era particularmente religioso, y se mezclaba libremente en el mercado con cristianos y drusos. <br>Pero los a\u00f1os 60 fueron a\u00f1os de agitaci\u00f3n y pasi\u00f3n en las calles del L\u00edbano, ya que el comportamiento insensible de la OLP (Organizaci\u00f3n para la Liberaci\u00f3n de Palestina) bajo el mando de Yasser Arafat polariz\u00f3 el pa\u00eds y lo empuj\u00f3 lentamente hacia la guerra civil.<\/p>\n\n\n\n<p>Ese largo y sangriento trauma finalmente comenz\u00f3 en 1975 y la familia de Nasrallah huy\u00f3 de Beirut hacia su aldea ancestral de Basouriyeh, cerca del puerto sure\u00f1o de Tiro. All\u00ed, el joven Hassan, que ya hab\u00eda sido politizado como nacionalista \u00e1rabe en la escuela, se uni\u00f3 a una mezquita local en Tiro y cay\u00f3 bajo la influencia de un activista chi\u00edta iran\u00ed, Mustafa Chamran, futuro l\u00edder del Cuerpo de la Guardia Revolucionaria Isl\u00e1mica que morir\u00eda en la guerra entre Ir\u00e1n e Irak de 1980-88.<\/p>\n\n\n\n<p>Chamran present\u00f3 al muchacho a un cl\u00e9rigo radical liban\u00e9s, Mohammad al-Qarawi, que qued\u00f3 impresionado por el celo religioso de Nasrallah. Qarawi, a su vez, escribi\u00f3 una carta de recomendaci\u00f3n para \u00e9l a Abbas Musawi, un futuro l\u00edder de Hezbollah, que entonces estudiaba con el ayatol\u00e1 iran\u00ed Ruhollah Khomeini en la ciudad santuario iraqu\u00ed de Najaf. Qarawi le pidi\u00f3 a Musawi que consiguiera un estipendio de Khomeini para que el muchacho pudiera recibir all\u00ed una educaci\u00f3n clerical.<\/p>\n\n\n\n<p>Pero Nasrallah permaneci\u00f3 en Najaf s\u00f3lo dos a\u00f1os, pues en 1978, el a\u00f1o de la preparaci\u00f3n de la revoluci\u00f3n iran\u00ed bajo Khomeini, cientos de cl\u00e9rigos chi\u00edtas iran\u00edes y libaneses fueron expulsados \u200b\u200bde Irak, incluido el propio Khomeini, mientras que muchos de sus colegios fueron cerrados. Para entonces, Nasrallah ya hab\u00eda sido absorbido por completo por el clamor jomeinista por un gobierno isl\u00e1mico en Ir\u00e1n y en otros lugares. A su regreso al L\u00edbano, se uni\u00f3 a Amal, un movimiento moderado que instaba a la cooperaci\u00f3n con otras comunidades religiosas del L\u00edbano para promover la reforma social.<\/p>\n\n\n\n<p>Cada vez m\u00e1s descontento con Amal, Musawi llev\u00f3 a Nasrallah al valle de Bekaa, en el este, para ense\u00f1ar en un seminario religioso que hab\u00eda fundado all\u00ed, y los dos gravitaron hacia la embajada iran\u00ed en Damasco. Cuatro a\u00f1os despu\u00e9s, en 1982, cuando el embajador iran\u00ed en Siria, Ali Akbar Mohtashami, reuni\u00f3 a varios de los cl\u00e9rigos chi\u00edtas m\u00e1s radicales del L\u00edbano para fundar un nuevo movimiento inspirado en el Partido de Dios iran\u00ed o Hezbol\u00e1, un movimiento de masas en apoyo de Jomeini en Ir\u00e1n, Musawi y Nasrallah se separaron formalmente de Amal y se unieron al nuevo movimiento. Esto sigui\u00f3 a la invasi\u00f3n israel\u00ed del L\u00edbano en junio y al env\u00edo por parte de Ir\u00e1n de varios cientos de guardias revolucionarios isl\u00e1micos al este del L\u00edbano para entrenar a militantes y organizar la resistencia.<\/p>\n\n\n\n<p>Nasrallah fue nombrado subdirector del comit\u00e9 ejecutivo de la organizaci\u00f3n y en los enfrentamientos que inevitablemente estallaron con Amal se distingui\u00f3 como comandante. Al a\u00f1o siguiente, tres horrendos atentados suicidas contra objetivos estadounidenses y franceses en el L\u00edbano obligaron a esos pa\u00edses a poner fin a su misi\u00f3n de mantenimiento de la paz en el pa\u00eds. En un ataque, contra un cuartel de marines estadounidenses, perdieron la vida 241 cascos azules. Nasrallah estuvo profundamente involucrado en la organizaci\u00f3n de los ataques y dijo despu\u00e9s que hab\u00eda obtenido de Jomeini en Teher\u00e1n la aprobaci\u00f3n religiosa previa para el uso de terroristas suicidas.<\/p>\n\n\n\n<p>En 1987, la intervenci\u00f3n militar siria para detener los combates entre Amal y Hezbol\u00e1 fren\u00f3 las aspiraciones de este \u00faltimo de establecer un estado isl\u00e1mico en el pa\u00eds y Nasrallah se fue a Ir\u00e1n &#8220;para continuar sus estudios teol\u00f3gicos&#8221;. Sin embargo, regres\u00f3 despu\u00e9s de s\u00f3lo dos a\u00f1os, cuando estallaron de nuevo los combates con Amal. Nasrallah fue puesto a cargo de los occidentales secuestrados y nombrado miembro del politbur\u00f3 de Hezbol\u00e1 y jefe de su comit\u00e9 militar central. Pero debido a la mala salud y la muerte de Jomeini, la pol\u00edtica de Teher\u00e1n hacia Siria y el L\u00edbano estaba cambiando y Nasrallah se encontr\u00f3 en desgracia ante el nuevo hombre fuerte de Ir\u00e1n, el presidente Hashemi Rafsanjani.<\/p>\n\n\n\n<p>Despu\u00e9s de expresar su oposici\u00f3n a la liberaci\u00f3n de los rehenes (incluido Terry Waite, el enviado especial del arzobispo de Canterbury) y la aceptaci\u00f3n por parte de Hezbol\u00e1 de la dominaci\u00f3n siria de la pol\u00edtica libanesa, Nasrallah fue llamado a Teher\u00e1n para representar a la organizaci\u00f3n all\u00ed. Eso fue visto como una degradaci\u00f3n y, una vez en Teher\u00e1n, comenz\u00f3 a expresar opiniones d\u00f3ciles. Sin embargo, lo que fue crucial para \u00e9l fue que encontr\u00f3 su camino hacia la corte de Jamenei, el nuevo l\u00edder espiritual del r\u00e9gimen que estaba ganando terreno a Rafsanjani, su rival por el poder pol\u00edtico. En 1990, Jamenei obtuvo el permiso sirio para que Nasrallah regresara al L\u00edbano. El l\u00edder iran\u00ed volvi\u00f3 a ser decisivo dos a\u00f1os despu\u00e9s, cuando le dijo al consejo central del Hezbol\u00e1 liban\u00e9s que deb\u00edan elegir a Nasrallah, de 32 a\u00f1os, como su pr\u00f3ximo secretario general tras la muerte de Musawi en una emboscada de un helic\u00f3ptero israel\u00ed.<\/p>\n\n\n\n<p>Nasrallah se dedic\u00f3 a organizar una respuesta sangrienta a la acci\u00f3n de Israel. S\u00f3lo un mes despu\u00e9s de la muerte de Musawi, el 17 de marzo un coche bomba destruy\u00f3 la embajada israel\u00ed en Argentina, matando a 29 civiles. Ascendi\u00f3 a los comandantes seg\u00fan su capacidad, no seg\u00fan sus afiliaciones tribales o clericales. Nasrallah tambi\u00e9n se someti\u00f3 voluntariamente al acuerdo por el cual todas las decisiones militares relacionadas con Israel tendr\u00edan que ser aprobadas por Siria.<\/p>\n\n\n\n<p>Igualmente importante fue que Nasrallah consolid\u00f3 el control econ\u00f3mico de Hezbol\u00e1 sobre el sur del L\u00edbano y hubo pocas empresas comerciales en el sur en las que Hezbol\u00e1 no tuviera participaci\u00f3n. Adem\u00e1s, todas las familias chi\u00edtas en las zonas de su predominio -as\u00ed como la di\u00e1spora chi\u00edta libanesa en lugares tan lejanos como Sudam\u00e9rica- tuvieron que pagarle una quinta parte de sus ingresos como impuesto isl\u00e1mico. En poco tiempo, los ingresos del interior del L\u00edbano superaron las subvenciones de Ir\u00e1n y otras fuentes, incluido el contrabando de diamantes en \u00c1frica occidental, donde los libaneses se hab\u00edan establecido durante muchas generaciones.<\/p>\n\n\n\n<p>En 2000, Israel se hab\u00eda cansado de su presencia en el sur del L\u00edbano. Hab\u00eda perdido 900 soldados en su intento de mantener segura la estrecha franja de territorio junto a su frontera norte y hab\u00eda fracasado. Cuatro a\u00f1os despu\u00e9s, la estatura de Nasrallah creci\u00f3 a\u00fan m\u00e1s cuando intercambi\u00f3 a un ingeniero israel\u00ed y los restos de tres soldados israel\u00edes por cientos de prisioneros palestinos y libaneses en Israel.<br><\/p>\n\n\n\n<p>Le sobreviven una esposa, Fatimah Yasin, y tres de sus cuatro hijos: Muhammad Javed, Zainab, Muhammad Ali y Muhammad Mahdi. Muhammad Hadi, su hijo mayor, muri\u00f3 a los 18 a\u00f1os en un ataque a\u00e9reo en 1997. Al o\u00edr la noticia, Nasrallah dijo: \u201cEstoy orgulloso de ser el padre de uno de los m\u00e1rtires\u201d.<\/p>\n\n\n\n<p>Nasrallah, un hombre aparentemente afable que no impuso las normas islamistas de l\u00ednea dura en las zonas controladas por Hezbol\u00e1, se transformaba con amenazantes gestos con el dedo y horribles diatribas frente a la multitud. Describ\u00eda a los jud\u00edos con el lenguaje m\u00e1s repulsivo y promet\u00eda victorias sobre Israel y Occidente que claramente nunca podr\u00eda cumplir.<\/p>\n\n\n\n<p>Nasrallah tambi\u00e9n era un gran jugador. Cuando comenz\u00f3 su guerra de 2006 contra Israel en nombre de Ir\u00e1n, seguramente sab\u00eda que corr\u00eda el riesgo de convertir al L\u00edbano en un cad\u00e1ver de Estado. Pero tambi\u00e9n sab\u00eda que si Hezbol\u00e1 sobreviv\u00eda para jactarse de haber humillado a \u201cla entidad sionista\u201d como ning\u00fan estado \u00e1rabe lo hab\u00eda hecho en los 60 a\u00f1os anteriores, pronto tendr\u00eda asegurado su lugar como uno de los pocos \u201cgrandes ayatol\u00e1s\u201d en la c\u00faspide del Islam chi\u00ed.<br><br>Volvi\u00f3 a arriesgarse sumando los ataques de Ham\u00e1s del 7 de octubre de 2023. Esta vez la apuesta lo llev\u00f3 a la muerte. En su \u00faltima declaraci\u00f3n p\u00fablica del 19 de septiembre, en medio de un ataque israel\u00ed contra Hezbol\u00e1 en el L\u00edbano, advirti\u00f3: \u201cLa retribuci\u00f3n vendr\u00e1. Su forma, tama\u00f1o, c\u00f3mo y d\u00f3nde; son cosas que ciertamente nos guardaremos para nosotros, en los c\u00edrculos m\u00e1s estrechos, incluso entre nosotros\u201d.<\/p>\n\n\n\n<p>Un portavoz israel\u00ed se\u00f1al\u00f3 despu\u00e9s de que se confirmara su muerte: \u201cHassan Nasrallah ya no podr\u00e1 aterrorizar al mundo\u201d.<br>Hassan Nasrallah, l\u00edder de Hezbollah, naci\u00f3 en Beirut el 31 de agosto de 1960. Muri\u00f3 en un ataque a\u00e9reo israel\u00ed el 27 de septiembre de 2024, a los 64 a\u00f1os.<br> <br><small>Copyright \u00a9 2024 ElCanillita.info \/ SalaStampa.Eu, servicio mundial de prensa<\/small><br><br><\/p>\n","protected":false},"excerpt":{"rendered":"<p>Una fotograf\u00eda sin fecha, muestra Nasrallah manifestando su oposici\u00f3n a la liberaci\u00f3n de rehenes, incluido Terry Waite, el enviado especial del arzobispo de Canterbury en 1987<\/p>\n","protected":false},"author":1,"featured_media":4187,"comment_status":"closed","ping_status":"closed","sticky":false,"template":"","format":"standard","meta":{"footnotes":"","_links_to":"","_links_to_target":""},"categories":[108,121,119,15,127,112],"tags":[67,128],"class_list":["post-4185","post","type-post","status-publish","format-standard","has-post-thumbnail","hentry","category-blogdiario","category-dc24","category-guerra","category-medio-oriente","category-necrologicos","category-quien-es-quien","tag-israel","tag-libano","entry","double"],"yoast_head":"<!-- This site is optimized with the Yoast SEO plugin v27.5 - https:\/\/yoast.com\/product\/yoast-seo-wordpress\/ -->\n<title>Esquela de Hassan Nasrallah: l\u00edder de Hezbol\u00e1 - ElCanillita.Info<\/title>\n<meta name=\"robots\" content=\"index, follow, max-snippet:-1, max-image-preview:large, max-video-preview:-1\" \/>\n<link rel=\"canonical\" href=\"https:\/\/elcanillita.info\/press\/2024\/09\/30\/esquela-de-hassan-nasrallah-lider-de-hezbola\/\" \/>\n<meta property=\"og:locale\" content=\"es_ES\" \/>\n<meta property=\"og:type\" content=\"article\" \/>\n<meta property=\"og:title\" content=\"Esquela de Hassan Nasrallah: l\u00edder de Hezbol\u00e1 - ElCanillita.Info\" \/>\n<meta property=\"og:description\" content=\"Una fotograf\u00eda sin fecha, muestra Nasrallah manifestando su oposici\u00f3n a la liberaci\u00f3n de rehenes, incluido Terry Waite, el enviado especial del arzobispo de Canterbury en 1987\" \/>\n<meta property=\"og:url\" content=\"https:\/\/elcanillita.info\/press\/2024\/09\/30\/esquela-de-hassan-nasrallah-lider-de-hezbola\/\" \/>\n<meta property=\"og:site_name\" content=\"ElCanillita.Info\" \/>\n<meta property=\"article:publisher\" content=\"https:\/\/ar-ar.facebook.com\/ElCanillitainfo-114249515285712\/\" \/>\n<meta property=\"article:published_time\" content=\"2024-09-30T21:23:03+00:00\" \/>\n<meta property=\"article:modified_time\" content=\"2024-09-30T21:50:58+00:00\" \/>\n<meta property=\"og:image\" content=\"https:\/\/elcanillita.info\/press\/images\/2024\/09\/nas_4_20240930.jpg\" \/>\n\t<meta property=\"og:image:width\" content=\"600\" \/>\n\t<meta property=\"og:image:height\" content=\"400\" \/>\n\t<meta property=\"og:image:type\" content=\"image\/jpeg\" \/>\n<meta name=\"author\" content=\"SalaStampa.eu, world press service\" \/>\n<meta name=\"twitter:card\" content=\"summary_large_image\" \/>\n<meta name=\"twitter:label1\" content=\"Escrito por\" \/>\n\t<meta name=\"twitter:data1\" content=\"SalaStampa.eu, world press service\" \/>\n\t<meta name=\"twitter:label2\" content=\"Tiempo de lectura\" \/>\n\t<meta name=\"twitter:data2\" content=\"12 minutos\" \/>\n<script type=\"application\/ld+json\" class=\"yoast-schema-graph\">{\"@context\":\"https:\\\/\\\/schema.org\",\"@graph\":[{\"@type\":\"Article\",\"@id\":\"https:\\\/\\\/elcanillita.info\\\/press\\\/2024\\\/09\\\/30\\\/esquela-de-hassan-nasrallah-lider-de-hezbola\\\/#article\",\"isPartOf\":{\"@id\":\"https:\\\/\\\/elcanillita.info\\\/press\\\/2024\\\/09\\\/30\\\/esquela-de-hassan-nasrallah-lider-de-hezbola\\\/\"},\"author\":{\"name\":\"SalaStampa.eu, world press service\",\"@id\":\"https:\\\/\\\/elcanillita.info\\\/press\\\/#\\\/schema\\\/person\\\/7fcb79f38045700919f7da6d97e71ba0\"},\"headline\":\"Esquela de Hassan Nasrallah: l\u00edder de Hezbol\u00e1\",\"datePublished\":\"2024-09-30T21:23:03+00:00\",\"dateModified\":\"2024-09-30T21:50:58+00:00\",\"mainEntityOfPage\":{\"@id\":\"https:\\\/\\\/elcanillita.info\\\/press\\\/2024\\\/09\\\/30\\\/esquela-de-hassan-nasrallah-lider-de-hezbola\\\/\"},\"wordCount\":2733,\"publisher\":{\"@id\":\"https:\\\/\\\/elcanillita.info\\\/press\\\/#organization\"},\"image\":{\"@id\":\"https:\\\/\\\/elcanillita.info\\\/press\\\/2024\\\/09\\\/30\\\/esquela-de-hassan-nasrallah-lider-de-hezbola\\\/#primaryimage\"},\"thumbnailUrl\":\"https:\\\/\\\/elcanillita.info\\\/press\\\/images\\\/2024\\\/09\\\/nas_4_20240930.jpg\",\"keywords\":[\"Israel\",\"Libano\"],\"articleSection\":[\".\",\".\",\"Guerra\",\"Medio Oriente\",\"Necrol\u00f3gicos\",\"Quien es quien\"],\"inLanguage\":\"es-AR\"},{\"@type\":\"WebPage\",\"@id\":\"https:\\\/\\\/elcanillita.info\\\/press\\\/2024\\\/09\\\/30\\\/esquela-de-hassan-nasrallah-lider-de-hezbola\\\/\",\"url\":\"https:\\\/\\\/elcanillita.info\\\/press\\\/2024\\\/09\\\/30\\\/esquela-de-hassan-nasrallah-lider-de-hezbola\\\/\",\"name\":\"Esquela de Hassan Nasrallah: l\u00edder de Hezbol\u00e1 - ElCanillita.Info\",\"isPartOf\":{\"@id\":\"https:\\\/\\\/elcanillita.info\\\/press\\\/#website\"},\"primaryImageOfPage\":{\"@id\":\"https:\\\/\\\/elcanillita.info\\\/press\\\/2024\\\/09\\\/30\\\/esquela-de-hassan-nasrallah-lider-de-hezbola\\\/#primaryimage\"},\"image\":{\"@id\":\"https:\\\/\\\/elcanillita.info\\\/press\\\/2024\\\/09\\\/30\\\/esquela-de-hassan-nasrallah-lider-de-hezbola\\\/#primaryimage\"},\"thumbnailUrl\":\"https:\\\/\\\/elcanillita.info\\\/press\\\/images\\\/2024\\\/09\\\/nas_4_20240930.jpg\",\"datePublished\":\"2024-09-30T21:23:03+00:00\",\"dateModified\":\"2024-09-30T21:50:58+00:00\",\"inLanguage\":\"es-AR\",\"potentialAction\":[{\"@type\":\"ReadAction\",\"target\":[\"https:\\\/\\\/elcanillita.info\\\/press\\\/2024\\\/09\\\/30\\\/esquela-de-hassan-nasrallah-lider-de-hezbola\\\/\"]}]},{\"@type\":\"ImageObject\",\"inLanguage\":\"es-AR\",\"@id\":\"https:\\\/\\\/elcanillita.info\\\/press\\\/2024\\\/09\\\/30\\\/esquela-de-hassan-nasrallah-lider-de-hezbola\\\/#primaryimage\",\"url\":\"https:\\\/\\\/elcanillita.info\\\/press\\\/images\\\/2024\\\/09\\\/nas_4_20240930.jpg\",\"contentUrl\":\"https:\\\/\\\/elcanillita.info\\\/press\\\/images\\\/2024\\\/09\\\/nas_4_20240930.jpg\",\"width\":600,\"height\":400},{\"@type\":\"WebSite\",\"@id\":\"https:\\\/\\\/elcanillita.info\\\/press\\\/#website\",\"url\":\"https:\\\/\\\/elcanillita.info\\\/press\\\/\",\"name\":\"ElCanillita.Info\",\"description\":\"desde los Apeninos a los Andes\",\"publisher\":{\"@id\":\"https:\\\/\\\/elcanillita.info\\\/press\\\/#organization\"},\"potentialAction\":[{\"@type\":\"SearchAction\",\"target\":{\"@type\":\"EntryPoint\",\"urlTemplate\":\"https:\\\/\\\/elcanillita.info\\\/press\\\/?s={search_term_string}\"},\"query-input\":{\"@type\":\"PropertyValueSpecification\",\"valueRequired\":true,\"valueName\":\"search_term_string\"}}],\"inLanguage\":\"es-AR\"},{\"@type\":\"Organization\",\"@id\":\"https:\\\/\\\/elcanillita.info\\\/press\\\/#organization\",\"name\":\"Guzzo Photos & Graphic Publications\",\"url\":\"https:\\\/\\\/elcanillita.info\\\/press\\\/\",\"logo\":{\"@type\":\"ImageObject\",\"inLanguage\":\"es-AR\",\"@id\":\"https:\\\/\\\/elcanillita.info\\\/press\\\/#\\\/schema\\\/logo\\\/image\\\/\",\"url\":\"https:\\\/\\\/elcanillita.info\\\/press\\\/images\\\/2020\\\/01\\\/cropped-cropped-cropped-elcanillitainfo.png\",\"contentUrl\":\"https:\\\/\\\/elcanillita.info\\\/press\\\/images\\\/2020\\\/01\\\/cropped-cropped-cropped-elcanillitainfo.png\",\"width\":460,\"height\":50,\"caption\":\"Guzzo Photos & Graphic Publications\"},\"image\":{\"@id\":\"https:\\\/\\\/elcanillita.info\\\/press\\\/#\\\/schema\\\/logo\\\/image\\\/\"},\"sameAs\":[\"https:\\\/\\\/ar-ar.facebook.com\\\/ElCanillitainfo-114249515285712\\\/\"]},{\"@type\":\"Person\",\"@id\":\"https:\\\/\\\/elcanillita.info\\\/press\\\/#\\\/schema\\\/person\\\/7fcb79f38045700919f7da6d97e71ba0\",\"name\":\"SalaStampa.eu, world press service\",\"image\":{\"@type\":\"ImageObject\",\"inLanguage\":\"es-AR\",\"@id\":\"https:\\\/\\\/secure.gravatar.com\\\/avatar\\\/c2f0e0d515a107624234994507816ca4724c7199cef73fc8bedebf6931d73888?s=96&d=mm&r=g\",\"url\":\"https:\\\/\\\/secure.gravatar.com\\\/avatar\\\/c2f0e0d515a107624234994507816ca4724c7199cef73fc8bedebf6931d73888?s=96&d=mm&r=g\",\"contentUrl\":\"https:\\\/\\\/secure.gravatar.com\\\/avatar\\\/c2f0e0d515a107624234994507816ca4724c7199cef73fc8bedebf6931d73888?s=96&d=mm&r=g\",\"caption\":\"SalaStampa.eu, world press service\"}}]}<\/script>\n<!-- \/ Yoast SEO plugin. -->","yoast_head_json":{"title":"Esquela de Hassan Nasrallah: l\u00edder de Hezbol\u00e1 - ElCanillita.Info","robots":{"index":"index","follow":"follow","max-snippet":"max-snippet:-1","max-image-preview":"max-image-preview:large","max-video-preview":"max-video-preview:-1"},"canonical":"https:\/\/elcanillita.info\/press\/2024\/09\/30\/esquela-de-hassan-nasrallah-lider-de-hezbola\/","og_locale":"es_ES","og_type":"article","og_title":"Esquela de Hassan Nasrallah: l\u00edder de Hezbol\u00e1 - ElCanillita.Info","og_description":"Una fotograf\u00eda sin fecha, muestra Nasrallah manifestando su oposici\u00f3n a la liberaci\u00f3n de rehenes, incluido Terry Waite, el enviado especial del arzobispo de Canterbury en 1987","og_url":"https:\/\/elcanillita.info\/press\/2024\/09\/30\/esquela-de-hassan-nasrallah-lider-de-hezbola\/","og_site_name":"ElCanillita.Info","article_publisher":"https:\/\/ar-ar.facebook.com\/ElCanillitainfo-114249515285712\/","article_published_time":"2024-09-30T21:23:03+00:00","article_modified_time":"2024-09-30T21:50:58+00:00","og_image":[{"width":600,"height":400,"url":"https:\/\/elcanillita.info\/press\/images\/2024\/09\/nas_4_20240930.jpg","type":"image\/jpeg"}],"author":"SalaStampa.eu, world press service","twitter_card":"summary_large_image","twitter_misc":{"Escrito por":"SalaStampa.eu, world press service","Tiempo de lectura":"12 minutos"},"schema":{"@context":"https:\/\/schema.org","@graph":[{"@type":"Article","@id":"https:\/\/elcanillita.info\/press\/2024\/09\/30\/esquela-de-hassan-nasrallah-lider-de-hezbola\/#article","isPartOf":{"@id":"https:\/\/elcanillita.info\/press\/2024\/09\/30\/esquela-de-hassan-nasrallah-lider-de-hezbola\/"},"author":{"name":"SalaStampa.eu, world press service","@id":"https:\/\/elcanillita.info\/press\/#\/schema\/person\/7fcb79f38045700919f7da6d97e71ba0"},"headline":"Esquela de Hassan Nasrallah: l\u00edder de Hezbol\u00e1","datePublished":"2024-09-30T21:23:03+00:00","dateModified":"2024-09-30T21:50:58+00:00","mainEntityOfPage":{"@id":"https:\/\/elcanillita.info\/press\/2024\/09\/30\/esquela-de-hassan-nasrallah-lider-de-hezbola\/"},"wordCount":2733,"publisher":{"@id":"https:\/\/elcanillita.info\/press\/#organization"},"image":{"@id":"https:\/\/elcanillita.info\/press\/2024\/09\/30\/esquela-de-hassan-nasrallah-lider-de-hezbola\/#primaryimage"},"thumbnailUrl":"https:\/\/elcanillita.info\/press\/images\/2024\/09\/nas_4_20240930.jpg","keywords":["Israel","Libano"],"articleSection":[".",".","Guerra","Medio Oriente","Necrol\u00f3gicos","Quien es quien"],"inLanguage":"es-AR"},{"@type":"WebPage","@id":"https:\/\/elcanillita.info\/press\/2024\/09\/30\/esquela-de-hassan-nasrallah-lider-de-hezbola\/","url":"https:\/\/elcanillita.info\/press\/2024\/09\/30\/esquela-de-hassan-nasrallah-lider-de-hezbola\/","name":"Esquela de Hassan Nasrallah: l\u00edder de Hezbol\u00e1 - ElCanillita.Info","isPartOf":{"@id":"https:\/\/elcanillita.info\/press\/#website"},"primaryImageOfPage":{"@id":"https:\/\/elcanillita.info\/press\/2024\/09\/30\/esquela-de-hassan-nasrallah-lider-de-hezbola\/#primaryimage"},"image":{"@id":"https:\/\/elcanillita.info\/press\/2024\/09\/30\/esquela-de-hassan-nasrallah-lider-de-hezbola\/#primaryimage"},"thumbnailUrl":"https:\/\/elcanillita.info\/press\/images\/2024\/09\/nas_4_20240930.jpg","datePublished":"2024-09-30T21:23:03+00:00","dateModified":"2024-09-30T21:50:58+00:00","inLanguage":"es-AR","potentialAction":[{"@type":"ReadAction","target":["https:\/\/elcanillita.info\/press\/2024\/09\/30\/esquela-de-hassan-nasrallah-lider-de-hezbola\/"]}]},{"@type":"ImageObject","inLanguage":"es-AR","@id":"https:\/\/elcanillita.info\/press\/2024\/09\/30\/esquela-de-hassan-nasrallah-lider-de-hezbola\/#primaryimage","url":"https:\/\/elcanillita.info\/press\/images\/2024\/09\/nas_4_20240930.jpg","contentUrl":"https:\/\/elcanillita.info\/press\/images\/2024\/09\/nas_4_20240930.jpg","width":600,"height":400},{"@type":"WebSite","@id":"https:\/\/elcanillita.info\/press\/#website","url":"https:\/\/elcanillita.info\/press\/","name":"ElCanillita.Info","description":"desde los Apeninos a los Andes","publisher":{"@id":"https:\/\/elcanillita.info\/press\/#organization"},"potentialAction":[{"@type":"SearchAction","target":{"@type":"EntryPoint","urlTemplate":"https:\/\/elcanillita.info\/press\/?s={search_term_string}"},"query-input":{"@type":"PropertyValueSpecification","valueRequired":true,"valueName":"search_term_string"}}],"inLanguage":"es-AR"},{"@type":"Organization","@id":"https:\/\/elcanillita.info\/press\/#organization","name":"Guzzo Photos & Graphic Publications","url":"https:\/\/elcanillita.info\/press\/","logo":{"@type":"ImageObject","inLanguage":"es-AR","@id":"https:\/\/elcanillita.info\/press\/#\/schema\/logo\/image\/","url":"https:\/\/elcanillita.info\/press\/images\/2020\/01\/cropped-cropped-cropped-elcanillitainfo.png","contentUrl":"https:\/\/elcanillita.info\/press\/images\/2020\/01\/cropped-cropped-cropped-elcanillitainfo.png","width":460,"height":50,"caption":"Guzzo Photos & Graphic Publications"},"image":{"@id":"https:\/\/elcanillita.info\/press\/#\/schema\/logo\/image\/"},"sameAs":["https:\/\/ar-ar.facebook.com\/ElCanillitainfo-114249515285712\/"]},{"@type":"Person","@id":"https:\/\/elcanillita.info\/press\/#\/schema\/person\/7fcb79f38045700919f7da6d97e71ba0","name":"SalaStampa.eu, world press service","image":{"@type":"ImageObject","inLanguage":"es-AR","@id":"https:\/\/secure.gravatar.com\/avatar\/c2f0e0d515a107624234994507816ca4724c7199cef73fc8bedebf6931d73888?s=96&d=mm&r=g","url":"https:\/\/secure.gravatar.com\/avatar\/c2f0e0d515a107624234994507816ca4724c7199cef73fc8bedebf6931d73888?s=96&d=mm&r=g","contentUrl":"https:\/\/secure.gravatar.com\/avatar\/c2f0e0d515a107624234994507816ca4724c7199cef73fc8bedebf6931d73888?s=96&d=mm&r=g","caption":"SalaStampa.eu, world press service"}}]}},"views":373,"_links":{"self":[{"href":"https:\/\/elcanillita.info\/press\/wp-json\/wp\/v2\/posts\/4185","targetHints":{"allow":["GET"]}}],"collection":[{"href":"https:\/\/elcanillita.info\/press\/wp-json\/wp\/v2\/posts"}],"about":[{"href":"https:\/\/elcanillita.info\/press\/wp-json\/wp\/v2\/types\/post"}],"author":[{"embeddable":true,"href":"https:\/\/elcanillita.info\/press\/wp-json\/wp\/v2\/users\/1"}],"replies":[{"embeddable":true,"href":"https:\/\/elcanillita.info\/press\/wp-json\/wp\/v2\/comments?post=4185"}],"version-history":[{"count":0,"href":"https:\/\/elcanillita.info\/press\/wp-json\/wp\/v2\/posts\/4185\/revisions"}],"wp:featuredmedia":[{"embeddable":true,"href":"https:\/\/elcanillita.info\/press\/wp-json\/wp\/v2\/media\/4187"}],"wp:attachment":[{"href":"https:\/\/elcanillita.info\/press\/wp-json\/wp\/v2\/media?parent=4185"}],"wp:term":[{"taxonomy":"category","embeddable":true,"href":"https:\/\/elcanillita.info\/press\/wp-json\/wp\/v2\/categories?post=4185"},{"taxonomy":"post_tag","embeddable":true,"href":"https:\/\/elcanillita.info\/press\/wp-json\/wp\/v2\/tags?post=4185"}],"curies":[{"name":"wp","href":"https:\/\/api.w.org\/{rel}","templated":true}]}}