{"id":4180,"date":"2024-09-26T09:29:25","date_gmt":"2024-09-26T12:29:25","guid":{"rendered":"https:\/\/elcanillita.info\/press\/?p=4180"},"modified":"2024-09-26T13:56:33","modified_gmt":"2024-09-26T16:56:33","slug":"por-primera-vez-el-presidente-milei-expuso-principios-detallados-con-orden-y-sin-actuaciones","status":"publish","type":"post","link":"https:\/\/elcanillita.info\/press\/2024\/09\/26\/por-primera-vez-el-presidente-milei-expuso-principios-detallados-con-orden-y-sin-actuaciones\/","title":{"rendered":"Por primera vez, el Presidente Milei expuso principios detallados con orden y sin actuaciones."},"content":{"rendered":"<div class=\"wp-block-image\">\n<figure class=\"alignleft size-full is-resized\"><img loading=\"lazy\" decoding=\"async\" width=\"600\" height=\"600\" src=\"https:\/\/elcanillita.info\/press\/images\/2024\/09\/page_pres_20240926.jpg\" alt=\"\" class=\"wp-image-4181\" style=\"width:367px;height:auto\" srcset=\"https:\/\/elcanillita.info\/press\/images\/2024\/09\/page_pres_20240926.jpg 600w, https:\/\/elcanillita.info\/press\/images\/2024\/09\/page_pres_20240926-300x300.jpg 300w, https:\/\/elcanillita.info\/press\/images\/2024\/09\/page_pres_20240926-150x150.jpg 150w\" sizes=\"auto, (max-width: 600px) 100vw, 600px\" \/><\/figure>\n<\/div>\n\n\n<p><strong><em>Por Mario Quinteros<\/em><\/strong><br>Nueva York, 25 \/09\/2024<br>El presidente argentino, Javier Milei, acus\u00f3 a la ONU de imponer una agenda \u201csocialista\u201d a sus miembros y llam\u00f3 a los pa\u00edses a adherirse a una \u201cagenda de libertad\u201d, en un discurso encendido que subray\u00f3 su condici\u00f3n de provocador pol\u00edtico amado por la extrema derecha.<\/p>\n\n\n\n<p>En su discurso de debut ante la asamblea general de la ONU en Nueva York el martes, Milei se centr\u00f3 en el \u201cPacto para el Futuro\u201d de 42 p\u00e1ginas adoptado por la ONU el domingo, que incluye puntos que promueven la acci\u00f3n clim\u00e1tica, la igualdad de g\u00e9nero y la regulaci\u00f3n de la inteligencia artificial.<\/p>\n\n\n\n<p>\u201cArgentina no respaldar\u00e1 ninguna pol\u00edtica que implique la restricci\u00f3n de las libertades individuales o el comercio, ni la violaci\u00f3n de los derechos naturales de los individuos\u201d, dijo Milei. \u201cInvitamos a todas las naciones del mundo libre a unirse a nosotros, no solo para oponernos a este pacto, sino para crear una nueva agenda para esta noble instituci\u00f3n: la agenda de la libertad\u201d.<\/p>\n\n\n\n<p>Agreg\u00f3 que la agenda de desarrollo sostenible 2030 anterior de la ONU era \u201cun programa supranacional de naturaleza socialista\u201d y acus\u00f3 a la ONU de convertirse en \u201cun Leviat\u00e1n de m\u00faltiples tent\u00e1culos que busca decidir qu\u00e9 debe hacer cada estado naci\u00f3n y c\u00f3mo deben vivir los ciudadanos del mundo\u201d.<\/p>\n\n\n\n<p>Milei ha cortejado la atenci\u00f3n mundial desde que asumi\u00f3 el cargo en diciembre, hablando regularmente en cumbres multilaterales y conferencias pol\u00edticas conservadoras y formando amistades con figuras prominentes como el director ejecutivo de Tesla, Elon Musk, con quien Milei se reuni\u00f3 por tercera vez el lunes en la ciudad de Nueva York.<\/p>\n\n\n\n<p>\u201cMis empresas est\u00e1n buscando activamente formas de invertir y apoyar a Argentina\u201d, dijo Musk en una publicaci\u00f3n en su plataforma X el martes.<\/p>\n\n\n\n<p>A principios de este mes, en una entrevista con la emisora \u200b\u200bLN+, Milei se refiri\u00f3 a s\u00ed mismo como \u201cuno de los pol\u00edticos m\u00e1s relevantes del planeta Tierra. Uno es Donald Trump y el otro soy yo\u201d.<\/p>\n\n\n\n<p>La agenda interna de Milei se ha centrado en gran medida en solucionar la peor crisis econ\u00f3mica de Argentina en dos d\u00e9cadas, principalmente mediante la implementaci\u00f3n de un severo paquete de austeridad dise\u00f1ado para reducir la inflaci\u00f3n de tres d\u00edgitos.<\/p>\n\n\n\n<p>Pero Milei, que ha negado la existencia del cambio clim\u00e1tico causado por el hombre y es un ac\u00e9rrimo oponente de la legalizaci\u00f3n del aborto electivo en Argentina, tambi\u00e9n se ha comprometido a librar una \u201cbatalla cultural\u201d contra la izquierda argentina.<\/p>\n\n\n\n<p>Ha disuelto los ministerios de la mujer y el medio ambiente de Argentina y ha cerrado su instituto contra la discriminaci\u00f3n.<\/p>\n\n\n\n<p>\u201cEstoy aqu\u00ed para advertirles que estamos al final de un ciclo\u201d, dijo Milei en la ONU el martes. \u201cEl colectivismo y la postura moral de la agenda progresista han chocado con la realidad\u201d.<\/p>\n\n\n\n<p><small>Copyright \u00a9 2024 ElCanillita.info \/ BlogDiario.info \/ SalaStampa.eu, servicio mundial de prensa<\/small><\/p>\n\n\n\n<p><\/p>\n","protected":false},"excerpt":{"rendered":"<p>El presidente argentino Javier Milei denunci\u00f3 la agenda \u201csocialista\u201d de la ONU en su discurso, acusando a la organizaci\u00f3n internacional de restringir la libertad de sus miembros en su discurso de debut.<br \/>\nPor primera vez, una clara exposici\u00f3n de principios, detallados con orden y sin actuaciones. Lo que no deja de ser un importante paso adelante en las conductas del Sr Milei.<\/p>\n","protected":false},"author":1,"featured_media":4182,"comment_status":"closed","ping_status":"closed","sticky":false,"template":"","format":"standard","meta":{"footnotes":"","_links_to":"","_links_to_target":""},"categories":[108,121,70,11,126,23],"tags":[29],"class_list":["post-4180","post","type-post","status-publish","format-standard","has-post-thumbnail","hentry","category-blogdiario","category-dc24","category-actualidad","category-america-del-sur","category-dolores-de-la-press","category-politica","tag-argentina","entry","double"],"yoast_head":"<!-- This site is optimized with the Yoast SEO plugin v27.4 - https:\/\/yoast.com\/product\/yoast-seo-wordpress\/ -->\n<title>Por primera vez, el Presidente Milei expuso principios detallados con orden y sin actuaciones. - ElCanillita.Info<\/title>\n<meta name=\"robots\" content=\"index, follow, max-snippet:-1, max-image-preview:large, max-video-preview:-1\" \/>\n<link rel=\"canonical\" href=\"https:\/\/elcanillita.info\/press\/2024\/09\/26\/por-primera-vez-el-presidente-milei-expuso-principios-detallados-con-orden-y-sin-actuaciones\/\" \/>\n<meta property=\"og:locale\" content=\"es_ES\" \/>\n<meta property=\"og:type\" content=\"article\" \/>\n<meta property=\"og:title\" content=\"Por primera vez, el Presidente Milei expuso principios detallados con orden y sin actuaciones. - ElCanillita.Info\" \/>\n<meta property=\"og:description\" content=\"El presidente argentino Javier Milei denunci\u00f3 la agenda \u201csocialista\u201d de la ONU en su discurso, acusando a la organizaci\u00f3n internacional de restringir la libertad de sus miembros en su discurso de debut. Por primera vez, una clara exposici\u00f3n de principios, detallados con orden y sin actuaciones. Lo que no deja de ser un importante paso adelante en las conductas del Sr Milei.\" \/>\n<meta property=\"og:url\" content=\"https:\/\/elcanillita.info\/press\/2024\/09\/26\/por-primera-vez-el-presidente-milei-expuso-principios-detallados-con-orden-y-sin-actuaciones\/\" \/>\n<meta property=\"og:site_name\" content=\"ElCanillita.Info\" \/>\n<meta property=\"article:publisher\" content=\"https:\/\/ar-ar.facebook.com\/ElCanillitainfo-114249515285712\/\" \/>\n<meta property=\"article:published_time\" content=\"2024-09-26T12:29:25+00:00\" \/>\n<meta property=\"article:modified_time\" content=\"2024-09-26T16:56:33+00:00\" \/>\n<meta property=\"og:image\" content=\"https:\/\/elcanillita.info\/press\/images\/2024\/09\/cover_Pres_20240926.jpg\" \/>\n\t<meta property=\"og:image:width\" content=\"600\" \/>\n\t<meta property=\"og:image:height\" content=\"400\" \/>\n\t<meta property=\"og:image:type\" content=\"image\/jpeg\" \/>\n<meta name=\"author\" content=\"SalaStampa.eu, world press service\" \/>\n<meta name=\"twitter:card\" content=\"summary_large_image\" \/>\n<meta name=\"twitter:label1\" content=\"Escrito por\" \/>\n\t<meta name=\"twitter:data1\" content=\"SalaStampa.eu, world press service\" \/>\n\t<meta name=\"twitter:label2\" content=\"Tiempo de lectura\" \/>\n\t<meta name=\"twitter:data2\" content=\"3 minutos\" \/>\n<script type=\"application\/ld+json\" class=\"yoast-schema-graph\">{\"@context\":\"https:\\\/\\\/schema.org\",\"@graph\":[{\"@type\":\"Article\",\"@id\":\"https:\\\/\\\/elcanillita.info\\\/press\\\/2024\\\/09\\\/26\\\/por-primera-vez-el-presidente-milei-expuso-principios-detallados-con-orden-y-sin-actuaciones\\\/#article\",\"isPartOf\":{\"@id\":\"https:\\\/\\\/elcanillita.info\\\/press\\\/2024\\\/09\\\/26\\\/por-primera-vez-el-presidente-milei-expuso-principios-detallados-con-orden-y-sin-actuaciones\\\/\"},\"author\":{\"name\":\"SalaStampa.eu, world press service\",\"@id\":\"https:\\\/\\\/elcanillita.info\\\/press\\\/#\\\/schema\\\/person\\\/7fcb79f38045700919f7da6d97e71ba0\"},\"headline\":\"Por primera vez, el Presidente Milei expuso principios detallados con orden y sin actuaciones.\",\"datePublished\":\"2024-09-26T12:29:25+00:00\",\"dateModified\":\"2024-09-26T16:56:33+00:00\",\"mainEntityOfPage\":{\"@id\":\"https:\\\/\\\/elcanillita.info\\\/press\\\/2024\\\/09\\\/26\\\/por-primera-vez-el-presidente-milei-expuso-principios-detallados-con-orden-y-sin-actuaciones\\\/\"},\"wordCount\":518,\"publisher\":{\"@id\":\"https:\\\/\\\/elcanillita.info\\\/press\\\/#organization\"},\"image\":{\"@id\":\"https:\\\/\\\/elcanillita.info\\\/press\\\/2024\\\/09\\\/26\\\/por-primera-vez-el-presidente-milei-expuso-principios-detallados-con-orden-y-sin-actuaciones\\\/#primaryimage\"},\"thumbnailUrl\":\"https:\\\/\\\/elcanillita.info\\\/press\\\/images\\\/2024\\\/09\\\/cover_Pres_20240926.jpg\",\"keywords\":[\"Argentina\"],\"articleSection\":[\".\",\".\",\"Actualidad\",\"Am\u00e9rica del Sur\",\"Dolores de La Press\",\"Politica\"],\"inLanguage\":\"es-AR\"},{\"@type\":\"WebPage\",\"@id\":\"https:\\\/\\\/elcanillita.info\\\/press\\\/2024\\\/09\\\/26\\\/por-primera-vez-el-presidente-milei-expuso-principios-detallados-con-orden-y-sin-actuaciones\\\/\",\"url\":\"https:\\\/\\\/elcanillita.info\\\/press\\\/2024\\\/09\\\/26\\\/por-primera-vez-el-presidente-milei-expuso-principios-detallados-con-orden-y-sin-actuaciones\\\/\",\"name\":\"Por primera vez, el Presidente Milei expuso principios detallados con orden y sin actuaciones. - ElCanillita.Info\",\"isPartOf\":{\"@id\":\"https:\\\/\\\/elcanillita.info\\\/press\\\/#website\"},\"primaryImageOfPage\":{\"@id\":\"https:\\\/\\\/elcanillita.info\\\/press\\\/2024\\\/09\\\/26\\\/por-primera-vez-el-presidente-milei-expuso-principios-detallados-con-orden-y-sin-actuaciones\\\/#primaryimage\"},\"image\":{\"@id\":\"https:\\\/\\\/elcanillita.info\\\/press\\\/2024\\\/09\\\/26\\\/por-primera-vez-el-presidente-milei-expuso-principios-detallados-con-orden-y-sin-actuaciones\\\/#primaryimage\"},\"thumbnailUrl\":\"https:\\\/\\\/elcanillita.info\\\/press\\\/images\\\/2024\\\/09\\\/cover_Pres_20240926.jpg\",\"datePublished\":\"2024-09-26T12:29:25+00:00\",\"dateModified\":\"2024-09-26T16:56:33+00:00\",\"inLanguage\":\"es-AR\",\"potentialAction\":[{\"@type\":\"ReadAction\",\"target\":[\"https:\\\/\\\/elcanillita.info\\\/press\\\/2024\\\/09\\\/26\\\/por-primera-vez-el-presidente-milei-expuso-principios-detallados-con-orden-y-sin-actuaciones\\\/\"]}]},{\"@type\":\"ImageObject\",\"inLanguage\":\"es-AR\",\"@id\":\"https:\\\/\\\/elcanillita.info\\\/press\\\/2024\\\/09\\\/26\\\/por-primera-vez-el-presidente-milei-expuso-principios-detallados-con-orden-y-sin-actuaciones\\\/#primaryimage\",\"url\":\"https:\\\/\\\/elcanillita.info\\\/press\\\/images\\\/2024\\\/09\\\/cover_Pres_20240926.jpg\",\"contentUrl\":\"https:\\\/\\\/elcanillita.info\\\/press\\\/images\\\/2024\\\/09\\\/cover_Pres_20240926.jpg\",\"width\":600,\"height\":400},{\"@type\":\"WebSite\",\"@id\":\"https:\\\/\\\/elcanillita.info\\\/press\\\/#website\",\"url\":\"https:\\\/\\\/elcanillita.info\\\/press\\\/\",\"name\":\"ElCanillita.Info\",\"description\":\"desde los Apeninos a los Andes\",\"publisher\":{\"@id\":\"https:\\\/\\\/elcanillita.info\\\/press\\\/#organization\"},\"potentialAction\":[{\"@type\":\"SearchAction\",\"target\":{\"@type\":\"EntryPoint\",\"urlTemplate\":\"https:\\\/\\\/elcanillita.info\\\/press\\\/?s={search_term_string}\"},\"query-input\":{\"@type\":\"PropertyValueSpecification\",\"valueRequired\":true,\"valueName\":\"search_term_string\"}}],\"inLanguage\":\"es-AR\"},{\"@type\":\"Organization\",\"@id\":\"https:\\\/\\\/elcanillita.info\\\/press\\\/#organization\",\"name\":\"Guzzo Photos & Graphic Publications\",\"url\":\"https:\\\/\\\/elcanillita.info\\\/press\\\/\",\"logo\":{\"@type\":\"ImageObject\",\"inLanguage\":\"es-AR\",\"@id\":\"https:\\\/\\\/elcanillita.info\\\/press\\\/#\\\/schema\\\/logo\\\/image\\\/\",\"url\":\"https:\\\/\\\/elcanillita.info\\\/press\\\/images\\\/2020\\\/01\\\/cropped-cropped-cropped-elcanillitainfo.png\",\"contentUrl\":\"https:\\\/\\\/elcanillita.info\\\/press\\\/images\\\/2020\\\/01\\\/cropped-cropped-cropped-elcanillitainfo.png\",\"width\":460,\"height\":50,\"caption\":\"Guzzo Photos & Graphic Publications\"},\"image\":{\"@id\":\"https:\\\/\\\/elcanillita.info\\\/press\\\/#\\\/schema\\\/logo\\\/image\\\/\"},\"sameAs\":[\"https:\\\/\\\/ar-ar.facebook.com\\\/ElCanillitainfo-114249515285712\\\/\"]},{\"@type\":\"Person\",\"@id\":\"https:\\\/\\\/elcanillita.info\\\/press\\\/#\\\/schema\\\/person\\\/7fcb79f38045700919f7da6d97e71ba0\",\"name\":\"SalaStampa.eu, world press service\",\"image\":{\"@type\":\"ImageObject\",\"inLanguage\":\"es-AR\",\"@id\":\"https:\\\/\\\/secure.gravatar.com\\\/avatar\\\/c2f0e0d515a107624234994507816ca4724c7199cef73fc8bedebf6931d73888?s=96&d=mm&r=g\",\"url\":\"https:\\\/\\\/secure.gravatar.com\\\/avatar\\\/c2f0e0d515a107624234994507816ca4724c7199cef73fc8bedebf6931d73888?s=96&d=mm&r=g\",\"contentUrl\":\"https:\\\/\\\/secure.gravatar.com\\\/avatar\\\/c2f0e0d515a107624234994507816ca4724c7199cef73fc8bedebf6931d73888?s=96&d=mm&r=g\",\"caption\":\"SalaStampa.eu, world press service\"}}]}<\/script>\n<!-- \/ Yoast SEO plugin. -->","yoast_head_json":{"title":"Por primera vez, el Presidente Milei expuso principios detallados con orden y sin actuaciones. - ElCanillita.Info","robots":{"index":"index","follow":"follow","max-snippet":"max-snippet:-1","max-image-preview":"max-image-preview:large","max-video-preview":"max-video-preview:-1"},"canonical":"https:\/\/elcanillita.info\/press\/2024\/09\/26\/por-primera-vez-el-presidente-milei-expuso-principios-detallados-con-orden-y-sin-actuaciones\/","og_locale":"es_ES","og_type":"article","og_title":"Por primera vez, el Presidente Milei expuso principios detallados con orden y sin actuaciones. - ElCanillita.Info","og_description":"El presidente argentino Javier Milei denunci\u00f3 la agenda \u201csocialista\u201d de la ONU en su discurso, acusando a la organizaci\u00f3n internacional de restringir la libertad de sus miembros en su discurso de debut. Por primera vez, una clara exposici\u00f3n de principios, detallados con orden y sin actuaciones. Lo que no deja de ser un importante paso adelante en las conductas del Sr Milei.","og_url":"https:\/\/elcanillita.info\/press\/2024\/09\/26\/por-primera-vez-el-presidente-milei-expuso-principios-detallados-con-orden-y-sin-actuaciones\/","og_site_name":"ElCanillita.Info","article_publisher":"https:\/\/ar-ar.facebook.com\/ElCanillitainfo-114249515285712\/","article_published_time":"2024-09-26T12:29:25+00:00","article_modified_time":"2024-09-26T16:56:33+00:00","og_image":[{"width":600,"height":400,"url":"https:\/\/elcanillita.info\/press\/images\/2024\/09\/cover_Pres_20240926.jpg","type":"image\/jpeg"}],"author":"SalaStampa.eu, world press service","twitter_card":"summary_large_image","twitter_misc":{"Escrito por":"SalaStampa.eu, world press service","Tiempo de lectura":"3 minutos"},"schema":{"@context":"https:\/\/schema.org","@graph":[{"@type":"Article","@id":"https:\/\/elcanillita.info\/press\/2024\/09\/26\/por-primera-vez-el-presidente-milei-expuso-principios-detallados-con-orden-y-sin-actuaciones\/#article","isPartOf":{"@id":"https:\/\/elcanillita.info\/press\/2024\/09\/26\/por-primera-vez-el-presidente-milei-expuso-principios-detallados-con-orden-y-sin-actuaciones\/"},"author":{"name":"SalaStampa.eu, world press service","@id":"https:\/\/elcanillita.info\/press\/#\/schema\/person\/7fcb79f38045700919f7da6d97e71ba0"},"headline":"Por primera vez, el Presidente Milei expuso principios detallados con orden y sin actuaciones.","datePublished":"2024-09-26T12:29:25+00:00","dateModified":"2024-09-26T16:56:33+00:00","mainEntityOfPage":{"@id":"https:\/\/elcanillita.info\/press\/2024\/09\/26\/por-primera-vez-el-presidente-milei-expuso-principios-detallados-con-orden-y-sin-actuaciones\/"},"wordCount":518,"publisher":{"@id":"https:\/\/elcanillita.info\/press\/#organization"},"image":{"@id":"https:\/\/elcanillita.info\/press\/2024\/09\/26\/por-primera-vez-el-presidente-milei-expuso-principios-detallados-con-orden-y-sin-actuaciones\/#primaryimage"},"thumbnailUrl":"https:\/\/elcanillita.info\/press\/images\/2024\/09\/cover_Pres_20240926.jpg","keywords":["Argentina"],"articleSection":[".",".","Actualidad","Am\u00e9rica del Sur","Dolores de La Press","Politica"],"inLanguage":"es-AR"},{"@type":"WebPage","@id":"https:\/\/elcanillita.info\/press\/2024\/09\/26\/por-primera-vez-el-presidente-milei-expuso-principios-detallados-con-orden-y-sin-actuaciones\/","url":"https:\/\/elcanillita.info\/press\/2024\/09\/26\/por-primera-vez-el-presidente-milei-expuso-principios-detallados-con-orden-y-sin-actuaciones\/","name":"Por primera vez, el Presidente Milei expuso principios detallados con orden y sin actuaciones. - ElCanillita.Info","isPartOf":{"@id":"https:\/\/elcanillita.info\/press\/#website"},"primaryImageOfPage":{"@id":"https:\/\/elcanillita.info\/press\/2024\/09\/26\/por-primera-vez-el-presidente-milei-expuso-principios-detallados-con-orden-y-sin-actuaciones\/#primaryimage"},"image":{"@id":"https:\/\/elcanillita.info\/press\/2024\/09\/26\/por-primera-vez-el-presidente-milei-expuso-principios-detallados-con-orden-y-sin-actuaciones\/#primaryimage"},"thumbnailUrl":"https:\/\/elcanillita.info\/press\/images\/2024\/09\/cover_Pres_20240926.jpg","datePublished":"2024-09-26T12:29:25+00:00","dateModified":"2024-09-26T16:56:33+00:00","inLanguage":"es-AR","potentialAction":[{"@type":"ReadAction","target":["https:\/\/elcanillita.info\/press\/2024\/09\/26\/por-primera-vez-el-presidente-milei-expuso-principios-detallados-con-orden-y-sin-actuaciones\/"]}]},{"@type":"ImageObject","inLanguage":"es-AR","@id":"https:\/\/elcanillita.info\/press\/2024\/09\/26\/por-primera-vez-el-presidente-milei-expuso-principios-detallados-con-orden-y-sin-actuaciones\/#primaryimage","url":"https:\/\/elcanillita.info\/press\/images\/2024\/09\/cover_Pres_20240926.jpg","contentUrl":"https:\/\/elcanillita.info\/press\/images\/2024\/09\/cover_Pres_20240926.jpg","width":600,"height":400},{"@type":"WebSite","@id":"https:\/\/elcanillita.info\/press\/#website","url":"https:\/\/elcanillita.info\/press\/","name":"ElCanillita.Info","description":"desde los Apeninos a los Andes","publisher":{"@id":"https:\/\/elcanillita.info\/press\/#organization"},"potentialAction":[{"@type":"SearchAction","target":{"@type":"EntryPoint","urlTemplate":"https:\/\/elcanillita.info\/press\/?s={search_term_string}"},"query-input":{"@type":"PropertyValueSpecification","valueRequired":true,"valueName":"search_term_string"}}],"inLanguage":"es-AR"},{"@type":"Organization","@id":"https:\/\/elcanillita.info\/press\/#organization","name":"Guzzo Photos & Graphic Publications","url":"https:\/\/elcanillita.info\/press\/","logo":{"@type":"ImageObject","inLanguage":"es-AR","@id":"https:\/\/elcanillita.info\/press\/#\/schema\/logo\/image\/","url":"https:\/\/elcanillita.info\/press\/images\/2020\/01\/cropped-cropped-cropped-elcanillitainfo.png","contentUrl":"https:\/\/elcanillita.info\/press\/images\/2020\/01\/cropped-cropped-cropped-elcanillitainfo.png","width":460,"height":50,"caption":"Guzzo Photos & Graphic Publications"},"image":{"@id":"https:\/\/elcanillita.info\/press\/#\/schema\/logo\/image\/"},"sameAs":["https:\/\/ar-ar.facebook.com\/ElCanillitainfo-114249515285712\/"]},{"@type":"Person","@id":"https:\/\/elcanillita.info\/press\/#\/schema\/person\/7fcb79f38045700919f7da6d97e71ba0","name":"SalaStampa.eu, world press service","image":{"@type":"ImageObject","inLanguage":"es-AR","@id":"https:\/\/secure.gravatar.com\/avatar\/c2f0e0d515a107624234994507816ca4724c7199cef73fc8bedebf6931d73888?s=96&d=mm&r=g","url":"https:\/\/secure.gravatar.com\/avatar\/c2f0e0d515a107624234994507816ca4724c7199cef73fc8bedebf6931d73888?s=96&d=mm&r=g","contentUrl":"https:\/\/secure.gravatar.com\/avatar\/c2f0e0d515a107624234994507816ca4724c7199cef73fc8bedebf6931d73888?s=96&d=mm&r=g","caption":"SalaStampa.eu, world press service"}}]}},"views":293,"_links":{"self":[{"href":"https:\/\/elcanillita.info\/press\/wp-json\/wp\/v2\/posts\/4180","targetHints":{"allow":["GET"]}}],"collection":[{"href":"https:\/\/elcanillita.info\/press\/wp-json\/wp\/v2\/posts"}],"about":[{"href":"https:\/\/elcanillita.info\/press\/wp-json\/wp\/v2\/types\/post"}],"author":[{"embeddable":true,"href":"https:\/\/elcanillita.info\/press\/wp-json\/wp\/v2\/users\/1"}],"replies":[{"embeddable":true,"href":"https:\/\/elcanillita.info\/press\/wp-json\/wp\/v2\/comments?post=4180"}],"version-history":[{"count":0,"href":"https:\/\/elcanillita.info\/press\/wp-json\/wp\/v2\/posts\/4180\/revisions"}],"wp:featuredmedia":[{"embeddable":true,"href":"https:\/\/elcanillita.info\/press\/wp-json\/wp\/v2\/media\/4182"}],"wp:attachment":[{"href":"https:\/\/elcanillita.info\/press\/wp-json\/wp\/v2\/media?parent=4180"}],"wp:term":[{"taxonomy":"category","embeddable":true,"href":"https:\/\/elcanillita.info\/press\/wp-json\/wp\/v2\/categories?post=4180"},{"taxonomy":"post_tag","embeddable":true,"href":"https:\/\/elcanillita.info\/press\/wp-json\/wp\/v2\/tags?post=4180"}],"curies":[{"name":"wp","href":"https:\/\/api.w.org\/{rel}","templated":true}]}}