{"id":4170,"date":"2024-09-24T07:03:57","date_gmt":"2024-09-24T10:03:57","guid":{"rendered":"https:\/\/elcanillita.info\/press\/?p=4170"},"modified":"2024-09-24T07:03:58","modified_gmt":"2024-09-24T10:03:58","slug":"the-godfather","status":"publish","type":"post","link":"https:\/\/elcanillita.info\/press\/2024\/09\/24\/the-godfather\/","title":{"rendered":"The Godfather"},"content":{"rendered":"\n<figure class=\"wp-block-gallery alignleft has-nested-images columns-default is-cropped wp-block-gallery-1 is-layout-flex wp-block-gallery-is-layout-flex\"><div class=\"wp-block-image\">\n<figure class=\"alignleft size-full\"><img loading=\"lazy\" decoding=\"async\" width=\"333\" height=\"500\" data-id=\"4172\" src=\"https:\/\/elcanillita.info\/press\/images\/2024\/09\/pagepope20240924.jpg\" alt=\"\" class=\"wp-image-4172\" srcset=\"https:\/\/elcanillita.info\/press\/images\/2024\/09\/pagepope20240924.jpg 333w, https:\/\/elcanillita.info\/press\/images\/2024\/09\/pagepope20240924-200x300.jpg 200w\" sizes=\"auto, (max-width: 333px) 100vw, 333px\" \/><\/figure>\n<\/div><\/figure>\n\n\n<div class=\"wp-block-image\">\n<figure class=\"alignleft size-full\"><img loading=\"lazy\" decoding=\"async\" width=\"333\" height=\"500\" src=\"https:\/\/elcanillita.info\/press\/images\/2024\/09\/pagepope20240924-1.jpg\" alt=\"\" class=\"wp-image-4173\" srcset=\"https:\/\/elcanillita.info\/press\/images\/2024\/09\/pagepope20240924-1.jpg 333w, https:\/\/elcanillita.info\/press\/images\/2024\/09\/pagepope20240924-1-200x300.jpg 200w\" sizes=\"auto, (max-width: 333px) 100vw, 333px\" \/><\/figure>\n<\/div>\n\n\n<p><br> <strong><br><br><em><small>p<\/small><\/em>\/<em><small>Enrique Guillermo Avogadro<\/small><\/em><\/strong><br><br>Buenos Aires 24\/09\/2024<br>Por ser cat\u00f3lico, apost\u00f3lico y romano, me he abstenido hasta hoy de emitir opini\u00f3n acerca del extra\u00f1o comportamiento del Papa Francisco con relaci\u00f3n al mundo en general y, sobre todo, a la Argentina.<br>Nunca he dicho cu\u00e1nto disent\u00eda acerca de su clara posici\u00f3n pobrista y anticapitalista, con el que machaca en cada viaje que emprende y, menos a\u00fan, de su manifiesta debilidad amorosa por cuanto delincuente argentino se acerc\u00f3 al Vaticano, desde los condenados saqueadores -Cristina Fern\u00e1ndez y su s\u00e9quito de c\u00f3mplices- hasta Juan Grabois, uno de los m\u00e1s destacados \u201cgerentes de la pobreza\u201d, cuyas criminales conductas no hicieron m\u00e1s que reiterarse a trav\u00e9s de los a\u00f1os, y pasando por los nefastos y eternizados dirigentes sindicales, enriquecidos sin medida a costa de sus representados.<br>Tampoco lo hice cuando mostr\u00f3 fotogr\u00e1ficamente su manifiesto rechazo a la gesti\u00f3n de Mauricio Macri mientras se re\u00eda a carcajadas con todos aqu\u00e9llos que ya han sido condenados por la Justicia por robar recursos p\u00fablicos y algunos por abusos sexuales.<br><br>Y ni siquiera cuando, al visitar a los sanguinarios dictadores cubanos, se neg\u00f3 a recibir a las heroicas Damas de Blanco, que reclaman a\u00fan por sus hijos presos en las mazmorras castristas, o cuando recibi\u00f3 con afecto al asesino Nicol\u00e1s Maduro mientras ignora hasta hoy a Mar\u00eda Corina Machado, la tan corajuda dirigente que encabeza el tsunami de libertad que avanza en Venezuela.<br>Call\u00e9 inclusive cuando los presos pol\u00edticos militares, individualmente, se dirigieron a \u00e9l para pedirle s\u00f3lo una bendici\u00f3n y ni siquiera les respondi\u00f3. Por supuesto, tambi\u00e9n se neg\u00f3 a recibir a las mujeres de esos mismos presos, ni a una delegaci\u00f3n de la Asociaci\u00f3n de Abogados por la Justicia y la Concordia, a la cual pertenezco, cuando s\u00f3lo pretend\u00eda su opini\u00f3n sobre la permanente violaci\u00f3n de los derechos humanos de esos mismos presos.<br><br>Y segu\u00ed en silencio cuando, muy recientemente, orden\u00f3 el traslado de un sacerdote por haber cometido el supremo pecado de fomentar una visita humanitaria de algunos diputados libertarios a las c\u00e1rceles en que mueren en vida.<br>Pero ayer Bergoglio agreg\u00f3 la gota que derram\u00f3 el tan contenido vaso. Y lo hizo sin dejar duda alguna de su posici\u00f3n ideol\u00f3gica, respaldando y dando aire a los peores movimientos de izquierda, siempre violentos, extorsionadores y abusadores de los derechos de los dem\u00e1s, y denostando el protocolo que los oblig\u00f3 simplemente a respetar la ley y terminar con los piquetes que tanto complicaron la vida de todos los ciudadanos con cortes de calles y rutas.<br>Al incitar a sus oyentes \u2013la lujosa comitiva de la CGT (el gangster Pablo Moyano incluido) que fue a visitarlo esta semana- a luchar por una \u201cjusticia social\u201d que tanto ha empobrecido a sus te\u00f3ricos destinatarios, ratific\u00f3 su pertenencia a ese peronismo anacr\u00f3nico y denostado en las urnas por la mayor\u00eda de los argentinos, hartos ya de discursos que han tra\u00eddo tama\u00f1a decadencia.<br>Y al condenar expl\u00edcitamente, como lo hizo ayer, al Gobierno argentino por cumplir el imperativo constitucional de garantizar la libre circulaci\u00f3n utilizando gas pimienta (que s\u00f3lo produce molestias temporarias) para reprimir a quienes agred\u00edan a polic\u00edas, prefectos y gendarmes, evitando as\u00ed que se repitieran las dantescas escenas que concluyeran con dieciocho toneladas de piedras arrojadas sobre las fuerzas de seguridad, el Pont\u00edfice abdic\u00f3 de su rol celestial.<br><br>Esa palabra, Pont\u00edfice, quiere decir \u201chacedor de puentes\u201d, y ha quedado claro que ha preferido profundizar la grieta que tanto nos lastima desde hace d\u00e9cadas.<br>Y qu\u00e9 decir de su sibilina denuncia de corrupci\u00f3n, cuid\u00e1ndose muy bien de precisar cu\u00e1ndo se habr\u00eda producido, y sin identificar a qui\u00e9n le habr\u00eda contado el episodio ni qui\u00e9n habr\u00eda pedido la coima. Al no dar esos datos fundamentales, dejo traslucir que el sayo ca\u00eda al gobierno de Milei, en otra actitud demon\u00edaca y demonizadora, pero nunca se refiri\u00f3 a los probados hechos de defraudaci\u00f3n a este Estado tan escu\u00e1lido precisamente por ellos, que cometieron las gestiones kirchneristas.<br>Sus extra\u00f1as preferencias pol\u00edticas lo llevaron a ausentarse nada menos que de la reinauguraci\u00f3n de la Bas\u00edlica de Notre Dame, despu\u00e9s del terrible incendio que enlut\u00f3 a Paris.<br>Hace bien el Papa en seguir difiriendo su primer viaje a la Argentina, su patria, algo que llama la atenci\u00f3n de propios y extra\u00f1os en el mundo entero.<br><br>Si lo hiciera, seguramente se encontrar\u00eda con una profunda repulsa hacia su figura y correr\u00eda el riesgo irreparable de no convocar aqu\u00ed las multitudes que tanto aprecia en sus visitas a los lugares m\u00e1s remotos del globo.<br>El da\u00f1o que Francisco ha causado a la Iglesia Cat\u00f3lica es verdaderamente inconmensurable, revirtiendo cuanto hab\u00edan logrado San Juan Pablo II y Benedicto, su inmediato predecesor.<br>En lo que me ata\u00f1e, creo que ya ha quedado claro que, con enorme dolor, dejo de reconocerlo como representante de Cristo en la tierra.<br><br><small>\u00a9 Copyright 2024 Enrique Guillermo Avogadro<br>\u00a9 2024 ElCanillita.info \/ SalaStampa.Eu, servicio mundial de prensa<\/small><\/p>\n","protected":false},"excerpt":{"rendered":"<p>Buenos Aires 24\/09\/2024<br \/>\nPor ser cat\u00f3lico, apost\u00f3lico y romano, me he abstenido hasta hoy de emitir opini\u00f3n acerca del extra\u00f1o comportamiento del Papa Francisco con relaci\u00f3n al mundo en general y, sobre todo, a la Argentina&#8230;<\/p>\n","protected":false},"author":1,"featured_media":4171,"comment_status":"closed","ping_status":"closed","sticky":false,"template":"","format":"standard","meta":{"footnotes":"","_links_to":"","_links_to_target":""},"categories":[70,11,118],"tags":[29],"class_list":["post-4170","post","type-post","status-publish","format-standard","has-post-thumbnail","hentry","category-actualidad","category-america-del-sur","category-corrupcion","tag-argentina","entry","double"],"yoast_head":"<!-- This site is optimized with the Yoast SEO plugin v27.4 - https:\/\/yoast.com\/product\/yoast-seo-wordpress\/ -->\n<title>The Godfather - ElCanillita.Info<\/title>\n<meta name=\"robots\" content=\"index, follow, max-snippet:-1, max-image-preview:large, max-video-preview:-1\" \/>\n<link rel=\"canonical\" href=\"https:\/\/elcanillita.info\/press\/2024\/09\/24\/the-godfather\/\" \/>\n<meta property=\"og:locale\" content=\"es_ES\" \/>\n<meta property=\"og:type\" content=\"article\" \/>\n<meta property=\"og:title\" content=\"The Godfather - ElCanillita.Info\" \/>\n<meta property=\"og:description\" content=\"Buenos Aires 24\/09\/2024 Por ser cat\u00f3lico, apost\u00f3lico y romano, me he abstenido hasta hoy de emitir opini\u00f3n acerca del extra\u00f1o comportamiento del Papa Francisco con relaci\u00f3n al mundo en general y, sobre todo, a la Argentina...\" \/>\n<meta property=\"og:url\" content=\"https:\/\/elcanillita.info\/press\/2024\/09\/24\/the-godfather\/\" \/>\n<meta property=\"og:site_name\" content=\"ElCanillita.Info\" \/>\n<meta property=\"article:publisher\" content=\"https:\/\/ar-ar.facebook.com\/ElCanillitainfo-114249515285712\/\" \/>\n<meta property=\"article:published_time\" content=\"2024-09-24T10:03:57+00:00\" \/>\n<meta property=\"article:modified_time\" content=\"2024-09-24T10:03:58+00:00\" \/>\n<meta property=\"og:image\" content=\"https:\/\/elcanillita.info\/press\/images\/2024\/09\/popecover20240924.jpg\" \/>\n\t<meta property=\"og:image:width\" content=\"600\" \/>\n\t<meta property=\"og:image:height\" content=\"399\" \/>\n\t<meta property=\"og:image:type\" content=\"image\/jpeg\" \/>\n<meta name=\"author\" content=\"SalaStampa.eu, world press service\" \/>\n<meta name=\"twitter:card\" content=\"summary_large_image\" \/>\n<meta name=\"twitter:label1\" content=\"Escrito por\" \/>\n\t<meta name=\"twitter:data1\" content=\"SalaStampa.eu, world press service\" \/>\n\t<meta name=\"twitter:label2\" content=\"Tiempo de lectura\" \/>\n\t<meta name=\"twitter:data2\" content=\"5 minutos\" \/>\n<script type=\"application\/ld+json\" class=\"yoast-schema-graph\">{\"@context\":\"https:\\\/\\\/schema.org\",\"@graph\":[{\"@type\":\"Article\",\"@id\":\"https:\\\/\\\/elcanillita.info\\\/press\\\/2024\\\/09\\\/24\\\/the-godfather\\\/#article\",\"isPartOf\":{\"@id\":\"https:\\\/\\\/elcanillita.info\\\/press\\\/2024\\\/09\\\/24\\\/the-godfather\\\/\"},\"author\":{\"name\":\"SalaStampa.eu, world press service\",\"@id\":\"https:\\\/\\\/elcanillita.info\\\/press\\\/#\\\/schema\\\/person\\\/7fcb79f38045700919f7da6d97e71ba0\"},\"headline\":\"The Godfather\",\"datePublished\":\"2024-09-24T10:03:57+00:00\",\"dateModified\":\"2024-09-24T10:03:58+00:00\",\"mainEntityOfPage\":{\"@id\":\"https:\\\/\\\/elcanillita.info\\\/press\\\/2024\\\/09\\\/24\\\/the-godfather\\\/\"},\"wordCount\":886,\"publisher\":{\"@id\":\"https:\\\/\\\/elcanillita.info\\\/press\\\/#organization\"},\"image\":{\"@id\":\"https:\\\/\\\/elcanillita.info\\\/press\\\/2024\\\/09\\\/24\\\/the-godfather\\\/#primaryimage\"},\"thumbnailUrl\":\"https:\\\/\\\/elcanillita.info\\\/press\\\/images\\\/2024\\\/09\\\/popecover20240924.jpg\",\"keywords\":[\"Argentina\"],\"articleSection\":[\"Actualidad\",\"Am\u00e9rica del Sur\",\"Corrupci\u00f3n\"],\"inLanguage\":\"es-AR\"},{\"@type\":\"WebPage\",\"@id\":\"https:\\\/\\\/elcanillita.info\\\/press\\\/2024\\\/09\\\/24\\\/the-godfather\\\/\",\"url\":\"https:\\\/\\\/elcanillita.info\\\/press\\\/2024\\\/09\\\/24\\\/the-godfather\\\/\",\"name\":\"The Godfather - ElCanillita.Info\",\"isPartOf\":{\"@id\":\"https:\\\/\\\/elcanillita.info\\\/press\\\/#website\"},\"primaryImageOfPage\":{\"@id\":\"https:\\\/\\\/elcanillita.info\\\/press\\\/2024\\\/09\\\/24\\\/the-godfather\\\/#primaryimage\"},\"image\":{\"@id\":\"https:\\\/\\\/elcanillita.info\\\/press\\\/2024\\\/09\\\/24\\\/the-godfather\\\/#primaryimage\"},\"thumbnailUrl\":\"https:\\\/\\\/elcanillita.info\\\/press\\\/images\\\/2024\\\/09\\\/popecover20240924.jpg\",\"datePublished\":\"2024-09-24T10:03:57+00:00\",\"dateModified\":\"2024-09-24T10:03:58+00:00\",\"inLanguage\":\"es-AR\",\"potentialAction\":[{\"@type\":\"ReadAction\",\"target\":[\"https:\\\/\\\/elcanillita.info\\\/press\\\/2024\\\/09\\\/24\\\/the-godfather\\\/\"]}]},{\"@type\":\"ImageObject\",\"inLanguage\":\"es-AR\",\"@id\":\"https:\\\/\\\/elcanillita.info\\\/press\\\/2024\\\/09\\\/24\\\/the-godfather\\\/#primaryimage\",\"url\":\"https:\\\/\\\/elcanillita.info\\\/press\\\/images\\\/2024\\\/09\\\/popecover20240924.jpg\",\"contentUrl\":\"https:\\\/\\\/elcanillita.info\\\/press\\\/images\\\/2024\\\/09\\\/popecover20240924.jpg\",\"width\":600,\"height\":399},{\"@type\":\"WebSite\",\"@id\":\"https:\\\/\\\/elcanillita.info\\\/press\\\/#website\",\"url\":\"https:\\\/\\\/elcanillita.info\\\/press\\\/\",\"name\":\"ElCanillita.Info\",\"description\":\"desde los Apeninos a los Andes\",\"publisher\":{\"@id\":\"https:\\\/\\\/elcanillita.info\\\/press\\\/#organization\"},\"potentialAction\":[{\"@type\":\"SearchAction\",\"target\":{\"@type\":\"EntryPoint\",\"urlTemplate\":\"https:\\\/\\\/elcanillita.info\\\/press\\\/?s={search_term_string}\"},\"query-input\":{\"@type\":\"PropertyValueSpecification\",\"valueRequired\":true,\"valueName\":\"search_term_string\"}}],\"inLanguage\":\"es-AR\"},{\"@type\":\"Organization\",\"@id\":\"https:\\\/\\\/elcanillita.info\\\/press\\\/#organization\",\"name\":\"Guzzo Photos & Graphic Publications\",\"url\":\"https:\\\/\\\/elcanillita.info\\\/press\\\/\",\"logo\":{\"@type\":\"ImageObject\",\"inLanguage\":\"es-AR\",\"@id\":\"https:\\\/\\\/elcanillita.info\\\/press\\\/#\\\/schema\\\/logo\\\/image\\\/\",\"url\":\"https:\\\/\\\/elcanillita.info\\\/press\\\/images\\\/2020\\\/01\\\/cropped-cropped-cropped-elcanillitainfo.png\",\"contentUrl\":\"https:\\\/\\\/elcanillita.info\\\/press\\\/images\\\/2020\\\/01\\\/cropped-cropped-cropped-elcanillitainfo.png\",\"width\":460,\"height\":50,\"caption\":\"Guzzo Photos & Graphic Publications\"},\"image\":{\"@id\":\"https:\\\/\\\/elcanillita.info\\\/press\\\/#\\\/schema\\\/logo\\\/image\\\/\"},\"sameAs\":[\"https:\\\/\\\/ar-ar.facebook.com\\\/ElCanillitainfo-114249515285712\\\/\"]},{\"@type\":\"Person\",\"@id\":\"https:\\\/\\\/elcanillita.info\\\/press\\\/#\\\/schema\\\/person\\\/7fcb79f38045700919f7da6d97e71ba0\",\"name\":\"SalaStampa.eu, world press service\",\"image\":{\"@type\":\"ImageObject\",\"inLanguage\":\"es-AR\",\"@id\":\"https:\\\/\\\/secure.gravatar.com\\\/avatar\\\/c2f0e0d515a107624234994507816ca4724c7199cef73fc8bedebf6931d73888?s=96&d=mm&r=g\",\"url\":\"https:\\\/\\\/secure.gravatar.com\\\/avatar\\\/c2f0e0d515a107624234994507816ca4724c7199cef73fc8bedebf6931d73888?s=96&d=mm&r=g\",\"contentUrl\":\"https:\\\/\\\/secure.gravatar.com\\\/avatar\\\/c2f0e0d515a107624234994507816ca4724c7199cef73fc8bedebf6931d73888?s=96&d=mm&r=g\",\"caption\":\"SalaStampa.eu, world press service\"}}]}<\/script>\n<!-- \/ Yoast SEO plugin. -->","yoast_head_json":{"title":"The Godfather - ElCanillita.Info","robots":{"index":"index","follow":"follow","max-snippet":"max-snippet:-1","max-image-preview":"max-image-preview:large","max-video-preview":"max-video-preview:-1"},"canonical":"https:\/\/elcanillita.info\/press\/2024\/09\/24\/the-godfather\/","og_locale":"es_ES","og_type":"article","og_title":"The Godfather - ElCanillita.Info","og_description":"Buenos Aires 24\/09\/2024 Por ser cat\u00f3lico, apost\u00f3lico y romano, me he abstenido hasta hoy de emitir opini\u00f3n acerca del extra\u00f1o comportamiento del Papa Francisco con relaci\u00f3n al mundo en general y, sobre todo, a la Argentina...","og_url":"https:\/\/elcanillita.info\/press\/2024\/09\/24\/the-godfather\/","og_site_name":"ElCanillita.Info","article_publisher":"https:\/\/ar-ar.facebook.com\/ElCanillitainfo-114249515285712\/","article_published_time":"2024-09-24T10:03:57+00:00","article_modified_time":"2024-09-24T10:03:58+00:00","og_image":[{"width":600,"height":399,"url":"https:\/\/elcanillita.info\/press\/images\/2024\/09\/popecover20240924.jpg","type":"image\/jpeg"}],"author":"SalaStampa.eu, world press service","twitter_card":"summary_large_image","twitter_misc":{"Escrito por":"SalaStampa.eu, world press service","Tiempo de lectura":"5 minutos"},"schema":{"@context":"https:\/\/schema.org","@graph":[{"@type":"Article","@id":"https:\/\/elcanillita.info\/press\/2024\/09\/24\/the-godfather\/#article","isPartOf":{"@id":"https:\/\/elcanillita.info\/press\/2024\/09\/24\/the-godfather\/"},"author":{"name":"SalaStampa.eu, world press service","@id":"https:\/\/elcanillita.info\/press\/#\/schema\/person\/7fcb79f38045700919f7da6d97e71ba0"},"headline":"The Godfather","datePublished":"2024-09-24T10:03:57+00:00","dateModified":"2024-09-24T10:03:58+00:00","mainEntityOfPage":{"@id":"https:\/\/elcanillita.info\/press\/2024\/09\/24\/the-godfather\/"},"wordCount":886,"publisher":{"@id":"https:\/\/elcanillita.info\/press\/#organization"},"image":{"@id":"https:\/\/elcanillita.info\/press\/2024\/09\/24\/the-godfather\/#primaryimage"},"thumbnailUrl":"https:\/\/elcanillita.info\/press\/images\/2024\/09\/popecover20240924.jpg","keywords":["Argentina"],"articleSection":["Actualidad","Am\u00e9rica del Sur","Corrupci\u00f3n"],"inLanguage":"es-AR"},{"@type":"WebPage","@id":"https:\/\/elcanillita.info\/press\/2024\/09\/24\/the-godfather\/","url":"https:\/\/elcanillita.info\/press\/2024\/09\/24\/the-godfather\/","name":"The Godfather - ElCanillita.Info","isPartOf":{"@id":"https:\/\/elcanillita.info\/press\/#website"},"primaryImageOfPage":{"@id":"https:\/\/elcanillita.info\/press\/2024\/09\/24\/the-godfather\/#primaryimage"},"image":{"@id":"https:\/\/elcanillita.info\/press\/2024\/09\/24\/the-godfather\/#primaryimage"},"thumbnailUrl":"https:\/\/elcanillita.info\/press\/images\/2024\/09\/popecover20240924.jpg","datePublished":"2024-09-24T10:03:57+00:00","dateModified":"2024-09-24T10:03:58+00:00","inLanguage":"es-AR","potentialAction":[{"@type":"ReadAction","target":["https:\/\/elcanillita.info\/press\/2024\/09\/24\/the-godfather\/"]}]},{"@type":"ImageObject","inLanguage":"es-AR","@id":"https:\/\/elcanillita.info\/press\/2024\/09\/24\/the-godfather\/#primaryimage","url":"https:\/\/elcanillita.info\/press\/images\/2024\/09\/popecover20240924.jpg","contentUrl":"https:\/\/elcanillita.info\/press\/images\/2024\/09\/popecover20240924.jpg","width":600,"height":399},{"@type":"WebSite","@id":"https:\/\/elcanillita.info\/press\/#website","url":"https:\/\/elcanillita.info\/press\/","name":"ElCanillita.Info","description":"desde los Apeninos a los Andes","publisher":{"@id":"https:\/\/elcanillita.info\/press\/#organization"},"potentialAction":[{"@type":"SearchAction","target":{"@type":"EntryPoint","urlTemplate":"https:\/\/elcanillita.info\/press\/?s={search_term_string}"},"query-input":{"@type":"PropertyValueSpecification","valueRequired":true,"valueName":"search_term_string"}}],"inLanguage":"es-AR"},{"@type":"Organization","@id":"https:\/\/elcanillita.info\/press\/#organization","name":"Guzzo Photos & Graphic Publications","url":"https:\/\/elcanillita.info\/press\/","logo":{"@type":"ImageObject","inLanguage":"es-AR","@id":"https:\/\/elcanillita.info\/press\/#\/schema\/logo\/image\/","url":"https:\/\/elcanillita.info\/press\/images\/2020\/01\/cropped-cropped-cropped-elcanillitainfo.png","contentUrl":"https:\/\/elcanillita.info\/press\/images\/2020\/01\/cropped-cropped-cropped-elcanillitainfo.png","width":460,"height":50,"caption":"Guzzo Photos & Graphic Publications"},"image":{"@id":"https:\/\/elcanillita.info\/press\/#\/schema\/logo\/image\/"},"sameAs":["https:\/\/ar-ar.facebook.com\/ElCanillitainfo-114249515285712\/"]},{"@type":"Person","@id":"https:\/\/elcanillita.info\/press\/#\/schema\/person\/7fcb79f38045700919f7da6d97e71ba0","name":"SalaStampa.eu, world press service","image":{"@type":"ImageObject","inLanguage":"es-AR","@id":"https:\/\/secure.gravatar.com\/avatar\/c2f0e0d515a107624234994507816ca4724c7199cef73fc8bedebf6931d73888?s=96&d=mm&r=g","url":"https:\/\/secure.gravatar.com\/avatar\/c2f0e0d515a107624234994507816ca4724c7199cef73fc8bedebf6931d73888?s=96&d=mm&r=g","contentUrl":"https:\/\/secure.gravatar.com\/avatar\/c2f0e0d515a107624234994507816ca4724c7199cef73fc8bedebf6931d73888?s=96&d=mm&r=g","caption":"SalaStampa.eu, world press service"}}]}},"views":739,"_links":{"self":[{"href":"https:\/\/elcanillita.info\/press\/wp-json\/wp\/v2\/posts\/4170","targetHints":{"allow":["GET"]}}],"collection":[{"href":"https:\/\/elcanillita.info\/press\/wp-json\/wp\/v2\/posts"}],"about":[{"href":"https:\/\/elcanillita.info\/press\/wp-json\/wp\/v2\/types\/post"}],"author":[{"embeddable":true,"href":"https:\/\/elcanillita.info\/press\/wp-json\/wp\/v2\/users\/1"}],"replies":[{"embeddable":true,"href":"https:\/\/elcanillita.info\/press\/wp-json\/wp\/v2\/comments?post=4170"}],"version-history":[{"count":0,"href":"https:\/\/elcanillita.info\/press\/wp-json\/wp\/v2\/posts\/4170\/revisions"}],"wp:featuredmedia":[{"embeddable":true,"href":"https:\/\/elcanillita.info\/press\/wp-json\/wp\/v2\/media\/4171"}],"wp:attachment":[{"href":"https:\/\/elcanillita.info\/press\/wp-json\/wp\/v2\/media?parent=4170"}],"wp:term":[{"taxonomy":"category","embeddable":true,"href":"https:\/\/elcanillita.info\/press\/wp-json\/wp\/v2\/categories?post=4170"},{"taxonomy":"post_tag","embeddable":true,"href":"https:\/\/elcanillita.info\/press\/wp-json\/wp\/v2\/tags?post=4170"}],"curies":[{"name":"wp","href":"https:\/\/api.w.org\/{rel}","templated":true}]}}