{"id":4165,"date":"2024-08-25T07:07:29","date_gmt":"2024-08-25T10:07:29","guid":{"rendered":"https:\/\/elcanillita.info\/press\/?p=4165"},"modified":"2024-08-25T07:30:42","modified_gmt":"2024-08-25T10:30:42","slug":"la-piel-de-zapa","status":"publish","type":"post","link":"https:\/\/elcanillita.info\/press\/2024\/08\/25\/la-piel-de-zapa\/","title":{"rendered":"La piel de zapa"},"content":{"rendered":"\n<figure class=\"wp-block-image size-full\"><img loading=\"lazy\" decoding=\"async\" width=\"620\" height=\"788\" src=\"https:\/\/elcanillita.info\/press\/images\/2024\/08\/Caricature1830Ad.jpeg\" alt=\"\" class=\"wp-image-4166\" srcset=\"https:\/\/elcanillita.info\/press\/images\/2024\/08\/Caricature1830Ad.jpeg 620w, https:\/\/elcanillita.info\/press\/images\/2024\/08\/Caricature1830Ad-236x300.jpeg 236w\" sizes=\"auto, (max-width: 620px) 100vw, 620px\" \/><\/figure>\n\n\n\n<p><strong>por Enrique Guillermo Avogadro<\/strong><\/p>\n\n\n\n<p>Buenos Aires, 25 Agosto 2024<\/p>\n\n\n\n<p>Javier Milei tendr\u00e1 en el H\u00b0 Aguantadero un frente permanente de tormenta que, a la luz de lo ya sucedido, puede convertirse en una temporada de fuertes huracanes, sobre todo, al r\u00e9gimen de ajuste de las jubilaciones cuya nueva ley amenaza con vetar \u00edntegramente tan pronto la sanci\u00f3n llegue a sus manos para la promulgaci\u00f3n.<br><br>Si los votos se repartieran como se vio en las sesiones de Diputados y Senado, es altamente probable que sus enemigos (en realidad, quienes buscan estrellar el plan econ\u00f3mico para lograr imponer una devaluaci\u00f3n que, al concretarse, impactar\u00eda de lleno sobre la inflaci\u00f3n que, con tanto sacrificio, estamos intentando domar) alcancen los dos tercios necesarios para insistir en el texto aprobado esta semana y, de ese modo, sortear el veto presidencial&#8230; ATENCI\u00d3N porque si esta oposici\u00f3n de permanente geometr\u00eda variable lograra reunir nuevamente ese porcentaje podr\u00eda hasta hacerle juicio pol\u00edtico al propio Presidente.<br><br>Es que aquellos que crecieron con una cola de paja, tienen mucho para perder si Milei tiene \u00e9xito, y no me refiero s\u00f3lo a los pol\u00edticos y gremialistas sino, sobre todo, a los empresarios argentinos, que se niegan a invertir en sus propias industrias, a generar puestos de trabajo de calidad, mejorar la productividad y competir con sus hom\u00f3logos del exterior y as\u00ed, permitir que tengamos mejores precios y m\u00e1s calidad en lo que compramos y consumimos.<br><br>Pero las derrotas que sufri\u00f3 el Ejecutivo en el Congreso no se debieron s\u00f3lo a una oposici\u00f3n que, con tal de conservar quioscos y privilegios, est\u00e1 dispuesta a hacer saltar todo por el aire, sino a las crisis que exponen a cielo abierto las disidencias intra-bloques libertarios y, en especial, a inexplicables procederes del propio Presidente de la Naci\u00f3n, que da permanentes muestras de incontinencia verbal.<br><br>Si bien algo as\u00ed era esperable, dada la carencia de un n\u00famero suficiente de cuadros propios y leales para cubrir tantos casilleros en las listas de legisladores y de la administraci\u00f3n del Estado, que La Libertad Avanza contin\u00fae cobijando tantos kirchneristas y massistas en cargos relevantes y posiciones expectables despu\u00e9s de ocho meses de ejercicio del poder, debiera llamar la atenci\u00f3n.<br><br>Un ejemplo claro de lo que digo es, precisamente, la nominaci\u00f3n de Ariel Lijo para integrar la Corte. En la medida en que Milei s\u00f3lo se ocupa de la econom\u00eda y se desentiende de todos las dem\u00e1s \u00e1reas del Ejecutivo, no tengo duda alguna acerca del autor intelectual de ese monumental dislate, que \u201cvendi\u00f3\u201d esa candidatura en los inexpertos y cr\u00e9dulos o\u00eddos de Santiago Caputo y Karina Milei.<br><br>Mi refiero a Ricardo Lorenzetti, que a\u00fan sangra por la herida que le produjo su desplazamiento como Presidente del alto Tribunal; se trata de un personaje nefasto, criticado abiertamente en su pago chico (Rafaela, Provincia de Santa Fe) por su catadura moral, que habilit\u00f3 la persecuci\u00f3n de los militares para permitir la venganza de los terroristas derrotados en los 70\u2019s.<br>Recordemos que, para definir c\u00f3mo ser\u00eda la jurisprudencia futura de la Corte al respecto, no tuvo empacho alguno en decir que el tema hab\u00eda sido \u201cconsensuado\u201d con los otros poderes del Estado.<br><br>Un aspecto m\u00e1s grave de los problemas que muestra el espacio oficialista se da en la disputa entre el Presidente y su Vice por temas verdaderamente nimios.<br>Varios han preguntado si es leg\u00edtimo que Victoria Villarruel exprese p\u00fablicamente su disgusto cuando no est\u00e1 de acuerdo con los criterios del tripartito tablero de comando blindado del Ejecutivo, y mi respuesta es siempre afirmativa. No podemos olvidar que Milei y ella, por mucho que moleste a muchos, tienen la misma legitimidad de origen, ya que fueron votados al un\u00edsono por la ciudadan\u00eda.<br><br>Por lo dem\u00e1s, esa r\u00edspida relaci\u00f3n no debiera sorprendernos, porque los desacuerdos entre presidentes y sus vices son una vieja costumbre en la historia argentina, inclusive en aquellos a\u00f1os en que nuestro pa\u00eds gozaba de las mieles de ser una de las primeras potencias mundiales, tan reivindicada por el actual mandatario como la \u00e9poca ideal a la que deber\u00edamos volver.<br><br>Tambien es necesario observar de cerca los sucesos que se est\u00e1n produciendo en la guerra entre Ucrania y Rusia, porque un eventual progreso de aqu\u00e9lla en territorio de Putin podr\u00eda desesperar a \u00e9ste y llevarlo a un manotazo nuclear, aunque fuera t\u00e1ctico.<br><br>En lo que respecta a los conflictos entre Israel, Hamas, los palestinos, el L\u00edbano e Ir\u00e1n, se ensancha la sensaci\u00f3n de que los ayatollahs est\u00e1n pensando muy bien si valdr\u00eda la pena escalar el conflicto, por la seguramente fuerte reacci\u00f3n de los Estados Unidos en su contra.<br>En otro importante escenario, aparente hay dudas que China est\u00e9 dispuesta a transformar sus amenazas en una invasi\u00f3n real a Taiwan, porque Xi Jinping sabe que su econom\u00eda est\u00e1 comenzando a mostrar signos de debilidad y que el \u00fanico campo en el que le conviene luchar es el comercial, y el comercio exige paz.<\/p>\n\n\n\n<p>Para finalizar, s\u00f3lo queda por analizar con cautela las elecciones presidenciales de los Estados Unidos, porque es probable que se repitan los resultados de 2015, cuando Hillary Clinton obtuvo m\u00e1s votos pero triunf\u00f3 Donald Trump, que cont\u00f3 con mayor cantidad de electores.<br>La gran inc\u00f3gnita para los argentinos es con cual nuevo Presidente nos ir\u00eda mejor: con Kamala Harris o con Trump. Al respecto, no estoy seguro, como muchos de los libertarios, que el regreso del magnate a la Casa Blanca se transformar\u00eda de inmediato en un apoyo irrestricto a Milei y su programa; como m\u00ednimo, esas esperanzas deber\u00e1n esperar al menos hasta junio de 2024 (una eternidad para nosotros) para concretarse.<\/p>\n\n\n\n<p><small>\u00a9 Copyright 2024 Enrique Guillermo Avogadro<br>\u00a9 2024 ElCanillita.info \/ SalaStampa.Eu, servicio mundial de prensa<\/small><\/p>\n\n\n\n<p><br><br><\/p>\n","protected":false},"excerpt":{"rendered":"<p>La piel de zapa (La peau de chagrin) es una novela de 1831 del escritor y dramaturgo franc\u00e9s Honor\u00e9 de Balzac (1799-1850). Ambientada en Par\u00eds a comienzos del siglo XIX, la obra cuenta la historia de un joven que recibe un pedazo de piel o cuero m\u00e1gico que satisface cada uno de sus deseos. Sin embargo, por cada deseo concedido la piel se encoge y consume una porci\u00f3n de su energ\u00eda vital. La piel de zapa pertenece al grupo de \u00c9tudes philosophiques de la serie de novelas de Balzac, La comedia humana. <\/p>\n","protected":false},"author":1,"featured_media":4166,"comment_status":"closed","ping_status":"closed","sticky":false,"template":"","format":"standard","meta":{"footnotes":"","_links_to":"","_links_to_target":""},"categories":[70,11,23],"tags":[29],"class_list":["post-4165","post","type-post","status-publish","format-standard","has-post-thumbnail","hentry","category-actualidad","category-america-del-sur","category-politica","tag-argentina","entry","double"],"yoast_head":"<!-- This site is optimized with the Yoast SEO plugin v27.4 - https:\/\/yoast.com\/product\/yoast-seo-wordpress\/ -->\n<title>La piel de zapa - ElCanillita.Info<\/title>\n<meta name=\"robots\" content=\"index, follow, max-snippet:-1, max-image-preview:large, max-video-preview:-1\" \/>\n<link rel=\"canonical\" href=\"https:\/\/elcanillita.info\/press\/2024\/08\/25\/la-piel-de-zapa\/\" \/>\n<meta property=\"og:locale\" content=\"es_ES\" \/>\n<meta property=\"og:type\" content=\"article\" \/>\n<meta property=\"og:title\" content=\"La piel de zapa - ElCanillita.Info\" \/>\n<meta property=\"og:description\" content=\"La piel de zapa (La peau de chagrin) es una novela de 1831 del escritor y dramaturgo franc\u00e9s Honor\u00e9 de Balzac (1799-1850). Ambientada en Par\u00eds a comienzos del siglo XIX, la obra cuenta la historia de un joven que recibe un pedazo de piel o cuero m\u00e1gico que satisface cada uno de sus deseos. Sin embargo, por cada deseo concedido la piel se encoge y consume una porci\u00f3n de su energ\u00eda vital. La piel de zapa pertenece al grupo de \u00c9tudes philosophiques de la serie de novelas de Balzac, La comedia humana.\" \/>\n<meta property=\"og:url\" content=\"https:\/\/elcanillita.info\/press\/2024\/08\/25\/la-piel-de-zapa\/\" \/>\n<meta property=\"og:site_name\" content=\"ElCanillita.Info\" \/>\n<meta property=\"article:publisher\" content=\"https:\/\/ar-ar.facebook.com\/ElCanillitainfo-114249515285712\/\" \/>\n<meta property=\"article:published_time\" content=\"2024-08-25T10:07:29+00:00\" \/>\n<meta property=\"article:modified_time\" content=\"2024-08-25T10:30:42+00:00\" \/>\n<meta property=\"og:image\" content=\"https:\/\/elcanillita.info\/press\/images\/2024\/08\/Caricature1830Ad.jpeg\" \/>\n\t<meta property=\"og:image:width\" content=\"620\" \/>\n\t<meta property=\"og:image:height\" content=\"788\" \/>\n\t<meta property=\"og:image:type\" content=\"image\/jpeg\" \/>\n<meta name=\"author\" content=\"SalaStampa.eu, world press service\" \/>\n<meta name=\"twitter:card\" content=\"summary_large_image\" \/>\n<meta name=\"twitter:label1\" content=\"Escrito por\" \/>\n\t<meta name=\"twitter:data1\" content=\"SalaStampa.eu, world press service\" \/>\n\t<meta name=\"twitter:label2\" content=\"Tiempo de lectura\" \/>\n\t<meta name=\"twitter:data2\" content=\"5 minutos\" \/>\n<script type=\"application\/ld+json\" class=\"yoast-schema-graph\">{\"@context\":\"https:\\\/\\\/schema.org\",\"@graph\":[{\"@type\":\"Article\",\"@id\":\"https:\\\/\\\/elcanillita.info\\\/press\\\/2024\\\/08\\\/25\\\/la-piel-de-zapa\\\/#article\",\"isPartOf\":{\"@id\":\"https:\\\/\\\/elcanillita.info\\\/press\\\/2024\\\/08\\\/25\\\/la-piel-de-zapa\\\/\"},\"author\":{\"name\":\"SalaStampa.eu, world press service\",\"@id\":\"https:\\\/\\\/elcanillita.info\\\/press\\\/#\\\/schema\\\/person\\\/7fcb79f38045700919f7da6d97e71ba0\"},\"headline\":\"La piel de zapa\",\"datePublished\":\"2024-08-25T10:07:29+00:00\",\"dateModified\":\"2024-08-25T10:30:42+00:00\",\"mainEntityOfPage\":{\"@id\":\"https:\\\/\\\/elcanillita.info\\\/press\\\/2024\\\/08\\\/25\\\/la-piel-de-zapa\\\/\"},\"wordCount\":1003,\"publisher\":{\"@id\":\"https:\\\/\\\/elcanillita.info\\\/press\\\/#organization\"},\"image\":{\"@id\":\"https:\\\/\\\/elcanillita.info\\\/press\\\/2024\\\/08\\\/25\\\/la-piel-de-zapa\\\/#primaryimage\"},\"thumbnailUrl\":\"https:\\\/\\\/elcanillita.info\\\/press\\\/images\\\/2024\\\/08\\\/Caricature1830Ad.jpeg\",\"keywords\":[\"Argentina\"],\"articleSection\":[\"Actualidad\",\"Am\u00e9rica del Sur\",\"Politica\"],\"inLanguage\":\"es-AR\"},{\"@type\":\"WebPage\",\"@id\":\"https:\\\/\\\/elcanillita.info\\\/press\\\/2024\\\/08\\\/25\\\/la-piel-de-zapa\\\/\",\"url\":\"https:\\\/\\\/elcanillita.info\\\/press\\\/2024\\\/08\\\/25\\\/la-piel-de-zapa\\\/\",\"name\":\"La piel de zapa - ElCanillita.Info\",\"isPartOf\":{\"@id\":\"https:\\\/\\\/elcanillita.info\\\/press\\\/#website\"},\"primaryImageOfPage\":{\"@id\":\"https:\\\/\\\/elcanillita.info\\\/press\\\/2024\\\/08\\\/25\\\/la-piel-de-zapa\\\/#primaryimage\"},\"image\":{\"@id\":\"https:\\\/\\\/elcanillita.info\\\/press\\\/2024\\\/08\\\/25\\\/la-piel-de-zapa\\\/#primaryimage\"},\"thumbnailUrl\":\"https:\\\/\\\/elcanillita.info\\\/press\\\/images\\\/2024\\\/08\\\/Caricature1830Ad.jpeg\",\"datePublished\":\"2024-08-25T10:07:29+00:00\",\"dateModified\":\"2024-08-25T10:30:42+00:00\",\"inLanguage\":\"es-AR\",\"potentialAction\":[{\"@type\":\"ReadAction\",\"target\":[\"https:\\\/\\\/elcanillita.info\\\/press\\\/2024\\\/08\\\/25\\\/la-piel-de-zapa\\\/\"]}]},{\"@type\":\"ImageObject\",\"inLanguage\":\"es-AR\",\"@id\":\"https:\\\/\\\/elcanillita.info\\\/press\\\/2024\\\/08\\\/25\\\/la-piel-de-zapa\\\/#primaryimage\",\"url\":\"https:\\\/\\\/elcanillita.info\\\/press\\\/images\\\/2024\\\/08\\\/Caricature1830Ad.jpeg\",\"contentUrl\":\"https:\\\/\\\/elcanillita.info\\\/press\\\/images\\\/2024\\\/08\\\/Caricature1830Ad.jpeg\",\"width\":620,\"height\":788},{\"@type\":\"WebSite\",\"@id\":\"https:\\\/\\\/elcanillita.info\\\/press\\\/#website\",\"url\":\"https:\\\/\\\/elcanillita.info\\\/press\\\/\",\"name\":\"ElCanillita.Info\",\"description\":\"desde los Apeninos a los Andes\",\"publisher\":{\"@id\":\"https:\\\/\\\/elcanillita.info\\\/press\\\/#organization\"},\"potentialAction\":[{\"@type\":\"SearchAction\",\"target\":{\"@type\":\"EntryPoint\",\"urlTemplate\":\"https:\\\/\\\/elcanillita.info\\\/press\\\/?s={search_term_string}\"},\"query-input\":{\"@type\":\"PropertyValueSpecification\",\"valueRequired\":true,\"valueName\":\"search_term_string\"}}],\"inLanguage\":\"es-AR\"},{\"@type\":\"Organization\",\"@id\":\"https:\\\/\\\/elcanillita.info\\\/press\\\/#organization\",\"name\":\"Guzzo Photos & Graphic Publications\",\"url\":\"https:\\\/\\\/elcanillita.info\\\/press\\\/\",\"logo\":{\"@type\":\"ImageObject\",\"inLanguage\":\"es-AR\",\"@id\":\"https:\\\/\\\/elcanillita.info\\\/press\\\/#\\\/schema\\\/logo\\\/image\\\/\",\"url\":\"https:\\\/\\\/elcanillita.info\\\/press\\\/images\\\/2020\\\/01\\\/cropped-cropped-cropped-elcanillitainfo.png\",\"contentUrl\":\"https:\\\/\\\/elcanillita.info\\\/press\\\/images\\\/2020\\\/01\\\/cropped-cropped-cropped-elcanillitainfo.png\",\"width\":460,\"height\":50,\"caption\":\"Guzzo Photos & Graphic Publications\"},\"image\":{\"@id\":\"https:\\\/\\\/elcanillita.info\\\/press\\\/#\\\/schema\\\/logo\\\/image\\\/\"},\"sameAs\":[\"https:\\\/\\\/ar-ar.facebook.com\\\/ElCanillitainfo-114249515285712\\\/\"]},{\"@type\":\"Person\",\"@id\":\"https:\\\/\\\/elcanillita.info\\\/press\\\/#\\\/schema\\\/person\\\/7fcb79f38045700919f7da6d97e71ba0\",\"name\":\"SalaStampa.eu, world press service\",\"image\":{\"@type\":\"ImageObject\",\"inLanguage\":\"es-AR\",\"@id\":\"https:\\\/\\\/secure.gravatar.com\\\/avatar\\\/c2f0e0d515a107624234994507816ca4724c7199cef73fc8bedebf6931d73888?s=96&d=mm&r=g\",\"url\":\"https:\\\/\\\/secure.gravatar.com\\\/avatar\\\/c2f0e0d515a107624234994507816ca4724c7199cef73fc8bedebf6931d73888?s=96&d=mm&r=g\",\"contentUrl\":\"https:\\\/\\\/secure.gravatar.com\\\/avatar\\\/c2f0e0d515a107624234994507816ca4724c7199cef73fc8bedebf6931d73888?s=96&d=mm&r=g\",\"caption\":\"SalaStampa.eu, world press service\"}}]}<\/script>\n<!-- \/ Yoast SEO plugin. -->","yoast_head_json":{"title":"La piel de zapa - ElCanillita.Info","robots":{"index":"index","follow":"follow","max-snippet":"max-snippet:-1","max-image-preview":"max-image-preview:large","max-video-preview":"max-video-preview:-1"},"canonical":"https:\/\/elcanillita.info\/press\/2024\/08\/25\/la-piel-de-zapa\/","og_locale":"es_ES","og_type":"article","og_title":"La piel de zapa - ElCanillita.Info","og_description":"La piel de zapa (La peau de chagrin) es una novela de 1831 del escritor y dramaturgo franc\u00e9s Honor\u00e9 de Balzac (1799-1850). Ambientada en Par\u00eds a comienzos del siglo XIX, la obra cuenta la historia de un joven que recibe un pedazo de piel o cuero m\u00e1gico que satisface cada uno de sus deseos. Sin embargo, por cada deseo concedido la piel se encoge y consume una porci\u00f3n de su energ\u00eda vital. La piel de zapa pertenece al grupo de \u00c9tudes philosophiques de la serie de novelas de Balzac, La comedia humana.","og_url":"https:\/\/elcanillita.info\/press\/2024\/08\/25\/la-piel-de-zapa\/","og_site_name":"ElCanillita.Info","article_publisher":"https:\/\/ar-ar.facebook.com\/ElCanillitainfo-114249515285712\/","article_published_time":"2024-08-25T10:07:29+00:00","article_modified_time":"2024-08-25T10:30:42+00:00","og_image":[{"width":620,"height":788,"url":"https:\/\/elcanillita.info\/press\/images\/2024\/08\/Caricature1830Ad.jpeg","type":"image\/jpeg"}],"author":"SalaStampa.eu, world press service","twitter_card":"summary_large_image","twitter_misc":{"Escrito por":"SalaStampa.eu, world press service","Tiempo de lectura":"5 minutos"},"schema":{"@context":"https:\/\/schema.org","@graph":[{"@type":"Article","@id":"https:\/\/elcanillita.info\/press\/2024\/08\/25\/la-piel-de-zapa\/#article","isPartOf":{"@id":"https:\/\/elcanillita.info\/press\/2024\/08\/25\/la-piel-de-zapa\/"},"author":{"name":"SalaStampa.eu, world press service","@id":"https:\/\/elcanillita.info\/press\/#\/schema\/person\/7fcb79f38045700919f7da6d97e71ba0"},"headline":"La piel de zapa","datePublished":"2024-08-25T10:07:29+00:00","dateModified":"2024-08-25T10:30:42+00:00","mainEntityOfPage":{"@id":"https:\/\/elcanillita.info\/press\/2024\/08\/25\/la-piel-de-zapa\/"},"wordCount":1003,"publisher":{"@id":"https:\/\/elcanillita.info\/press\/#organization"},"image":{"@id":"https:\/\/elcanillita.info\/press\/2024\/08\/25\/la-piel-de-zapa\/#primaryimage"},"thumbnailUrl":"https:\/\/elcanillita.info\/press\/images\/2024\/08\/Caricature1830Ad.jpeg","keywords":["Argentina"],"articleSection":["Actualidad","Am\u00e9rica del Sur","Politica"],"inLanguage":"es-AR"},{"@type":"WebPage","@id":"https:\/\/elcanillita.info\/press\/2024\/08\/25\/la-piel-de-zapa\/","url":"https:\/\/elcanillita.info\/press\/2024\/08\/25\/la-piel-de-zapa\/","name":"La piel de zapa - ElCanillita.Info","isPartOf":{"@id":"https:\/\/elcanillita.info\/press\/#website"},"primaryImageOfPage":{"@id":"https:\/\/elcanillita.info\/press\/2024\/08\/25\/la-piel-de-zapa\/#primaryimage"},"image":{"@id":"https:\/\/elcanillita.info\/press\/2024\/08\/25\/la-piel-de-zapa\/#primaryimage"},"thumbnailUrl":"https:\/\/elcanillita.info\/press\/images\/2024\/08\/Caricature1830Ad.jpeg","datePublished":"2024-08-25T10:07:29+00:00","dateModified":"2024-08-25T10:30:42+00:00","inLanguage":"es-AR","potentialAction":[{"@type":"ReadAction","target":["https:\/\/elcanillita.info\/press\/2024\/08\/25\/la-piel-de-zapa\/"]}]},{"@type":"ImageObject","inLanguage":"es-AR","@id":"https:\/\/elcanillita.info\/press\/2024\/08\/25\/la-piel-de-zapa\/#primaryimage","url":"https:\/\/elcanillita.info\/press\/images\/2024\/08\/Caricature1830Ad.jpeg","contentUrl":"https:\/\/elcanillita.info\/press\/images\/2024\/08\/Caricature1830Ad.jpeg","width":620,"height":788},{"@type":"WebSite","@id":"https:\/\/elcanillita.info\/press\/#website","url":"https:\/\/elcanillita.info\/press\/","name":"ElCanillita.Info","description":"desde los Apeninos a los Andes","publisher":{"@id":"https:\/\/elcanillita.info\/press\/#organization"},"potentialAction":[{"@type":"SearchAction","target":{"@type":"EntryPoint","urlTemplate":"https:\/\/elcanillita.info\/press\/?s={search_term_string}"},"query-input":{"@type":"PropertyValueSpecification","valueRequired":true,"valueName":"search_term_string"}}],"inLanguage":"es-AR"},{"@type":"Organization","@id":"https:\/\/elcanillita.info\/press\/#organization","name":"Guzzo Photos & Graphic Publications","url":"https:\/\/elcanillita.info\/press\/","logo":{"@type":"ImageObject","inLanguage":"es-AR","@id":"https:\/\/elcanillita.info\/press\/#\/schema\/logo\/image\/","url":"https:\/\/elcanillita.info\/press\/images\/2020\/01\/cropped-cropped-cropped-elcanillitainfo.png","contentUrl":"https:\/\/elcanillita.info\/press\/images\/2020\/01\/cropped-cropped-cropped-elcanillitainfo.png","width":460,"height":50,"caption":"Guzzo Photos & Graphic Publications"},"image":{"@id":"https:\/\/elcanillita.info\/press\/#\/schema\/logo\/image\/"},"sameAs":["https:\/\/ar-ar.facebook.com\/ElCanillitainfo-114249515285712\/"]},{"@type":"Person","@id":"https:\/\/elcanillita.info\/press\/#\/schema\/person\/7fcb79f38045700919f7da6d97e71ba0","name":"SalaStampa.eu, world press service","image":{"@type":"ImageObject","inLanguage":"es-AR","@id":"https:\/\/secure.gravatar.com\/avatar\/c2f0e0d515a107624234994507816ca4724c7199cef73fc8bedebf6931d73888?s=96&d=mm&r=g","url":"https:\/\/secure.gravatar.com\/avatar\/c2f0e0d515a107624234994507816ca4724c7199cef73fc8bedebf6931d73888?s=96&d=mm&r=g","contentUrl":"https:\/\/secure.gravatar.com\/avatar\/c2f0e0d515a107624234994507816ca4724c7199cef73fc8bedebf6931d73888?s=96&d=mm&r=g","caption":"SalaStampa.eu, world press service"}}]}},"views":482,"_links":{"self":[{"href":"https:\/\/elcanillita.info\/press\/wp-json\/wp\/v2\/posts\/4165","targetHints":{"allow":["GET"]}}],"collection":[{"href":"https:\/\/elcanillita.info\/press\/wp-json\/wp\/v2\/posts"}],"about":[{"href":"https:\/\/elcanillita.info\/press\/wp-json\/wp\/v2\/types\/post"}],"author":[{"embeddable":true,"href":"https:\/\/elcanillita.info\/press\/wp-json\/wp\/v2\/users\/1"}],"replies":[{"embeddable":true,"href":"https:\/\/elcanillita.info\/press\/wp-json\/wp\/v2\/comments?post=4165"}],"version-history":[{"count":0,"href":"https:\/\/elcanillita.info\/press\/wp-json\/wp\/v2\/posts\/4165\/revisions"}],"wp:featuredmedia":[{"embeddable":true,"href":"https:\/\/elcanillita.info\/press\/wp-json\/wp\/v2\/media\/4166"}],"wp:attachment":[{"href":"https:\/\/elcanillita.info\/press\/wp-json\/wp\/v2\/media?parent=4165"}],"wp:term":[{"taxonomy":"category","embeddable":true,"href":"https:\/\/elcanillita.info\/press\/wp-json\/wp\/v2\/categories?post=4165"},{"taxonomy":"post_tag","embeddable":true,"href":"https:\/\/elcanillita.info\/press\/wp-json\/wp\/v2\/tags?post=4165"}],"curies":[{"name":"wp","href":"https:\/\/api.w.org\/{rel}","templated":true}]}}